{"id":458412,"date":"2026-04-27T11:33:35","date_gmt":"2026-04-27T14:33:35","guid":{"rendered":"https:\/\/portaltela.pt\/noticias\/2026\/04\/27\/estresse-pode-causar-queda-de-cabelo-revela-estudo\/"},"modified":"2026-04-27T11:33:35","modified_gmt":"2026-04-27T14:33:35","slug":"estresse-pode-causar-queda-de-cabelo-revela-estudo","status":"publish","type":"post","link":"https:\/\/portaltela.pt\/saude\/2026\/04\/27\/estresse-pode-causar-queda-de-cabelo-revela-estudo\/","title":{"rendered":"Estresse pode causar queda de cabelo, revela estudo"},"content":{"rendered":"<p>No programa matinal &#8220;Ol\u00e1, Bom Dia!&#8221;, o Dr. Augusto Guerreiro, m\u00e9dico especializado em medicina capilar, detalhou as causas da queda de cabelo e apresentou o caso de Marco Pereira como exemplo de recupera\u00e7\u00e3o. A entrevista destacou a import\u00e2ncia do diagn\u00f3stico correto e de abordagens terap\u00eauticas sob supervis\u00e3o m\u00e9dica.<\/p>\n<p>Guerreiro explicou que fatores como stress, altera\u00e7\u00f5es hormonais, predisposi\u00e7\u00e3o gen\u00e9tica e h\u00e1bitos de vida podem influenciar a sa\u00fade do couro cabeludo. O especialista enfatizou a necessidade de avalia\u00e7\u00e3o cl\u00ednica para definir o tratamento adequado.<\/p>\n<p>Marco Pereira foi apresentado como caso de sucesso, descrevendo o percurso terap\u00eautico seguido sob orienta\u00e7\u00e3o do m\u00e9dico. O relato apontou melhorias observ\u00e1veis, associadas \u00e0 ades\u00e3o a tratamentos recomendados e a mudan\u00e7as de h\u00e1bitos.<\/p>\n","protected":false},"excerpt":{"rendered":"<ul>\n<li>O programa &#8220;Ol\u00e1, Bom Dia!&#8221; explicou que o stress pode causar queda de cabelo.<\/li>\n<li>O m\u00e9dico apresentado foi Augusto Guerreiro, especialista em medicina capilar.<\/li>\n<li>O especialista apresentou as causas da queda de cabelo.<\/li>\n<li>Foi mostrado o caso de sucesso de Marco Pereira.<\/li>\n<\/ul>\n","protected":false},"author":2,"featured_media":458414,"comment_status":"closed","ping_status":"closed","sticky":false,"template":"","format":"standard","meta":{"footnotes":""},"categories":[7371,6745],"tags":[8611,8115,9455,7889,8454],"class_list":["post-458412","post","type-post","status-publish","format-standard","has-post-thumbnail","hentry","category-medicina","category-saude","tag-_dermatologia","tag-_medicina","tag-_medicina-geral-e-familiar","tag-_saude","tag-_saude-mental"],"yoast_head":"<!-- This site is optimized with the Yoast SEO plugin v27.2 - https:\/\/yoast.com\/product\/yoast-seo-wordpress\/ -->\n<title>Estresse pode causar queda de cabelo, revela estudo - Portal Tela Portugal<\/title>\n<meta name=\"robots\" content=\"index, follow, max-snippet:-1, max-image-preview:large, max-video-preview:-1\" \/>\n<meta property=\"og:locale\" content=\"pt_PT\" \/>\n<meta property=\"og:type\" content=\"article\" \/>\n<meta property=\"og:title\" content=\"Estresse pode causar queda de cabelo, revela estudo - Portal Tela Portugal\" \/>\n<meta property=\"og:description\" content=\"O programa &quot;Ol\u00e1, Bom Dia!&quot; explicou que o stress pode causar queda de cabelo. O m\u00e9dico apresentado foi Augusto Guerreiro, especialista em medicina capilar. O especialista apresentou as causas da queda de cabelo. Foi mostrado o caso de sucesso de Marco Pereira.\" \/>\n<meta property=\"og:url\" content=\"https:\/\/portaltela.pt\/noticias\/2026\/04\/27\/estresse-pode-causar-queda-de-cabelo-revela-estudo\/\" \/>\n<meta property=\"og:site_name\" content=\"Portal Tela Portugal\" \/>\n<meta property=\"article:published_time\" content=\"2026-04-27T14:33:35+00:00\" \/>\n<meta name=\"author\" content=\"Telinha\" \/>\n<meta name=\"twitter:card\" content=\"summary_large_image\" \/>\n<meta name=\"twitter:label1\" content=\"Escrito por\" \/>\n\t<meta name=\"twitter:data1\" content=\"Telinha\" \/>\n\t<meta name=\"twitter:label2\" content=\"Tempo estimado de leitura\" \/>\n\t<meta name=\"twitter:data2\" content=\"1 minuto\" \/>\n<script type=\"application\/ld+json\" class=\"yoast-schema-graph\">{\"@context\":\"https:\/\/schema.org\",\"@graph\":[{\"@type\":\"Article\",\"@id\":\"https:\/\/portaltela.pt\/noticias\/2026\/04\/27\/estresse-pode-causar-queda-de-cabelo-revela-estudo\/#article\",\"isPartOf\":{\"@id\":\"https:\/\/portaltela.pt\/noticias\/2026\/04\/27\/estresse-pode-causar-queda-de-cabelo-revela-estudo\/\"},\"author\":{\"name\":\"Telinha\",\"@id\":\"https:\/\/portaltela.pt\/#\/schema\/person\/c4278d4a6028830caff9ee44b42d32ed\"},\"headline\":\"Estresse pode causar queda de cabelo, revela estudo\",\"datePublished\":\"2026-04-27T14:33:35+00:00\",\"mainEntityOfPage\":{\"@id\":\"https:\/\/portaltela.pt\/noticias\/2026\/04\/27\/estresse-pode-causar-queda-de-cabelo-revela-estudo\/\"},\"wordCount\":143,\"image\":{\"@id\":\"https:\/\/portaltela.pt\/noticias\/2026\/04\/27\/estresse-pode-causar-queda-de-cabelo-revela-estudo\/#primaryimage\"},\"thumbnailUrl\":\"https:\/\/portaltela.pt\/s.01k8rhncp4jt1\/2026\/04\/img_1280x722uu2026-04-27-15-15-56-2281337.jpg\",\"keywords\":[\"_dermatologia\",\"_medicina\",\"_Medicina Geral e Familiar\",\"_sa\u00fade\",\"_sa\u00fade mental\"],\"articleSection\":[\"Medicina\",\"Sa\u00fade\"],\"inLanguage\":\"pt-PT\"},{\"@type\":\"WebPage\",\"@id\":\"https:\/\/portaltela.pt\/noticias\/2026\/04\/27\/estresse-pode-causar-queda-de-cabelo-revela-estudo\/\",\"url\":\"https:\/\/portaltela.pt\/noticias\/2026\/04\/27\/estresse-pode-causar-queda-de-cabelo-revela-estudo\/\",\"name\":\"Estresse pode causar queda de cabelo, revela estudo - Portal Tela Portugal\",\"isPartOf\":{\"@id\":\"https:\/\/portaltela.pt\/#website\"},\"primaryImageOfPage\":{\"@id\":\"https:\/\/portaltela.pt\/noticias\/2026\/04\/27\/estresse-pode-causar-queda-de-cabelo-revela-estudo\/#primaryimage\"},\"image\":{\"@id\":\"https:\/\/portaltela.pt\/noticias\/2026\/04\/27\/estresse-pode-causar-queda-de-cabelo-revela-estudo\/#primaryimage\"},\"thumbnailUrl\":\"https:\/\/portaltela.pt\/s.01k8rhncp4jt1\/2026\/04\/img_1280x722uu2026-04-27-15-15-56-2281337.jpg\",\"datePublished\":\"2026-04-27T14:33:35+00:00\",\"author\":{\"@id\":\"https:\/\/portaltela.pt\/#\/schema\/person\/c4278d4a6028830caff9ee44b42d32ed\"},\"breadcrumb\":{\"@id\":\"https:\/\/portaltela.pt\/noticias\/2026\/04\/27\/estresse-pode-causar-queda-de-cabelo-revela-estudo\/#breadcrumb\"},\"inLanguage\":\"pt-PT\",\"potentialAction\":[{\"@type\":\"ReadAction\",\"target\":[\"https:\/\/portaltela.pt\/noticias\/2026\/04\/27\/estresse-pode-causar-queda-de-cabelo-revela-estudo\/\"]}]},{\"@type\":\"ImageObject\",\"inLanguage\":\"pt-PT\",\"@id\":\"https:\/\/portaltela.pt\/noticias\/2026\/04\/27\/estresse-pode-causar-queda-de-cabelo-revela-estudo\/#primaryimage\",\"url\":\"https:\/\/portaltela.pt\/s.01k8rhncp4jt1\/2026\/04\/img_1280x722uu2026-04-27-15-15-56-2281337.jpg\",\"contentUrl\":\"https:\/\/portaltela.pt\/s.01k8rhncp4jt1\/2026\/04\/img_1280x722uu2026-04-27-15-15-56-2281337.jpg\",\"width\":796,\"height\":448,\"caption\":\"Photo\"},{\"@type\":\"BreadcrumbList\",\"@id\":\"https:\/\/portaltela.pt\/noticias\/2026\/04\/27\/estresse-pode-causar-queda-de-cabelo-revela-estudo\/#breadcrumb\",\"itemListElement\":[{\"@type\":\"ListItem\",\"position\":1,\"name\":\"In\u00edcio\",\"item\":\"https:\/\/portaltela.pt\/\"},{\"@type\":\"ListItem\",\"position\":2,\"name\":\"Estresse pode causar queda de cabelo, revela estudo\"}]},{\"@type\":\"WebSite\",\"@id\":\"https:\/\/portaltela.pt\/#website\",\"url\":\"https:\/\/portaltela.pt\/\",\"name\":\"Portal Tela Portugal\",\"description\":\"\",\"potentialAction\":[{\"@type\":\"SearchAction\",\"target\":{\"@type\":\"EntryPoint\",\"urlTemplate\":\"https:\/\/portaltela.pt\/?s={search_term_string}\"},\"query-input\":{\"@type\":\"PropertyValueSpecification\",\"valueRequired\":true,\"valueName\":\"search_term_string\"}}],\"inLanguage\":\"pt-PT\"},{\"@type\":\"Person\",\"@id\":\"https:\/\/portaltela.pt\/#\/schema\/person\/c4278d4a6028830caff9ee44b42d32ed\",\"name\":\"Telinha\",\"image\":{\"@type\":\"ImageObject\",\"inLanguage\":\"pt-PT\",\"@id\":\"https:\/\/portaltela.pt\/s.01k8rhncp4jt1\/2025\/11\/talking-bot-125x125.png\",\"url\":\"https:\/\/portaltela.pt\/s.01k8rhncp4jt1\/2025\/11\/talking-bot-125x125.png\",\"contentUrl\":\"https:\/\/portaltela.pt\/s.01k8rhncp4jt1\/2025\/11\/talking-bot-125x125.png\",\"caption\":\"Telinha\"},\"sameAs\":[\"https:\/\/portaltela.pt\/\"],\"url\":\"https:\/\/portaltela.pt\/por\/367410592786\/\"}]}<\/script>\n<!-- \/ Yoast SEO plugin. -->","yoast_head_json":{"title":"Estresse pode causar queda de cabelo, revela estudo - Portal Tela Portugal","robots":{"index":"index","follow":"follow","max-snippet":"max-snippet:-1","max-image-preview":"max-image-preview:large","max-video-preview":"max-video-preview:-1"},"og_locale":"pt_PT","og_type":"article","og_title":"Estresse pode causar queda de cabelo, revela estudo - Portal Tela Portugal","og_description":"O programa \"Ol\u00e1, Bom Dia!\" explicou que o stress pode causar queda de cabelo. O m\u00e9dico apresentado foi Augusto Guerreiro, especialista em medicina capilar. O especialista apresentou as causas da queda de cabelo. Foi mostrado o caso de sucesso de Marco Pereira.","og_url":"https:\/\/portaltela.pt\/noticias\/2026\/04\/27\/estresse-pode-causar-queda-de-cabelo-revela-estudo\/","og_site_name":"Portal Tela Portugal","article_published_time":"2026-04-27T14:33:35+00:00","author":"Telinha","twitter_card":"summary_large_image","twitter_misc":{"Escrito por":"Telinha","Tempo estimado de leitura":"1 minuto"},"schema":{"@context":"https:\/\/schema.org","@graph":[{"@type":"Article","@id":"https:\/\/portaltela.pt\/noticias\/2026\/04\/27\/estresse-pode-causar-queda-de-cabelo-revela-estudo\/#article","isPartOf":{"@id":"https:\/\/portaltela.pt\/noticias\/2026\/04\/27\/estresse-pode-causar-queda-de-cabelo-revela-estudo\/"},"author":{"name":"Telinha","@id":"https:\/\/portaltela.pt\/#\/schema\/person\/c4278d4a6028830caff9ee44b42d32ed"},"headline":"Estresse pode causar queda de cabelo, revela estudo","datePublished":"2026-04-27T14:33:35+00:00","mainEntityOfPage":{"@id":"https:\/\/portaltela.pt\/noticias\/2026\/04\/27\/estresse-pode-causar-queda-de-cabelo-revela-estudo\/"},"wordCount":143,"image":{"@id":"https:\/\/portaltela.pt\/noticias\/2026\/04\/27\/estresse-pode-causar-queda-de-cabelo-revela-estudo\/#primaryimage"},"thumbnailUrl":"https:\/\/portaltela.pt\/s.01k8rhncp4jt1\/2026\/04\/img_1280x722uu2026-04-27-15-15-56-2281337.jpg","keywords":["_dermatologia","_medicina","_Medicina Geral e Familiar","_sa\u00fade","_sa\u00fade mental"],"articleSection":["Medicina","Sa\u00fade"],"inLanguage":"pt-PT"},{"@type":"WebPage","@id":"https:\/\/portaltela.pt\/noticias\/2026\/04\/27\/estresse-pode-causar-queda-de-cabelo-revela-estudo\/","url":"https:\/\/portaltela.pt\/noticias\/2026\/04\/27\/estresse-pode-causar-queda-de-cabelo-revela-estudo\/","name":"Estresse pode causar queda de cabelo, revela estudo - Portal Tela Portugal","isPartOf":{"@id":"https:\/\/portaltela.pt\/#website"},"primaryImageOfPage":{"@id":"https:\/\/portaltela.pt\/noticias\/2026\/04\/27\/estresse-pode-causar-queda-de-cabelo-revela-estudo\/#primaryimage"},"image":{"@id":"https:\/\/portaltela.pt\/noticias\/2026\/04\/27\/estresse-pode-causar-queda-de-cabelo-revela-estudo\/#primaryimage"},"thumbnailUrl":"https:\/\/portaltela.pt\/s.01k8rhncp4jt1\/2026\/04\/img_1280x722uu2026-04-27-15-15-56-2281337.jpg","datePublished":"2026-04-27T14:33:35+00:00","author":{"@id":"https:\/\/portaltela.pt\/#\/schema\/person\/c4278d4a6028830caff9ee44b42d32ed"},"breadcrumb":{"@id":"https:\/\/portaltela.pt\/noticias\/2026\/04\/27\/estresse-pode-causar-queda-de-cabelo-revela-estudo\/#breadcrumb"},"inLanguage":"pt-PT","potentialAction":[{"@type":"ReadAction","target":["https:\/\/portaltela.pt\/noticias\/2026\/04\/27\/estresse-pode-causar-queda-de-cabelo-revela-estudo\/"]}]},{"@type":"ImageObject","inLanguage":"pt-PT","@id":"https:\/\/portaltela.pt\/noticias\/2026\/04\/27\/estresse-pode-causar-queda-de-cabelo-revela-estudo\/#primaryimage","url":"https:\/\/portaltela.pt\/s.01k8rhncp4jt1\/2026\/04\/img_1280x722uu2026-04-27-15-15-56-2281337.jpg","contentUrl":"https:\/\/portaltela.pt\/s.01k8rhncp4jt1\/2026\/04\/img_1280x722uu2026-04-27-15-15-56-2281337.jpg","width":796,"height":448,"caption":"Photo"},{"@type":"BreadcrumbList","@id":"https:\/\/portaltela.pt\/noticias\/2026\/04\/27\/estresse-pode-causar-queda-de-cabelo-revela-estudo\/#breadcrumb","itemListElement":[{"@type":"ListItem","position":1,"name":"In\u00edcio","item":"https:\/\/portaltela.pt\/"},{"@type":"ListItem","position":2,"name":"Estresse pode causar queda de cabelo, revela estudo"}]},{"@type":"WebSite","@id":"https:\/\/portaltela.pt\/#website","url":"https:\/\/portaltela.pt\/","name":"Portal Tela Portugal","description":"","potentialAction":[{"@type":"SearchAction","target":{"@type":"EntryPoint","urlTemplate":"https:\/\/portaltela.pt\/?s={search_term_string}"},"query-input":{"@type":"PropertyValueSpecification","valueRequired":true,"valueName":"search_term_string"}}],"inLanguage":"pt-PT"},{"@type":"Person","@id":"https:\/\/portaltela.pt\/#\/schema\/person\/c4278d4a6028830caff9ee44b42d32ed","name":"Telinha","image":{"@type":"ImageObject","inLanguage":"pt-PT","@id":"https:\/\/portaltela.pt\/s.01k8rhncp4jt1\/2025\/11\/talking-bot-125x125.png","url":"https:\/\/portaltela.pt\/s.01k8rhncp4jt1\/2025\/11\/talking-bot-125x125.png","contentUrl":"https:\/\/portaltela.pt\/s.01k8rhncp4jt1\/2025\/11\/talking-bot-125x125.png","caption":"Telinha"},"sameAs":["https:\/\/portaltela.pt\/"],"url":"https:\/\/portaltela.pt\/por\/367410592786\/"}]}},"_links":{"self":[{"href":"https:\/\/portaltela.pt\/api\/wp\/v2\/posts\/458412","targetHints":{"allow":["GET"]}}],"collection":[{"href":"https:\/\/portaltela.pt\/api\/wp\/v2\/posts"}],"about":[{"href":"https:\/\/portaltela.pt\/api\/wp\/v2\/types\/post"}],"author":[{"embeddable":true,"href":"https:\/\/portaltela.pt\/api\/wp\/v2\/users\/2"}],"replies":[{"embeddable":true,"href":"https:\/\/portaltela.pt\/api\/wp\/v2\/comments?post=458412"}],"version-history":[{"count":0,"href":"https:\/\/portaltela.pt\/api\/wp\/v2\/posts\/458412\/revisions"}],"wp:featuredmedia":[{"embeddable":true,"href":"https:\/\/portaltela.pt\/api\/wp\/v2\/media\/458414"}],"wp:attachment":[{"href":"https:\/\/portaltela.pt\/api\/wp\/v2\/media?parent=458412"}],"wp:term":[{"taxonomy":"category","embeddable":true,"href":"https:\/\/portaltela.pt\/api\/wp\/v2\/categories?post=458412"},{"taxonomy":"post_tag","embeddable":true,"href":"https:\/\/portaltela.pt\/api\/wp\/v2\/tags?post=458412"}],"curies":[{"name":"wp","href":"https:\/\/api.w.org\/{rel}","templated":true}]}}