{"id":458406,"date":"2026-04-27T11:33:27","date_gmt":"2026-04-27T14:33:27","guid":{"rendered":"https:\/\/portaltela.pt\/noticias\/2026\/04\/27\/modric-sofre-fratura-malar-e-encerra-a-temporada\/"},"modified":"2026-04-27T11:33:27","modified_gmt":"2026-04-27T14:33:27","slug":"modric-sofre-fratura-malar-e-encerra-a-temporada","status":"publish","type":"post","link":"https:\/\/portaltela.pt\/desporto\/futebol\/2026\/04\/27\/modric-sofre-fratura-malar-e-encerra-a-temporada\/","title":{"rendered":"Modri\u0107 sofre fratura malar e encerra a temporada"},"content":{"rendered":"<p>O AC Milan confirmou que Luka Modric sofreu uma fratura no malar esquerdo ap\u00f3s um choque com Manuel Locatelli. O jogador croata foi substitu\u00eddo aos 79 minutos do embate entre Milan e Juventus, que terminou 0-0.<\/p>\n<p>Segundo o clube, os exames realizados hoje apontaram para a fratura, sendo necess\u00e1ria interven\u00e7\u00e3o cir\u00farg\u00edca nas pr\u00f3ximas horas. Mais detalhes dever\u00e3o ser comunicados ap\u00f3s a opera\u00e7\u00e3o.<\/p>\n<p>A imprensa croata avan\u00e7a que Modric n\u00e3o jogar\u00e1 mais esta temporada pelo Milan, mas n\u00e3o dever\u00e1 comprometer a participa\u00e7\u00e3o no Mundial, onde dever\u00e1 atuar com uma m\u00e1scara protetora.<\/p>\n<h3>Impacto na temporada e proje\u00e7\u00f5es<\/h3>\n<p>A necessidade de cirurgia implica interrup\u00e7\u00e3o da temporada do jogador no clube de Mil\u00e3o, com poss\u00edveis impactos na constru\u00e7\u00e3o do meio-campo. A equipa ainda n\u00e3o divulgou a data de retorno prov\u00e1vel ao campeonato.<\/p>\n<p>Quanto ao Mundial, as informa\u00e7\u00f5es indicam que o atleta poder\u00e1 competir normalmente, desde que a m\u00e1scara protetora seja utilizada conforme indicado pela equipa m\u00e9dica. A situa\u00e7\u00e3o depende da evolu\u00e7\u00e3o cl\u00ednica nas pr\u00f3ximas horas.<\/p>\n","protected":false},"excerpt":{"rendered":"<ul>\n<li>O AC Milan anunciou que Luka Modric sofreu uma fratura do malar esquerdo, ap\u00f3s choque com Manuel Locatelli, e foi substitu\u00eddo aos 79 minutos no empate a 0-0 com a Juventus.<\/li>\n<li>Exames realizados hoje confirmaram a fratura, que exigir\u00e1 interven\u00e7\u00e3o cir\u00farg\u00edca nas pr\u00f3ximas horas; o clube promete mais detalhes ap\u00f3s a opera\u00e7\u00e3o.<\/li>\n<li>A imprensa croata indica que Modric n\u00e3o joga mais nesta temporada pelos rossoneri.<\/li>\n<li>A presen\u00e7a no Mundial n\u00e3o est\u00e1 em risco, devendo jogar com uma m\u00e1scara protetora.<\/li>\n<\/ul>\n","protected":false},"author":2,"featured_media":458410,"comment_status":"closed","ping_status":"closed","sticky":false,"template":"","format":"standard","meta":{"footnotes":""},"categories":[21,24],"tags":[2594,3487,32,3338,2538,3212],"class_list":["post-458406","post","type-post","status-publish","format-standard","has-post-thumbnail","hentry","category-desporto","category-futebol","tag-cirurgia","tag-croacia","tag-futebol","tag-futebol-internacional","tag-lesoes","tag-selecoes-internacionais"],"yoast_head":"<!-- This site is optimized with the Yoast SEO plugin v27.2 - https:\/\/yoast.com\/product\/yoast-seo-wordpress\/ -->\n<title>Modri\u0107 sofre fratura malar e encerra a temporada - Portal Tela Portugal<\/title>\n<meta name=\"robots\" content=\"index, follow, max-snippet:-1, max-image-preview:large, max-video-preview:-1\" \/>\n<meta property=\"og:locale\" content=\"pt_PT\" \/>\n<meta property=\"og:type\" content=\"article\" \/>\n<meta property=\"og:title\" content=\"Modri\u0107 sofre fratura malar e encerra a temporada - Portal Tela Portugal\" \/>\n<meta property=\"og:description\" content=\"O AC Milan anunciou que Luka Modric sofreu uma fratura do malar esquerdo, ap\u00f3s choque com Manuel Locatelli, e foi substitu\u00eddo aos 79 minutos no empate a 0-0 com a Juventus. Exames realizados hoje confirmaram a fratura, que exigir\u00e1 interven\u00e7\u00e3o cir\u00farg\u00edca nas pr\u00f3ximas horas; o clube promete mais detalhes ap\u00f3s a opera\u00e7\u00e3o. A imprensa croata indica que Modric n\u00e3o joga mais nesta temporada pelos rossoneri. A presen\u00e7a no Mundial n\u00e3o est\u00e1 em risco, devendo jogar com uma m\u00e1scara protetora.\" \/>\n<meta property=\"og:url\" content=\"https:\/\/portaltela.pt\/noticias\/2026\/04\/27\/modric-sofre-fratura-malar-e-encerra-a-temporada\/\" \/>\n<meta property=\"og:site_name\" content=\"Portal Tela Portugal\" \/>\n<meta property=\"article:published_time\" content=\"2026-04-27T14:33:27+00:00\" \/>\n<meta name=\"author\" content=\"Telinha\" \/>\n<meta name=\"twitter:card\" content=\"summary_large_image\" \/>\n<meta name=\"twitter:label1\" content=\"Escrito por\" \/>\n\t<meta name=\"twitter:data1\" content=\"Telinha\" \/>\n\t<meta name=\"twitter:label2\" content=\"Tempo estimado de leitura\" \/>\n\t<meta name=\"twitter:data2\" content=\"1 minuto\" \/>\n<script type=\"application\/ld+json\" class=\"yoast-schema-graph\">{\"@context\":\"https:\/\/schema.org\",\"@graph\":[{\"@type\":\"Article\",\"@id\":\"https:\/\/portaltela.pt\/noticias\/2026\/04\/27\/modric-sofre-fratura-malar-e-encerra-a-temporada\/#article\",\"isPartOf\":{\"@id\":\"https:\/\/portaltela.pt\/noticias\/2026\/04\/27\/modric-sofre-fratura-malar-e-encerra-a-temporada\/\"},\"author\":{\"name\":\"Telinha\",\"@id\":\"https:\/\/portaltela.pt\/#\/schema\/person\/c4278d4a6028830caff9ee44b42d32ed\"},\"headline\":\"Modri\u0107 sofre fratura malar e encerra a temporada\",\"datePublished\":\"2026-04-27T14:33:27+00:00\",\"mainEntityOfPage\":{\"@id\":\"https:\/\/portaltela.pt\/noticias\/2026\/04\/27\/modric-sofre-fratura-malar-e-encerra-a-temporada\/\"},\"wordCount\":197,\"image\":{\"@id\":\"https:\/\/portaltela.pt\/noticias\/2026\/04\/27\/modric-sofre-fratura-malar-e-encerra-a-temporada\/#primaryimage\"},\"thumbnailUrl\":\"https:\/\/portaltela.pt\/s.01k8rhncp4jt1\/2026\/04\/img_920x518uu2026-04-27-15-22-34-2435579.jpg\",\"keywords\":[\"cirurgia\",\"Cro\u00e1cia\",\"futebol\",\"futebol internacional\",\"les\u00f5es\",\"sele\u00e7\u00f5es internacionais\"],\"articleSection\":[\"Desporto\",\"Futebol\"],\"inLanguage\":\"pt-PT\"},{\"@type\":\"WebPage\",\"@id\":\"https:\/\/portaltela.pt\/noticias\/2026\/04\/27\/modric-sofre-fratura-malar-e-encerra-a-temporada\/\",\"url\":\"https:\/\/portaltela.pt\/noticias\/2026\/04\/27\/modric-sofre-fratura-malar-e-encerra-a-temporada\/\",\"name\":\"Modri\u0107 sofre fratura malar e encerra a temporada - Portal Tela Portugal\",\"isPartOf\":{\"@id\":\"https:\/\/portaltela.pt\/#website\"},\"primaryImageOfPage\":{\"@id\":\"https:\/\/portaltela.pt\/noticias\/2026\/04\/27\/modric-sofre-fratura-malar-e-encerra-a-temporada\/#primaryimage\"},\"image\":{\"@id\":\"https:\/\/portaltela.pt\/noticias\/2026\/04\/27\/modric-sofre-fratura-malar-e-encerra-a-temporada\/#primaryimage\"},\"thumbnailUrl\":\"https:\/\/portaltela.pt\/s.01k8rhncp4jt1\/2026\/04\/img_920x518uu2026-04-27-15-22-34-2435579.jpg\",\"datePublished\":\"2026-04-27T14:33:27+00:00\",\"author\":{\"@id\":\"https:\/\/portaltela.pt\/#\/schema\/person\/c4278d4a6028830caff9ee44b42d32ed\"},\"breadcrumb\":{\"@id\":\"https:\/\/portaltela.pt\/noticias\/2026\/04\/27\/modric-sofre-fratura-malar-e-encerra-a-temporada\/#breadcrumb\"},\"inLanguage\":\"pt-PT\",\"potentialAction\":[{\"@type\":\"ReadAction\",\"target\":[\"https:\/\/portaltela.pt\/noticias\/2026\/04\/27\/modric-sofre-fratura-malar-e-encerra-a-temporada\/\"]}]},{\"@type\":\"ImageObject\",\"inLanguage\":\"pt-PT\",\"@id\":\"https:\/\/portaltela.pt\/noticias\/2026\/04\/27\/modric-sofre-fratura-malar-e-encerra-a-temporada\/#primaryimage\",\"url\":\"https:\/\/portaltela.pt\/s.01k8rhncp4jt1\/2026\/04\/img_920x518uu2026-04-27-15-22-34-2435579.jpg\",\"contentUrl\":\"https:\/\/portaltela.pt\/s.01k8rhncp4jt1\/2026\/04\/img_920x518uu2026-04-27-15-22-34-2435579.jpg\",\"width\":796,\"height\":448,\"caption\":\"Modric ap\u00f3s chocar com Locatelli\"},{\"@type\":\"BreadcrumbList\",\"@id\":\"https:\/\/portaltela.pt\/noticias\/2026\/04\/27\/modric-sofre-fratura-malar-e-encerra-a-temporada\/#breadcrumb\",\"itemListElement\":[{\"@type\":\"ListItem\",\"position\":1,\"name\":\"In\u00edcio\",\"item\":\"https:\/\/portaltela.pt\/\"},{\"@type\":\"ListItem\",\"position\":2,\"name\":\"Modri\u0107 sofre fratura malar e encerra a temporada\"}]},{\"@type\":\"WebSite\",\"@id\":\"https:\/\/portaltela.pt\/#website\",\"url\":\"https:\/\/portaltela.pt\/\",\"name\":\"Portal Tela Portugal\",\"description\":\"\",\"potentialAction\":[{\"@type\":\"SearchAction\",\"target\":{\"@type\":\"EntryPoint\",\"urlTemplate\":\"https:\/\/portaltela.pt\/?s={search_term_string}\"},\"query-input\":{\"@type\":\"PropertyValueSpecification\",\"valueRequired\":true,\"valueName\":\"search_term_string\"}}],\"inLanguage\":\"pt-PT\"},{\"@type\":\"Person\",\"@id\":\"https:\/\/portaltela.pt\/#\/schema\/person\/c4278d4a6028830caff9ee44b42d32ed\",\"name\":\"Telinha\",\"image\":{\"@type\":\"ImageObject\",\"inLanguage\":\"pt-PT\",\"@id\":\"https:\/\/portaltela.pt\/s.01k8rhncp4jt1\/2025\/11\/talking-bot-125x125.png\",\"url\":\"https:\/\/portaltela.pt\/s.01k8rhncp4jt1\/2025\/11\/talking-bot-125x125.png\",\"contentUrl\":\"https:\/\/portaltela.pt\/s.01k8rhncp4jt1\/2025\/11\/talking-bot-125x125.png\",\"caption\":\"Telinha\"},\"sameAs\":[\"https:\/\/portaltela.pt\/\"],\"url\":\"https:\/\/portaltela.pt\/por\/367410592786\/\"}]}<\/script>\n<!-- \/ Yoast SEO plugin. -->","yoast_head_json":{"title":"Modri\u0107 sofre fratura malar e encerra a temporada - Portal Tela Portugal","robots":{"index":"index","follow":"follow","max-snippet":"max-snippet:-1","max-image-preview":"max-image-preview:large","max-video-preview":"max-video-preview:-1"},"og_locale":"pt_PT","og_type":"article","og_title":"Modri\u0107 sofre fratura malar e encerra a temporada - Portal Tela Portugal","og_description":"O AC Milan anunciou que Luka Modric sofreu uma fratura do malar esquerdo, ap\u00f3s choque com Manuel Locatelli, e foi substitu\u00eddo aos 79 minutos no empate a 0-0 com a Juventus. Exames realizados hoje confirmaram a fratura, que exigir\u00e1 interven\u00e7\u00e3o cir\u00farg\u00edca nas pr\u00f3ximas horas; o clube promete mais detalhes ap\u00f3s a opera\u00e7\u00e3o. A imprensa croata indica que Modric n\u00e3o joga mais nesta temporada pelos rossoneri. A presen\u00e7a no Mundial n\u00e3o est\u00e1 em risco, devendo jogar com uma m\u00e1scara protetora.","og_url":"https:\/\/portaltela.pt\/noticias\/2026\/04\/27\/modric-sofre-fratura-malar-e-encerra-a-temporada\/","og_site_name":"Portal Tela Portugal","article_published_time":"2026-04-27T14:33:27+00:00","author":"Telinha","twitter_card":"summary_large_image","twitter_misc":{"Escrito por":"Telinha","Tempo estimado de leitura":"1 minuto"},"schema":{"@context":"https:\/\/schema.org","@graph":[{"@type":"Article","@id":"https:\/\/portaltela.pt\/noticias\/2026\/04\/27\/modric-sofre-fratura-malar-e-encerra-a-temporada\/#article","isPartOf":{"@id":"https:\/\/portaltela.pt\/noticias\/2026\/04\/27\/modric-sofre-fratura-malar-e-encerra-a-temporada\/"},"author":{"name":"Telinha","@id":"https:\/\/portaltela.pt\/#\/schema\/person\/c4278d4a6028830caff9ee44b42d32ed"},"headline":"Modri\u0107 sofre fratura malar e encerra a temporada","datePublished":"2026-04-27T14:33:27+00:00","mainEntityOfPage":{"@id":"https:\/\/portaltela.pt\/noticias\/2026\/04\/27\/modric-sofre-fratura-malar-e-encerra-a-temporada\/"},"wordCount":197,"image":{"@id":"https:\/\/portaltela.pt\/noticias\/2026\/04\/27\/modric-sofre-fratura-malar-e-encerra-a-temporada\/#primaryimage"},"thumbnailUrl":"https:\/\/portaltela.pt\/s.01k8rhncp4jt1\/2026\/04\/img_920x518uu2026-04-27-15-22-34-2435579.jpg","keywords":["cirurgia","Cro\u00e1cia","futebol","futebol internacional","les\u00f5es","sele\u00e7\u00f5es internacionais"],"articleSection":["Desporto","Futebol"],"inLanguage":"pt-PT"},{"@type":"WebPage","@id":"https:\/\/portaltela.pt\/noticias\/2026\/04\/27\/modric-sofre-fratura-malar-e-encerra-a-temporada\/","url":"https:\/\/portaltela.pt\/noticias\/2026\/04\/27\/modric-sofre-fratura-malar-e-encerra-a-temporada\/","name":"Modri\u0107 sofre fratura malar e encerra a temporada - Portal Tela Portugal","isPartOf":{"@id":"https:\/\/portaltela.pt\/#website"},"primaryImageOfPage":{"@id":"https:\/\/portaltela.pt\/noticias\/2026\/04\/27\/modric-sofre-fratura-malar-e-encerra-a-temporada\/#primaryimage"},"image":{"@id":"https:\/\/portaltela.pt\/noticias\/2026\/04\/27\/modric-sofre-fratura-malar-e-encerra-a-temporada\/#primaryimage"},"thumbnailUrl":"https:\/\/portaltela.pt\/s.01k8rhncp4jt1\/2026\/04\/img_920x518uu2026-04-27-15-22-34-2435579.jpg","datePublished":"2026-04-27T14:33:27+00:00","author":{"@id":"https:\/\/portaltela.pt\/#\/schema\/person\/c4278d4a6028830caff9ee44b42d32ed"},"breadcrumb":{"@id":"https:\/\/portaltela.pt\/noticias\/2026\/04\/27\/modric-sofre-fratura-malar-e-encerra-a-temporada\/#breadcrumb"},"inLanguage":"pt-PT","potentialAction":[{"@type":"ReadAction","target":["https:\/\/portaltela.pt\/noticias\/2026\/04\/27\/modric-sofre-fratura-malar-e-encerra-a-temporada\/"]}]},{"@type":"ImageObject","inLanguage":"pt-PT","@id":"https:\/\/portaltela.pt\/noticias\/2026\/04\/27\/modric-sofre-fratura-malar-e-encerra-a-temporada\/#primaryimage","url":"https:\/\/portaltela.pt\/s.01k8rhncp4jt1\/2026\/04\/img_920x518uu2026-04-27-15-22-34-2435579.jpg","contentUrl":"https:\/\/portaltela.pt\/s.01k8rhncp4jt1\/2026\/04\/img_920x518uu2026-04-27-15-22-34-2435579.jpg","width":796,"height":448,"caption":"Modric ap\u00f3s chocar com Locatelli"},{"@type":"BreadcrumbList","@id":"https:\/\/portaltela.pt\/noticias\/2026\/04\/27\/modric-sofre-fratura-malar-e-encerra-a-temporada\/#breadcrumb","itemListElement":[{"@type":"ListItem","position":1,"name":"In\u00edcio","item":"https:\/\/portaltela.pt\/"},{"@type":"ListItem","position":2,"name":"Modri\u0107 sofre fratura malar e encerra a temporada"}]},{"@type":"WebSite","@id":"https:\/\/portaltela.pt\/#website","url":"https:\/\/portaltela.pt\/","name":"Portal Tela Portugal","description":"","potentialAction":[{"@type":"SearchAction","target":{"@type":"EntryPoint","urlTemplate":"https:\/\/portaltela.pt\/?s={search_term_string}"},"query-input":{"@type":"PropertyValueSpecification","valueRequired":true,"valueName":"search_term_string"}}],"inLanguage":"pt-PT"},{"@type":"Person","@id":"https:\/\/portaltela.pt\/#\/schema\/person\/c4278d4a6028830caff9ee44b42d32ed","name":"Telinha","image":{"@type":"ImageObject","inLanguage":"pt-PT","@id":"https:\/\/portaltela.pt\/s.01k8rhncp4jt1\/2025\/11\/talking-bot-125x125.png","url":"https:\/\/portaltela.pt\/s.01k8rhncp4jt1\/2025\/11\/talking-bot-125x125.png","contentUrl":"https:\/\/portaltela.pt\/s.01k8rhncp4jt1\/2025\/11\/talking-bot-125x125.png","caption":"Telinha"},"sameAs":["https:\/\/portaltela.pt\/"],"url":"https:\/\/portaltela.pt\/por\/367410592786\/"}]}},"_links":{"self":[{"href":"https:\/\/portaltela.pt\/api\/wp\/v2\/posts\/458406","targetHints":{"allow":["GET"]}}],"collection":[{"href":"https:\/\/portaltela.pt\/api\/wp\/v2\/posts"}],"about":[{"href":"https:\/\/portaltela.pt\/api\/wp\/v2\/types\/post"}],"author":[{"embeddable":true,"href":"https:\/\/portaltela.pt\/api\/wp\/v2\/users\/2"}],"replies":[{"embeddable":true,"href":"https:\/\/portaltela.pt\/api\/wp\/v2\/comments?post=458406"}],"version-history":[{"count":0,"href":"https:\/\/portaltela.pt\/api\/wp\/v2\/posts\/458406\/revisions"}],"wp:featuredmedia":[{"embeddable":true,"href":"https:\/\/portaltela.pt\/api\/wp\/v2\/media\/458410"}],"wp:attachment":[{"href":"https:\/\/portaltela.pt\/api\/wp\/v2\/media?parent=458406"}],"wp:term":[{"taxonomy":"category","embeddable":true,"href":"https:\/\/portaltela.pt\/api\/wp\/v2\/categories?post=458406"},{"taxonomy":"post_tag","embeddable":true,"href":"https:\/\/portaltela.pt\/api\/wp\/v2\/tags?post=458406"}],"curies":[{"name":"wp","href":"https:\/\/api.w.org\/{rel}","templated":true}]}}