{"id":458386,"date":"2026-04-27T11:18:20","date_gmt":"2026-04-27T14:18:20","guid":{"rendered":"https:\/\/portaltela.pt\/noticias\/2026\/04\/27\/camilo-lourenco-critica-plano-estrategico-de-saude-proposto-pelo-presidente-da-republica\/"},"modified":"2026-04-27T11:18:20","modified_gmt":"2026-04-27T14:18:20","slug":"camilo-lourenco-critica-plano-estrategico-de-saude-proposto-pelo-presidente-da-republica","status":"publish","type":"post","link":"https:\/\/portaltela.pt\/noticias\/politica\/2026\/04\/27\/camilo-lourenco-critica-plano-estrategico-de-saude-proposto-pelo-presidente-da-republica\/","title":{"rendered":"Camilo Louren\u00e7o critica plano estrat\u00e9gico de sa\u00fade proposto pelo Presidente da Rep\u00fablica"},"content":{"rendered":"<p>O comentador da CMTV Camilo Louren\u00e7o criticou o Presidente da Rep\u00fablica por pretender criar um plano estrat\u00e9gico para a Sa\u00fade, afirmando que n\u00e3o \u00e9 da sua compet\u00eancia. A interven\u00e7\u00e3o foi mencionada ap\u00f3s an\u00fancios recentes no pa\u00eds.<\/p>\n<p>Louren\u00e7o sustenta que estes assuntos devem permanecer no \u00e2mbito da governa\u00e7\u00e3o, n\u00e3o da presid\u00eancia, acrescentando que a iniciativa pode gerar confus\u00e3o institucional e dificuldades de coopera\u00e7\u00e3o entre poderes.<\/p>\n<p>O analista referiu ainda que Ant\u00f3nio Jos\u00e9 Seguro pode e deve expressar a sua opini\u00e3o sobre o tema, mas sublinhou que a mat\u00e9ria deveria ser tratada dentro do governo, n\u00e3o por uma interven\u00e7\u00e3o presidencial.<\/p>\n<p>A not\u00edcia, veiculada pela CMTV, acompanha outras informa\u00e7\u00f5es pol\u00edticas divulgadas pela esta\u00e7\u00e3o, sem indicar confirma\u00e7\u00e3o adicional de \u00f3rg\u00e3os oficiais sobre o conte\u00fado do suposto plano.<\/p>\n","protected":false},"excerpt":{"rendered":"<ul>\n<li>Camilo Louren\u00e7o afirma que n\u00e3o \u00e9 compet\u00eancia do Presidente da Rep\u00fablica criar um plano estrat\u00e9gico para a sa\u00fade.<\/li>\n<li>O comentador da CMTV diz que Ant\u00f3nio Jos\u00e9 Seguro pode e deve dizer o que pensa sobre o tema, mas ressalva que estas mat\u00e9rias devem ficar apenas no \u00e2mbito da governa\u00e7\u00e3o.<\/li>\n<li>A opini\u00e3o sugere que este tipo de confus\u00e3o entre poderes pode gerar problemas.<\/li>\n<li>A not\u00edcia destaca a posi\u00e7\u00e3o cr\u00edtica de Camilo Louren\u00e7o sobre a interven\u00e7\u00e3o presidencial em pol\u00edtica de sa\u00fade.<\/li>\n<\/ul>\n","protected":false},"author":2,"featured_media":458389,"comment_status":"closed","ping_status":"closed","sticky":false,"template":"","format":"standard","meta":{"footnotes":""},"categories":[1,5],"tags":[2655,34,2832,7892,30,172],"class_list":["post-458386","post","type-post","status-publish","format-standard","has-post-thumbnail","hentry","category-noticias","category-politica","tag-antonio-jose-seguro","tag-governo","tag-politica","tag-politica-interna","tag-presidente","tag-saude"],"yoast_head":"<!-- This site is optimized with the Yoast SEO plugin v27.2 - https:\/\/yoast.com\/product\/yoast-seo-wordpress\/ -->\n<title>Camilo Louren\u00e7o critica plano estrat\u00e9gico de sa\u00fade proposto pelo Presidente da Rep\u00fablica - Portal Tela Portugal<\/title>\n<meta name=\"robots\" content=\"index, follow, max-snippet:-1, max-image-preview:large, max-video-preview:-1\" \/>\n<meta property=\"og:locale\" content=\"pt_PT\" \/>\n<meta property=\"og:type\" content=\"article\" \/>\n<meta property=\"og:title\" content=\"Camilo Louren\u00e7o critica plano estrat\u00e9gico de sa\u00fade proposto pelo Presidente da Rep\u00fablica - Portal Tela Portugal\" \/>\n<meta property=\"og:description\" content=\"Camilo Louren\u00e7o afirma que n\u00e3o \u00e9 compet\u00eancia do Presidente da Rep\u00fablica criar um plano estrat\u00e9gico para a sa\u00fade. O comentador da CMTV diz que Ant\u00f3nio Jos\u00e9 Seguro pode e deve dizer o que pensa sobre o tema, mas ressalva que estas mat\u00e9rias devem ficar apenas no \u00e2mbito da governa\u00e7\u00e3o. A opini\u00e3o sugere que este tipo de confus\u00e3o entre poderes pode gerar problemas. A not\u00edcia destaca a posi\u00e7\u00e3o cr\u00edtica de Camilo Louren\u00e7o sobre a interven\u00e7\u00e3o presidencial em pol\u00edtica de sa\u00fade.\" \/>\n<meta property=\"og:url\" content=\"https:\/\/portaltela.pt\/noticias\/2026\/04\/27\/camilo-lourenco-critica-plano-estrategico-de-saude-proposto-pelo-presidente-da-republica\/\" \/>\n<meta property=\"og:site_name\" content=\"Portal Tela Portugal\" \/>\n<meta property=\"article:published_time\" content=\"2026-04-27T14:18:20+00:00\" \/>\n<meta name=\"author\" content=\"Telinha\" \/>\n<meta name=\"twitter:card\" content=\"summary_large_image\" \/>\n<meta name=\"twitter:label1\" content=\"Escrito por\" \/>\n\t<meta name=\"twitter:data1\" content=\"Telinha\" \/>\n\t<meta name=\"twitter:label2\" content=\"Tempo estimado de leitura\" \/>\n\t<meta name=\"twitter:data2\" content=\"1 minuto\" \/>\n<script type=\"application\/ld+json\" class=\"yoast-schema-graph\">{\"@context\":\"https:\/\/schema.org\",\"@graph\":[{\"@type\":\"Article\",\"@id\":\"https:\/\/portaltela.pt\/noticias\/2026\/04\/27\/camilo-lourenco-critica-plano-estrategico-de-saude-proposto-pelo-presidente-da-republica\/#article\",\"isPartOf\":{\"@id\":\"https:\/\/portaltela.pt\/noticias\/2026\/04\/27\/camilo-lourenco-critica-plano-estrategico-de-saude-proposto-pelo-presidente-da-republica\/\"},\"author\":{\"name\":\"Telinha\",\"@id\":\"https:\/\/portaltela.pt\/#\/schema\/person\/c4278d4a6028830caff9ee44b42d32ed\"},\"headline\":\"Camilo Louren\u00e7o critica plano estrat\u00e9gico de sa\u00fade proposto pelo Presidente da Rep\u00fablica\",\"datePublished\":\"2026-04-27T14:18:20+00:00\",\"mainEntityOfPage\":{\"@id\":\"https:\/\/portaltela.pt\/noticias\/2026\/04\/27\/camilo-lourenco-critica-plano-estrategico-de-saude-proposto-pelo-presidente-da-republica\/\"},\"wordCount\":166,\"image\":{\"@id\":\"https:\/\/portaltela.pt\/noticias\/2026\/04\/27\/camilo-lourenco-critica-plano-estrategico-de-saude-proposto-pelo-presidente-da-republica\/#primaryimage\"},\"thumbnailUrl\":\"https:\/\/portaltela.pt\/s.01k8rhncp4jt1\/2026\/04\/img_1280x722uu2026-04-27-15-14-30-2281336.jpg\",\"keywords\":[\"Ant\u00f3nio Jos\u00e9 Seguro\",\"governo\",\"pol\u00edtica\",\"pol\u00edtica interna\",\"presidente\",\"sa\u00fade\"],\"articleSection\":[\"Not\u00edcias\",\"Pol\u00edtica\"],\"inLanguage\":\"pt-PT\"},{\"@type\":\"WebPage\",\"@id\":\"https:\/\/portaltela.pt\/noticias\/2026\/04\/27\/camilo-lourenco-critica-plano-estrategico-de-saude-proposto-pelo-presidente-da-republica\/\",\"url\":\"https:\/\/portaltela.pt\/noticias\/2026\/04\/27\/camilo-lourenco-critica-plano-estrategico-de-saude-proposto-pelo-presidente-da-republica\/\",\"name\":\"Camilo Louren\u00e7o critica plano estrat\u00e9gico de sa\u00fade proposto pelo Presidente da Rep\u00fablica - Portal Tela Portugal\",\"isPartOf\":{\"@id\":\"https:\/\/portaltela.pt\/#website\"},\"primaryImageOfPage\":{\"@id\":\"https:\/\/portaltela.pt\/noticias\/2026\/04\/27\/camilo-lourenco-critica-plano-estrategico-de-saude-proposto-pelo-presidente-da-republica\/#primaryimage\"},\"image\":{\"@id\":\"https:\/\/portaltela.pt\/noticias\/2026\/04\/27\/camilo-lourenco-critica-plano-estrategico-de-saude-proposto-pelo-presidente-da-republica\/#primaryimage\"},\"thumbnailUrl\":\"https:\/\/portaltela.pt\/s.01k8rhncp4jt1\/2026\/04\/img_1280x722uu2026-04-27-15-14-30-2281336.jpg\",\"datePublished\":\"2026-04-27T14:18:20+00:00\",\"author\":{\"@id\":\"https:\/\/portaltela.pt\/#\/schema\/person\/c4278d4a6028830caff9ee44b42d32ed\"},\"breadcrumb\":{\"@id\":\"https:\/\/portaltela.pt\/noticias\/2026\/04\/27\/camilo-lourenco-critica-plano-estrategico-de-saude-proposto-pelo-presidente-da-republica\/#breadcrumb\"},\"inLanguage\":\"pt-PT\",\"potentialAction\":[{\"@type\":\"ReadAction\",\"target\":[\"https:\/\/portaltela.pt\/noticias\/2026\/04\/27\/camilo-lourenco-critica-plano-estrategico-de-saude-proposto-pelo-presidente-da-republica\/\"]}]},{\"@type\":\"ImageObject\",\"inLanguage\":\"pt-PT\",\"@id\":\"https:\/\/portaltela.pt\/noticias\/2026\/04\/27\/camilo-lourenco-critica-plano-estrategico-de-saude-proposto-pelo-presidente-da-republica\/#primaryimage\",\"url\":\"https:\/\/portaltela.pt\/s.01k8rhncp4jt1\/2026\/04\/img_1280x722uu2026-04-27-15-14-30-2281336.jpg\",\"contentUrl\":\"https:\/\/portaltela.pt\/s.01k8rhncp4jt1\/2026\/04\/img_1280x722uu2026-04-27-15-14-30-2281336.jpg\",\"width\":1280,\"height\":722,\"caption\":\"\u201cIsto n\u00e3o \u00e9 a compet\u00eancia dele\u201d: Camilo Louren\u00e7o sobre o Presidente da Rep\u00fablica querer criar um plano estrat\u00e9gico para a Sa\u00fade\"},{\"@type\":\"BreadcrumbList\",\"@id\":\"https:\/\/portaltela.pt\/noticias\/2026\/04\/27\/camilo-lourenco-critica-plano-estrategico-de-saude-proposto-pelo-presidente-da-republica\/#breadcrumb\",\"itemListElement\":[{\"@type\":\"ListItem\",\"position\":1,\"name\":\"In\u00edcio\",\"item\":\"https:\/\/portaltela.pt\/\"},{\"@type\":\"ListItem\",\"position\":2,\"name\":\"Camilo Louren\u00e7o critica plano estrat\u00e9gico de sa\u00fade proposto pelo Presidente da Rep\u00fablica\"}]},{\"@type\":\"WebSite\",\"@id\":\"https:\/\/portaltela.pt\/#website\",\"url\":\"https:\/\/portaltela.pt\/\",\"name\":\"Portal Tela Portugal\",\"description\":\"\",\"potentialAction\":[{\"@type\":\"SearchAction\",\"target\":{\"@type\":\"EntryPoint\",\"urlTemplate\":\"https:\/\/portaltela.pt\/?s={search_term_string}\"},\"query-input\":{\"@type\":\"PropertyValueSpecification\",\"valueRequired\":true,\"valueName\":\"search_term_string\"}}],\"inLanguage\":\"pt-PT\"},{\"@type\":\"Person\",\"@id\":\"https:\/\/portaltela.pt\/#\/schema\/person\/c4278d4a6028830caff9ee44b42d32ed\",\"name\":\"Telinha\",\"image\":{\"@type\":\"ImageObject\",\"inLanguage\":\"pt-PT\",\"@id\":\"https:\/\/portaltela.pt\/s.01k8rhncp4jt1\/2025\/11\/talking-bot-125x125.png\",\"url\":\"https:\/\/portaltela.pt\/s.01k8rhncp4jt1\/2025\/11\/talking-bot-125x125.png\",\"contentUrl\":\"https:\/\/portaltela.pt\/s.01k8rhncp4jt1\/2025\/11\/talking-bot-125x125.png\",\"caption\":\"Telinha\"},\"sameAs\":[\"https:\/\/portaltela.pt\/\"],\"url\":\"https:\/\/portaltela.pt\/por\/367410592786\/\"}]}<\/script>\n<!-- \/ Yoast SEO plugin. -->","yoast_head_json":{"title":"Camilo Louren\u00e7o critica plano estrat\u00e9gico de sa\u00fade proposto pelo Presidente da Rep\u00fablica - Portal Tela Portugal","robots":{"index":"index","follow":"follow","max-snippet":"max-snippet:-1","max-image-preview":"max-image-preview:large","max-video-preview":"max-video-preview:-1"},"og_locale":"pt_PT","og_type":"article","og_title":"Camilo Louren\u00e7o critica plano estrat\u00e9gico de sa\u00fade proposto pelo Presidente da Rep\u00fablica - Portal Tela Portugal","og_description":"Camilo Louren\u00e7o afirma que n\u00e3o \u00e9 compet\u00eancia do Presidente da Rep\u00fablica criar um plano estrat\u00e9gico para a sa\u00fade. O comentador da CMTV diz que Ant\u00f3nio Jos\u00e9 Seguro pode e deve dizer o que pensa sobre o tema, mas ressalva que estas mat\u00e9rias devem ficar apenas no \u00e2mbito da governa\u00e7\u00e3o. A opini\u00e3o sugere que este tipo de confus\u00e3o entre poderes pode gerar problemas. A not\u00edcia destaca a posi\u00e7\u00e3o cr\u00edtica de Camilo Louren\u00e7o sobre a interven\u00e7\u00e3o presidencial em pol\u00edtica de sa\u00fade.","og_url":"https:\/\/portaltela.pt\/noticias\/2026\/04\/27\/camilo-lourenco-critica-plano-estrategico-de-saude-proposto-pelo-presidente-da-republica\/","og_site_name":"Portal Tela Portugal","article_published_time":"2026-04-27T14:18:20+00:00","author":"Telinha","twitter_card":"summary_large_image","twitter_misc":{"Escrito por":"Telinha","Tempo estimado de leitura":"1 minuto"},"schema":{"@context":"https:\/\/schema.org","@graph":[{"@type":"Article","@id":"https:\/\/portaltela.pt\/noticias\/2026\/04\/27\/camilo-lourenco-critica-plano-estrategico-de-saude-proposto-pelo-presidente-da-republica\/#article","isPartOf":{"@id":"https:\/\/portaltela.pt\/noticias\/2026\/04\/27\/camilo-lourenco-critica-plano-estrategico-de-saude-proposto-pelo-presidente-da-republica\/"},"author":{"name":"Telinha","@id":"https:\/\/portaltela.pt\/#\/schema\/person\/c4278d4a6028830caff9ee44b42d32ed"},"headline":"Camilo Louren\u00e7o critica plano estrat\u00e9gico de sa\u00fade proposto pelo Presidente da Rep\u00fablica","datePublished":"2026-04-27T14:18:20+00:00","mainEntityOfPage":{"@id":"https:\/\/portaltela.pt\/noticias\/2026\/04\/27\/camilo-lourenco-critica-plano-estrategico-de-saude-proposto-pelo-presidente-da-republica\/"},"wordCount":166,"image":{"@id":"https:\/\/portaltela.pt\/noticias\/2026\/04\/27\/camilo-lourenco-critica-plano-estrategico-de-saude-proposto-pelo-presidente-da-republica\/#primaryimage"},"thumbnailUrl":"https:\/\/portaltela.pt\/s.01k8rhncp4jt1\/2026\/04\/img_1280x722uu2026-04-27-15-14-30-2281336.jpg","keywords":["Ant\u00f3nio Jos\u00e9 Seguro","governo","pol\u00edtica","pol\u00edtica interna","presidente","sa\u00fade"],"articleSection":["Not\u00edcias","Pol\u00edtica"],"inLanguage":"pt-PT"},{"@type":"WebPage","@id":"https:\/\/portaltela.pt\/noticias\/2026\/04\/27\/camilo-lourenco-critica-plano-estrategico-de-saude-proposto-pelo-presidente-da-republica\/","url":"https:\/\/portaltela.pt\/noticias\/2026\/04\/27\/camilo-lourenco-critica-plano-estrategico-de-saude-proposto-pelo-presidente-da-republica\/","name":"Camilo Louren\u00e7o critica plano estrat\u00e9gico de sa\u00fade proposto pelo Presidente da Rep\u00fablica - Portal Tela Portugal","isPartOf":{"@id":"https:\/\/portaltela.pt\/#website"},"primaryImageOfPage":{"@id":"https:\/\/portaltela.pt\/noticias\/2026\/04\/27\/camilo-lourenco-critica-plano-estrategico-de-saude-proposto-pelo-presidente-da-republica\/#primaryimage"},"image":{"@id":"https:\/\/portaltela.pt\/noticias\/2026\/04\/27\/camilo-lourenco-critica-plano-estrategico-de-saude-proposto-pelo-presidente-da-republica\/#primaryimage"},"thumbnailUrl":"https:\/\/portaltela.pt\/s.01k8rhncp4jt1\/2026\/04\/img_1280x722uu2026-04-27-15-14-30-2281336.jpg","datePublished":"2026-04-27T14:18:20+00:00","author":{"@id":"https:\/\/portaltela.pt\/#\/schema\/person\/c4278d4a6028830caff9ee44b42d32ed"},"breadcrumb":{"@id":"https:\/\/portaltela.pt\/noticias\/2026\/04\/27\/camilo-lourenco-critica-plano-estrategico-de-saude-proposto-pelo-presidente-da-republica\/#breadcrumb"},"inLanguage":"pt-PT","potentialAction":[{"@type":"ReadAction","target":["https:\/\/portaltela.pt\/noticias\/2026\/04\/27\/camilo-lourenco-critica-plano-estrategico-de-saude-proposto-pelo-presidente-da-republica\/"]}]},{"@type":"ImageObject","inLanguage":"pt-PT","@id":"https:\/\/portaltela.pt\/noticias\/2026\/04\/27\/camilo-lourenco-critica-plano-estrategico-de-saude-proposto-pelo-presidente-da-republica\/#primaryimage","url":"https:\/\/portaltela.pt\/s.01k8rhncp4jt1\/2026\/04\/img_1280x722uu2026-04-27-15-14-30-2281336.jpg","contentUrl":"https:\/\/portaltela.pt\/s.01k8rhncp4jt1\/2026\/04\/img_1280x722uu2026-04-27-15-14-30-2281336.jpg","width":1280,"height":722,"caption":"\u201cIsto n\u00e3o \u00e9 a compet\u00eancia dele\u201d: Camilo Louren\u00e7o sobre o Presidente da Rep\u00fablica querer criar um plano estrat\u00e9gico para a Sa\u00fade"},{"@type":"BreadcrumbList","@id":"https:\/\/portaltela.pt\/noticias\/2026\/04\/27\/camilo-lourenco-critica-plano-estrategico-de-saude-proposto-pelo-presidente-da-republica\/#breadcrumb","itemListElement":[{"@type":"ListItem","position":1,"name":"In\u00edcio","item":"https:\/\/portaltela.pt\/"},{"@type":"ListItem","position":2,"name":"Camilo Louren\u00e7o critica plano estrat\u00e9gico de sa\u00fade proposto pelo Presidente da Rep\u00fablica"}]},{"@type":"WebSite","@id":"https:\/\/portaltela.pt\/#website","url":"https:\/\/portaltela.pt\/","name":"Portal Tela Portugal","description":"","potentialAction":[{"@type":"SearchAction","target":{"@type":"EntryPoint","urlTemplate":"https:\/\/portaltela.pt\/?s={search_term_string}"},"query-input":{"@type":"PropertyValueSpecification","valueRequired":true,"valueName":"search_term_string"}}],"inLanguage":"pt-PT"},{"@type":"Person","@id":"https:\/\/portaltela.pt\/#\/schema\/person\/c4278d4a6028830caff9ee44b42d32ed","name":"Telinha","image":{"@type":"ImageObject","inLanguage":"pt-PT","@id":"https:\/\/portaltela.pt\/s.01k8rhncp4jt1\/2025\/11\/talking-bot-125x125.png","url":"https:\/\/portaltela.pt\/s.01k8rhncp4jt1\/2025\/11\/talking-bot-125x125.png","contentUrl":"https:\/\/portaltela.pt\/s.01k8rhncp4jt1\/2025\/11\/talking-bot-125x125.png","caption":"Telinha"},"sameAs":["https:\/\/portaltela.pt\/"],"url":"https:\/\/portaltela.pt\/por\/367410592786\/"}]}},"_links":{"self":[{"href":"https:\/\/portaltela.pt\/api\/wp\/v2\/posts\/458386","targetHints":{"allow":["GET"]}}],"collection":[{"href":"https:\/\/portaltela.pt\/api\/wp\/v2\/posts"}],"about":[{"href":"https:\/\/portaltela.pt\/api\/wp\/v2\/types\/post"}],"author":[{"embeddable":true,"href":"https:\/\/portaltela.pt\/api\/wp\/v2\/users\/2"}],"replies":[{"embeddable":true,"href":"https:\/\/portaltela.pt\/api\/wp\/v2\/comments?post=458386"}],"version-history":[{"count":0,"href":"https:\/\/portaltela.pt\/api\/wp\/v2\/posts\/458386\/revisions"}],"wp:featuredmedia":[{"embeddable":true,"href":"https:\/\/portaltela.pt\/api\/wp\/v2\/media\/458389"}],"wp:attachment":[{"href":"https:\/\/portaltela.pt\/api\/wp\/v2\/media?parent=458386"}],"wp:term":[{"taxonomy":"category","embeddable":true,"href":"https:\/\/portaltela.pt\/api\/wp\/v2\/categories?post=458386"},{"taxonomy":"post_tag","embeddable":true,"href":"https:\/\/portaltela.pt\/api\/wp\/v2\/tags?post=458386"}],"curies":[{"name":"wp","href":"https:\/\/api.w.org\/{rel}","templated":true}]}}