{"id":458383,"date":"2026-04-27T11:03:37","date_gmt":"2026-04-27T14:03:37","guid":{"rendered":"https:\/\/portaltela.pt\/noticias\/2026\/04\/27\/mosquito-transmissor-de-dengue-e-febre-amarela-expande-a-28-concelhos-em-2025\/"},"modified":"2026-04-27T11:03:37","modified_gmt":"2026-04-27T14:03:37","slug":"mosquito-transmissor-de-dengue-e-febre-amarela-expande-a-28-concelhos-em-2025","status":"publish","type":"post","link":"https:\/\/portaltela.pt\/saude\/2026\/04\/27\/mosquito-transmissor-de-dengue-e-febre-amarela-expande-a-28-concelhos-em-2025\/","title":{"rendered":"Mosquito transmissor de dengue e febre amarela expande a 28 concelhos em 2025"},"content":{"rendered":"<p>O mosquito transmissor de dengue e febre-amarela foi detetado em 2025 em Lisboa, Oeiras, Almada e Sesimbra, elevando para 28 o n\u00famero de concelhos com registo. O avan\u00e7o \u00e9 reportado pelo Insa, com dados do Relat\u00f3rio REVIVE.<\/p>\n<p>Durante o ano, o REVIVE (Rede de Vigil\u00e2ncia de Vetores) contabilizou a participa\u00e7\u00e3o de cinco regi\u00f5es de sa\u00fade continentais e da Madeira, com colheitas de mosquitos em 243 concelhos. No total foram identificados 44.123 mosquitos de 22 esp\u00e9cies e 48.503 ovos de esp\u00e9cies invasoras.<\/p>\n<p>Aedes albopictus, vetor de dengue, chikungunya, Zika e febre-amarela, foi registado pela primeira vez em 2017 e tem vindo a expandir-se pelo continente. Em 2025 a esp\u00e9cie aparece em 28 concelhos, incluindo Lisboa, Oeiras, Almada, Sesimbra, Condeixa-a-Nova e Covilh\u00e3.<\/p>\n<h3>Aedes albopictus em Portugal<\/h3>\n<p>A presen\u00e7a da esp\u00e9cie na regi\u00e3o centro chegou a Condeixa-a-Nova e Covilh\u00e3, mantendo-se em Lisboa, Oeiras, Almada e Sesimbra. O relat\u00f3rio indica que, na maioria das amostras, a an\u00e1lise de flaviv\u00edrus foi negativa; contudo, foi detetado dengue ser\u00f3tipo 2 na Madeira em amostras de Aedes aegypti.<\/p>\n<p>O texto finaliza com dados sobre outros vetores. Em ixod\u00eddeos (carra\u00e7as) foram identificados 6.612 exemplares em 2025, com 2,3% positivos para Borrelia e 19,7% para Rickettsia. Flebot\u00f3micos (fleb\u00f3tomos) somaram 1.448 exemplares, com cinco esp\u00e9cies presentes em territ\u00f3rio nacional, incluindo o flebov\u00edrus Toscana em Pedr\u00f3g\u00e3o Grande e Resende.<\/p>\n","protected":false},"excerpt":{"rendered":"<ul>\n<li>Em 2025, o mosquito Aedes albopictus foi detetado em Lisboa, Oeiras, Almada e Sesimbra, aumentando para 28 concelhos identificados, mais 10 face a 2024.<\/li>\n<li>O Relat\u00f3rio REVIVE do Instituto Nacional de Sa\u00fade Doutor Ricardo Jorge (Insa) revelou que as colheitas abrangeram 243 concelhos, com 44.123 mosquitos de 22 esp\u00e9cies e 48.503 ovos de esp\u00e9cies invasoras.<\/li>\n<li>O Aedes aegypti foi detetado com dengue ser\u00f3tipo 2 (DENV-2) em amostras da Regi\u00e3o Aut\u00f3noma da Madeira; a esp\u00e9cie est\u00e1 presente na Madeira desde 2005.<\/li>\n<li>No \u00e2mbito de outros vetores, foram identificados 6.612 ixod\u00eddeos, com 2,3% portadores de Borrelia e 19,7% com Rickettsia; foram detetados exemplares ex\u00f3ticos da fam\u00edlia Argasidae.<\/li>\n<li>Em fleb\u00f3tomos, foram recolhidos 1.448 exemplares, com cinco esp\u00e9cies presentes em Portugal; foi detetado o flebov\u00edrus Toscana nos concelhos de Pedr\u00f3g\u00e3o Grande e Resende.<\/li>\n<\/ul>\n","protected":false},"author":2,"featured_media":458384,"comment_status":"closed","ping_status":"closed","sticky":false,"template":"","format":"standard","meta":{"footnotes":""},"categories":[6745],"tags":[61,4684,981,859,271,1065],"class_list":["post-458383","post","type-post","status-publish","format-standard","has-post-thumbnail","hentry","category-saude","tag-doencas","tag-epidemiologia","tag-lisboa","tag-madeira","tag-saude-publica","tag-sesimbra"],"yoast_head":"<!-- This site is optimized with the Yoast SEO plugin v27.2 - https:\/\/yoast.com\/product\/yoast-seo-wordpress\/ -->\n<title>Mosquito transmissor de dengue e febre amarela expande a 28 concelhos em 2025 - Portal Tela Portugal<\/title>\n<meta name=\"robots\" content=\"index, follow, max-snippet:-1, max-image-preview:large, max-video-preview:-1\" \/>\n<meta property=\"og:locale\" content=\"pt_PT\" \/>\n<meta property=\"og:type\" content=\"article\" \/>\n<meta property=\"og:title\" content=\"Mosquito transmissor de dengue e febre amarela expande a 28 concelhos em 2025 - Portal Tela Portugal\" \/>\n<meta property=\"og:description\" content=\"Em 2025, o mosquito Aedes albopictus foi detetado em Lisboa, Oeiras, Almada e Sesimbra, aumentando para 28 concelhos identificados, mais 10 face a 2024. O Relat\u00f3rio REVIVE do Instituto Nacional de Sa\u00fade Doutor Ricardo Jorge (Insa) revelou que as colheitas abrangeram 243 concelhos, com 44.123 mosquitos de 22 esp\u00e9cies e 48.503 ovos de esp\u00e9cies invasoras. O Aedes aegypti foi detetado com dengue ser\u00f3tipo 2 (DENV-2) em amostras da Regi\u00e3o Aut\u00f3noma da Madeira; a esp\u00e9cie est\u00e1 presente na Madeira desde 2005. No \u00e2mbito de outros vetores, foram identificados 6.612 ixod\u00eddeos, com 2,3% portadores de Borrelia e 19,7% com Rickettsia; foram detetados exemplares ex\u00f3ticos da fam\u00edlia Argasidae. Em fleb\u00f3tomos, foram recolhidos 1.448 exemplares, com cinco esp\u00e9cies presentes em Portugal; foi detetado o flebov\u00edrus Toscana nos concelhos de Pedr\u00f3g\u00e3o Grande e Resende.\" \/>\n<meta property=\"og:url\" content=\"https:\/\/portaltela.pt\/noticias\/2026\/04\/27\/mosquito-transmissor-de-dengue-e-febre-amarela-expande-a-28-concelhos-em-2025\/\" \/>\n<meta property=\"og:site_name\" content=\"Portal Tela Portugal\" \/>\n<meta property=\"article:published_time\" content=\"2026-04-27T14:03:37+00:00\" \/>\n<meta name=\"author\" content=\"Telinha\" \/>\n<meta name=\"twitter:card\" content=\"summary_large_image\" \/>\n<meta name=\"twitter:label1\" content=\"Escrito por\" \/>\n\t<meta name=\"twitter:data1\" content=\"Telinha\" \/>\n\t<meta name=\"twitter:label2\" content=\"Tempo estimado de leitura\" \/>\n\t<meta name=\"twitter:data2\" content=\"1 minuto\" \/>\n<script type=\"application\/ld+json\" class=\"yoast-schema-graph\">{\"@context\":\"https:\/\/schema.org\",\"@graph\":[{\"@type\":\"Article\",\"@id\":\"https:\/\/portaltela.pt\/noticias\/2026\/04\/27\/mosquito-transmissor-de-dengue-e-febre-amarela-expande-a-28-concelhos-em-2025\/#article\",\"isPartOf\":{\"@id\":\"https:\/\/portaltela.pt\/noticias\/2026\/04\/27\/mosquito-transmissor-de-dengue-e-febre-amarela-expande-a-28-concelhos-em-2025\/\"},\"author\":{\"name\":\"Telinha\",\"@id\":\"https:\/\/portaltela.pt\/#\/schema\/person\/c4278d4a6028830caff9ee44b42d32ed\"},\"headline\":\"Mosquito transmissor de dengue e febre amarela expande a 28 concelhos em 2025\",\"datePublished\":\"2026-04-27T14:03:37+00:00\",\"mainEntityOfPage\":{\"@id\":\"https:\/\/portaltela.pt\/noticias\/2026\/04\/27\/mosquito-transmissor-de-dengue-e-febre-amarela-expande-a-28-concelhos-em-2025\/\"},\"wordCount\":238,\"image\":{\"@id\":\"https:\/\/portaltela.pt\/noticias\/2026\/04\/27\/mosquito-transmissor-de-dengue-e-febre-amarela-expande-a-28-concelhos-em-2025\/#primaryimage\"},\"thumbnailUrl\":\"https:\/\/portaltela.pt\/s.01k8rhncp4jt1\/2026\/04\/img_1500x1000uu2025-09-25-16-22-53-2237506.jpg\",\"keywords\":[\"doen\u00e7as\",\"epidemiologia\",\"Lisboa\",\"Madeira\",\"sa\u00fade p\u00fablica\",\"Sesimbra\"],\"articleSection\":[\"Sa\u00fade\"],\"inLanguage\":\"pt-PT\"},{\"@type\":\"WebPage\",\"@id\":\"https:\/\/portaltela.pt\/noticias\/2026\/04\/27\/mosquito-transmissor-de-dengue-e-febre-amarela-expande-a-28-concelhos-em-2025\/\",\"url\":\"https:\/\/portaltela.pt\/noticias\/2026\/04\/27\/mosquito-transmissor-de-dengue-e-febre-amarela-expande-a-28-concelhos-em-2025\/\",\"name\":\"Mosquito transmissor de dengue e febre amarela expande a 28 concelhos em 2025 - Portal Tela Portugal\",\"isPartOf\":{\"@id\":\"https:\/\/portaltela.pt\/#website\"},\"primaryImageOfPage\":{\"@id\":\"https:\/\/portaltela.pt\/noticias\/2026\/04\/27\/mosquito-transmissor-de-dengue-e-febre-amarela-expande-a-28-concelhos-em-2025\/#primaryimage\"},\"image\":{\"@id\":\"https:\/\/portaltela.pt\/noticias\/2026\/04\/27\/mosquito-transmissor-de-dengue-e-febre-amarela-expande-a-28-concelhos-em-2025\/#primaryimage\"},\"thumbnailUrl\":\"https:\/\/portaltela.pt\/s.01k8rhncp4jt1\/2026\/04\/img_1500x1000uu2025-09-25-16-22-53-2237506.jpg\",\"datePublished\":\"2026-04-27T14:03:37+00:00\",\"author\":{\"@id\":\"https:\/\/portaltela.pt\/#\/schema\/person\/c4278d4a6028830caff9ee44b42d32ed\"},\"breadcrumb\":{\"@id\":\"https:\/\/portaltela.pt\/noticias\/2026\/04\/27\/mosquito-transmissor-de-dengue-e-febre-amarela-expande-a-28-concelhos-em-2025\/#breadcrumb\"},\"inLanguage\":\"pt-PT\",\"potentialAction\":[{\"@type\":\"ReadAction\",\"target\":[\"https:\/\/portaltela.pt\/noticias\/2026\/04\/27\/mosquito-transmissor-de-dengue-e-febre-amarela-expande-a-28-concelhos-em-2025\/\"]}]},{\"@type\":\"ImageObject\",\"inLanguage\":\"pt-PT\",\"@id\":\"https:\/\/portaltela.pt\/noticias\/2026\/04\/27\/mosquito-transmissor-de-dengue-e-febre-amarela-expande-a-28-concelhos-em-2025\/#primaryimage\",\"url\":\"https:\/\/portaltela.pt\/s.01k8rhncp4jt1\/2026\/04\/img_1500x1000uu2025-09-25-16-22-53-2237506.jpg\",\"contentUrl\":\"https:\/\/portaltela.pt\/s.01k8rhncp4jt1\/2026\/04\/img_1500x1000uu2025-09-25-16-22-53-2237506.jpg\",\"width\":796,\"height\":448,\"caption\":\"Mosquito transmissor do dengue\"},{\"@type\":\"BreadcrumbList\",\"@id\":\"https:\/\/portaltela.pt\/noticias\/2026\/04\/27\/mosquito-transmissor-de-dengue-e-febre-amarela-expande-a-28-concelhos-em-2025\/#breadcrumb\",\"itemListElement\":[{\"@type\":\"ListItem\",\"position\":1,\"name\":\"In\u00edcio\",\"item\":\"https:\/\/portaltela.pt\/\"},{\"@type\":\"ListItem\",\"position\":2,\"name\":\"Mosquito transmissor de dengue e febre amarela expande a 28 concelhos em 2025\"}]},{\"@type\":\"WebSite\",\"@id\":\"https:\/\/portaltela.pt\/#website\",\"url\":\"https:\/\/portaltela.pt\/\",\"name\":\"Portal Tela Portugal\",\"description\":\"\",\"potentialAction\":[{\"@type\":\"SearchAction\",\"target\":{\"@type\":\"EntryPoint\",\"urlTemplate\":\"https:\/\/portaltela.pt\/?s={search_term_string}\"},\"query-input\":{\"@type\":\"PropertyValueSpecification\",\"valueRequired\":true,\"valueName\":\"search_term_string\"}}],\"inLanguage\":\"pt-PT\"},{\"@type\":\"Person\",\"@id\":\"https:\/\/portaltela.pt\/#\/schema\/person\/c4278d4a6028830caff9ee44b42d32ed\",\"name\":\"Telinha\",\"image\":{\"@type\":\"ImageObject\",\"inLanguage\":\"pt-PT\",\"@id\":\"https:\/\/portaltela.pt\/s.01k8rhncp4jt1\/2025\/11\/talking-bot-125x125.png\",\"url\":\"https:\/\/portaltela.pt\/s.01k8rhncp4jt1\/2025\/11\/talking-bot-125x125.png\",\"contentUrl\":\"https:\/\/portaltela.pt\/s.01k8rhncp4jt1\/2025\/11\/talking-bot-125x125.png\",\"caption\":\"Telinha\"},\"sameAs\":[\"https:\/\/portaltela.pt\/\"],\"url\":\"https:\/\/portaltela.pt\/por\/367410592786\/\"}]}<\/script>\n<!-- \/ Yoast SEO plugin. -->","yoast_head_json":{"title":"Mosquito transmissor de dengue e febre amarela expande a 28 concelhos em 2025 - Portal Tela Portugal","robots":{"index":"index","follow":"follow","max-snippet":"max-snippet:-1","max-image-preview":"max-image-preview:large","max-video-preview":"max-video-preview:-1"},"og_locale":"pt_PT","og_type":"article","og_title":"Mosquito transmissor de dengue e febre amarela expande a 28 concelhos em 2025 - Portal Tela Portugal","og_description":"Em 2025, o mosquito Aedes albopictus foi detetado em Lisboa, Oeiras, Almada e Sesimbra, aumentando para 28 concelhos identificados, mais 10 face a 2024. O Relat\u00f3rio REVIVE do Instituto Nacional de Sa\u00fade Doutor Ricardo Jorge (Insa) revelou que as colheitas abrangeram 243 concelhos, com 44.123 mosquitos de 22 esp\u00e9cies e 48.503 ovos de esp\u00e9cies invasoras. O Aedes aegypti foi detetado com dengue ser\u00f3tipo 2 (DENV-2) em amostras da Regi\u00e3o Aut\u00f3noma da Madeira; a esp\u00e9cie est\u00e1 presente na Madeira desde 2005. No \u00e2mbito de outros vetores, foram identificados 6.612 ixod\u00eddeos, com 2,3% portadores de Borrelia e 19,7% com Rickettsia; foram detetados exemplares ex\u00f3ticos da fam\u00edlia Argasidae. Em fleb\u00f3tomos, foram recolhidos 1.448 exemplares, com cinco esp\u00e9cies presentes em Portugal; foi detetado o flebov\u00edrus Toscana nos concelhos de Pedr\u00f3g\u00e3o Grande e Resende.","og_url":"https:\/\/portaltela.pt\/noticias\/2026\/04\/27\/mosquito-transmissor-de-dengue-e-febre-amarela-expande-a-28-concelhos-em-2025\/","og_site_name":"Portal Tela Portugal","article_published_time":"2026-04-27T14:03:37+00:00","author":"Telinha","twitter_card":"summary_large_image","twitter_misc":{"Escrito por":"Telinha","Tempo estimado de leitura":"1 minuto"},"schema":{"@context":"https:\/\/schema.org","@graph":[{"@type":"Article","@id":"https:\/\/portaltela.pt\/noticias\/2026\/04\/27\/mosquito-transmissor-de-dengue-e-febre-amarela-expande-a-28-concelhos-em-2025\/#article","isPartOf":{"@id":"https:\/\/portaltela.pt\/noticias\/2026\/04\/27\/mosquito-transmissor-de-dengue-e-febre-amarela-expande-a-28-concelhos-em-2025\/"},"author":{"name":"Telinha","@id":"https:\/\/portaltela.pt\/#\/schema\/person\/c4278d4a6028830caff9ee44b42d32ed"},"headline":"Mosquito transmissor de dengue e febre amarela expande a 28 concelhos em 2025","datePublished":"2026-04-27T14:03:37+00:00","mainEntityOfPage":{"@id":"https:\/\/portaltela.pt\/noticias\/2026\/04\/27\/mosquito-transmissor-de-dengue-e-febre-amarela-expande-a-28-concelhos-em-2025\/"},"wordCount":238,"image":{"@id":"https:\/\/portaltela.pt\/noticias\/2026\/04\/27\/mosquito-transmissor-de-dengue-e-febre-amarela-expande-a-28-concelhos-em-2025\/#primaryimage"},"thumbnailUrl":"https:\/\/portaltela.pt\/s.01k8rhncp4jt1\/2026\/04\/img_1500x1000uu2025-09-25-16-22-53-2237506.jpg","keywords":["doen\u00e7as","epidemiologia","Lisboa","Madeira","sa\u00fade p\u00fablica","Sesimbra"],"articleSection":["Sa\u00fade"],"inLanguage":"pt-PT"},{"@type":"WebPage","@id":"https:\/\/portaltela.pt\/noticias\/2026\/04\/27\/mosquito-transmissor-de-dengue-e-febre-amarela-expande-a-28-concelhos-em-2025\/","url":"https:\/\/portaltela.pt\/noticias\/2026\/04\/27\/mosquito-transmissor-de-dengue-e-febre-amarela-expande-a-28-concelhos-em-2025\/","name":"Mosquito transmissor de dengue e febre amarela expande a 28 concelhos em 2025 - Portal Tela Portugal","isPartOf":{"@id":"https:\/\/portaltela.pt\/#website"},"primaryImageOfPage":{"@id":"https:\/\/portaltela.pt\/noticias\/2026\/04\/27\/mosquito-transmissor-de-dengue-e-febre-amarela-expande-a-28-concelhos-em-2025\/#primaryimage"},"image":{"@id":"https:\/\/portaltela.pt\/noticias\/2026\/04\/27\/mosquito-transmissor-de-dengue-e-febre-amarela-expande-a-28-concelhos-em-2025\/#primaryimage"},"thumbnailUrl":"https:\/\/portaltela.pt\/s.01k8rhncp4jt1\/2026\/04\/img_1500x1000uu2025-09-25-16-22-53-2237506.jpg","datePublished":"2026-04-27T14:03:37+00:00","author":{"@id":"https:\/\/portaltela.pt\/#\/schema\/person\/c4278d4a6028830caff9ee44b42d32ed"},"breadcrumb":{"@id":"https:\/\/portaltela.pt\/noticias\/2026\/04\/27\/mosquito-transmissor-de-dengue-e-febre-amarela-expande-a-28-concelhos-em-2025\/#breadcrumb"},"inLanguage":"pt-PT","potentialAction":[{"@type":"ReadAction","target":["https:\/\/portaltela.pt\/noticias\/2026\/04\/27\/mosquito-transmissor-de-dengue-e-febre-amarela-expande-a-28-concelhos-em-2025\/"]}]},{"@type":"ImageObject","inLanguage":"pt-PT","@id":"https:\/\/portaltela.pt\/noticias\/2026\/04\/27\/mosquito-transmissor-de-dengue-e-febre-amarela-expande-a-28-concelhos-em-2025\/#primaryimage","url":"https:\/\/portaltela.pt\/s.01k8rhncp4jt1\/2026\/04\/img_1500x1000uu2025-09-25-16-22-53-2237506.jpg","contentUrl":"https:\/\/portaltela.pt\/s.01k8rhncp4jt1\/2026\/04\/img_1500x1000uu2025-09-25-16-22-53-2237506.jpg","width":796,"height":448,"caption":"Mosquito transmissor do dengue"},{"@type":"BreadcrumbList","@id":"https:\/\/portaltela.pt\/noticias\/2026\/04\/27\/mosquito-transmissor-de-dengue-e-febre-amarela-expande-a-28-concelhos-em-2025\/#breadcrumb","itemListElement":[{"@type":"ListItem","position":1,"name":"In\u00edcio","item":"https:\/\/portaltela.pt\/"},{"@type":"ListItem","position":2,"name":"Mosquito transmissor de dengue e febre amarela expande a 28 concelhos em 2025"}]},{"@type":"WebSite","@id":"https:\/\/portaltela.pt\/#website","url":"https:\/\/portaltela.pt\/","name":"Portal Tela Portugal","description":"","potentialAction":[{"@type":"SearchAction","target":{"@type":"EntryPoint","urlTemplate":"https:\/\/portaltela.pt\/?s={search_term_string}"},"query-input":{"@type":"PropertyValueSpecification","valueRequired":true,"valueName":"search_term_string"}}],"inLanguage":"pt-PT"},{"@type":"Person","@id":"https:\/\/portaltela.pt\/#\/schema\/person\/c4278d4a6028830caff9ee44b42d32ed","name":"Telinha","image":{"@type":"ImageObject","inLanguage":"pt-PT","@id":"https:\/\/portaltela.pt\/s.01k8rhncp4jt1\/2025\/11\/talking-bot-125x125.png","url":"https:\/\/portaltela.pt\/s.01k8rhncp4jt1\/2025\/11\/talking-bot-125x125.png","contentUrl":"https:\/\/portaltela.pt\/s.01k8rhncp4jt1\/2025\/11\/talking-bot-125x125.png","caption":"Telinha"},"sameAs":["https:\/\/portaltela.pt\/"],"url":"https:\/\/portaltela.pt\/por\/367410592786\/"}]}},"_links":{"self":[{"href":"https:\/\/portaltela.pt\/api\/wp\/v2\/posts\/458383","targetHints":{"allow":["GET"]}}],"collection":[{"href":"https:\/\/portaltela.pt\/api\/wp\/v2\/posts"}],"about":[{"href":"https:\/\/portaltela.pt\/api\/wp\/v2\/types\/post"}],"author":[{"embeddable":true,"href":"https:\/\/portaltela.pt\/api\/wp\/v2\/users\/2"}],"replies":[{"embeddable":true,"href":"https:\/\/portaltela.pt\/api\/wp\/v2\/comments?post=458383"}],"version-history":[{"count":0,"href":"https:\/\/portaltela.pt\/api\/wp\/v2\/posts\/458383\/revisions"}],"wp:featuredmedia":[{"embeddable":true,"href":"https:\/\/portaltela.pt\/api\/wp\/v2\/media\/458384"}],"wp:attachment":[{"href":"https:\/\/portaltela.pt\/api\/wp\/v2\/media?parent=458383"}],"wp:term":[{"taxonomy":"category","embeddable":true,"href":"https:\/\/portaltela.pt\/api\/wp\/v2\/categories?post=458383"},{"taxonomy":"post_tag","embeddable":true,"href":"https:\/\/portaltela.pt\/api\/wp\/v2\/tags?post=458383"}],"curies":[{"name":"wp","href":"https:\/\/api.w.org\/{rel}","templated":true}]}}