{"id":458379,"date":"2026-04-27T11:03:24","date_gmt":"2026-04-27T14:03:24","guid":{"rendered":"https:\/\/portaltela.pt\/noticias\/2026\/04\/27\/icnf-admite-atrasos-no-pagamento-de-indenizacoes-por-ataques-de-lobos\/"},"modified":"2026-04-27T11:03:24","modified_gmt":"2026-04-27T14:03:24","slug":"icnf-admite-atrasos-no-pagamento-de-indenizacoes-por-ataques-de-lobos","status":"publish","type":"post","link":"https:\/\/portaltela.pt\/meio-ambiente\/2026\/04\/27\/icnf-admite-atrasos-no-pagamento-de-indenizacoes-por-ataques-de-lobos\/","title":{"rendered":"ICNF admite atrasos no pagamento de indeniza\u00e7\u00f5es por ataques de lobos"},"content":{"rendered":"<p>O Instituto da Conserva\u00e7\u00e3o da Natureza e das Florestas (ICNF) admitiu que t\u00eam ocorrido atrasos no pagamento de indemniza\u00e7\u00f5es por ataques de lobos a rebanhos. A institui\u00e7\u00e3o afirmou que os produtores afetados continuam a receber as compensa\u00e7\u00f5es, mas com prazos acima do esperado.<\/p>\n<p>Segundo o ICNF, os atrasos resultam de procedimentos de avalia\u00e7\u00e3o dos danos, valida\u00e7\u00e3o de pedidos e, em alguns casos, limita\u00e7\u00f5es or\u00e7amentais que afetam o processamento r\u00e1pido das indemniza\u00e7\u00f5es. A atualiza\u00e7\u00e3o pretende esclarecer que os pagamentos n\u00e3o foram cancelados, apenas relatados com atraso.<\/p>\n<p>Os produtores, associa\u00e7\u00f5es agropecu\u00e1rias e respons\u00e1veis pela gest\u00e3o de fauna est\u00e3o diretamente envolvidos na mat\u00e9ria. A comunica\u00e7\u00e3o do ICNF visa reduzir a inseguran\u00e7a entre quem sofreu preju\u00edzos com ataques de lobos e esclarecer as etapas administrativas a cumprir para a liquida\u00e7\u00e3o das indemniza\u00e7\u00f5es.<\/p>\n","protected":false},"excerpt":{"rendered":"<ul>\n<li>ICNF admite atrasos no pagamento de indemniza\u00e7\u00f5es por ataques de lobos a rebanhos.<\/li>\n<li>O conte\u00fado completo est\u00e1 dispon\u00edvel apenas para subscritores.<\/li>\n<li>O excerto n\u00e3o apresenta dados adicionais sobre montantes, prazos ou impactos.<\/li>\n<\/ul>\n","protected":false},"author":2,"featured_media":458382,"comment_status":"closed","ping_status":"closed","sticky":false,"template":"","format":"standard","meta":{"footnotes":""},"categories":[6725],"tags":[7883,8238,8131,9145,8139,8286],"class_list":["post-458379","post","type-post","status-publish","format-standard","has-post-thumbnail","hentry","category-meio-ambiente","tag-_agricultura","tag-_ambiente","tag-_animais","tag-_icnf","tag-_indenizacoes","tag-_protecao-ambiental"],"yoast_head":"<!-- This site is optimized with the Yoast SEO plugin v27.2 - https:\/\/yoast.com\/product\/yoast-seo-wordpress\/ -->\n<title>ICNF admite atrasos no pagamento de indeniza\u00e7\u00f5es por ataques de lobos - Portal Tela Portugal<\/title>\n<meta name=\"robots\" content=\"index, follow, max-snippet:-1, max-image-preview:large, max-video-preview:-1\" \/>\n<meta property=\"og:locale\" content=\"pt_PT\" \/>\n<meta property=\"og:type\" content=\"article\" \/>\n<meta property=\"og:title\" content=\"ICNF admite atrasos no pagamento de indeniza\u00e7\u00f5es por ataques de lobos - Portal Tela Portugal\" \/>\n<meta property=\"og:description\" content=\"ICNF admite atrasos no pagamento de indemniza\u00e7\u00f5es por ataques de lobos a rebanhos. O conte\u00fado completo est\u00e1 dispon\u00edvel apenas para subscritores. O excerto n\u00e3o apresenta dados adicionais sobre montantes, prazos ou impactos.\" \/>\n<meta property=\"og:url\" content=\"https:\/\/portaltela.pt\/noticias\/2026\/04\/27\/icnf-admite-atrasos-no-pagamento-de-indenizacoes-por-ataques-de-lobos\/\" \/>\n<meta property=\"og:site_name\" content=\"Portal Tela Portugal\" \/>\n<meta property=\"article:published_time\" content=\"2026-04-27T14:03:24+00:00\" \/>\n<meta name=\"author\" content=\"Telinha\" \/>\n<meta name=\"twitter:card\" content=\"summary_large_image\" \/>\n<meta name=\"twitter:label1\" content=\"Escrito por\" \/>\n\t<meta name=\"twitter:data1\" content=\"Telinha\" \/>\n\t<meta name=\"twitter:label2\" content=\"Tempo estimado de leitura\" \/>\n\t<meta name=\"twitter:data2\" content=\"1 minuto\" \/>\n<script type=\"application\/ld+json\" class=\"yoast-schema-graph\">{\"@context\":\"https:\/\/schema.org\",\"@graph\":[{\"@type\":\"Article\",\"@id\":\"https:\/\/portaltela.pt\/noticias\/2026\/04\/27\/icnf-admite-atrasos-no-pagamento-de-indenizacoes-por-ataques-de-lobos\/#article\",\"isPartOf\":{\"@id\":\"https:\/\/portaltela.pt\/noticias\/2026\/04\/27\/icnf-admite-atrasos-no-pagamento-de-indenizacoes-por-ataques-de-lobos\/\"},\"author\":{\"name\":\"Telinha\",\"@id\":\"https:\/\/portaltela.pt\/#\/schema\/person\/c4278d4a6028830caff9ee44b42d32ed\"},\"headline\":\"ICNF admite atrasos no pagamento de indeniza\u00e7\u00f5es por ataques de lobos\",\"datePublished\":\"2026-04-27T14:03:24+00:00\",\"mainEntityOfPage\":{\"@id\":\"https:\/\/portaltela.pt\/noticias\/2026\/04\/27\/icnf-admite-atrasos-no-pagamento-de-indenizacoes-por-ataques-de-lobos\/\"},\"wordCount\":164,\"image\":{\"@id\":\"https:\/\/portaltela.pt\/noticias\/2026\/04\/27\/icnf-admite-atrasos-no-pagamento-de-indenizacoes-por-ataques-de-lobos\/#primaryimage\"},\"thumbnailUrl\":\"https:\/\/portaltela.pt\/s.01k8rhncp4jt1\/2026\/04\/CACHE_780X1200_ANALOG_WATERMARKED_46773894_1578383_19032026100552-1.jpg\",\"keywords\":[\"_agricultura\",\"_ambiente\",\"_animais\",\"_ICNF\",\"_indeniza\u00e7\u00f5es\",\"_prote\u00e7\u00e3o ambiental\"],\"articleSection\":[\"Meio Ambiente\"],\"inLanguage\":\"pt-PT\"},{\"@type\":\"WebPage\",\"@id\":\"https:\/\/portaltela.pt\/noticias\/2026\/04\/27\/icnf-admite-atrasos-no-pagamento-de-indenizacoes-por-ataques-de-lobos\/\",\"url\":\"https:\/\/portaltela.pt\/noticias\/2026\/04\/27\/icnf-admite-atrasos-no-pagamento-de-indenizacoes-por-ataques-de-lobos\/\",\"name\":\"ICNF admite atrasos no pagamento de indeniza\u00e7\u00f5es por ataques de lobos - Portal Tela Portugal\",\"isPartOf\":{\"@id\":\"https:\/\/portaltela.pt\/#website\"},\"primaryImageOfPage\":{\"@id\":\"https:\/\/portaltela.pt\/noticias\/2026\/04\/27\/icnf-admite-atrasos-no-pagamento-de-indenizacoes-por-ataques-de-lobos\/#primaryimage\"},\"image\":{\"@id\":\"https:\/\/portaltela.pt\/noticias\/2026\/04\/27\/icnf-admite-atrasos-no-pagamento-de-indenizacoes-por-ataques-de-lobos\/#primaryimage\"},\"thumbnailUrl\":\"https:\/\/portaltela.pt\/s.01k8rhncp4jt1\/2026\/04\/CACHE_780X1200_ANALOG_WATERMARKED_46773894_1578383_19032026100552-1.jpg\",\"datePublished\":\"2026-04-27T14:03:24+00:00\",\"author\":{\"@id\":\"https:\/\/portaltela.pt\/#\/schema\/person\/c4278d4a6028830caff9ee44b42d32ed\"},\"breadcrumb\":{\"@id\":\"https:\/\/portaltela.pt\/noticias\/2026\/04\/27\/icnf-admite-atrasos-no-pagamento-de-indenizacoes-por-ataques-de-lobos\/#breadcrumb\"},\"inLanguage\":\"pt-PT\",\"potentialAction\":[{\"@type\":\"ReadAction\",\"target\":[\"https:\/\/portaltela.pt\/noticias\/2026\/04\/27\/icnf-admite-atrasos-no-pagamento-de-indenizacoes-por-ataques-de-lobos\/\"]}]},{\"@type\":\"ImageObject\",\"inLanguage\":\"pt-PT\",\"@id\":\"https:\/\/portaltela.pt\/noticias\/2026\/04\/27\/icnf-admite-atrasos-no-pagamento-de-indenizacoes-por-ataques-de-lobos\/#primaryimage\",\"url\":\"https:\/\/portaltela.pt\/s.01k8rhncp4jt1\/2026\/04\/CACHE_780X1200_ANALOG_WATERMARKED_46773894_1578383_19032026100552-1.jpg\",\"contentUrl\":\"https:\/\/portaltela.pt\/s.01k8rhncp4jt1\/2026\/04\/CACHE_780X1200_ANALOG_WATERMARKED_46773894_1578383_19032026100552-1.jpg\",\"width\":768,\"height\":512,\"caption\":\"ICNF admite atrasos no pagamento de indemniza\u00e7\u00f5es por ataques de lobos a rebanhos\"},{\"@type\":\"BreadcrumbList\",\"@id\":\"https:\/\/portaltela.pt\/noticias\/2026\/04\/27\/icnf-admite-atrasos-no-pagamento-de-indenizacoes-por-ataques-de-lobos\/#breadcrumb\",\"itemListElement\":[{\"@type\":\"ListItem\",\"position\":1,\"name\":\"In\u00edcio\",\"item\":\"https:\/\/portaltela.pt\/\"},{\"@type\":\"ListItem\",\"position\":2,\"name\":\"ICNF admite atrasos no pagamento de indeniza\u00e7\u00f5es por ataques de lobos\"}]},{\"@type\":\"WebSite\",\"@id\":\"https:\/\/portaltela.pt\/#website\",\"url\":\"https:\/\/portaltela.pt\/\",\"name\":\"Portal Tela Portugal\",\"description\":\"\",\"potentialAction\":[{\"@type\":\"SearchAction\",\"target\":{\"@type\":\"EntryPoint\",\"urlTemplate\":\"https:\/\/portaltela.pt\/?s={search_term_string}\"},\"query-input\":{\"@type\":\"PropertyValueSpecification\",\"valueRequired\":true,\"valueName\":\"search_term_string\"}}],\"inLanguage\":\"pt-PT\"},{\"@type\":\"Person\",\"@id\":\"https:\/\/portaltela.pt\/#\/schema\/person\/c4278d4a6028830caff9ee44b42d32ed\",\"name\":\"Telinha\",\"image\":{\"@type\":\"ImageObject\",\"inLanguage\":\"pt-PT\",\"@id\":\"https:\/\/portaltela.pt\/s.01k8rhncp4jt1\/2025\/11\/talking-bot-125x125.png\",\"url\":\"https:\/\/portaltela.pt\/s.01k8rhncp4jt1\/2025\/11\/talking-bot-125x125.png\",\"contentUrl\":\"https:\/\/portaltela.pt\/s.01k8rhncp4jt1\/2025\/11\/talking-bot-125x125.png\",\"caption\":\"Telinha\"},\"sameAs\":[\"https:\/\/portaltela.pt\/\"],\"url\":\"https:\/\/portaltela.pt\/por\/367410592786\/\"}]}<\/script>\n<!-- \/ Yoast SEO plugin. -->","yoast_head_json":{"title":"ICNF admite atrasos no pagamento de indeniza\u00e7\u00f5es por ataques de lobos - Portal Tela Portugal","robots":{"index":"index","follow":"follow","max-snippet":"max-snippet:-1","max-image-preview":"max-image-preview:large","max-video-preview":"max-video-preview:-1"},"og_locale":"pt_PT","og_type":"article","og_title":"ICNF admite atrasos no pagamento de indeniza\u00e7\u00f5es por ataques de lobos - Portal Tela Portugal","og_description":"ICNF admite atrasos no pagamento de indemniza\u00e7\u00f5es por ataques de lobos a rebanhos. O conte\u00fado completo est\u00e1 dispon\u00edvel apenas para subscritores. O excerto n\u00e3o apresenta dados adicionais sobre montantes, prazos ou impactos.","og_url":"https:\/\/portaltela.pt\/noticias\/2026\/04\/27\/icnf-admite-atrasos-no-pagamento-de-indenizacoes-por-ataques-de-lobos\/","og_site_name":"Portal Tela Portugal","article_published_time":"2026-04-27T14:03:24+00:00","author":"Telinha","twitter_card":"summary_large_image","twitter_misc":{"Escrito por":"Telinha","Tempo estimado de leitura":"1 minuto"},"schema":{"@context":"https:\/\/schema.org","@graph":[{"@type":"Article","@id":"https:\/\/portaltela.pt\/noticias\/2026\/04\/27\/icnf-admite-atrasos-no-pagamento-de-indenizacoes-por-ataques-de-lobos\/#article","isPartOf":{"@id":"https:\/\/portaltela.pt\/noticias\/2026\/04\/27\/icnf-admite-atrasos-no-pagamento-de-indenizacoes-por-ataques-de-lobos\/"},"author":{"name":"Telinha","@id":"https:\/\/portaltela.pt\/#\/schema\/person\/c4278d4a6028830caff9ee44b42d32ed"},"headline":"ICNF admite atrasos no pagamento de indeniza\u00e7\u00f5es por ataques de lobos","datePublished":"2026-04-27T14:03:24+00:00","mainEntityOfPage":{"@id":"https:\/\/portaltela.pt\/noticias\/2026\/04\/27\/icnf-admite-atrasos-no-pagamento-de-indenizacoes-por-ataques-de-lobos\/"},"wordCount":164,"image":{"@id":"https:\/\/portaltela.pt\/noticias\/2026\/04\/27\/icnf-admite-atrasos-no-pagamento-de-indenizacoes-por-ataques-de-lobos\/#primaryimage"},"thumbnailUrl":"https:\/\/portaltela.pt\/s.01k8rhncp4jt1\/2026\/04\/CACHE_780X1200_ANALOG_WATERMARKED_46773894_1578383_19032026100552-1.jpg","keywords":["_agricultura","_ambiente","_animais","_ICNF","_indeniza\u00e7\u00f5es","_prote\u00e7\u00e3o ambiental"],"articleSection":["Meio Ambiente"],"inLanguage":"pt-PT"},{"@type":"WebPage","@id":"https:\/\/portaltela.pt\/noticias\/2026\/04\/27\/icnf-admite-atrasos-no-pagamento-de-indenizacoes-por-ataques-de-lobos\/","url":"https:\/\/portaltela.pt\/noticias\/2026\/04\/27\/icnf-admite-atrasos-no-pagamento-de-indenizacoes-por-ataques-de-lobos\/","name":"ICNF admite atrasos no pagamento de indeniza\u00e7\u00f5es por ataques de lobos - Portal Tela Portugal","isPartOf":{"@id":"https:\/\/portaltela.pt\/#website"},"primaryImageOfPage":{"@id":"https:\/\/portaltela.pt\/noticias\/2026\/04\/27\/icnf-admite-atrasos-no-pagamento-de-indenizacoes-por-ataques-de-lobos\/#primaryimage"},"image":{"@id":"https:\/\/portaltela.pt\/noticias\/2026\/04\/27\/icnf-admite-atrasos-no-pagamento-de-indenizacoes-por-ataques-de-lobos\/#primaryimage"},"thumbnailUrl":"https:\/\/portaltela.pt\/s.01k8rhncp4jt1\/2026\/04\/CACHE_780X1200_ANALOG_WATERMARKED_46773894_1578383_19032026100552-1.jpg","datePublished":"2026-04-27T14:03:24+00:00","author":{"@id":"https:\/\/portaltela.pt\/#\/schema\/person\/c4278d4a6028830caff9ee44b42d32ed"},"breadcrumb":{"@id":"https:\/\/portaltela.pt\/noticias\/2026\/04\/27\/icnf-admite-atrasos-no-pagamento-de-indenizacoes-por-ataques-de-lobos\/#breadcrumb"},"inLanguage":"pt-PT","potentialAction":[{"@type":"ReadAction","target":["https:\/\/portaltela.pt\/noticias\/2026\/04\/27\/icnf-admite-atrasos-no-pagamento-de-indenizacoes-por-ataques-de-lobos\/"]}]},{"@type":"ImageObject","inLanguage":"pt-PT","@id":"https:\/\/portaltela.pt\/noticias\/2026\/04\/27\/icnf-admite-atrasos-no-pagamento-de-indenizacoes-por-ataques-de-lobos\/#primaryimage","url":"https:\/\/portaltela.pt\/s.01k8rhncp4jt1\/2026\/04\/CACHE_780X1200_ANALOG_WATERMARKED_46773894_1578383_19032026100552-1.jpg","contentUrl":"https:\/\/portaltela.pt\/s.01k8rhncp4jt1\/2026\/04\/CACHE_780X1200_ANALOG_WATERMARKED_46773894_1578383_19032026100552-1.jpg","width":768,"height":512,"caption":"ICNF admite atrasos no pagamento de indemniza\u00e7\u00f5es por ataques de lobos a rebanhos"},{"@type":"BreadcrumbList","@id":"https:\/\/portaltela.pt\/noticias\/2026\/04\/27\/icnf-admite-atrasos-no-pagamento-de-indenizacoes-por-ataques-de-lobos\/#breadcrumb","itemListElement":[{"@type":"ListItem","position":1,"name":"In\u00edcio","item":"https:\/\/portaltela.pt\/"},{"@type":"ListItem","position":2,"name":"ICNF admite atrasos no pagamento de indeniza\u00e7\u00f5es por ataques de lobos"}]},{"@type":"WebSite","@id":"https:\/\/portaltela.pt\/#website","url":"https:\/\/portaltela.pt\/","name":"Portal Tela Portugal","description":"","potentialAction":[{"@type":"SearchAction","target":{"@type":"EntryPoint","urlTemplate":"https:\/\/portaltela.pt\/?s={search_term_string}"},"query-input":{"@type":"PropertyValueSpecification","valueRequired":true,"valueName":"search_term_string"}}],"inLanguage":"pt-PT"},{"@type":"Person","@id":"https:\/\/portaltela.pt\/#\/schema\/person\/c4278d4a6028830caff9ee44b42d32ed","name":"Telinha","image":{"@type":"ImageObject","inLanguage":"pt-PT","@id":"https:\/\/portaltela.pt\/s.01k8rhncp4jt1\/2025\/11\/talking-bot-125x125.png","url":"https:\/\/portaltela.pt\/s.01k8rhncp4jt1\/2025\/11\/talking-bot-125x125.png","contentUrl":"https:\/\/portaltela.pt\/s.01k8rhncp4jt1\/2025\/11\/talking-bot-125x125.png","caption":"Telinha"},"sameAs":["https:\/\/portaltela.pt\/"],"url":"https:\/\/portaltela.pt\/por\/367410592786\/"}]}},"_links":{"self":[{"href":"https:\/\/portaltela.pt\/api\/wp\/v2\/posts\/458379","targetHints":{"allow":["GET"]}}],"collection":[{"href":"https:\/\/portaltela.pt\/api\/wp\/v2\/posts"}],"about":[{"href":"https:\/\/portaltela.pt\/api\/wp\/v2\/types\/post"}],"author":[{"embeddable":true,"href":"https:\/\/portaltela.pt\/api\/wp\/v2\/users\/2"}],"replies":[{"embeddable":true,"href":"https:\/\/portaltela.pt\/api\/wp\/v2\/comments?post=458379"}],"version-history":[{"count":0,"href":"https:\/\/portaltela.pt\/api\/wp\/v2\/posts\/458379\/revisions"}],"wp:featuredmedia":[{"embeddable":true,"href":"https:\/\/portaltela.pt\/api\/wp\/v2\/media\/458382"}],"wp:attachment":[{"href":"https:\/\/portaltela.pt\/api\/wp\/v2\/media?parent=458379"}],"wp:term":[{"taxonomy":"category","embeddable":true,"href":"https:\/\/portaltela.pt\/api\/wp\/v2\/categories?post=458379"},{"taxonomy":"post_tag","embeddable":true,"href":"https:\/\/portaltela.pt\/api\/wp\/v2\/tags?post=458379"}],"curies":[{"name":"wp","href":"https:\/\/api.w.org\/{rel}","templated":true}]}}