{"id":458355,"date":"2026-04-27T10:36:13","date_gmt":"2026-04-27T13:36:13","guid":{"rendered":"https:\/\/portaltela.pt\/noticias\/2026\/04\/27\/grecia-protege-250-praias-contra-o-excesso-de-turismo\/"},"modified":"2026-04-27T10:36:13","modified_gmt":"2026-04-27T13:36:13","slug":"grecia-protege-250-praias-contra-o-excesso-de-turismo","status":"publish","type":"post","link":"https:\/\/portaltela.pt\/meio-ambiente\/2026\/04\/27\/grecia-protege-250-praias-contra-o-excesso-de-turismo\/","title":{"rendered":"Gr\u00e9cia protege 250 praias contra o excesso de turismo"},"content":{"rendered":"<p>A Gr\u00e9cia anunciou a prote\u00e7\u00e3o de 250 praias situadas em \u00e1reas ambientalmente sens\u00edveis, incluindo regi\u00f5es integradas na Rede Natura 2000, para evitar o turismo de massas. A medida abrange praias onde existem comunidades de esp\u00e9cies em risco, como tartarugas e focas-monge, com proibi\u00e7\u00e3o de aluguer de guarda-s\u00f3is e espregui\u00e7adeiras junto a essas zonas.<\/p>\n<p>A lista, atualizada para 2026, cresceu face a 2025, passando de 238 para 251 praias. O objetivo \u00e9 preservar valor est\u00e9tico, geomorfol\u00f3gico e ecol\u00f3gico, bem como os habitats e esp\u00e9cies presentes nessas praias espec\u00edficas, de acordo com o Governo grego, citado pela AFP.<\/p>\n<p>Nos \u00faltimos anos, as autoridades t\u00eam desmantelado constru\u00e7\u00f5es ilegais no litoral para mitigar impactos do turismo descontrolado. Em dezembro, presidentes de c\u00e2maras das ilhas C\u00edclades e do Dodecaneso alertaram que o excesso de turismo amea\u00e7a a pr\u00f3pria exist\u00eancia das zonas.<\/p>\n<p>A Gr\u00e9cia registou recordes de chegadas de turistas e receitas em 2025, com quase 38 milh\u00f5es de visitantes, ao n\u00e3o contar com navios de cruzeiro, segundo n\u00fameros oficiais do banco central. O pa\u00eds pretende, assim, combinar turismo com prote\u00e7\u00e3o ambiental.<\/p>\n","protected":false},"excerpt":{"rendered":"<ul>\n<li>A Gr\u00e9cia vai preservar 250 praias em zonas ambientalmente sens\u00edveis, incluindo \u00e1reas integradas na Rede Natura 2000, do pa\u00eds, do turismo de massas.<\/li>\n<li>Entre as medidas est\u00e1 a proibi\u00e7\u00e3o do aluguer de guarda-s\u00f3is e espregui\u00e7adeiras em areias junto a \u00e1guas onde existem esp\u00e9cies em risco, como tartarugas e focas-monge.<\/li>\n<li>A lista atualizada para 2026 passa a incluir 251 praias, aumentando face \u00e0s 238 de 2025 e 198 de 2024.<\/li>\n<li>O Governo explicou que a medida visa proteger praias com valor est\u00e9tico, geomorfol\u00f3gico ou ecol\u00f3gico, bem como habitats e esp\u00e9cies presentes nesses locais.<\/li>\n<li>Nos \u00faltimos anos, as autoridades t\u00eam combatido impactos do turismo excessivo removendo constru\u00e7\u00f5es ilegais no litoral; em 2025 a Gr\u00e9cia registou quase 38 milh\u00f5es de visitantes, excluindo cruzeiros.<\/li>\n<\/ul>\n","protected":false},"author":2,"featured_media":458365,"comment_status":"closed","ping_status":"closed","sticky":false,"template":"","format":"standard","meta":{"footnotes":""},"categories":[6725],"tags":[8238,8103,8466,8199,9717,7912],"class_list":["post-458355","post","type-post","status-publish","format-standard","has-post-thumbnail","hentry","category-meio-ambiente","tag-_ambiente","tag-_conservacao-ambiental","tag-_ecologia","tag-_natureza","tag-_rede-natura-2000","tag-_turismo"],"yoast_head":"<!-- This site is optimized with the Yoast SEO plugin v27.2 - https:\/\/yoast.com\/product\/yoast-seo-wordpress\/ -->\n<title>Gr\u00e9cia protege 250 praias contra o excesso de turismo - Portal Tela Portugal<\/title>\n<meta name=\"robots\" content=\"index, follow, max-snippet:-1, max-image-preview:large, max-video-preview:-1\" \/>\n<meta property=\"og:locale\" content=\"pt_PT\" \/>\n<meta property=\"og:type\" content=\"article\" \/>\n<meta property=\"og:title\" content=\"Gr\u00e9cia protege 250 praias contra o excesso de turismo - Portal Tela Portugal\" \/>\n<meta property=\"og:description\" content=\"A Gr\u00e9cia vai preservar 250 praias em zonas ambientalmente sens\u00edveis, incluindo \u00e1reas integradas na Rede Natura 2000, do pa\u00eds, do turismo de massas. Entre as medidas est\u00e1 a proibi\u00e7\u00e3o do aluguer de guarda-s\u00f3is e espregui\u00e7adeiras em areias junto a \u00e1guas onde existem esp\u00e9cies em risco, como tartarugas e focas-monge. A lista atualizada para 2026 passa a incluir 251 praias, aumentando face \u00e0s 238 de 2025 e 198 de 2024. O Governo explicou que a medida visa proteger praias com valor est\u00e9tico, geomorfol\u00f3gico ou ecol\u00f3gico, bem como habitats e esp\u00e9cies presentes nesses locais. Nos \u00faltimos anos, as autoridades t\u00eam combatido impactos do turismo excessivo removendo constru\u00e7\u00f5es ilegais no litoral; em 2025 a Gr\u00e9cia registou quase 38 milh\u00f5es de visitantes, excluindo cruzeiros.\" \/>\n<meta property=\"og:url\" content=\"https:\/\/portaltela.pt\/noticias\/2026\/04\/27\/grecia-protege-250-praias-contra-o-excesso-de-turismo\/\" \/>\n<meta property=\"og:site_name\" content=\"Portal Tela Portugal\" \/>\n<meta property=\"article:published_time\" content=\"2026-04-27T13:36:13+00:00\" \/>\n<meta name=\"author\" content=\"Telinha\" \/>\n<meta name=\"twitter:card\" content=\"summary_large_image\" \/>\n<meta name=\"twitter:label1\" content=\"Escrito por\" \/>\n\t<meta name=\"twitter:data1\" content=\"Telinha\" \/>\n\t<meta name=\"twitter:label2\" content=\"Tempo estimado de leitura\" \/>\n\t<meta name=\"twitter:data2\" content=\"1 minuto\" \/>\n<script type=\"application\/ld+json\" class=\"yoast-schema-graph\">{\"@context\":\"https:\/\/schema.org\",\"@graph\":[{\"@type\":\"Article\",\"@id\":\"https:\/\/portaltela.pt\/noticias\/2026\/04\/27\/grecia-protege-250-praias-contra-o-excesso-de-turismo\/#article\",\"isPartOf\":{\"@id\":\"https:\/\/portaltela.pt\/noticias\/2026\/04\/27\/grecia-protege-250-praias-contra-o-excesso-de-turismo\/\"},\"author\":{\"name\":\"Telinha\",\"@id\":\"https:\/\/portaltela.pt\/#\/schema\/person\/c4278d4a6028830caff9ee44b42d32ed\"},\"headline\":\"Gr\u00e9cia protege 250 praias contra o excesso de turismo\",\"datePublished\":\"2026-04-27T13:36:13+00:00\",\"mainEntityOfPage\":{\"@id\":\"https:\/\/portaltela.pt\/noticias\/2026\/04\/27\/grecia-protege-250-praias-contra-o-excesso-de-turismo\/\"},\"wordCount\":202,\"image\":{\"@id\":\"https:\/\/portaltela.pt\/noticias\/2026\/04\/27\/grecia-protege-250-praias-contra-o-excesso-de-turismo\/#primaryimage\"},\"thumbnailUrl\":\"https:\/\/portaltela.pt\/s.01k8rhncp4jt1\/2026\/04\/image-1524.jpg\",\"keywords\":[\"_ambiente\",\"_conserva\u00e7\u00e3o ambiental\",\"_ecologia\",\"_natureza\",\"_Rede Natura 2000\",\"_turismo\"],\"articleSection\":[\"Meio Ambiente\"],\"inLanguage\":\"pt-PT\"},{\"@type\":\"WebPage\",\"@id\":\"https:\/\/portaltela.pt\/noticias\/2026\/04\/27\/grecia-protege-250-praias-contra-o-excesso-de-turismo\/\",\"url\":\"https:\/\/portaltela.pt\/noticias\/2026\/04\/27\/grecia-protege-250-praias-contra-o-excesso-de-turismo\/\",\"name\":\"Gr\u00e9cia protege 250 praias contra o excesso de turismo - Portal Tela Portugal\",\"isPartOf\":{\"@id\":\"https:\/\/portaltela.pt\/#website\"},\"primaryImageOfPage\":{\"@id\":\"https:\/\/portaltela.pt\/noticias\/2026\/04\/27\/grecia-protege-250-praias-contra-o-excesso-de-turismo\/#primaryimage\"},\"image\":{\"@id\":\"https:\/\/portaltela.pt\/noticias\/2026\/04\/27\/grecia-protege-250-praias-contra-o-excesso-de-turismo\/#primaryimage\"},\"thumbnailUrl\":\"https:\/\/portaltela.pt\/s.01k8rhncp4jt1\/2026\/04\/image-1524.jpg\",\"datePublished\":\"2026-04-27T13:36:13+00:00\",\"author\":{\"@id\":\"https:\/\/portaltela.pt\/#\/schema\/person\/c4278d4a6028830caff9ee44b42d32ed\"},\"breadcrumb\":{\"@id\":\"https:\/\/portaltela.pt\/noticias\/2026\/04\/27\/grecia-protege-250-praias-contra-o-excesso-de-turismo\/#breadcrumb\"},\"inLanguage\":\"pt-PT\",\"potentialAction\":[{\"@type\":\"ReadAction\",\"target\":[\"https:\/\/portaltela.pt\/noticias\/2026\/04\/27\/grecia-protege-250-praias-contra-o-excesso-de-turismo\/\"]}]},{\"@type\":\"ImageObject\",\"inLanguage\":\"pt-PT\",\"@id\":\"https:\/\/portaltela.pt\/noticias\/2026\/04\/27\/grecia-protege-250-praias-contra-o-excesso-de-turismo\/#primaryimage\",\"url\":\"https:\/\/portaltela.pt\/s.01k8rhncp4jt1\/2026\/04\/image-1524.jpg\",\"contentUrl\":\"https:\/\/portaltela.pt\/s.01k8rhncp4jt1\/2026\/04\/image-1524.jpg\",\"width\":796,\"height\":448,\"caption\":\"Zakynthos \u00e9 um dos para\u00edsos naturais costeiros da Gr\u00e9cia\"},{\"@type\":\"BreadcrumbList\",\"@id\":\"https:\/\/portaltela.pt\/noticias\/2026\/04\/27\/grecia-protege-250-praias-contra-o-excesso-de-turismo\/#breadcrumb\",\"itemListElement\":[{\"@type\":\"ListItem\",\"position\":1,\"name\":\"In\u00edcio\",\"item\":\"https:\/\/portaltela.pt\/\"},{\"@type\":\"ListItem\",\"position\":2,\"name\":\"Gr\u00e9cia protege 250 praias contra o excesso de turismo\"}]},{\"@type\":\"WebSite\",\"@id\":\"https:\/\/portaltela.pt\/#website\",\"url\":\"https:\/\/portaltela.pt\/\",\"name\":\"Portal Tela Portugal\",\"description\":\"\",\"potentialAction\":[{\"@type\":\"SearchAction\",\"target\":{\"@type\":\"EntryPoint\",\"urlTemplate\":\"https:\/\/portaltela.pt\/?s={search_term_string}\"},\"query-input\":{\"@type\":\"PropertyValueSpecification\",\"valueRequired\":true,\"valueName\":\"search_term_string\"}}],\"inLanguage\":\"pt-PT\"},{\"@type\":\"Person\",\"@id\":\"https:\/\/portaltela.pt\/#\/schema\/person\/c4278d4a6028830caff9ee44b42d32ed\",\"name\":\"Telinha\",\"image\":{\"@type\":\"ImageObject\",\"inLanguage\":\"pt-PT\",\"@id\":\"https:\/\/portaltela.pt\/s.01k8rhncp4jt1\/2025\/11\/talking-bot-125x125.png\",\"url\":\"https:\/\/portaltela.pt\/s.01k8rhncp4jt1\/2025\/11\/talking-bot-125x125.png\",\"contentUrl\":\"https:\/\/portaltela.pt\/s.01k8rhncp4jt1\/2025\/11\/talking-bot-125x125.png\",\"caption\":\"Telinha\"},\"sameAs\":[\"https:\/\/portaltela.pt\/\"],\"url\":\"https:\/\/portaltela.pt\/por\/367410592786\/\"}]}<\/script>\n<!-- \/ Yoast SEO plugin. -->","yoast_head_json":{"title":"Gr\u00e9cia protege 250 praias contra o excesso de turismo - Portal Tela Portugal","robots":{"index":"index","follow":"follow","max-snippet":"max-snippet:-1","max-image-preview":"max-image-preview:large","max-video-preview":"max-video-preview:-1"},"og_locale":"pt_PT","og_type":"article","og_title":"Gr\u00e9cia protege 250 praias contra o excesso de turismo - Portal Tela Portugal","og_description":"A Gr\u00e9cia vai preservar 250 praias em zonas ambientalmente sens\u00edveis, incluindo \u00e1reas integradas na Rede Natura 2000, do pa\u00eds, do turismo de massas. Entre as medidas est\u00e1 a proibi\u00e7\u00e3o do aluguer de guarda-s\u00f3is e espregui\u00e7adeiras em areias junto a \u00e1guas onde existem esp\u00e9cies em risco, como tartarugas e focas-monge. A lista atualizada para 2026 passa a incluir 251 praias, aumentando face \u00e0s 238 de 2025 e 198 de 2024. O Governo explicou que a medida visa proteger praias com valor est\u00e9tico, geomorfol\u00f3gico ou ecol\u00f3gico, bem como habitats e esp\u00e9cies presentes nesses locais. Nos \u00faltimos anos, as autoridades t\u00eam combatido impactos do turismo excessivo removendo constru\u00e7\u00f5es ilegais no litoral; em 2025 a Gr\u00e9cia registou quase 38 milh\u00f5es de visitantes, excluindo cruzeiros.","og_url":"https:\/\/portaltela.pt\/noticias\/2026\/04\/27\/grecia-protege-250-praias-contra-o-excesso-de-turismo\/","og_site_name":"Portal Tela Portugal","article_published_time":"2026-04-27T13:36:13+00:00","author":"Telinha","twitter_card":"summary_large_image","twitter_misc":{"Escrito por":"Telinha","Tempo estimado de leitura":"1 minuto"},"schema":{"@context":"https:\/\/schema.org","@graph":[{"@type":"Article","@id":"https:\/\/portaltela.pt\/noticias\/2026\/04\/27\/grecia-protege-250-praias-contra-o-excesso-de-turismo\/#article","isPartOf":{"@id":"https:\/\/portaltela.pt\/noticias\/2026\/04\/27\/grecia-protege-250-praias-contra-o-excesso-de-turismo\/"},"author":{"name":"Telinha","@id":"https:\/\/portaltela.pt\/#\/schema\/person\/c4278d4a6028830caff9ee44b42d32ed"},"headline":"Gr\u00e9cia protege 250 praias contra o excesso de turismo","datePublished":"2026-04-27T13:36:13+00:00","mainEntityOfPage":{"@id":"https:\/\/portaltela.pt\/noticias\/2026\/04\/27\/grecia-protege-250-praias-contra-o-excesso-de-turismo\/"},"wordCount":202,"image":{"@id":"https:\/\/portaltela.pt\/noticias\/2026\/04\/27\/grecia-protege-250-praias-contra-o-excesso-de-turismo\/#primaryimage"},"thumbnailUrl":"https:\/\/portaltela.pt\/s.01k8rhncp4jt1\/2026\/04\/image-1524.jpg","keywords":["_ambiente","_conserva\u00e7\u00e3o ambiental","_ecologia","_natureza","_Rede Natura 2000","_turismo"],"articleSection":["Meio Ambiente"],"inLanguage":"pt-PT"},{"@type":"WebPage","@id":"https:\/\/portaltela.pt\/noticias\/2026\/04\/27\/grecia-protege-250-praias-contra-o-excesso-de-turismo\/","url":"https:\/\/portaltela.pt\/noticias\/2026\/04\/27\/grecia-protege-250-praias-contra-o-excesso-de-turismo\/","name":"Gr\u00e9cia protege 250 praias contra o excesso de turismo - Portal Tela Portugal","isPartOf":{"@id":"https:\/\/portaltela.pt\/#website"},"primaryImageOfPage":{"@id":"https:\/\/portaltela.pt\/noticias\/2026\/04\/27\/grecia-protege-250-praias-contra-o-excesso-de-turismo\/#primaryimage"},"image":{"@id":"https:\/\/portaltela.pt\/noticias\/2026\/04\/27\/grecia-protege-250-praias-contra-o-excesso-de-turismo\/#primaryimage"},"thumbnailUrl":"https:\/\/portaltela.pt\/s.01k8rhncp4jt1\/2026\/04\/image-1524.jpg","datePublished":"2026-04-27T13:36:13+00:00","author":{"@id":"https:\/\/portaltela.pt\/#\/schema\/person\/c4278d4a6028830caff9ee44b42d32ed"},"breadcrumb":{"@id":"https:\/\/portaltela.pt\/noticias\/2026\/04\/27\/grecia-protege-250-praias-contra-o-excesso-de-turismo\/#breadcrumb"},"inLanguage":"pt-PT","potentialAction":[{"@type":"ReadAction","target":["https:\/\/portaltela.pt\/noticias\/2026\/04\/27\/grecia-protege-250-praias-contra-o-excesso-de-turismo\/"]}]},{"@type":"ImageObject","inLanguage":"pt-PT","@id":"https:\/\/portaltela.pt\/noticias\/2026\/04\/27\/grecia-protege-250-praias-contra-o-excesso-de-turismo\/#primaryimage","url":"https:\/\/portaltela.pt\/s.01k8rhncp4jt1\/2026\/04\/image-1524.jpg","contentUrl":"https:\/\/portaltela.pt\/s.01k8rhncp4jt1\/2026\/04\/image-1524.jpg","width":796,"height":448,"caption":"Zakynthos \u00e9 um dos para\u00edsos naturais costeiros da Gr\u00e9cia"},{"@type":"BreadcrumbList","@id":"https:\/\/portaltela.pt\/noticias\/2026\/04\/27\/grecia-protege-250-praias-contra-o-excesso-de-turismo\/#breadcrumb","itemListElement":[{"@type":"ListItem","position":1,"name":"In\u00edcio","item":"https:\/\/portaltela.pt\/"},{"@type":"ListItem","position":2,"name":"Gr\u00e9cia protege 250 praias contra o excesso de turismo"}]},{"@type":"WebSite","@id":"https:\/\/portaltela.pt\/#website","url":"https:\/\/portaltela.pt\/","name":"Portal Tela Portugal","description":"","potentialAction":[{"@type":"SearchAction","target":{"@type":"EntryPoint","urlTemplate":"https:\/\/portaltela.pt\/?s={search_term_string}"},"query-input":{"@type":"PropertyValueSpecification","valueRequired":true,"valueName":"search_term_string"}}],"inLanguage":"pt-PT"},{"@type":"Person","@id":"https:\/\/portaltela.pt\/#\/schema\/person\/c4278d4a6028830caff9ee44b42d32ed","name":"Telinha","image":{"@type":"ImageObject","inLanguage":"pt-PT","@id":"https:\/\/portaltela.pt\/s.01k8rhncp4jt1\/2025\/11\/talking-bot-125x125.png","url":"https:\/\/portaltela.pt\/s.01k8rhncp4jt1\/2025\/11\/talking-bot-125x125.png","contentUrl":"https:\/\/portaltela.pt\/s.01k8rhncp4jt1\/2025\/11\/talking-bot-125x125.png","caption":"Telinha"},"sameAs":["https:\/\/portaltela.pt\/"],"url":"https:\/\/portaltela.pt\/por\/367410592786\/"}]}},"_links":{"self":[{"href":"https:\/\/portaltela.pt\/api\/wp\/v2\/posts\/458355","targetHints":{"allow":["GET"]}}],"collection":[{"href":"https:\/\/portaltela.pt\/api\/wp\/v2\/posts"}],"about":[{"href":"https:\/\/portaltela.pt\/api\/wp\/v2\/types\/post"}],"author":[{"embeddable":true,"href":"https:\/\/portaltela.pt\/api\/wp\/v2\/users\/2"}],"replies":[{"embeddable":true,"href":"https:\/\/portaltela.pt\/api\/wp\/v2\/comments?post=458355"}],"version-history":[{"count":0,"href":"https:\/\/portaltela.pt\/api\/wp\/v2\/posts\/458355\/revisions"}],"wp:featuredmedia":[{"embeddable":true,"href":"https:\/\/portaltela.pt\/api\/wp\/v2\/media\/458365"}],"wp:attachment":[{"href":"https:\/\/portaltela.pt\/api\/wp\/v2\/media?parent=458355"}],"wp:term":[{"taxonomy":"category","embeddable":true,"href":"https:\/\/portaltela.pt\/api\/wp\/v2\/categories?post=458355"},{"taxonomy":"post_tag","embeddable":true,"href":"https:\/\/portaltela.pt\/api\/wp\/v2\/tags?post=458355"}],"curies":[{"name":"wp","href":"https:\/\/api.w.org\/{rel}","templated":true}]}}