{"id":458352,"date":"2026-04-27T10:36:10","date_gmt":"2026-04-27T13:36:10","guid":{"rendered":"https:\/\/portaltela.pt\/noticias\/2026\/04\/27\/braga-prepara-se-para-meia-final-da-liga-europa-com-bandeiras-nas-janelas\/"},"modified":"2026-04-27T10:36:10","modified_gmt":"2026-04-27T13:36:10","slug":"braga-prepara-se-para-meia-final-da-liga-europa-com-bandeiras-nas-janelas","status":"publish","type":"post","link":"https:\/\/portaltela.pt\/desporto\/futebol\/2026\/04\/27\/braga-prepara-se-para-meia-final-da-liga-europa-com-bandeiras-nas-janelas\/","title":{"rendered":"Braga prepara-se para meia-final da Liga Europa com bandeiras nas janelas"},"content":{"rendered":"<p>Esteja atento: Braga recebe o Friburgo na primeira m\u00e3o das meias-finais da Liga Europa, esta quinta-feira, \u00e0s 20h, no Est\u00e1dio Municipal de Braga. O objetivo \u00e9 fortalecer o apoio \u00e0 equipa treinada por Carlos Vicens.<\/p>\n<p>As claques Bracara Legion e Red Boys promovem a iniciativa nas redes sociais, pedindo aos adeptos para vestirem vermelho e colocarem bandeiras do clube nas janelas das casas, bem como cartazes de incentivo aos jogadores.<\/p>\n<p>Este confronto assume um peso hist\u00f3rico para o Sp. Braga, que disputa pela segunda vez uma meia-final da competi\u00e7\u00e3o desde a exist\u00eancia da prova (2010\/11). A organiza\u00e7\u00e3o do apoio pretende aumentar o ambiente de vit\u00f3ria no recinto.<\/p>\n","protected":false},"excerpt":{"rendered":"<ul>\n<li>Esta quinta-feira, o Sp. Braga recebe o Friburgo, na primeira m\u00e3o das meias-finais da Liga Europa, \u00e0s 20 horas.<\/li>\n<li>As principais claques bracarenses, Bracara Legion e Red Boys, promovem a iniciativa nas redes sociais.<\/li>\n<li>A ideia \u00e9 que todos os adeptos vistam-se de vermelho e coloquem bandeiras do clube nas janelas e cartazes de apoio aos jogadores.<\/li>\n<li>O duelo tem grande peso hist\u00f3rico para o clube, sendo apenas a segunda vez que chegam a uma fase t\u00e3o adiantada da competi\u00e7\u00e3o desde 2010\/11.<\/li>\n<\/ul>\n","protected":false},"author":2,"featured_media":458358,"comment_status":"closed","ping_status":"closed","sticky":false,"template":"","format":"standard","meta":{"footnotes":""},"categories":[21,24],"tags":[8350,8830,1207,32,2070],"class_list":["post-458352","post","type-post","status-publish","format-standard","has-post-thumbnail","hentry","category-desporto","category-futebol","tag-_adeptos","tag-_europa-league","tag-braga","tag-futebol","tag-sp-braga"],"yoast_head":"<!-- This site is optimized with the Yoast SEO plugin v27.2 - https:\/\/yoast.com\/product\/yoast-seo-wordpress\/ -->\n<title>Braga prepara-se para meia-final da Liga Europa com bandeiras nas janelas - Portal Tela Portugal<\/title>\n<meta name=\"robots\" content=\"index, follow, max-snippet:-1, max-image-preview:large, max-video-preview:-1\" \/>\n<meta property=\"og:locale\" content=\"pt_PT\" \/>\n<meta property=\"og:type\" content=\"article\" \/>\n<meta property=\"og:title\" content=\"Braga prepara-se para meia-final da Liga Europa com bandeiras nas janelas - Portal Tela Portugal\" \/>\n<meta property=\"og:description\" content=\"Esta quinta-feira, o Sp. Braga recebe o Friburgo, na primeira m\u00e3o das meias-finais da Liga Europa, \u00e0s 20 horas. As principais claques bracarenses, Bracara Legion e Red Boys, promovem a iniciativa nas redes sociais. A ideia \u00e9 que todos os adeptos vistam-se de vermelho e coloquem bandeiras do clube nas janelas e cartazes de apoio aos jogadores. O duelo tem grande peso hist\u00f3rico para o clube, sendo apenas a segunda vez que chegam a uma fase t\u00e3o adiantada da competi\u00e7\u00e3o desde 2010\/11.\" \/>\n<meta property=\"og:url\" content=\"https:\/\/portaltela.pt\/noticias\/2026\/04\/27\/braga-prepara-se-para-meia-final-da-liga-europa-com-bandeiras-nas-janelas\/\" \/>\n<meta property=\"og:site_name\" content=\"Portal Tela Portugal\" \/>\n<meta property=\"article:published_time\" content=\"2026-04-27T13:36:10+00:00\" \/>\n<meta name=\"author\" content=\"Telinha\" \/>\n<meta name=\"twitter:card\" content=\"summary_large_image\" \/>\n<meta name=\"twitter:label1\" content=\"Escrito por\" \/>\n\t<meta name=\"twitter:data1\" content=\"Telinha\" \/>\n\t<meta name=\"twitter:label2\" content=\"Tempo estimado de leitura\" \/>\n\t<meta name=\"twitter:data2\" content=\"1 minuto\" \/>\n<script type=\"application\/ld+json\" class=\"yoast-schema-graph\">{\"@context\":\"https:\/\/schema.org\",\"@graph\":[{\"@type\":\"Article\",\"@id\":\"https:\/\/portaltela.pt\/noticias\/2026\/04\/27\/braga-prepara-se-para-meia-final-da-liga-europa-com-bandeiras-nas-janelas\/#article\",\"isPartOf\":{\"@id\":\"https:\/\/portaltela.pt\/noticias\/2026\/04\/27\/braga-prepara-se-para-meia-final-da-liga-europa-com-bandeiras-nas-janelas\/\"},\"author\":{\"name\":\"Telinha\",\"@id\":\"https:\/\/portaltela.pt\/#\/schema\/person\/c4278d4a6028830caff9ee44b42d32ed\"},\"headline\":\"Braga prepara-se para meia-final da Liga Europa com bandeiras nas janelas\",\"datePublished\":\"2026-04-27T13:36:10+00:00\",\"mainEntityOfPage\":{\"@id\":\"https:\/\/portaltela.pt\/noticias\/2026\/04\/27\/braga-prepara-se-para-meia-final-da-liga-europa-com-bandeiras-nas-janelas\/\"},\"wordCount\":122,\"image\":{\"@id\":\"https:\/\/portaltela.pt\/noticias\/2026\/04\/27\/braga-prepara-se-para-meia-final-da-liga-europa-com-bandeiras-nas-janelas\/#primaryimage\"},\"thumbnailUrl\":\"https:\/\/portaltela.pt\/s.01k8rhncp4jt1\/2026\/04\/img_920x518uu2026-04-14-18-13-45-2432996-im-639128963723251737.jpg\",\"keywords\":[\"_adeptos\",\"_Europa League\",\"Braga\",\"futebol\",\"Sp. Braga\"],\"articleSection\":[\"Desporto\",\"Futebol\"],\"inLanguage\":\"pt-PT\"},{\"@type\":\"WebPage\",\"@id\":\"https:\/\/portaltela.pt\/noticias\/2026\/04\/27\/braga-prepara-se-para-meia-final-da-liga-europa-com-bandeiras-nas-janelas\/\",\"url\":\"https:\/\/portaltela.pt\/noticias\/2026\/04\/27\/braga-prepara-se-para-meia-final-da-liga-europa-com-bandeiras-nas-janelas\/\",\"name\":\"Braga prepara-se para meia-final da Liga Europa com bandeiras nas janelas - Portal Tela Portugal\",\"isPartOf\":{\"@id\":\"https:\/\/portaltela.pt\/#website\"},\"primaryImageOfPage\":{\"@id\":\"https:\/\/portaltela.pt\/noticias\/2026\/04\/27\/braga-prepara-se-para-meia-final-da-liga-europa-com-bandeiras-nas-janelas\/#primaryimage\"},\"image\":{\"@id\":\"https:\/\/portaltela.pt\/noticias\/2026\/04\/27\/braga-prepara-se-para-meia-final-da-liga-europa-com-bandeiras-nas-janelas\/#primaryimage\"},\"thumbnailUrl\":\"https:\/\/portaltela.pt\/s.01k8rhncp4jt1\/2026\/04\/img_920x518uu2026-04-14-18-13-45-2432996-im-639128963723251737.jpg\",\"datePublished\":\"2026-04-27T13:36:10+00:00\",\"author\":{\"@id\":\"https:\/\/portaltela.pt\/#\/schema\/person\/c4278d4a6028830caff9ee44b42d32ed\"},\"breadcrumb\":{\"@id\":\"https:\/\/portaltela.pt\/noticias\/2026\/04\/27\/braga-prepara-se-para-meia-final-da-liga-europa-com-bandeiras-nas-janelas\/#breadcrumb\"},\"inLanguage\":\"pt-PT\",\"potentialAction\":[{\"@type\":\"ReadAction\",\"target\":[\"https:\/\/portaltela.pt\/noticias\/2026\/04\/27\/braga-prepara-se-para-meia-final-da-liga-europa-com-bandeiras-nas-janelas\/\"]}]},{\"@type\":\"ImageObject\",\"inLanguage\":\"pt-PT\",\"@id\":\"https:\/\/portaltela.pt\/noticias\/2026\/04\/27\/braga-prepara-se-para-meia-final-da-liga-europa-com-bandeiras-nas-janelas\/#primaryimage\",\"url\":\"https:\/\/portaltela.pt\/s.01k8rhncp4jt1\/2026\/04\/img_920x518uu2026-04-14-18-13-45-2432996-im-639128963723251737.jpg\",\"contentUrl\":\"https:\/\/portaltela.pt\/s.01k8rhncp4jt1\/2026\/04\/img_920x518uu2026-04-14-18-13-45-2432996-im-639128963723251737.jpg\",\"width\":796,\"height\":448,\"caption\":\"Adeptos do Sp. Braga\"},{\"@type\":\"BreadcrumbList\",\"@id\":\"https:\/\/portaltela.pt\/noticias\/2026\/04\/27\/braga-prepara-se-para-meia-final-da-liga-europa-com-bandeiras-nas-janelas\/#breadcrumb\",\"itemListElement\":[{\"@type\":\"ListItem\",\"position\":1,\"name\":\"In\u00edcio\",\"item\":\"https:\/\/portaltela.pt\/\"},{\"@type\":\"ListItem\",\"position\":2,\"name\":\"Braga prepara-se para meia-final da Liga Europa com bandeiras nas janelas\"}]},{\"@type\":\"WebSite\",\"@id\":\"https:\/\/portaltela.pt\/#website\",\"url\":\"https:\/\/portaltela.pt\/\",\"name\":\"Portal Tela Portugal\",\"description\":\"\",\"potentialAction\":[{\"@type\":\"SearchAction\",\"target\":{\"@type\":\"EntryPoint\",\"urlTemplate\":\"https:\/\/portaltela.pt\/?s={search_term_string}\"},\"query-input\":{\"@type\":\"PropertyValueSpecification\",\"valueRequired\":true,\"valueName\":\"search_term_string\"}}],\"inLanguage\":\"pt-PT\"},{\"@type\":\"Person\",\"@id\":\"https:\/\/portaltela.pt\/#\/schema\/person\/c4278d4a6028830caff9ee44b42d32ed\",\"name\":\"Telinha\",\"image\":{\"@type\":\"ImageObject\",\"inLanguage\":\"pt-PT\",\"@id\":\"https:\/\/portaltela.pt\/s.01k8rhncp4jt1\/2025\/11\/talking-bot-125x125.png\",\"url\":\"https:\/\/portaltela.pt\/s.01k8rhncp4jt1\/2025\/11\/talking-bot-125x125.png\",\"contentUrl\":\"https:\/\/portaltela.pt\/s.01k8rhncp4jt1\/2025\/11\/talking-bot-125x125.png\",\"caption\":\"Telinha\"},\"sameAs\":[\"https:\/\/portaltela.pt\/\"],\"url\":\"https:\/\/portaltela.pt\/por\/367410592786\/\"}]}<\/script>\n<!-- \/ Yoast SEO plugin. -->","yoast_head_json":{"title":"Braga prepara-se para meia-final da Liga Europa com bandeiras nas janelas - Portal Tela Portugal","robots":{"index":"index","follow":"follow","max-snippet":"max-snippet:-1","max-image-preview":"max-image-preview:large","max-video-preview":"max-video-preview:-1"},"og_locale":"pt_PT","og_type":"article","og_title":"Braga prepara-se para meia-final da Liga Europa com bandeiras nas janelas - Portal Tela Portugal","og_description":"Esta quinta-feira, o Sp. Braga recebe o Friburgo, na primeira m\u00e3o das meias-finais da Liga Europa, \u00e0s 20 horas. As principais claques bracarenses, Bracara Legion e Red Boys, promovem a iniciativa nas redes sociais. A ideia \u00e9 que todos os adeptos vistam-se de vermelho e coloquem bandeiras do clube nas janelas e cartazes de apoio aos jogadores. O duelo tem grande peso hist\u00f3rico para o clube, sendo apenas a segunda vez que chegam a uma fase t\u00e3o adiantada da competi\u00e7\u00e3o desde 2010\/11.","og_url":"https:\/\/portaltela.pt\/noticias\/2026\/04\/27\/braga-prepara-se-para-meia-final-da-liga-europa-com-bandeiras-nas-janelas\/","og_site_name":"Portal Tela Portugal","article_published_time":"2026-04-27T13:36:10+00:00","author":"Telinha","twitter_card":"summary_large_image","twitter_misc":{"Escrito por":"Telinha","Tempo estimado de leitura":"1 minuto"},"schema":{"@context":"https:\/\/schema.org","@graph":[{"@type":"Article","@id":"https:\/\/portaltela.pt\/noticias\/2026\/04\/27\/braga-prepara-se-para-meia-final-da-liga-europa-com-bandeiras-nas-janelas\/#article","isPartOf":{"@id":"https:\/\/portaltela.pt\/noticias\/2026\/04\/27\/braga-prepara-se-para-meia-final-da-liga-europa-com-bandeiras-nas-janelas\/"},"author":{"name":"Telinha","@id":"https:\/\/portaltela.pt\/#\/schema\/person\/c4278d4a6028830caff9ee44b42d32ed"},"headline":"Braga prepara-se para meia-final da Liga Europa com bandeiras nas janelas","datePublished":"2026-04-27T13:36:10+00:00","mainEntityOfPage":{"@id":"https:\/\/portaltela.pt\/noticias\/2026\/04\/27\/braga-prepara-se-para-meia-final-da-liga-europa-com-bandeiras-nas-janelas\/"},"wordCount":122,"image":{"@id":"https:\/\/portaltela.pt\/noticias\/2026\/04\/27\/braga-prepara-se-para-meia-final-da-liga-europa-com-bandeiras-nas-janelas\/#primaryimage"},"thumbnailUrl":"https:\/\/portaltela.pt\/s.01k8rhncp4jt1\/2026\/04\/img_920x518uu2026-04-14-18-13-45-2432996-im-639128963723251737.jpg","keywords":["_adeptos","_Europa League","Braga","futebol","Sp. Braga"],"articleSection":["Desporto","Futebol"],"inLanguage":"pt-PT"},{"@type":"WebPage","@id":"https:\/\/portaltela.pt\/noticias\/2026\/04\/27\/braga-prepara-se-para-meia-final-da-liga-europa-com-bandeiras-nas-janelas\/","url":"https:\/\/portaltela.pt\/noticias\/2026\/04\/27\/braga-prepara-se-para-meia-final-da-liga-europa-com-bandeiras-nas-janelas\/","name":"Braga prepara-se para meia-final da Liga Europa com bandeiras nas janelas - Portal Tela Portugal","isPartOf":{"@id":"https:\/\/portaltela.pt\/#website"},"primaryImageOfPage":{"@id":"https:\/\/portaltela.pt\/noticias\/2026\/04\/27\/braga-prepara-se-para-meia-final-da-liga-europa-com-bandeiras-nas-janelas\/#primaryimage"},"image":{"@id":"https:\/\/portaltela.pt\/noticias\/2026\/04\/27\/braga-prepara-se-para-meia-final-da-liga-europa-com-bandeiras-nas-janelas\/#primaryimage"},"thumbnailUrl":"https:\/\/portaltela.pt\/s.01k8rhncp4jt1\/2026\/04\/img_920x518uu2026-04-14-18-13-45-2432996-im-639128963723251737.jpg","datePublished":"2026-04-27T13:36:10+00:00","author":{"@id":"https:\/\/portaltela.pt\/#\/schema\/person\/c4278d4a6028830caff9ee44b42d32ed"},"breadcrumb":{"@id":"https:\/\/portaltela.pt\/noticias\/2026\/04\/27\/braga-prepara-se-para-meia-final-da-liga-europa-com-bandeiras-nas-janelas\/#breadcrumb"},"inLanguage":"pt-PT","potentialAction":[{"@type":"ReadAction","target":["https:\/\/portaltela.pt\/noticias\/2026\/04\/27\/braga-prepara-se-para-meia-final-da-liga-europa-com-bandeiras-nas-janelas\/"]}]},{"@type":"ImageObject","inLanguage":"pt-PT","@id":"https:\/\/portaltela.pt\/noticias\/2026\/04\/27\/braga-prepara-se-para-meia-final-da-liga-europa-com-bandeiras-nas-janelas\/#primaryimage","url":"https:\/\/portaltela.pt\/s.01k8rhncp4jt1\/2026\/04\/img_920x518uu2026-04-14-18-13-45-2432996-im-639128963723251737.jpg","contentUrl":"https:\/\/portaltela.pt\/s.01k8rhncp4jt1\/2026\/04\/img_920x518uu2026-04-14-18-13-45-2432996-im-639128963723251737.jpg","width":796,"height":448,"caption":"Adeptos do Sp. Braga"},{"@type":"BreadcrumbList","@id":"https:\/\/portaltela.pt\/noticias\/2026\/04\/27\/braga-prepara-se-para-meia-final-da-liga-europa-com-bandeiras-nas-janelas\/#breadcrumb","itemListElement":[{"@type":"ListItem","position":1,"name":"In\u00edcio","item":"https:\/\/portaltela.pt\/"},{"@type":"ListItem","position":2,"name":"Braga prepara-se para meia-final da Liga Europa com bandeiras nas janelas"}]},{"@type":"WebSite","@id":"https:\/\/portaltela.pt\/#website","url":"https:\/\/portaltela.pt\/","name":"Portal Tela Portugal","description":"","potentialAction":[{"@type":"SearchAction","target":{"@type":"EntryPoint","urlTemplate":"https:\/\/portaltela.pt\/?s={search_term_string}"},"query-input":{"@type":"PropertyValueSpecification","valueRequired":true,"valueName":"search_term_string"}}],"inLanguage":"pt-PT"},{"@type":"Person","@id":"https:\/\/portaltela.pt\/#\/schema\/person\/c4278d4a6028830caff9ee44b42d32ed","name":"Telinha","image":{"@type":"ImageObject","inLanguage":"pt-PT","@id":"https:\/\/portaltela.pt\/s.01k8rhncp4jt1\/2025\/11\/talking-bot-125x125.png","url":"https:\/\/portaltela.pt\/s.01k8rhncp4jt1\/2025\/11\/talking-bot-125x125.png","contentUrl":"https:\/\/portaltela.pt\/s.01k8rhncp4jt1\/2025\/11\/talking-bot-125x125.png","caption":"Telinha"},"sameAs":["https:\/\/portaltela.pt\/"],"url":"https:\/\/portaltela.pt\/por\/367410592786\/"}]}},"_links":{"self":[{"href":"https:\/\/portaltela.pt\/api\/wp\/v2\/posts\/458352","targetHints":{"allow":["GET"]}}],"collection":[{"href":"https:\/\/portaltela.pt\/api\/wp\/v2\/posts"}],"about":[{"href":"https:\/\/portaltela.pt\/api\/wp\/v2\/types\/post"}],"author":[{"embeddable":true,"href":"https:\/\/portaltela.pt\/api\/wp\/v2\/users\/2"}],"replies":[{"embeddable":true,"href":"https:\/\/portaltela.pt\/api\/wp\/v2\/comments?post=458352"}],"version-history":[{"count":0,"href":"https:\/\/portaltela.pt\/api\/wp\/v2\/posts\/458352\/revisions"}],"wp:featuredmedia":[{"embeddable":true,"href":"https:\/\/portaltela.pt\/api\/wp\/v2\/media\/458358"}],"wp:attachment":[{"href":"https:\/\/portaltela.pt\/api\/wp\/v2\/media?parent=458352"}],"wp:term":[{"taxonomy":"category","embeddable":true,"href":"https:\/\/portaltela.pt\/api\/wp\/v2\/categories?post=458352"},{"taxonomy":"post_tag","embeddable":true,"href":"https:\/\/portaltela.pt\/api\/wp\/v2\/tags?post=458352"}],"curies":[{"name":"wp","href":"https:\/\/api.w.org\/{rel}","templated":true}]}}