{"id":458344,"date":"2026-04-27T10:36:00","date_gmt":"2026-04-27T13:36:00","guid":{"rendered":"https:\/\/portaltela.pt\/noticias\/2026\/04\/27\/trotinetes-assustam-mas-numero-de-acidentes-com-carros-e-maior\/"},"modified":"2026-04-27T10:36:00","modified_gmt":"2026-04-27T13:36:00","slug":"trotinetes-assustam-mas-numero-de-acidentes-com-carros-e-maior","status":"publish","type":"post","link":"https:\/\/portaltela.pt\/sociedade\/2026\/04\/27\/trotinetes-assustam-mas-numero-de-acidentes-com-carros-e-maior\/","title":{"rendered":"Trotinetes assustam, mas n\u00famero de acidentes com carros \u00e9 maior"},"content":{"rendered":"<p>Em Gaia foi cancelado um concurso para disponibiliza\u00e7\u00e3o de trotinetes el\u00e9tricas, alegando raz\u00f5es de seguran\u00e7a. A decis\u00e3o envolve a C\u00e2mara Municipal e decorreu ap\u00f3s estudo interno, com aprova\u00e7\u00e3o de um estudo equivalente. A associa\u00e7\u00e3o Estrada Viva contesta, defendendo que as trotinetes n\u00e3o s\u00e3o o principal problema da sinistralidade rodovi\u00e1ria.<\/p>\n<p>A Estrada Viva, rede de associa\u00e7\u00f5es dedicada \u00e0 cidadania rodovi\u00e1ria, afirma que o foco deve recair sobre os autom\u00f3veis, que, segundo dados da GNR, concentram a maior parte dos acidentes. O presidente M\u00e1rio Alves sustenta que, apesar de assustarem, as trotinetes n\u00e3o chegam aos n\u00fameros dos autom\u00f3veis.<\/p>\n<p>Dados da GNR, divulgados em mar\u00e7o, mostram 10 mortos por trotinetes entre 2019 e 2025. Em compara\u00e7\u00e3o, o Relat\u00f3rio Anual de Seguran\u00e7a Interna indica 448 mortos em acidentes de via\u00e7\u00e3o em Portugal em 2025. Assim, o peso relativo dos modos suaves \u00e9 apresentado como muito menor.<\/p>\n<p>O debate em Gaia sucede a um incidente no Porto, em abril, que levou \u00e0 abertura de um estudo sobre trotinetes e sinistralidade, aprovado por unanimidade pela verea\u00e7\u00e3o municipal. A C\u00e2mara j\u00e1 aprovou, em Gaia, um estudo semelhante ap\u00f3s o cancelamento do concurso.<\/p>\n<p>M\u00e1rio Alves destaca que a maior parte dos acidentes com bicicletas resulta em feridos leves, mas colis\u00f5es com autom\u00f3veis costumam ter consequ\u00eancias graves. O dirigente critica campanhas que parecem colocar o \u00f3nus nos utilizadores e defende mudan\u00e7as no desenho urbano.<\/p>\n<p>A PSP reconheceu, em junho de 2025, que utilizadores de modos suaves s\u00e3o os mais vulner\u00e1veis, numa cidade com circula\u00e7\u00e3o de veloc\u00edpedes, trotinetes e ve\u00edculos pesados. Ainda assim, n\u00e3o houve esclarecimento sobre quem deve merecer maior cuidado.<\/p>\n<p>Segundo Alves, o problema n\u00e3o \u00e9 apenas a tecnologia das trotinetes, mas a forma como as cidades foram desenhadas desde os anos 80, quando houve aumento da posse autom\u00f3vel. O dirigente aponta para uma urbanidade desordenada e uma depend\u00eancia do autom\u00f3vel na sociedade portuguesa.<\/p>\n","protected":false},"excerpt":{"rendered":"<ul>\n<li>Em Gaia foi cancelado um concurso para disponibiliza\u00e7\u00e3o de trotinetes el\u00e9tricas por raz\u00f5es de seguran\u00e7a, com a Associa\u00e7\u00e3o Estrada Viva a contestar a decis\u00e3o.<\/li>\n<li>A Estrada Viva sustenta que as trotinetes &#8220;n\u00e3o s\u00e3o um problema comparadas com os autom\u00f3veis&#8221; e destaca o dom\u00ednio do autom\u00f3vel na sinistralidade rodovi\u00e1ria.<\/li>\n<li>A GNR informou, a 13 de mar\u00e7o, que entre 2019 e 2025 se registaram dez mortos em acidentes com trotinetes.<\/li>\n<li>Em Portugal, no ano de 2025, morreram 448 pessoas em acidentes de via\u00e7\u00e3o, segundo o Relat\u00f3rio Anual de Seguran\u00e7a Interna.<\/li>\n<li>O debate sobre trotinetes tamb\u00e9m ocorreu no Porto e em Gaia, com propostas de estudo sobre sinistralidade aprovadas e a PSP a reconhecer a vulnerabilidade dos utilizadores de modos suaves.<\/li>\n<\/ul>\n","protected":false},"author":2,"featured_media":458351,"comment_status":"closed","ping_status":"closed","sticky":false,"template":"","format":"standard","meta":{"footnotes":""},"categories":[1,6871],"tags":[4169,2335,2371,2110,1014,2761],"class_list":["post-458344","post","type-post","status-publish","format-standard","has-post-thumbnail","hentry","category-noticias","category-sociedade","tag-acidente-rodoviario","tag-acidentes-rodoviarios","tag-automoveis","tag-mobilidade","tag-portugal","tag-seguranca-rodoviaria"],"yoast_head":"<!-- This site is optimized with the Yoast SEO plugin v27.2 - https:\/\/yoast.com\/product\/yoast-seo-wordpress\/ -->\n<title>Trotinetes assustam, mas n\u00famero de acidentes com carros \u00e9 maior - Portal Tela Portugal<\/title>\n<meta name=\"robots\" content=\"index, follow, max-snippet:-1, max-image-preview:large, max-video-preview:-1\" \/>\n<meta property=\"og:locale\" content=\"pt_PT\" \/>\n<meta property=\"og:type\" content=\"article\" \/>\n<meta property=\"og:title\" content=\"Trotinetes assustam, mas n\u00famero de acidentes com carros \u00e9 maior - Portal Tela Portugal\" \/>\n<meta property=\"og:description\" content=\"Em Gaia foi cancelado um concurso para disponibiliza\u00e7\u00e3o de trotinetes el\u00e9tricas por raz\u00f5es de seguran\u00e7a, com a Associa\u00e7\u00e3o Estrada Viva a contestar a decis\u00e3o. A Estrada Viva sustenta que as trotinetes &quot;n\u00e3o s\u00e3o um problema comparadas com os autom\u00f3veis&quot; e destaca o dom\u00ednio do autom\u00f3vel na sinistralidade rodovi\u00e1ria. A GNR informou, a 13 de mar\u00e7o, que entre 2019 e 2025 se registaram dez mortos em acidentes com trotinetes. Em Portugal, no ano de 2025, morreram 448 pessoas em acidentes de via\u00e7\u00e3o, segundo o Relat\u00f3rio Anual de Seguran\u00e7a Interna. O debate sobre trotinetes tamb\u00e9m ocorreu no Porto e em Gaia, com propostas de estudo sobre sinistralidade aprovadas e a PSP a reconhecer a vulnerabilidade dos utilizadores de modos suaves.\" \/>\n<meta property=\"og:url\" content=\"https:\/\/portaltela.pt\/noticias\/2026\/04\/27\/trotinetes-assustam-mas-numero-de-acidentes-com-carros-e-maior\/\" \/>\n<meta property=\"og:site_name\" content=\"Portal Tela Portugal\" \/>\n<meta property=\"article:published_time\" content=\"2026-04-27T13:36:00+00:00\" \/>\n<meta name=\"author\" content=\"Telinha\" \/>\n<meta name=\"twitter:card\" content=\"summary_large_image\" \/>\n<meta name=\"twitter:label1\" content=\"Escrito por\" \/>\n\t<meta name=\"twitter:data1\" content=\"Telinha\" \/>\n\t<meta name=\"twitter:label2\" content=\"Tempo estimado de leitura\" \/>\n\t<meta name=\"twitter:data2\" content=\"2 minutos\" \/>\n<script type=\"application\/ld+json\" class=\"yoast-schema-graph\">{\"@context\":\"https:\/\/schema.org\",\"@graph\":[{\"@type\":\"Article\",\"@id\":\"https:\/\/portaltela.pt\/noticias\/2026\/04\/27\/trotinetes-assustam-mas-numero-de-acidentes-com-carros-e-maior\/#article\",\"isPartOf\":{\"@id\":\"https:\/\/portaltela.pt\/noticias\/2026\/04\/27\/trotinetes-assustam-mas-numero-de-acidentes-com-carros-e-maior\/\"},\"author\":{\"name\":\"Telinha\",\"@id\":\"https:\/\/portaltela.pt\/#\/schema\/person\/c4278d4a6028830caff9ee44b42d32ed\"},\"headline\":\"Trotinetes assustam, mas n\u00famero de acidentes com carros \u00e9 maior\",\"datePublished\":\"2026-04-27T13:36:00+00:00\",\"mainEntityOfPage\":{\"@id\":\"https:\/\/portaltela.pt\/noticias\/2026\/04\/27\/trotinetes-assustam-mas-numero-de-acidentes-com-carros-e-maior\/\"},\"wordCount\":347,\"image\":{\"@id\":\"https:\/\/portaltela.pt\/noticias\/2026\/04\/27\/trotinetes-assustam-mas-numero-de-acidentes-com-carros-e-maior\/#primaryimage\"},\"thumbnailUrl\":\"https:\/\/portaltela.pt\/s.01k8rhncp4jt1\/2026\/04\/tpUHdbIMAGENStypeJPGshare1oBarraFacebook_Publico-33.jpg\",\"keywords\":[\"acidente rodovi\u00e1rio\",\"acidentes rodovi\u00e1rios\",\"Autom\u00f3veis\",\"mobilidade\",\"Portugal\",\"seguran\u00e7a rodovi\u00e1ria\"],\"articleSection\":[\"Not\u00edcias\",\"Sociedade\"],\"inLanguage\":\"pt-PT\"},{\"@type\":\"WebPage\",\"@id\":\"https:\/\/portaltela.pt\/noticias\/2026\/04\/27\/trotinetes-assustam-mas-numero-de-acidentes-com-carros-e-maior\/\",\"url\":\"https:\/\/portaltela.pt\/noticias\/2026\/04\/27\/trotinetes-assustam-mas-numero-de-acidentes-com-carros-e-maior\/\",\"name\":\"Trotinetes assustam, mas n\u00famero de acidentes com carros \u00e9 maior - Portal Tela Portugal\",\"isPartOf\":{\"@id\":\"https:\/\/portaltela.pt\/#website\"},\"primaryImageOfPage\":{\"@id\":\"https:\/\/portaltela.pt\/noticias\/2026\/04\/27\/trotinetes-assustam-mas-numero-de-acidentes-com-carros-e-maior\/#primaryimage\"},\"image\":{\"@id\":\"https:\/\/portaltela.pt\/noticias\/2026\/04\/27\/trotinetes-assustam-mas-numero-de-acidentes-com-carros-e-maior\/#primaryimage\"},\"thumbnailUrl\":\"https:\/\/portaltela.pt\/s.01k8rhncp4jt1\/2026\/04\/tpUHdbIMAGENStypeJPGshare1oBarraFacebook_Publico-33.jpg\",\"datePublished\":\"2026-04-27T13:36:00+00:00\",\"author\":{\"@id\":\"https:\/\/portaltela.pt\/#\/schema\/person\/c4278d4a6028830caff9ee44b42d32ed\"},\"breadcrumb\":{\"@id\":\"https:\/\/portaltela.pt\/noticias\/2026\/04\/27\/trotinetes-assustam-mas-numero-de-acidentes-com-carros-e-maior\/#breadcrumb\"},\"inLanguage\":\"pt-PT\",\"potentialAction\":[{\"@type\":\"ReadAction\",\"target\":[\"https:\/\/portaltela.pt\/noticias\/2026\/04\/27\/trotinetes-assustam-mas-numero-de-acidentes-com-carros-e-maior\/\"]}]},{\"@type\":\"ImageObject\",\"inLanguage\":\"pt-PT\",\"@id\":\"https:\/\/portaltela.pt\/noticias\/2026\/04\/27\/trotinetes-assustam-mas-numero-de-acidentes-com-carros-e-maior\/#primaryimage\",\"url\":\"https:\/\/portaltela.pt\/s.01k8rhncp4jt1\/2026\/04\/tpUHdbIMAGENStypeJPGshare1oBarraFacebook_Publico-33.jpg\",\"contentUrl\":\"https:\/\/portaltela.pt\/s.01k8rhncp4jt1\/2026\/04\/tpUHdbIMAGENStypeJPGshare1oBarraFacebook_Publico-33.jpg\",\"width\":1200,\"height\":630,\"caption\":\"M\u00e1rio Alves fala mesmo numa \\\"toxicodepend\u00eancia em que as pessoas n\u00e3o conseguem imaginar uma vida sem o autom\u00f3vel\\\"\"},{\"@type\":\"BreadcrumbList\",\"@id\":\"https:\/\/portaltela.pt\/noticias\/2026\/04\/27\/trotinetes-assustam-mas-numero-de-acidentes-com-carros-e-maior\/#breadcrumb\",\"itemListElement\":[{\"@type\":\"ListItem\",\"position\":1,\"name\":\"In\u00edcio\",\"item\":\"https:\/\/portaltela.pt\/\"},{\"@type\":\"ListItem\",\"position\":2,\"name\":\"Trotinetes assustam, mas n\u00famero de acidentes com carros \u00e9 maior\"}]},{\"@type\":\"WebSite\",\"@id\":\"https:\/\/portaltela.pt\/#website\",\"url\":\"https:\/\/portaltela.pt\/\",\"name\":\"Portal Tela Portugal\",\"description\":\"\",\"potentialAction\":[{\"@type\":\"SearchAction\",\"target\":{\"@type\":\"EntryPoint\",\"urlTemplate\":\"https:\/\/portaltela.pt\/?s={search_term_string}\"},\"query-input\":{\"@type\":\"PropertyValueSpecification\",\"valueRequired\":true,\"valueName\":\"search_term_string\"}}],\"inLanguage\":\"pt-PT\"},{\"@type\":\"Person\",\"@id\":\"https:\/\/portaltela.pt\/#\/schema\/person\/c4278d4a6028830caff9ee44b42d32ed\",\"name\":\"Telinha\",\"image\":{\"@type\":\"ImageObject\",\"inLanguage\":\"pt-PT\",\"@id\":\"https:\/\/portaltela.pt\/s.01k8rhncp4jt1\/2025\/11\/talking-bot-125x125.png\",\"url\":\"https:\/\/portaltela.pt\/s.01k8rhncp4jt1\/2025\/11\/talking-bot-125x125.png\",\"contentUrl\":\"https:\/\/portaltela.pt\/s.01k8rhncp4jt1\/2025\/11\/talking-bot-125x125.png\",\"caption\":\"Telinha\"},\"sameAs\":[\"https:\/\/portaltela.pt\/\"],\"url\":\"https:\/\/portaltela.pt\/por\/367410592786\/\"}]}<\/script>\n<!-- \/ Yoast SEO plugin. -->","yoast_head_json":{"title":"Trotinetes assustam, mas n\u00famero de acidentes com carros \u00e9 maior - Portal Tela Portugal","robots":{"index":"index","follow":"follow","max-snippet":"max-snippet:-1","max-image-preview":"max-image-preview:large","max-video-preview":"max-video-preview:-1"},"og_locale":"pt_PT","og_type":"article","og_title":"Trotinetes assustam, mas n\u00famero de acidentes com carros \u00e9 maior - Portal Tela Portugal","og_description":"Em Gaia foi cancelado um concurso para disponibiliza\u00e7\u00e3o de trotinetes el\u00e9tricas por raz\u00f5es de seguran\u00e7a, com a Associa\u00e7\u00e3o Estrada Viva a contestar a decis\u00e3o. A Estrada Viva sustenta que as trotinetes \"n\u00e3o s\u00e3o um problema comparadas com os autom\u00f3veis\" e destaca o dom\u00ednio do autom\u00f3vel na sinistralidade rodovi\u00e1ria. A GNR informou, a 13 de mar\u00e7o, que entre 2019 e 2025 se registaram dez mortos em acidentes com trotinetes. Em Portugal, no ano de 2025, morreram 448 pessoas em acidentes de via\u00e7\u00e3o, segundo o Relat\u00f3rio Anual de Seguran\u00e7a Interna. O debate sobre trotinetes tamb\u00e9m ocorreu no Porto e em Gaia, com propostas de estudo sobre sinistralidade aprovadas e a PSP a reconhecer a vulnerabilidade dos utilizadores de modos suaves.","og_url":"https:\/\/portaltela.pt\/noticias\/2026\/04\/27\/trotinetes-assustam-mas-numero-de-acidentes-com-carros-e-maior\/","og_site_name":"Portal Tela Portugal","article_published_time":"2026-04-27T13:36:00+00:00","author":"Telinha","twitter_card":"summary_large_image","twitter_misc":{"Escrito por":"Telinha","Tempo estimado de leitura":"2 minutos"},"schema":{"@context":"https:\/\/schema.org","@graph":[{"@type":"Article","@id":"https:\/\/portaltela.pt\/noticias\/2026\/04\/27\/trotinetes-assustam-mas-numero-de-acidentes-com-carros-e-maior\/#article","isPartOf":{"@id":"https:\/\/portaltela.pt\/noticias\/2026\/04\/27\/trotinetes-assustam-mas-numero-de-acidentes-com-carros-e-maior\/"},"author":{"name":"Telinha","@id":"https:\/\/portaltela.pt\/#\/schema\/person\/c4278d4a6028830caff9ee44b42d32ed"},"headline":"Trotinetes assustam, mas n\u00famero de acidentes com carros \u00e9 maior","datePublished":"2026-04-27T13:36:00+00:00","mainEntityOfPage":{"@id":"https:\/\/portaltela.pt\/noticias\/2026\/04\/27\/trotinetes-assustam-mas-numero-de-acidentes-com-carros-e-maior\/"},"wordCount":347,"image":{"@id":"https:\/\/portaltela.pt\/noticias\/2026\/04\/27\/trotinetes-assustam-mas-numero-de-acidentes-com-carros-e-maior\/#primaryimage"},"thumbnailUrl":"https:\/\/portaltela.pt\/s.01k8rhncp4jt1\/2026\/04\/tpUHdbIMAGENStypeJPGshare1oBarraFacebook_Publico-33.jpg","keywords":["acidente rodovi\u00e1rio","acidentes rodovi\u00e1rios","Autom\u00f3veis","mobilidade","Portugal","seguran\u00e7a rodovi\u00e1ria"],"articleSection":["Not\u00edcias","Sociedade"],"inLanguage":"pt-PT"},{"@type":"WebPage","@id":"https:\/\/portaltela.pt\/noticias\/2026\/04\/27\/trotinetes-assustam-mas-numero-de-acidentes-com-carros-e-maior\/","url":"https:\/\/portaltela.pt\/noticias\/2026\/04\/27\/trotinetes-assustam-mas-numero-de-acidentes-com-carros-e-maior\/","name":"Trotinetes assustam, mas n\u00famero de acidentes com carros \u00e9 maior - Portal Tela Portugal","isPartOf":{"@id":"https:\/\/portaltela.pt\/#website"},"primaryImageOfPage":{"@id":"https:\/\/portaltela.pt\/noticias\/2026\/04\/27\/trotinetes-assustam-mas-numero-de-acidentes-com-carros-e-maior\/#primaryimage"},"image":{"@id":"https:\/\/portaltela.pt\/noticias\/2026\/04\/27\/trotinetes-assustam-mas-numero-de-acidentes-com-carros-e-maior\/#primaryimage"},"thumbnailUrl":"https:\/\/portaltela.pt\/s.01k8rhncp4jt1\/2026\/04\/tpUHdbIMAGENStypeJPGshare1oBarraFacebook_Publico-33.jpg","datePublished":"2026-04-27T13:36:00+00:00","author":{"@id":"https:\/\/portaltela.pt\/#\/schema\/person\/c4278d4a6028830caff9ee44b42d32ed"},"breadcrumb":{"@id":"https:\/\/portaltela.pt\/noticias\/2026\/04\/27\/trotinetes-assustam-mas-numero-de-acidentes-com-carros-e-maior\/#breadcrumb"},"inLanguage":"pt-PT","potentialAction":[{"@type":"ReadAction","target":["https:\/\/portaltela.pt\/noticias\/2026\/04\/27\/trotinetes-assustam-mas-numero-de-acidentes-com-carros-e-maior\/"]}]},{"@type":"ImageObject","inLanguage":"pt-PT","@id":"https:\/\/portaltela.pt\/noticias\/2026\/04\/27\/trotinetes-assustam-mas-numero-de-acidentes-com-carros-e-maior\/#primaryimage","url":"https:\/\/portaltela.pt\/s.01k8rhncp4jt1\/2026\/04\/tpUHdbIMAGENStypeJPGshare1oBarraFacebook_Publico-33.jpg","contentUrl":"https:\/\/portaltela.pt\/s.01k8rhncp4jt1\/2026\/04\/tpUHdbIMAGENStypeJPGshare1oBarraFacebook_Publico-33.jpg","width":1200,"height":630,"caption":"M\u00e1rio Alves fala mesmo numa \"toxicodepend\u00eancia em que as pessoas n\u00e3o conseguem imaginar uma vida sem o autom\u00f3vel\""},{"@type":"BreadcrumbList","@id":"https:\/\/portaltela.pt\/noticias\/2026\/04\/27\/trotinetes-assustam-mas-numero-de-acidentes-com-carros-e-maior\/#breadcrumb","itemListElement":[{"@type":"ListItem","position":1,"name":"In\u00edcio","item":"https:\/\/portaltela.pt\/"},{"@type":"ListItem","position":2,"name":"Trotinetes assustam, mas n\u00famero de acidentes com carros \u00e9 maior"}]},{"@type":"WebSite","@id":"https:\/\/portaltela.pt\/#website","url":"https:\/\/portaltela.pt\/","name":"Portal Tela Portugal","description":"","potentialAction":[{"@type":"SearchAction","target":{"@type":"EntryPoint","urlTemplate":"https:\/\/portaltela.pt\/?s={search_term_string}"},"query-input":{"@type":"PropertyValueSpecification","valueRequired":true,"valueName":"search_term_string"}}],"inLanguage":"pt-PT"},{"@type":"Person","@id":"https:\/\/portaltela.pt\/#\/schema\/person\/c4278d4a6028830caff9ee44b42d32ed","name":"Telinha","image":{"@type":"ImageObject","inLanguage":"pt-PT","@id":"https:\/\/portaltela.pt\/s.01k8rhncp4jt1\/2025\/11\/talking-bot-125x125.png","url":"https:\/\/portaltela.pt\/s.01k8rhncp4jt1\/2025\/11\/talking-bot-125x125.png","contentUrl":"https:\/\/portaltela.pt\/s.01k8rhncp4jt1\/2025\/11\/talking-bot-125x125.png","caption":"Telinha"},"sameAs":["https:\/\/portaltela.pt\/"],"url":"https:\/\/portaltela.pt\/por\/367410592786\/"}]}},"_links":{"self":[{"href":"https:\/\/portaltela.pt\/api\/wp\/v2\/posts\/458344","targetHints":{"allow":["GET"]}}],"collection":[{"href":"https:\/\/portaltela.pt\/api\/wp\/v2\/posts"}],"about":[{"href":"https:\/\/portaltela.pt\/api\/wp\/v2\/types\/post"}],"author":[{"embeddable":true,"href":"https:\/\/portaltela.pt\/api\/wp\/v2\/users\/2"}],"replies":[{"embeddable":true,"href":"https:\/\/portaltela.pt\/api\/wp\/v2\/comments?post=458344"}],"version-history":[{"count":0,"href":"https:\/\/portaltela.pt\/api\/wp\/v2\/posts\/458344\/revisions"}],"wp:featuredmedia":[{"embeddable":true,"href":"https:\/\/portaltela.pt\/api\/wp\/v2\/media\/458351"}],"wp:attachment":[{"href":"https:\/\/portaltela.pt\/api\/wp\/v2\/media?parent=458344"}],"wp:term":[{"taxonomy":"category","embeddable":true,"href":"https:\/\/portaltela.pt\/api\/wp\/v2\/categories?post=458344"},{"taxonomy":"post_tag","embeddable":true,"href":"https:\/\/portaltela.pt\/api\/wp\/v2\/tags?post=458344"}],"curies":[{"name":"wp","href":"https:\/\/api.w.org\/{rel}","templated":true}]}}