{"id":458338,"date":"2026-04-27T10:31:00","date_gmt":"2026-04-27T13:31:00","guid":{"rendered":"https:\/\/portaltela.pt\/noticias\/2026\/04\/27\/docaria-conventual-de-portalegre-regressa-ao-mosteiro-neste-fim-de-semana\/"},"modified":"2026-04-27T10:31:00","modified_gmt":"2026-04-27T13:31:00","slug":"docaria-conventual-de-portalegre-regressa-ao-mosteiro-neste-fim-de-semana","status":"publish","type":"post","link":"https:\/\/portaltela.pt\/noticias\/2026\/04\/27\/docaria-conventual-de-portalegre-regressa-ao-mosteiro-neste-fim-de-semana\/","title":{"rendered":"Do\u00e7aria conventual de Portalegre regressa ao mosteiro neste fim de semana"},"content":{"rendered":"<p>Em Portalegre, a do\u00e7aria conventual volta ao Mosteiro de S\u00e3o Bernardo neste fim de semana para a 24.\u00aa Feira de Do\u00e7aria Conventual e Tradicional. O evento decorre de 1 a 3 de Maio, nos claustros do mosteiro, com venda, degusta\u00e7\u00e3o e atividades culturais.<\/p>\n<p>Promovida pela C\u00e2mara Municipal de Portalegre, a iniciativa mant\u00e9m o selo de Feira Qualificada. Cerca de 40 expositores de todo o pa\u00eds participam, assegurando produtos de autenticidade e qualidade superior.<\/p>\n<p>A inaugura\u00e7\u00e3o est\u00e1 marcada para sexta-feira \u00e0s 15h. Al\u00e9m dos doces e licores, o programa inclui m\u00fasica, workshops e apresenta\u00e7\u00f5es art\u00edsticas, num formato que combina patrim\u00f3nio gastron\u00f3mico e cultura.<\/p>\n<h3>Programa e atividades<\/h3>\n<p>O evento apresenta a exposi\u00e7\u00e3o Arte da Cozinha, relacionada com o primeiro livro de cozinha portugu\u00eas, com utens\u00edlios hist\u00f3ricos para confe\u00e7\u00e3o de doces. O objetivo \u00e9 promover uma viagem no tempo.<\/p>\n<p>Grupos locais e estudantes participam em atua\u00e7\u00f5es, com Tuna da Academia de Santa Clara, Sons do Campo, e sess\u00f5es de fados previstas para o s\u00e1bado. A anima\u00e7\u00e3o itinerante fica a cargo de v\u00e1rias companhias.<\/p>\n<p>No s\u00e1bado, \u00e0s 16h, ocorre um workshop dedicado \u00e0 Queijada de Requeij\u00e3o, conduzido pelo cozinheiro Marco Vint\u00e9m. Tamb\u00e9m h\u00e1 concursos de sabor: Melhor Doce Conventual, Melhor Doce Tradicional e Melhor Licor Tradicional.<\/p>\n<p>No domingo, \u00e0s 16h, realiza-se um workshop para crian\u00e7as e m\u00e3es, sob orienta\u00e7\u00e3o do chef Cristiano Louro, com p\u00fablico entre 5 e 10 anos. Participa ainda o concurso da Boleima de Portalegre.<\/p>\n<h3>Log\u00edstica e entradas<\/h3>\n<p>O claustro superior acolhe servi\u00e7o de cafetaria e refei\u00e7\u00f5es ligeiras, geridos pelo Centro de Cultura e Desporto do Munic\u00edpio. A cidade destaca a sua tradi\u00e7\u00e3o de doces conventuais e receitas hist\u00f3ricas.<\/p>\n<p>Entre os doces dispon\u00edveis est\u00e3o barrigas de freira, p\u00e3es de rala, toucinhos-do-c\u00e9u, fidalgos, ovos-moles e castanhas de ovos. Tamb\u00e9m se destacam rebu\u00e7ados de ovos e am\u00eandoas locais.<\/p>\n<p>A entrada di\u00e1ria custa 2 euros, com pre\u00e7o reduzido de 3 euros para quem visite dois ou os tr\u00eas dias do evento. A organiza\u00e7\u00e3o assegura rigor na sele\u00e7\u00e3o dos participantes desde 2014.<\/p>\n","protected":false},"excerpt":{"rendered":"<ul>\n<li>A Feira de Do\u00e7aria Conventual e Tradicional de Portalegre realiza-se no Mosteiro de S\u00e3o Bernardo, de 1 a 3 de maio, com cerca de 40 expositores; a entrada \u00e9 de 2 euros por dia, ou 3 euros para quem souber a visitar dois ou tr\u00eas dias.<\/li>\n<li>O evento \u00e9 promovido pela C\u00e2mara de Portalegre e mant\u00e9m o selo Feira Qualificada; h\u00e1 um processo de sele\u00e7\u00e3o desde 2014 em parceria com a Associa\u00e7\u00e3o QUALIFICA \/ oriGIn Portugal para assegurar autenticidade e qualidade.<\/li>\n<li>O programa inclui venda e degusta\u00e7\u00e3o de doces e licores, m\u00fasica, workshops e uma exposi\u00e7\u00e3o \u201cArte da Cozinha\u201d baseada no primeiro livro de cozinha portugu\u00eas, com utens\u00edlios hist\u00f3ricos.<\/li>\n<li>A anima\u00e7\u00e3o passa por grupos musicais e companhias diversas, com workshops relacionados em diferentes dias: s\u00e1bado h\u00e1 workshop sobre a Queijada de Requeij\u00e3o \u00e0s 16h; domingo, \u201cPequenos Chefs, Grandes M\u00e3es\u201d \u00e0s 16h, para crian\u00e7as e m\u00e3es.<\/li>\n<li>Destacam-se concursos como Melhor Doce Conventual, Melhor Doce Tradicional e Melhor Licor Tradicional, al\u00e9m do concurso Boleima de Portalegre; a cidade \u00e9 conhecida como \u201ccidade dos sete conventos\u201d e oferece v\u00e1rias tenta\u00e7\u00f5es doces t\u00edpicas.<\/li>\n<\/ul>\n","protected":false},"author":2,"featured_media":458342,"comment_status":"closed","ping_status":"closed","sticky":false,"template":"","format":"standard","meta":{"footnotes":""},"categories":[7369,1],"tags":[7756,9716,8819,7982,8304,8886],"class_list":["post-458338","post","type-post","status-publish","format-standard","has-post-thumbnail","hentry","category-gastronomia","category-noticias","tag-_cultura","tag-_docaria","tag-_feiras","tag-_gastronomia","tag-_patrimonio-cultural","tag-_portalegre"],"yoast_head":"<!-- This site is optimized with the Yoast SEO plugin v27.2 - https:\/\/yoast.com\/product\/yoast-seo-wordpress\/ -->\n<title>Do\u00e7aria conventual de Portalegre regressa ao mosteiro neste fim de semana - Portal Tela Portugal<\/title>\n<meta name=\"robots\" content=\"index, follow, max-snippet:-1, max-image-preview:large, max-video-preview:-1\" \/>\n<meta property=\"og:locale\" content=\"pt_PT\" \/>\n<meta property=\"og:type\" content=\"article\" \/>\n<meta property=\"og:title\" content=\"Do\u00e7aria conventual de Portalegre regressa ao mosteiro neste fim de semana - Portal Tela Portugal\" \/>\n<meta property=\"og:description\" content=\"A Feira de Do\u00e7aria Conventual e Tradicional de Portalegre realiza-se no Mosteiro de S\u00e3o Bernardo, de 1 a 3 de maio, com cerca de 40 expositores; a entrada \u00e9 de 2 euros por dia, ou 3 euros para quem souber a visitar dois ou tr\u00eas dias. O evento \u00e9 promovido pela C\u00e2mara de Portalegre e mant\u00e9m o selo Feira Qualificada; h\u00e1 um processo de sele\u00e7\u00e3o desde 2014 em parceria com a Associa\u00e7\u00e3o QUALIFICA \/ oriGIn Portugal para assegurar autenticidade e qualidade. O programa inclui venda e degusta\u00e7\u00e3o de doces e licores, m\u00fasica, workshops e uma exposi\u00e7\u00e3o \u201cArte da Cozinha\u201d baseada no primeiro livro de cozinha portugu\u00eas, com utens\u00edlios hist\u00f3ricos. A anima\u00e7\u00e3o passa por grupos musicais e companhias diversas, com workshops relacionados em diferentes dias: s\u00e1bado h\u00e1 workshop sobre a Queijada de Requeij\u00e3o \u00e0s 16h; domingo, \u201cPequenos Chefs, Grandes M\u00e3es\u201d \u00e0s 16h, para crian\u00e7as e m\u00e3es. Destacam-se concursos como Melhor Doce Conventual, Melhor Doce Tradicional e Melhor Licor Tradicional, al\u00e9m do concurso Boleima de Portalegre; a cidade \u00e9 conhecida como \u201ccidade dos sete conventos\u201d e oferece v\u00e1rias tenta\u00e7\u00f5es doces t\u00edpicas.\" \/>\n<meta property=\"og:url\" content=\"https:\/\/portaltela.pt\/noticias\/2026\/04\/27\/docaria-conventual-de-portalegre-regressa-ao-mosteiro-neste-fim-de-semana\/\" \/>\n<meta property=\"og:site_name\" content=\"Portal Tela Portugal\" \/>\n<meta property=\"article:published_time\" content=\"2026-04-27T13:31:00+00:00\" \/>\n<meta name=\"author\" content=\"Telinha\" \/>\n<meta name=\"twitter:card\" content=\"summary_large_image\" \/>\n<meta name=\"twitter:label1\" content=\"Escrito por\" \/>\n\t<meta name=\"twitter:data1\" content=\"Telinha\" \/>\n\t<meta name=\"twitter:label2\" content=\"Tempo estimado de leitura\" \/>\n\t<meta name=\"twitter:data2\" content=\"2 minutos\" \/>\n<script type=\"application\/ld+json\" class=\"yoast-schema-graph\">{\"@context\":\"https:\/\/schema.org\",\"@graph\":[{\"@type\":\"Article\",\"@id\":\"https:\/\/portaltela.pt\/noticias\/2026\/04\/27\/docaria-conventual-de-portalegre-regressa-ao-mosteiro-neste-fim-de-semana\/#article\",\"isPartOf\":{\"@id\":\"https:\/\/portaltela.pt\/noticias\/2026\/04\/27\/docaria-conventual-de-portalegre-regressa-ao-mosteiro-neste-fim-de-semana\/\"},\"author\":{\"name\":\"Telinha\",\"@id\":\"https:\/\/portaltela.pt\/#\/schema\/person\/c4278d4a6028830caff9ee44b42d32ed\"},\"headline\":\"Do\u00e7aria conventual de Portalegre regressa ao mosteiro neste fim de semana\",\"datePublished\":\"2026-04-27T13:31:00+00:00\",\"mainEntityOfPage\":{\"@id\":\"https:\/\/portaltela.pt\/noticias\/2026\/04\/27\/docaria-conventual-de-portalegre-regressa-ao-mosteiro-neste-fim-de-semana\/\"},\"wordCount\":378,\"image\":{\"@id\":\"https:\/\/portaltela.pt\/noticias\/2026\/04\/27\/docaria-conventual-de-portalegre-regressa-ao-mosteiro-neste-fim-de-semana\/#primaryimage\"},\"thumbnailUrl\":\"https:\/\/portaltela.pt\/s.01k8rhncp4jt1\/2026\/04\/tpUHdbIMAGENStypeJPGshare1oBarraFacebook_Fugas-6.jpg\",\"keywords\":[\"_cultura\",\"_do\u00e7aria\",\"_feiras\",\"_gastronomia\",\"_Patrim\u00f3nio Cultural\",\"_Portalegre\"],\"articleSection\":[\"Gastronomia\",\"Not\u00edcias\"],\"inLanguage\":\"pt-PT\"},{\"@type\":\"WebPage\",\"@id\":\"https:\/\/portaltela.pt\/noticias\/2026\/04\/27\/docaria-conventual-de-portalegre-regressa-ao-mosteiro-neste-fim-de-semana\/\",\"url\":\"https:\/\/portaltela.pt\/noticias\/2026\/04\/27\/docaria-conventual-de-portalegre-regressa-ao-mosteiro-neste-fim-de-semana\/\",\"name\":\"Do\u00e7aria conventual de Portalegre regressa ao mosteiro neste fim de semana - Portal Tela Portugal\",\"isPartOf\":{\"@id\":\"https:\/\/portaltela.pt\/#website\"},\"primaryImageOfPage\":{\"@id\":\"https:\/\/portaltela.pt\/noticias\/2026\/04\/27\/docaria-conventual-de-portalegre-regressa-ao-mosteiro-neste-fim-de-semana\/#primaryimage\"},\"image\":{\"@id\":\"https:\/\/portaltela.pt\/noticias\/2026\/04\/27\/docaria-conventual-de-portalegre-regressa-ao-mosteiro-neste-fim-de-semana\/#primaryimage\"},\"thumbnailUrl\":\"https:\/\/portaltela.pt\/s.01k8rhncp4jt1\/2026\/04\/tpUHdbIMAGENStypeJPGshare1oBarraFacebook_Fugas-6.jpg\",\"datePublished\":\"2026-04-27T13:31:00+00:00\",\"author\":{\"@id\":\"https:\/\/portaltela.pt\/#\/schema\/person\/c4278d4a6028830caff9ee44b42d32ed\"},\"breadcrumb\":{\"@id\":\"https:\/\/portaltela.pt\/noticias\/2026\/04\/27\/docaria-conventual-de-portalegre-regressa-ao-mosteiro-neste-fim-de-semana\/#breadcrumb\"},\"inLanguage\":\"pt-PT\",\"potentialAction\":[{\"@type\":\"ReadAction\",\"target\":[\"https:\/\/portaltela.pt\/noticias\/2026\/04\/27\/docaria-conventual-de-portalegre-regressa-ao-mosteiro-neste-fim-de-semana\/\"]}]},{\"@type\":\"ImageObject\",\"inLanguage\":\"pt-PT\",\"@id\":\"https:\/\/portaltela.pt\/noticias\/2026\/04\/27\/docaria-conventual-de-portalegre-regressa-ao-mosteiro-neste-fim-de-semana\/#primaryimage\",\"url\":\"https:\/\/portaltela.pt\/s.01k8rhncp4jt1\/2026\/04\/tpUHdbIMAGENStypeJPGshare1oBarraFacebook_Fugas-6.jpg\",\"contentUrl\":\"https:\/\/portaltela.pt\/s.01k8rhncp4jt1\/2026\/04\/tpUHdbIMAGENStypeJPGshare1oBarraFacebook_Fugas-6.jpg\",\"width\":1200,\"height\":630,\"caption\":\"A feira torna o mosteiro um para\u00edso dos doces\"},{\"@type\":\"BreadcrumbList\",\"@id\":\"https:\/\/portaltela.pt\/noticias\/2026\/04\/27\/docaria-conventual-de-portalegre-regressa-ao-mosteiro-neste-fim-de-semana\/#breadcrumb\",\"itemListElement\":[{\"@type\":\"ListItem\",\"position\":1,\"name\":\"In\u00edcio\",\"item\":\"https:\/\/portaltela.pt\/\"},{\"@type\":\"ListItem\",\"position\":2,\"name\":\"Do\u00e7aria conventual de Portalegre regressa ao mosteiro neste fim de semana\"}]},{\"@type\":\"WebSite\",\"@id\":\"https:\/\/portaltela.pt\/#website\",\"url\":\"https:\/\/portaltela.pt\/\",\"name\":\"Portal Tela Portugal\",\"description\":\"\",\"potentialAction\":[{\"@type\":\"SearchAction\",\"target\":{\"@type\":\"EntryPoint\",\"urlTemplate\":\"https:\/\/portaltela.pt\/?s={search_term_string}\"},\"query-input\":{\"@type\":\"PropertyValueSpecification\",\"valueRequired\":true,\"valueName\":\"search_term_string\"}}],\"inLanguage\":\"pt-PT\"},{\"@type\":\"Person\",\"@id\":\"https:\/\/portaltela.pt\/#\/schema\/person\/c4278d4a6028830caff9ee44b42d32ed\",\"name\":\"Telinha\",\"image\":{\"@type\":\"ImageObject\",\"inLanguage\":\"pt-PT\",\"@id\":\"https:\/\/portaltela.pt\/s.01k8rhncp4jt1\/2025\/11\/talking-bot-125x125.png\",\"url\":\"https:\/\/portaltela.pt\/s.01k8rhncp4jt1\/2025\/11\/talking-bot-125x125.png\",\"contentUrl\":\"https:\/\/portaltela.pt\/s.01k8rhncp4jt1\/2025\/11\/talking-bot-125x125.png\",\"caption\":\"Telinha\"},\"sameAs\":[\"https:\/\/portaltela.pt\/\"],\"url\":\"https:\/\/portaltela.pt\/por\/367410592786\/\"}]}<\/script>\n<!-- \/ Yoast SEO plugin. -->","yoast_head_json":{"title":"Do\u00e7aria conventual de Portalegre regressa ao mosteiro neste fim de semana - Portal Tela Portugal","robots":{"index":"index","follow":"follow","max-snippet":"max-snippet:-1","max-image-preview":"max-image-preview:large","max-video-preview":"max-video-preview:-1"},"og_locale":"pt_PT","og_type":"article","og_title":"Do\u00e7aria conventual de Portalegre regressa ao mosteiro neste fim de semana - Portal Tela Portugal","og_description":"A Feira de Do\u00e7aria Conventual e Tradicional de Portalegre realiza-se no Mosteiro de S\u00e3o Bernardo, de 1 a 3 de maio, com cerca de 40 expositores; a entrada \u00e9 de 2 euros por dia, ou 3 euros para quem souber a visitar dois ou tr\u00eas dias. O evento \u00e9 promovido pela C\u00e2mara de Portalegre e mant\u00e9m o selo Feira Qualificada; h\u00e1 um processo de sele\u00e7\u00e3o desde 2014 em parceria com a Associa\u00e7\u00e3o QUALIFICA \/ oriGIn Portugal para assegurar autenticidade e qualidade. O programa inclui venda e degusta\u00e7\u00e3o de doces e licores, m\u00fasica, workshops e uma exposi\u00e7\u00e3o \u201cArte da Cozinha\u201d baseada no primeiro livro de cozinha portugu\u00eas, com utens\u00edlios hist\u00f3ricos. A anima\u00e7\u00e3o passa por grupos musicais e companhias diversas, com workshops relacionados em diferentes dias: s\u00e1bado h\u00e1 workshop sobre a Queijada de Requeij\u00e3o \u00e0s 16h; domingo, \u201cPequenos Chefs, Grandes M\u00e3es\u201d \u00e0s 16h, para crian\u00e7as e m\u00e3es. Destacam-se concursos como Melhor Doce Conventual, Melhor Doce Tradicional e Melhor Licor Tradicional, al\u00e9m do concurso Boleima de Portalegre; a cidade \u00e9 conhecida como \u201ccidade dos sete conventos\u201d e oferece v\u00e1rias tenta\u00e7\u00f5es doces t\u00edpicas.","og_url":"https:\/\/portaltela.pt\/noticias\/2026\/04\/27\/docaria-conventual-de-portalegre-regressa-ao-mosteiro-neste-fim-de-semana\/","og_site_name":"Portal Tela Portugal","article_published_time":"2026-04-27T13:31:00+00:00","author":"Telinha","twitter_card":"summary_large_image","twitter_misc":{"Escrito por":"Telinha","Tempo estimado de leitura":"2 minutos"},"schema":{"@context":"https:\/\/schema.org","@graph":[{"@type":"Article","@id":"https:\/\/portaltela.pt\/noticias\/2026\/04\/27\/docaria-conventual-de-portalegre-regressa-ao-mosteiro-neste-fim-de-semana\/#article","isPartOf":{"@id":"https:\/\/portaltela.pt\/noticias\/2026\/04\/27\/docaria-conventual-de-portalegre-regressa-ao-mosteiro-neste-fim-de-semana\/"},"author":{"name":"Telinha","@id":"https:\/\/portaltela.pt\/#\/schema\/person\/c4278d4a6028830caff9ee44b42d32ed"},"headline":"Do\u00e7aria conventual de Portalegre regressa ao mosteiro neste fim de semana","datePublished":"2026-04-27T13:31:00+00:00","mainEntityOfPage":{"@id":"https:\/\/portaltela.pt\/noticias\/2026\/04\/27\/docaria-conventual-de-portalegre-regressa-ao-mosteiro-neste-fim-de-semana\/"},"wordCount":378,"image":{"@id":"https:\/\/portaltela.pt\/noticias\/2026\/04\/27\/docaria-conventual-de-portalegre-regressa-ao-mosteiro-neste-fim-de-semana\/#primaryimage"},"thumbnailUrl":"https:\/\/portaltela.pt\/s.01k8rhncp4jt1\/2026\/04\/tpUHdbIMAGENStypeJPGshare1oBarraFacebook_Fugas-6.jpg","keywords":["_cultura","_do\u00e7aria","_feiras","_gastronomia","_Patrim\u00f3nio Cultural","_Portalegre"],"articleSection":["Gastronomia","Not\u00edcias"],"inLanguage":"pt-PT"},{"@type":"WebPage","@id":"https:\/\/portaltela.pt\/noticias\/2026\/04\/27\/docaria-conventual-de-portalegre-regressa-ao-mosteiro-neste-fim-de-semana\/","url":"https:\/\/portaltela.pt\/noticias\/2026\/04\/27\/docaria-conventual-de-portalegre-regressa-ao-mosteiro-neste-fim-de-semana\/","name":"Do\u00e7aria conventual de Portalegre regressa ao mosteiro neste fim de semana - Portal Tela Portugal","isPartOf":{"@id":"https:\/\/portaltela.pt\/#website"},"primaryImageOfPage":{"@id":"https:\/\/portaltela.pt\/noticias\/2026\/04\/27\/docaria-conventual-de-portalegre-regressa-ao-mosteiro-neste-fim-de-semana\/#primaryimage"},"image":{"@id":"https:\/\/portaltela.pt\/noticias\/2026\/04\/27\/docaria-conventual-de-portalegre-regressa-ao-mosteiro-neste-fim-de-semana\/#primaryimage"},"thumbnailUrl":"https:\/\/portaltela.pt\/s.01k8rhncp4jt1\/2026\/04\/tpUHdbIMAGENStypeJPGshare1oBarraFacebook_Fugas-6.jpg","datePublished":"2026-04-27T13:31:00+00:00","author":{"@id":"https:\/\/portaltela.pt\/#\/schema\/person\/c4278d4a6028830caff9ee44b42d32ed"},"breadcrumb":{"@id":"https:\/\/portaltela.pt\/noticias\/2026\/04\/27\/docaria-conventual-de-portalegre-regressa-ao-mosteiro-neste-fim-de-semana\/#breadcrumb"},"inLanguage":"pt-PT","potentialAction":[{"@type":"ReadAction","target":["https:\/\/portaltela.pt\/noticias\/2026\/04\/27\/docaria-conventual-de-portalegre-regressa-ao-mosteiro-neste-fim-de-semana\/"]}]},{"@type":"ImageObject","inLanguage":"pt-PT","@id":"https:\/\/portaltela.pt\/noticias\/2026\/04\/27\/docaria-conventual-de-portalegre-regressa-ao-mosteiro-neste-fim-de-semana\/#primaryimage","url":"https:\/\/portaltela.pt\/s.01k8rhncp4jt1\/2026\/04\/tpUHdbIMAGENStypeJPGshare1oBarraFacebook_Fugas-6.jpg","contentUrl":"https:\/\/portaltela.pt\/s.01k8rhncp4jt1\/2026\/04\/tpUHdbIMAGENStypeJPGshare1oBarraFacebook_Fugas-6.jpg","width":1200,"height":630,"caption":"A feira torna o mosteiro um para\u00edso dos doces"},{"@type":"BreadcrumbList","@id":"https:\/\/portaltela.pt\/noticias\/2026\/04\/27\/docaria-conventual-de-portalegre-regressa-ao-mosteiro-neste-fim-de-semana\/#breadcrumb","itemListElement":[{"@type":"ListItem","position":1,"name":"In\u00edcio","item":"https:\/\/portaltela.pt\/"},{"@type":"ListItem","position":2,"name":"Do\u00e7aria conventual de Portalegre regressa ao mosteiro neste fim de semana"}]},{"@type":"WebSite","@id":"https:\/\/portaltela.pt\/#website","url":"https:\/\/portaltela.pt\/","name":"Portal Tela Portugal","description":"","potentialAction":[{"@type":"SearchAction","target":{"@type":"EntryPoint","urlTemplate":"https:\/\/portaltela.pt\/?s={search_term_string}"},"query-input":{"@type":"PropertyValueSpecification","valueRequired":true,"valueName":"search_term_string"}}],"inLanguage":"pt-PT"},{"@type":"Person","@id":"https:\/\/portaltela.pt\/#\/schema\/person\/c4278d4a6028830caff9ee44b42d32ed","name":"Telinha","image":{"@type":"ImageObject","inLanguage":"pt-PT","@id":"https:\/\/portaltela.pt\/s.01k8rhncp4jt1\/2025\/11\/talking-bot-125x125.png","url":"https:\/\/portaltela.pt\/s.01k8rhncp4jt1\/2025\/11\/talking-bot-125x125.png","contentUrl":"https:\/\/portaltela.pt\/s.01k8rhncp4jt1\/2025\/11\/talking-bot-125x125.png","caption":"Telinha"},"sameAs":["https:\/\/portaltela.pt\/"],"url":"https:\/\/portaltela.pt\/por\/367410592786\/"}]}},"_links":{"self":[{"href":"https:\/\/portaltela.pt\/api\/wp\/v2\/posts\/458338","targetHints":{"allow":["GET"]}}],"collection":[{"href":"https:\/\/portaltela.pt\/api\/wp\/v2\/posts"}],"about":[{"href":"https:\/\/portaltela.pt\/api\/wp\/v2\/types\/post"}],"author":[{"embeddable":true,"href":"https:\/\/portaltela.pt\/api\/wp\/v2\/users\/2"}],"replies":[{"embeddable":true,"href":"https:\/\/portaltela.pt\/api\/wp\/v2\/comments?post=458338"}],"version-history":[{"count":0,"href":"https:\/\/portaltela.pt\/api\/wp\/v2\/posts\/458338\/revisions"}],"wp:featuredmedia":[{"embeddable":true,"href":"https:\/\/portaltela.pt\/api\/wp\/v2\/media\/458342"}],"wp:attachment":[{"href":"https:\/\/portaltela.pt\/api\/wp\/v2\/media?parent=458338"}],"wp:term":[{"taxonomy":"category","embeddable":true,"href":"https:\/\/portaltela.pt\/api\/wp\/v2\/categories?post=458338"},{"taxonomy":"post_tag","embeddable":true,"href":"https:\/\/portaltela.pt\/api\/wp\/v2\/tags?post=458338"}],"curies":[{"name":"wp","href":"https:\/\/api.w.org\/{rel}","templated":true}]}}