{"id":458337,"date":"2026-04-27T10:35:48","date_gmt":"2026-04-27T13:35:48","guid":{"rendered":"https:\/\/portaltela.pt\/noticias\/2026\/04\/27\/papa-e-arcebispa-de-cantuaria-reunem-se-e-rezam-em-conjunto\/"},"modified":"2026-04-27T10:35:48","modified_gmt":"2026-04-27T13:35:48","slug":"papa-e-arcebispa-de-cantuaria-reunem-se-e-rezam-em-conjunto","status":"publish","type":"post","link":"https:\/\/portaltela.pt\/noticias\/internacional\/2026\/04\/27\/papa-e-arcebispa-de-cantuaria-reunem-se-e-rezam-em-conjunto\/","title":{"rendered":"Papa e Arcebispa de Cantu\u00e1ria re\u00fanem-se e rezam em conjunto"},"content":{"rendered":"<p>O Papa Le\u00e3o XIV recebeu nesta segunda-feira, no Vaticano, a arcebispa de Cantu\u00e1ria, Sarah Mullally, primeira mulher a liderar os 85 milh\u00f5es de anglicanos. O encontro simb\u00f3lico aconteceu no Pal\u00e1cio Apost\u00f3lico com ora\u00e7\u00e3o conjunta na capela do s\u00e9culo XVII. Os l\u00edderes cat\u00f3lico e anglicano trocaram presentes.<\/p>\n<p>Pouco depois do encontro privado, o casal participou de uma cerim\u00f4nia de ora\u00e7\u00e3o conjunta, onde recorreram a textos sagrados de ambas as tradi\u00e7\u00f5es. Mullally chegou ao Vaticano \u00e0 tarde, vindo de Roma, para o encontro hist\u00f3rico. A visita insere-se numa gradual aproxima\u00e7\u00e3o entre as duas igrejas.<\/p>\n<p>A arcebispa, que tomou posse em mar\u00e7o, afirmou sentir-se humilde e privilegiada pela ocasi\u00e3o, destacando a comunh\u00e3o entre as igrejas. O Papa agradeceu o gesto e reconheceu os progressos na aproxima\u00e7\u00e3o, mencionando, por\u00e9m, dificuldades persistentes nas \u00faltimas d\u00e9cadas.<\/p>\n<p>O presidente da Igreja de Inglaterra lembrou que a separa\u00e7\u00e3o de 1534 persiste na pr\u00e1tica hier\u00e1rquica, com a diferen\u00e7a de que as rela\u00e7\u00f5es se estreitaram nos \u00faltimos anos. Le\u00e3o XIV enfatizou a disponibilidade para enfrentar desafios comuns e avan\u00e7ar na coopera\u00e7\u00e3o entre as comunidades crist\u00e3s.<\/p>\n<h3>Contexto hist\u00f3rico<\/h3>\n<p>A rela\u00e7\u00e3o entre as duas confiss\u00f5es remonta \u00e0 separa\u00e7\u00e3o de 1534, quando o Papa Clemente VII rejeitou a anula\u00e7\u00e3o do casamento de Henrique VIII. A aproxima\u00e7\u00e3o atual n\u00e3o modifica a doutrina, pois a Igreja Cat\u00f3lica Cat\u00f3lica n\u00e3o ordena mulheres nem permite o casamento de padres.<\/p>\n<h3>Repercuss\u00f5es<\/h3>\n<p>A nomea\u00e7\u00e3o de Mullally gerou reac\u00e7\u00f5es distintas dentro da Comunh\u00e3o Anglicana, sobretudo entre prov\u00edncias conservadoras da \u00c1frica e da \u00c1sia. O encontro no Vaticano \u00e9 visto como marco de di\u00e1logo ecum\u00eanico, sem compromisso formal de uni\u00e3o.<\/p>\n<h3>Conex\u00f5es recentes<\/h3>\n<p>Em outubro, o rei Carlos III visitou o Vaticano e participou numa ora\u00e7\u00e3o conjunta com o Papa, um evento considerado hist\u00f3rico pela primeira coopera\u00e7\u00e3o entre um monarca brit\u00e2nico e o Papa desde o tempo de Henrique VIII. A sequ\u00eancia de encontros sublinha a tend\u00eancia de maior coopera\u00e7\u00e3o entre as tradi\u00e7\u00f5es crist\u00e3s.<\/p>\n","protected":false},"excerpt":{"rendered":"<ul>\n<li>O Papa Le\u00e3o XIV recebeu no Vaticano Sarah Mullally, primeira mulher a liderar os 85 milh\u00f5es de anglicanos, num encontro simb\u00f3lico entre cat\u00f3licos e anglicanos.<\/li>\n<li>Os dois l\u00edderes reuniram-se em privado e, depois, seguiram para uma capela, onde recitaram ora\u00e7\u00f5es em un\u00edssono.<\/li>\n<li>Mullally ofereceu ao Papa mel da Lambeth Palace, numa demonstra\u00e7\u00e3o de cortesia entre as duas tradi\u00e7\u00f5es religiosas.<\/li>\n<li>O encontro ocorre num contexto de aproxima\u00e7\u00e3o entre a Igreja Cat\u00f3lica Romana e a Igreja de Inglaterra, separadas desde 1534.<\/li>\n<li>Mullally afirmou que h\u00e1 uma rela\u00e7\u00e3o de comunh\u00e3o entre as igrejas e que v\u00e3o continuar a desenvolv\u00ea-la; o Papa disse ter havido progressos, mas que surgiram novos problemas nas \u00faltimas d\u00e9cadas.<\/li>\n<\/ul>\n","protected":false},"author":2,"featured_media":458341,"comment_status":"closed","ping_status":"closed","sticky":false,"template":"","format":"standard","meta":{"footnotes":""},"categories":[4,1],"tags":[8293,7956,8180,8479,8010,7951],"class_list":["post-458337","post","type-post","status-publish","format-standard","has-post-thumbnail","hentry","category-internacional","category-noticias","tag-_catolicismo","tag-_catolico","tag-_cristianismo","tag-_dialogo-internacional","tag-_igreja","tag-_religiao"],"yoast_head":"<!-- This site is optimized with the Yoast SEO plugin v27.2 - https:\/\/yoast.com\/product\/yoast-seo-wordpress\/ -->\n<title>Papa e Arcebispa de Cantu\u00e1ria re\u00fanem-se e rezam em conjunto - Portal Tela Portugal<\/title>\n<meta name=\"robots\" content=\"index, follow, max-snippet:-1, max-image-preview:large, max-video-preview:-1\" \/>\n<meta property=\"og:locale\" content=\"pt_PT\" \/>\n<meta property=\"og:type\" content=\"article\" \/>\n<meta property=\"og:title\" content=\"Papa e Arcebispa de Cantu\u00e1ria re\u00fanem-se e rezam em conjunto - Portal Tela Portugal\" \/>\n<meta property=\"og:description\" content=\"O Papa Le\u00e3o XIV recebeu no Vaticano Sarah Mullally, primeira mulher a liderar os 85 milh\u00f5es de anglicanos, num encontro simb\u00f3lico entre cat\u00f3licos e anglicanos. Os dois l\u00edderes reuniram-se em privado e, depois, seguiram para uma capela, onde recitaram ora\u00e7\u00f5es em un\u00edssono. Mullally ofereceu ao Papa mel da Lambeth Palace, numa demonstra\u00e7\u00e3o de cortesia entre as duas tradi\u00e7\u00f5es religiosas. O encontro ocorre num contexto de aproxima\u00e7\u00e3o entre a Igreja Cat\u00f3lica Romana e a Igreja de Inglaterra, separadas desde 1534. Mullally afirmou que h\u00e1 uma rela\u00e7\u00e3o de comunh\u00e3o entre as igrejas e que v\u00e3o continuar a desenvolv\u00ea-la; o Papa disse ter havido progressos, mas que surgiram novos problemas nas \u00faltimas d\u00e9cadas.\" \/>\n<meta property=\"og:url\" content=\"https:\/\/portaltela.pt\/noticias\/2026\/04\/27\/papa-e-arcebispa-de-cantuaria-reunem-se-e-rezam-em-conjunto\/\" \/>\n<meta property=\"og:site_name\" content=\"Portal Tela Portugal\" \/>\n<meta property=\"article:published_time\" content=\"2026-04-27T13:35:48+00:00\" \/>\n<meta name=\"author\" content=\"Telinha\" \/>\n<meta name=\"twitter:card\" content=\"summary_large_image\" \/>\n<meta name=\"twitter:label1\" content=\"Escrito por\" \/>\n\t<meta name=\"twitter:data1\" content=\"Telinha\" \/>\n\t<meta name=\"twitter:label2\" content=\"Tempo estimado de leitura\" \/>\n\t<meta name=\"twitter:data2\" content=\"2 minutos\" \/>\n<script type=\"application\/ld+json\" class=\"yoast-schema-graph\">{\"@context\":\"https:\/\/schema.org\",\"@graph\":[{\"@type\":\"Article\",\"@id\":\"https:\/\/portaltela.pt\/noticias\/2026\/04\/27\/papa-e-arcebispa-de-cantuaria-reunem-se-e-rezam-em-conjunto\/#article\",\"isPartOf\":{\"@id\":\"https:\/\/portaltela.pt\/noticias\/2026\/04\/27\/papa-e-arcebispa-de-cantuaria-reunem-se-e-rezam-em-conjunto\/\"},\"author\":{\"name\":\"Telinha\",\"@id\":\"https:\/\/portaltela.pt\/#\/schema\/person\/c4278d4a6028830caff9ee44b42d32ed\"},\"headline\":\"Papa e Arcebispa de Cantu\u00e1ria re\u00fanem-se e rezam em conjunto\",\"datePublished\":\"2026-04-27T13:35:48+00:00\",\"mainEntityOfPage\":{\"@id\":\"https:\/\/portaltela.pt\/noticias\/2026\/04\/27\/papa-e-arcebispa-de-cantuaria-reunem-se-e-rezam-em-conjunto\/\"},\"wordCount\":376,\"image\":{\"@id\":\"https:\/\/portaltela.pt\/noticias\/2026\/04\/27\/papa-e-arcebispa-de-cantuaria-reunem-se-e-rezam-em-conjunto\/#primaryimage\"},\"thumbnailUrl\":\"https:\/\/portaltela.pt\/s.01k8rhncp4jt1\/2026\/04\/tpUHdbIMAGENStypeJPGshare1oBarraFacebook_Impar-3.jpg\",\"keywords\":[\"_catolicismo\",\"_cat\u00f3lico\",\"_cristianismo\",\"_Di\u00e1logo internacional\",\"_igreja\",\"_religi\u00e3o\"],\"articleSection\":[\"Internacional\",\"Not\u00edcias\"],\"inLanguage\":\"pt-PT\"},{\"@type\":\"WebPage\",\"@id\":\"https:\/\/portaltela.pt\/noticias\/2026\/04\/27\/papa-e-arcebispa-de-cantuaria-reunem-se-e-rezam-em-conjunto\/\",\"url\":\"https:\/\/portaltela.pt\/noticias\/2026\/04\/27\/papa-e-arcebispa-de-cantuaria-reunem-se-e-rezam-em-conjunto\/\",\"name\":\"Papa e Arcebispa de Cantu\u00e1ria re\u00fanem-se e rezam em conjunto - Portal Tela Portugal\",\"isPartOf\":{\"@id\":\"https:\/\/portaltela.pt\/#website\"},\"primaryImageOfPage\":{\"@id\":\"https:\/\/portaltela.pt\/noticias\/2026\/04\/27\/papa-e-arcebispa-de-cantuaria-reunem-se-e-rezam-em-conjunto\/#primaryimage\"},\"image\":{\"@id\":\"https:\/\/portaltela.pt\/noticias\/2026\/04\/27\/papa-e-arcebispa-de-cantuaria-reunem-se-e-rezam-em-conjunto\/#primaryimage\"},\"thumbnailUrl\":\"https:\/\/portaltela.pt\/s.01k8rhncp4jt1\/2026\/04\/tpUHdbIMAGENStypeJPGshare1oBarraFacebook_Impar-3.jpg\",\"datePublished\":\"2026-04-27T13:35:48+00:00\",\"author\":{\"@id\":\"https:\/\/portaltela.pt\/#\/schema\/person\/c4278d4a6028830caff9ee44b42d32ed\"},\"breadcrumb\":{\"@id\":\"https:\/\/portaltela.pt\/noticias\/2026\/04\/27\/papa-e-arcebispa-de-cantuaria-reunem-se-e-rezam-em-conjunto\/#breadcrumb\"},\"inLanguage\":\"pt-PT\",\"potentialAction\":[{\"@type\":\"ReadAction\",\"target\":[\"https:\/\/portaltela.pt\/noticias\/2026\/04\/27\/papa-e-arcebispa-de-cantuaria-reunem-se-e-rezam-em-conjunto\/\"]}]},{\"@type\":\"ImageObject\",\"inLanguage\":\"pt-PT\",\"@id\":\"https:\/\/portaltela.pt\/noticias\/2026\/04\/27\/papa-e-arcebispa-de-cantuaria-reunem-se-e-rezam-em-conjunto\/#primaryimage\",\"url\":\"https:\/\/portaltela.pt\/s.01k8rhncp4jt1\/2026\/04\/tpUHdbIMAGENStypeJPGshare1oBarraFacebook_Impar-3.jpg\",\"contentUrl\":\"https:\/\/portaltela.pt\/s.01k8rhncp4jt1\/2026\/04\/tpUHdbIMAGENStypeJPGshare1oBarraFacebook_Impar-3.jpg\",\"width\":1200,\"height\":630,\"caption\":\"O Papa Le\u00e3o XIV e Sarah Mullally, arcebispa da Cantu\u00e1ria\"},{\"@type\":\"BreadcrumbList\",\"@id\":\"https:\/\/portaltela.pt\/noticias\/2026\/04\/27\/papa-e-arcebispa-de-cantuaria-reunem-se-e-rezam-em-conjunto\/#breadcrumb\",\"itemListElement\":[{\"@type\":\"ListItem\",\"position\":1,\"name\":\"In\u00edcio\",\"item\":\"https:\/\/portaltela.pt\/\"},{\"@type\":\"ListItem\",\"position\":2,\"name\":\"Papa e Arcebispa de Cantu\u00e1ria re\u00fanem-se e rezam em conjunto\"}]},{\"@type\":\"WebSite\",\"@id\":\"https:\/\/portaltela.pt\/#website\",\"url\":\"https:\/\/portaltela.pt\/\",\"name\":\"Portal Tela Portugal\",\"description\":\"\",\"potentialAction\":[{\"@type\":\"SearchAction\",\"target\":{\"@type\":\"EntryPoint\",\"urlTemplate\":\"https:\/\/portaltela.pt\/?s={search_term_string}\"},\"query-input\":{\"@type\":\"PropertyValueSpecification\",\"valueRequired\":true,\"valueName\":\"search_term_string\"}}],\"inLanguage\":\"pt-PT\"},{\"@type\":\"Person\",\"@id\":\"https:\/\/portaltela.pt\/#\/schema\/person\/c4278d4a6028830caff9ee44b42d32ed\",\"name\":\"Telinha\",\"image\":{\"@type\":\"ImageObject\",\"inLanguage\":\"pt-PT\",\"@id\":\"https:\/\/portaltela.pt\/s.01k8rhncp4jt1\/2025\/11\/talking-bot-125x125.png\",\"url\":\"https:\/\/portaltela.pt\/s.01k8rhncp4jt1\/2025\/11\/talking-bot-125x125.png\",\"contentUrl\":\"https:\/\/portaltela.pt\/s.01k8rhncp4jt1\/2025\/11\/talking-bot-125x125.png\",\"caption\":\"Telinha\"},\"sameAs\":[\"https:\/\/portaltela.pt\/\"],\"url\":\"https:\/\/portaltela.pt\/por\/367410592786\/\"}]}<\/script>\n<!-- \/ Yoast SEO plugin. -->","yoast_head_json":{"title":"Papa e Arcebispa de Cantu\u00e1ria re\u00fanem-se e rezam em conjunto - Portal Tela Portugal","robots":{"index":"index","follow":"follow","max-snippet":"max-snippet:-1","max-image-preview":"max-image-preview:large","max-video-preview":"max-video-preview:-1"},"og_locale":"pt_PT","og_type":"article","og_title":"Papa e Arcebispa de Cantu\u00e1ria re\u00fanem-se e rezam em conjunto - Portal Tela Portugal","og_description":"O Papa Le\u00e3o XIV recebeu no Vaticano Sarah Mullally, primeira mulher a liderar os 85 milh\u00f5es de anglicanos, num encontro simb\u00f3lico entre cat\u00f3licos e anglicanos. Os dois l\u00edderes reuniram-se em privado e, depois, seguiram para uma capela, onde recitaram ora\u00e7\u00f5es em un\u00edssono. Mullally ofereceu ao Papa mel da Lambeth Palace, numa demonstra\u00e7\u00e3o de cortesia entre as duas tradi\u00e7\u00f5es religiosas. O encontro ocorre num contexto de aproxima\u00e7\u00e3o entre a Igreja Cat\u00f3lica Romana e a Igreja de Inglaterra, separadas desde 1534. Mullally afirmou que h\u00e1 uma rela\u00e7\u00e3o de comunh\u00e3o entre as igrejas e que v\u00e3o continuar a desenvolv\u00ea-la; o Papa disse ter havido progressos, mas que surgiram novos problemas nas \u00faltimas d\u00e9cadas.","og_url":"https:\/\/portaltela.pt\/noticias\/2026\/04\/27\/papa-e-arcebispa-de-cantuaria-reunem-se-e-rezam-em-conjunto\/","og_site_name":"Portal Tela Portugal","article_published_time":"2026-04-27T13:35:48+00:00","author":"Telinha","twitter_card":"summary_large_image","twitter_misc":{"Escrito por":"Telinha","Tempo estimado de leitura":"2 minutos"},"schema":{"@context":"https:\/\/schema.org","@graph":[{"@type":"Article","@id":"https:\/\/portaltela.pt\/noticias\/2026\/04\/27\/papa-e-arcebispa-de-cantuaria-reunem-se-e-rezam-em-conjunto\/#article","isPartOf":{"@id":"https:\/\/portaltela.pt\/noticias\/2026\/04\/27\/papa-e-arcebispa-de-cantuaria-reunem-se-e-rezam-em-conjunto\/"},"author":{"name":"Telinha","@id":"https:\/\/portaltela.pt\/#\/schema\/person\/c4278d4a6028830caff9ee44b42d32ed"},"headline":"Papa e Arcebispa de Cantu\u00e1ria re\u00fanem-se e rezam em conjunto","datePublished":"2026-04-27T13:35:48+00:00","mainEntityOfPage":{"@id":"https:\/\/portaltela.pt\/noticias\/2026\/04\/27\/papa-e-arcebispa-de-cantuaria-reunem-se-e-rezam-em-conjunto\/"},"wordCount":376,"image":{"@id":"https:\/\/portaltela.pt\/noticias\/2026\/04\/27\/papa-e-arcebispa-de-cantuaria-reunem-se-e-rezam-em-conjunto\/#primaryimage"},"thumbnailUrl":"https:\/\/portaltela.pt\/s.01k8rhncp4jt1\/2026\/04\/tpUHdbIMAGENStypeJPGshare1oBarraFacebook_Impar-3.jpg","keywords":["_catolicismo","_cat\u00f3lico","_cristianismo","_Di\u00e1logo internacional","_igreja","_religi\u00e3o"],"articleSection":["Internacional","Not\u00edcias"],"inLanguage":"pt-PT"},{"@type":"WebPage","@id":"https:\/\/portaltela.pt\/noticias\/2026\/04\/27\/papa-e-arcebispa-de-cantuaria-reunem-se-e-rezam-em-conjunto\/","url":"https:\/\/portaltela.pt\/noticias\/2026\/04\/27\/papa-e-arcebispa-de-cantuaria-reunem-se-e-rezam-em-conjunto\/","name":"Papa e Arcebispa de Cantu\u00e1ria re\u00fanem-se e rezam em conjunto - Portal Tela Portugal","isPartOf":{"@id":"https:\/\/portaltela.pt\/#website"},"primaryImageOfPage":{"@id":"https:\/\/portaltela.pt\/noticias\/2026\/04\/27\/papa-e-arcebispa-de-cantuaria-reunem-se-e-rezam-em-conjunto\/#primaryimage"},"image":{"@id":"https:\/\/portaltela.pt\/noticias\/2026\/04\/27\/papa-e-arcebispa-de-cantuaria-reunem-se-e-rezam-em-conjunto\/#primaryimage"},"thumbnailUrl":"https:\/\/portaltela.pt\/s.01k8rhncp4jt1\/2026\/04\/tpUHdbIMAGENStypeJPGshare1oBarraFacebook_Impar-3.jpg","datePublished":"2026-04-27T13:35:48+00:00","author":{"@id":"https:\/\/portaltela.pt\/#\/schema\/person\/c4278d4a6028830caff9ee44b42d32ed"},"breadcrumb":{"@id":"https:\/\/portaltela.pt\/noticias\/2026\/04\/27\/papa-e-arcebispa-de-cantuaria-reunem-se-e-rezam-em-conjunto\/#breadcrumb"},"inLanguage":"pt-PT","potentialAction":[{"@type":"ReadAction","target":["https:\/\/portaltela.pt\/noticias\/2026\/04\/27\/papa-e-arcebispa-de-cantuaria-reunem-se-e-rezam-em-conjunto\/"]}]},{"@type":"ImageObject","inLanguage":"pt-PT","@id":"https:\/\/portaltela.pt\/noticias\/2026\/04\/27\/papa-e-arcebispa-de-cantuaria-reunem-se-e-rezam-em-conjunto\/#primaryimage","url":"https:\/\/portaltela.pt\/s.01k8rhncp4jt1\/2026\/04\/tpUHdbIMAGENStypeJPGshare1oBarraFacebook_Impar-3.jpg","contentUrl":"https:\/\/portaltela.pt\/s.01k8rhncp4jt1\/2026\/04\/tpUHdbIMAGENStypeJPGshare1oBarraFacebook_Impar-3.jpg","width":1200,"height":630,"caption":"O Papa Le\u00e3o XIV e Sarah Mullally, arcebispa da Cantu\u00e1ria"},{"@type":"BreadcrumbList","@id":"https:\/\/portaltela.pt\/noticias\/2026\/04\/27\/papa-e-arcebispa-de-cantuaria-reunem-se-e-rezam-em-conjunto\/#breadcrumb","itemListElement":[{"@type":"ListItem","position":1,"name":"In\u00edcio","item":"https:\/\/portaltela.pt\/"},{"@type":"ListItem","position":2,"name":"Papa e Arcebispa de Cantu\u00e1ria re\u00fanem-se e rezam em conjunto"}]},{"@type":"WebSite","@id":"https:\/\/portaltela.pt\/#website","url":"https:\/\/portaltela.pt\/","name":"Portal Tela Portugal","description":"","potentialAction":[{"@type":"SearchAction","target":{"@type":"EntryPoint","urlTemplate":"https:\/\/portaltela.pt\/?s={search_term_string}"},"query-input":{"@type":"PropertyValueSpecification","valueRequired":true,"valueName":"search_term_string"}}],"inLanguage":"pt-PT"},{"@type":"Person","@id":"https:\/\/portaltela.pt\/#\/schema\/person\/c4278d4a6028830caff9ee44b42d32ed","name":"Telinha","image":{"@type":"ImageObject","inLanguage":"pt-PT","@id":"https:\/\/portaltela.pt\/s.01k8rhncp4jt1\/2025\/11\/talking-bot-125x125.png","url":"https:\/\/portaltela.pt\/s.01k8rhncp4jt1\/2025\/11\/talking-bot-125x125.png","contentUrl":"https:\/\/portaltela.pt\/s.01k8rhncp4jt1\/2025\/11\/talking-bot-125x125.png","caption":"Telinha"},"sameAs":["https:\/\/portaltela.pt\/"],"url":"https:\/\/portaltela.pt\/por\/367410592786\/"}]}},"_links":{"self":[{"href":"https:\/\/portaltela.pt\/api\/wp\/v2\/posts\/458337","targetHints":{"allow":["GET"]}}],"collection":[{"href":"https:\/\/portaltela.pt\/api\/wp\/v2\/posts"}],"about":[{"href":"https:\/\/portaltela.pt\/api\/wp\/v2\/types\/post"}],"author":[{"embeddable":true,"href":"https:\/\/portaltela.pt\/api\/wp\/v2\/users\/2"}],"replies":[{"embeddable":true,"href":"https:\/\/portaltela.pt\/api\/wp\/v2\/comments?post=458337"}],"version-history":[{"count":0,"href":"https:\/\/portaltela.pt\/api\/wp\/v2\/posts\/458337\/revisions"}],"wp:featuredmedia":[{"embeddable":true,"href":"https:\/\/portaltela.pt\/api\/wp\/v2\/media\/458341"}],"wp:attachment":[{"href":"https:\/\/portaltela.pt\/api\/wp\/v2\/media?parent=458337"}],"wp:term":[{"taxonomy":"category","embeddable":true,"href":"https:\/\/portaltela.pt\/api\/wp\/v2\/categories?post=458337"},{"taxonomy":"post_tag","embeddable":true,"href":"https:\/\/portaltela.pt\/api\/wp\/v2\/tags?post=458337"}],"curies":[{"name":"wp","href":"https:\/\/api.w.org\/{rel}","templated":true}]}}