{"id":458272,"date":"2026-04-24T15:33:12","date_gmt":"2026-04-24T18:33:12","guid":{"rendered":"https:\/\/portaltela.pt\/noticias\/2026\/04\/24\/obidos-cycling-team-tem-dia-dificil-landaluce-segue-lider-nas-metas-volantes\/"},"modified":"2026-04-24T15:33:12","modified_gmt":"2026-04-24T18:33:12","slug":"obidos-cycling-team-tem-dia-dificil-landaluce-segue-lider-nas-metas-volantes","status":"publish","type":"post","link":"https:\/\/portaltela.pt\/desporto\/futebol\/2026\/04\/24\/obidos-cycling-team-tem-dia-dificil-landaluce-segue-lider-nas-metas-volantes\/","title":{"rendered":"\u00d3bidos Cycling Team tem dia dif\u00edcil; Landaluce segue l\u00edder nas Metas Volantes"},"content":{"rendered":"<p>O \u00d3bidos Cycling Team teve um dia complicado na Vuelta a Asturias, mas Eduardo Landaluce manteve a lideran\u00e7a das Metas Volantes. O Asturiano passou por queda, troca de bicicleta e luta em solit\u00e1rio para chegar a um grande grupo, salvaguardando a camisola dos pontos.<\/p>\n<p>No in\u00edcio da etapa, Landaluce foi terceiro no primeiro sprint em Nava, conquistando um ponto e colocando o pelot\u00e3o sob press\u00e3o. Durante a descida do Alto de la Cruz, o ciclista sofreu uma queda e, apesar de trocar de bicicleta, perdeu a hip\u00f3tese de chegar \u00e0 frente.<\/p>\n<h3>Desempenho na chegada<\/h3>\n<p>Em Sotondrio surgiu uma ajuda portuguesa: I\u00fari Leit\u00e3o foi o vencedor do Sprint e Landaluce assegurou o controlo das Metas Volantes, mantendo a camisola associada ao jornal La Nueva Espa\u00f1a. Os minutos de luta continuaram at\u00e9 perto da meta.<\/p>\n<p>Na regi\u00e3o mineira, junto ao Pozo de Santa Barbara, a 60 km da meta, Landaluce mostrou-se determinado, mantendo a lideran\u00e7a da classifica\u00e7\u00e3o enquanto o grupo de persegui\u00e7\u00e3o tentava isolar os seus advers\u00e1rios.<\/p>\n<h3>Apoio da equipa<\/h3>\n<p>Micael Isidoro, diretor-desportivo, descreveu o apoio aos corredores, com \u00e1gua, alimento e estrat\u00e9gias para cumprir o tempo. No percurso sinuoso, Landaluce contou com a ajuda de Stian Landsberg para chegar aos \u00faltimos 8 km, quando chegou a Collada Jard\u00f3n.<\/p>\n<p>Ao entrar num grupo de 16 ciclistas, juntaram-se Jos\u00e9 Manuel Gutierrez e Bruno Macieiras, refor\u00e7ando o esfor\u00e7o de manterem Landaluce na frente. Os outros elementos da equipa trabalharam em prol do l\u00edder, at\u00e9 aos ataques de Movistar, UAE e Caja Rural.<\/p>\n<h3>Resultado da etapa e impactos<\/h3>\n<p>Na meta, Nairo Quintana venceu a etapa e assumiu a dianteira da geral. Landaluce acabou classificado em 76\u00ba, com o tempo marcado como m\u00e3o \u00fanica de atraso, mas manteve a lideran\u00e7a das Metas Volantes. A rece\u00e7\u00e3o aos membros da equipa foi calorosa, com apoio de adeptos de Oviedo.<\/p>\n<p>O pr\u00f3ximo est\u00e1gio, definido para amanh\u00e3, ter\u00e1 apenas duas metas volantes, entre um contorno de segunda categoria e outro de primeira, abrindo possibilidade de nova disputa pela camisola de pontos para Landaluce.<\/p>\n<h3>Classifica\u00e7\u00f5es relevantes<\/h3>\n<p>Vencedor da etapa: Nairo Quintana (Movistar). L\u00edder da geral: Quintana com 6h41m30s. Landaluce mant\u00e9m a camisola das Metas Volantes, com posi\u00e7\u00e3o destacada na classifica\u00e7\u00e3o de pontos da prova.<\/p>\n<p>Amanh\u00e3 segue-se a 3\u00aa etapa, entre Figueras (Castropol) e Vegadeo, num percurso de 157,2 km, com nova oportunidade para Landaluce consolidar a sua lideran\u00e7a na contagem de metas.<\/p>\n","protected":false},"excerpt":{"rendered":"<ul>\n<li>Eduardo Landaluce manteve a lideran\u00e7a das Metas Volantes da Volta \u00e0s Ast\u00farias, apesar de queda e troca de bicicleta durante a etapa.<\/li>\n<li>O corredor do \u00d3bidos Cycling Team chegou a ser 3\u00ba em Nava no primeiro sprint, abrindo uma vantagem de cinco pontos sobre os perseguidores antes do incidente no Alto de la Cruz.<\/li>\n<li>Em Sotondio, I\u00fari Leit\u00e3o venceu o sprint, assegurando a lideran\u00e7a de Landaluce nas Metas Volantes e a camisola associada ao jornal La Nueva Espa\u00f1a.<\/li>\n<li>A equipa apoiou Landaluce com colegas e o diretor-desportivo, mantendo o foco em chegar ao tempo regulamentar, mesmo com ataques de Movistar, UAE e Caja Rural.<\/li>\n<li>Nairo Quintana venceu a etapa; Landaluce continua l\u00edder das Metas Volantes e a pr\u00f3xima etapa, de 157,2 km entre Figueras (Castropol) e Vegadeo, disputa-se amanh\u00e3.<\/li>\n<\/ul>\n","protected":false},"author":2,"featured_media":458278,"comment_status":"closed","ping_status":"closed","sticky":false,"template":"","format":"standard","meta":{"footnotes":""},"categories":[21,24],"tags":[923,2189,6802,5416,7440,3997],"class_list":["post-458272","post","type-post","status-publish","format-standard","has-post-thumbnail","hentry","category-desporto","category-futebol","tag-ciclismo","tag-espana","tag-lideranca","tag-movistar","tag-provas-internacionais","tag-uae-emirates"],"yoast_head":"<!-- This site is optimized with the Yoast SEO plugin v27.2 - https:\/\/yoast.com\/product\/yoast-seo-wordpress\/ -->\n<title>\u00d3bidos Cycling Team tem dia dif\u00edcil; Landaluce segue l\u00edder nas Metas Volantes - Portal Tela Portugal<\/title>\n<meta name=\"robots\" content=\"index, follow, max-snippet:-1, max-image-preview:large, max-video-preview:-1\" \/>\n<meta property=\"og:locale\" content=\"pt_PT\" \/>\n<meta property=\"og:type\" content=\"article\" \/>\n<meta property=\"og:title\" content=\"\u00d3bidos Cycling Team tem dia dif\u00edcil; Landaluce segue l\u00edder nas Metas Volantes - Portal Tela Portugal\" \/>\n<meta property=\"og:description\" content=\"Eduardo Landaluce manteve a lideran\u00e7a das Metas Volantes da Volta \u00e0s Ast\u00farias, apesar de queda e troca de bicicleta durante a etapa. O corredor do \u00d3bidos Cycling Team chegou a ser 3\u00ba em Nava no primeiro sprint, abrindo uma vantagem de cinco pontos sobre os perseguidores antes do incidente no Alto de la Cruz. Em Sotondio, I\u00fari Leit\u00e3o venceu o sprint, assegurando a lideran\u00e7a de Landaluce nas Metas Volantes e a camisola associada ao jornal La Nueva Espa\u00f1a. A equipa apoiou Landaluce com colegas e o diretor-desportivo, mantendo o foco em chegar ao tempo regulamentar, mesmo com ataques de Movistar, UAE e Caja Rural. Nairo Quintana venceu a etapa; Landaluce continua l\u00edder das Metas Volantes e a pr\u00f3xima etapa, de 157,2 km entre Figueras (Castropol) e Vegadeo, disputa-se amanh\u00e3.\" \/>\n<meta property=\"og:url\" content=\"https:\/\/portaltela.pt\/noticias\/2026\/04\/24\/obidos-cycling-team-tem-dia-dificil-landaluce-segue-lider-nas-metas-volantes\/\" \/>\n<meta property=\"og:site_name\" content=\"Portal Tela Portugal\" \/>\n<meta property=\"article:published_time\" content=\"2026-04-24T18:33:12+00:00\" \/>\n<meta name=\"author\" content=\"Telinha\" \/>\n<meta name=\"twitter:card\" content=\"summary_large_image\" \/>\n<meta name=\"twitter:label1\" content=\"Escrito por\" \/>\n\t<meta name=\"twitter:data1\" content=\"Telinha\" \/>\n\t<meta name=\"twitter:label2\" content=\"Tempo estimado de leitura\" \/>\n\t<meta name=\"twitter:data2\" content=\"2 minutos\" \/>\n<script type=\"application\/ld+json\" class=\"yoast-schema-graph\">{\"@context\":\"https:\/\/schema.org\",\"@graph\":[{\"@type\":\"Article\",\"@id\":\"https:\/\/portaltela.pt\/noticias\/2026\/04\/24\/obidos-cycling-team-tem-dia-dificil-landaluce-segue-lider-nas-metas-volantes\/#article\",\"isPartOf\":{\"@id\":\"https:\/\/portaltela.pt\/noticias\/2026\/04\/24\/obidos-cycling-team-tem-dia-dificil-landaluce-segue-lider-nas-metas-volantes\/\"},\"author\":{\"name\":\"Telinha\",\"@id\":\"https:\/\/portaltela.pt\/#\/schema\/person\/c4278d4a6028830caff9ee44b42d32ed\"},\"headline\":\"\u00d3bidos Cycling Team tem dia dif\u00edcil; Landaluce segue l\u00edder nas Metas Volantes\",\"datePublished\":\"2026-04-24T18:33:12+00:00\",\"mainEntityOfPage\":{\"@id\":\"https:\/\/portaltela.pt\/noticias\/2026\/04\/24\/obidos-cycling-team-tem-dia-dificil-landaluce-segue-lider-nas-metas-volantes\/\"},\"wordCount\":430,\"image\":{\"@id\":\"https:\/\/portaltela.pt\/noticias\/2026\/04\/24\/obidos-cycling-team-tem-dia-dificil-landaluce-segue-lider-nas-metas-volantes\/#primaryimage\"},\"thumbnailUrl\":\"https:\/\/portaltela.pt\/s.01k8rhncp4jt1\/2026\/04\/image-1521.jpg\",\"keywords\":[\"ciclismo\",\"Espa\u00f1a\",\"lideran\u00e7a\",\"Movistar\",\"provas internacionais\",\"UAE Emirates\"],\"articleSection\":[\"Desporto\",\"Futebol\"],\"inLanguage\":\"pt-PT\"},{\"@type\":\"WebPage\",\"@id\":\"https:\/\/portaltela.pt\/noticias\/2026\/04\/24\/obidos-cycling-team-tem-dia-dificil-landaluce-segue-lider-nas-metas-volantes\/\",\"url\":\"https:\/\/portaltela.pt\/noticias\/2026\/04\/24\/obidos-cycling-team-tem-dia-dificil-landaluce-segue-lider-nas-metas-volantes\/\",\"name\":\"\u00d3bidos Cycling Team tem dia dif\u00edcil; Landaluce segue l\u00edder nas Metas Volantes - Portal Tela Portugal\",\"isPartOf\":{\"@id\":\"https:\/\/portaltela.pt\/#website\"},\"primaryImageOfPage\":{\"@id\":\"https:\/\/portaltela.pt\/noticias\/2026\/04\/24\/obidos-cycling-team-tem-dia-dificil-landaluce-segue-lider-nas-metas-volantes\/#primaryimage\"},\"image\":{\"@id\":\"https:\/\/portaltela.pt\/noticias\/2026\/04\/24\/obidos-cycling-team-tem-dia-dificil-landaluce-segue-lider-nas-metas-volantes\/#primaryimage\"},\"thumbnailUrl\":\"https:\/\/portaltela.pt\/s.01k8rhncp4jt1\/2026\/04\/image-1521.jpg\",\"datePublished\":\"2026-04-24T18:33:12+00:00\",\"author\":{\"@id\":\"https:\/\/portaltela.pt\/#\/schema\/person\/c4278d4a6028830caff9ee44b42d32ed\"},\"breadcrumb\":{\"@id\":\"https:\/\/portaltela.pt\/noticias\/2026\/04\/24\/obidos-cycling-team-tem-dia-dificil-landaluce-segue-lider-nas-metas-volantes\/#breadcrumb\"},\"inLanguage\":\"pt-PT\",\"potentialAction\":[{\"@type\":\"ReadAction\",\"target\":[\"https:\/\/portaltela.pt\/noticias\/2026\/04\/24\/obidos-cycling-team-tem-dia-dificil-landaluce-segue-lider-nas-metas-volantes\/\"]}]},{\"@type\":\"ImageObject\",\"inLanguage\":\"pt-PT\",\"@id\":\"https:\/\/portaltela.pt\/noticias\/2026\/04\/24\/obidos-cycling-team-tem-dia-dificil-landaluce-segue-lider-nas-metas-volantes\/#primaryimage\",\"url\":\"https:\/\/portaltela.pt\/s.01k8rhncp4jt1\/2026\/04\/image-1521.jpg\",\"contentUrl\":\"https:\/\/portaltela.pt\/s.01k8rhncp4jt1\/2026\/04\/image-1521.jpg\",\"width\":796,\"height\":448,\"caption\":\"Imagem de contexto do artigo \u00d3bidos Cycling Team com dia azarado, mas Eduardo Landaluce segue l\u00edder das Metas Volantes\"},{\"@type\":\"BreadcrumbList\",\"@id\":\"https:\/\/portaltela.pt\/noticias\/2026\/04\/24\/obidos-cycling-team-tem-dia-dificil-landaluce-segue-lider-nas-metas-volantes\/#breadcrumb\",\"itemListElement\":[{\"@type\":\"ListItem\",\"position\":1,\"name\":\"In\u00edcio\",\"item\":\"https:\/\/portaltela.pt\/\"},{\"@type\":\"ListItem\",\"position\":2,\"name\":\"\u00d3bidos Cycling Team tem dia dif\u00edcil; Landaluce segue l\u00edder nas Metas Volantes\"}]},{\"@type\":\"WebSite\",\"@id\":\"https:\/\/portaltela.pt\/#website\",\"url\":\"https:\/\/portaltela.pt\/\",\"name\":\"Portal Tela Portugal\",\"description\":\"\",\"potentialAction\":[{\"@type\":\"SearchAction\",\"target\":{\"@type\":\"EntryPoint\",\"urlTemplate\":\"https:\/\/portaltela.pt\/?s={search_term_string}\"},\"query-input\":{\"@type\":\"PropertyValueSpecification\",\"valueRequired\":true,\"valueName\":\"search_term_string\"}}],\"inLanguage\":\"pt-PT\"},{\"@type\":\"Person\",\"@id\":\"https:\/\/portaltela.pt\/#\/schema\/person\/c4278d4a6028830caff9ee44b42d32ed\",\"name\":\"Telinha\",\"image\":{\"@type\":\"ImageObject\",\"inLanguage\":\"pt-PT\",\"@id\":\"https:\/\/portaltela.pt\/s.01k8rhncp4jt1\/2025\/11\/talking-bot-125x125.png\",\"url\":\"https:\/\/portaltela.pt\/s.01k8rhncp4jt1\/2025\/11\/talking-bot-125x125.png\",\"contentUrl\":\"https:\/\/portaltela.pt\/s.01k8rhncp4jt1\/2025\/11\/talking-bot-125x125.png\",\"caption\":\"Telinha\"},\"sameAs\":[\"https:\/\/portaltela.pt\/\"],\"url\":\"https:\/\/portaltela.pt\/por\/367410592786\/\"}]}<\/script>\n<!-- \/ Yoast SEO plugin. -->","yoast_head_json":{"title":"\u00d3bidos Cycling Team tem dia dif\u00edcil; Landaluce segue l\u00edder nas Metas Volantes - Portal Tela Portugal","robots":{"index":"index","follow":"follow","max-snippet":"max-snippet:-1","max-image-preview":"max-image-preview:large","max-video-preview":"max-video-preview:-1"},"og_locale":"pt_PT","og_type":"article","og_title":"\u00d3bidos Cycling Team tem dia dif\u00edcil; Landaluce segue l\u00edder nas Metas Volantes - Portal Tela Portugal","og_description":"Eduardo Landaluce manteve a lideran\u00e7a das Metas Volantes da Volta \u00e0s Ast\u00farias, apesar de queda e troca de bicicleta durante a etapa. O corredor do \u00d3bidos Cycling Team chegou a ser 3\u00ba em Nava no primeiro sprint, abrindo uma vantagem de cinco pontos sobre os perseguidores antes do incidente no Alto de la Cruz. Em Sotondio, I\u00fari Leit\u00e3o venceu o sprint, assegurando a lideran\u00e7a de Landaluce nas Metas Volantes e a camisola associada ao jornal La Nueva Espa\u00f1a. A equipa apoiou Landaluce com colegas e o diretor-desportivo, mantendo o foco em chegar ao tempo regulamentar, mesmo com ataques de Movistar, UAE e Caja Rural. Nairo Quintana venceu a etapa; Landaluce continua l\u00edder das Metas Volantes e a pr\u00f3xima etapa, de 157,2 km entre Figueras (Castropol) e Vegadeo, disputa-se amanh\u00e3.","og_url":"https:\/\/portaltela.pt\/noticias\/2026\/04\/24\/obidos-cycling-team-tem-dia-dificil-landaluce-segue-lider-nas-metas-volantes\/","og_site_name":"Portal Tela Portugal","article_published_time":"2026-04-24T18:33:12+00:00","author":"Telinha","twitter_card":"summary_large_image","twitter_misc":{"Escrito por":"Telinha","Tempo estimado de leitura":"2 minutos"},"schema":{"@context":"https:\/\/schema.org","@graph":[{"@type":"Article","@id":"https:\/\/portaltela.pt\/noticias\/2026\/04\/24\/obidos-cycling-team-tem-dia-dificil-landaluce-segue-lider-nas-metas-volantes\/#article","isPartOf":{"@id":"https:\/\/portaltela.pt\/noticias\/2026\/04\/24\/obidos-cycling-team-tem-dia-dificil-landaluce-segue-lider-nas-metas-volantes\/"},"author":{"name":"Telinha","@id":"https:\/\/portaltela.pt\/#\/schema\/person\/c4278d4a6028830caff9ee44b42d32ed"},"headline":"\u00d3bidos Cycling Team tem dia dif\u00edcil; Landaluce segue l\u00edder nas Metas Volantes","datePublished":"2026-04-24T18:33:12+00:00","mainEntityOfPage":{"@id":"https:\/\/portaltela.pt\/noticias\/2026\/04\/24\/obidos-cycling-team-tem-dia-dificil-landaluce-segue-lider-nas-metas-volantes\/"},"wordCount":430,"image":{"@id":"https:\/\/portaltela.pt\/noticias\/2026\/04\/24\/obidos-cycling-team-tem-dia-dificil-landaluce-segue-lider-nas-metas-volantes\/#primaryimage"},"thumbnailUrl":"https:\/\/portaltela.pt\/s.01k8rhncp4jt1\/2026\/04\/image-1521.jpg","keywords":["ciclismo","Espa\u00f1a","lideran\u00e7a","Movistar","provas internacionais","UAE Emirates"],"articleSection":["Desporto","Futebol"],"inLanguage":"pt-PT"},{"@type":"WebPage","@id":"https:\/\/portaltela.pt\/noticias\/2026\/04\/24\/obidos-cycling-team-tem-dia-dificil-landaluce-segue-lider-nas-metas-volantes\/","url":"https:\/\/portaltela.pt\/noticias\/2026\/04\/24\/obidos-cycling-team-tem-dia-dificil-landaluce-segue-lider-nas-metas-volantes\/","name":"\u00d3bidos Cycling Team tem dia dif\u00edcil; Landaluce segue l\u00edder nas Metas Volantes - Portal Tela Portugal","isPartOf":{"@id":"https:\/\/portaltela.pt\/#website"},"primaryImageOfPage":{"@id":"https:\/\/portaltela.pt\/noticias\/2026\/04\/24\/obidos-cycling-team-tem-dia-dificil-landaluce-segue-lider-nas-metas-volantes\/#primaryimage"},"image":{"@id":"https:\/\/portaltela.pt\/noticias\/2026\/04\/24\/obidos-cycling-team-tem-dia-dificil-landaluce-segue-lider-nas-metas-volantes\/#primaryimage"},"thumbnailUrl":"https:\/\/portaltela.pt\/s.01k8rhncp4jt1\/2026\/04\/image-1521.jpg","datePublished":"2026-04-24T18:33:12+00:00","author":{"@id":"https:\/\/portaltela.pt\/#\/schema\/person\/c4278d4a6028830caff9ee44b42d32ed"},"breadcrumb":{"@id":"https:\/\/portaltela.pt\/noticias\/2026\/04\/24\/obidos-cycling-team-tem-dia-dificil-landaluce-segue-lider-nas-metas-volantes\/#breadcrumb"},"inLanguage":"pt-PT","potentialAction":[{"@type":"ReadAction","target":["https:\/\/portaltela.pt\/noticias\/2026\/04\/24\/obidos-cycling-team-tem-dia-dificil-landaluce-segue-lider-nas-metas-volantes\/"]}]},{"@type":"ImageObject","inLanguage":"pt-PT","@id":"https:\/\/portaltela.pt\/noticias\/2026\/04\/24\/obidos-cycling-team-tem-dia-dificil-landaluce-segue-lider-nas-metas-volantes\/#primaryimage","url":"https:\/\/portaltela.pt\/s.01k8rhncp4jt1\/2026\/04\/image-1521.jpg","contentUrl":"https:\/\/portaltela.pt\/s.01k8rhncp4jt1\/2026\/04\/image-1521.jpg","width":796,"height":448,"caption":"Imagem de contexto do artigo \u00d3bidos Cycling Team com dia azarado, mas Eduardo Landaluce segue l\u00edder das Metas Volantes"},{"@type":"BreadcrumbList","@id":"https:\/\/portaltela.pt\/noticias\/2026\/04\/24\/obidos-cycling-team-tem-dia-dificil-landaluce-segue-lider-nas-metas-volantes\/#breadcrumb","itemListElement":[{"@type":"ListItem","position":1,"name":"In\u00edcio","item":"https:\/\/portaltela.pt\/"},{"@type":"ListItem","position":2,"name":"\u00d3bidos Cycling Team tem dia dif\u00edcil; Landaluce segue l\u00edder nas Metas Volantes"}]},{"@type":"WebSite","@id":"https:\/\/portaltela.pt\/#website","url":"https:\/\/portaltela.pt\/","name":"Portal Tela Portugal","description":"","potentialAction":[{"@type":"SearchAction","target":{"@type":"EntryPoint","urlTemplate":"https:\/\/portaltela.pt\/?s={search_term_string}"},"query-input":{"@type":"PropertyValueSpecification","valueRequired":true,"valueName":"search_term_string"}}],"inLanguage":"pt-PT"},{"@type":"Person","@id":"https:\/\/portaltela.pt\/#\/schema\/person\/c4278d4a6028830caff9ee44b42d32ed","name":"Telinha","image":{"@type":"ImageObject","inLanguage":"pt-PT","@id":"https:\/\/portaltela.pt\/s.01k8rhncp4jt1\/2025\/11\/talking-bot-125x125.png","url":"https:\/\/portaltela.pt\/s.01k8rhncp4jt1\/2025\/11\/talking-bot-125x125.png","contentUrl":"https:\/\/portaltela.pt\/s.01k8rhncp4jt1\/2025\/11\/talking-bot-125x125.png","caption":"Telinha"},"sameAs":["https:\/\/portaltela.pt\/"],"url":"https:\/\/portaltela.pt\/por\/367410592786\/"}]}},"_links":{"self":[{"href":"https:\/\/portaltela.pt\/api\/wp\/v2\/posts\/458272","targetHints":{"allow":["GET"]}}],"collection":[{"href":"https:\/\/portaltela.pt\/api\/wp\/v2\/posts"}],"about":[{"href":"https:\/\/portaltela.pt\/api\/wp\/v2\/types\/post"}],"author":[{"embeddable":true,"href":"https:\/\/portaltela.pt\/api\/wp\/v2\/users\/2"}],"replies":[{"embeddable":true,"href":"https:\/\/portaltela.pt\/api\/wp\/v2\/comments?post=458272"}],"version-history":[{"count":0,"href":"https:\/\/portaltela.pt\/api\/wp\/v2\/posts\/458272\/revisions"}],"wp:featuredmedia":[{"embeddable":true,"href":"https:\/\/portaltela.pt\/api\/wp\/v2\/media\/458278"}],"wp:attachment":[{"href":"https:\/\/portaltela.pt\/api\/wp\/v2\/media?parent=458272"}],"wp:term":[{"taxonomy":"category","embeddable":true,"href":"https:\/\/portaltela.pt\/api\/wp\/v2\/categories?post=458272"},{"taxonomy":"post_tag","embeddable":true,"href":"https:\/\/portaltela.pt\/api\/wp\/v2\/tags?post=458272"}],"curies":[{"name":"wp","href":"https:\/\/api.w.org\/{rel}","templated":true}]}}