{"id":458225,"date":"2026-04-24T15:03:27","date_gmt":"2026-04-24T18:03:27","guid":{"rendered":"https:\/\/portaltela.pt\/noticias\/2026\/04\/24\/rafael-leao-obtem-direito-de-resposta-a-materia\/"},"modified":"2026-04-24T15:03:27","modified_gmt":"2026-04-24T18:03:27","slug":"rafael-leao-obtem-direito-de-resposta-a-materia","status":"publish","type":"post","link":"https:\/\/portaltela.pt\/desporto\/futebol\/2026\/04\/24\/rafael-leao-obtem-direito-de-resposta-a-materia\/","title":{"rendered":"Rafael Le\u00e3o obt\u00e9m direito de resposta a mat\u00e9ria"},"content":{"rendered":"<p>Rafael Le\u00e3o negou liga\u00e7\u00e3o a um alegado esc\u00e2ndalo de prostitui\u00e7\u00e3o que tem sido alvo de cobertura na imprensa italiana. O comunicado parte do jogador do Milan, em resposta a informa\u00e7\u00f5es que o associavam a uma investiga\u00e7\u00e3o da Procuradoria de Mil\u00e3o sobre uma poss\u00edvel rede de explora\u00e7\u00e3o de prostitui\u00e7\u00e3o. O assunto tem sido not\u00edcia recente na regi\u00e3o de Mil\u00e3o.<\/p>\n<p>Segundo o direito de resposta recebido pelo pr\u00f3prio, atrav\u00e9s do seu mandat\u00e1rio, Rafael Le\u00e3o afirma n\u00e3o ser arguido nem estar sob investiga\u00e7\u00e3o, e n\u00e3o ter qualquer envolvimento com os factos em quest\u00e3o. O jogador nega categoricamente as alega\u00e7\u00f5es e reserva-se o direito de tomar a\u00e7\u00f5es legais contra quem divulgar informa\u00e7\u00f5es falsas ou difamat\u00f3rias.<\/p>\n<h3>Resposta via mandat\u00e1rio<\/h3>\n<p>A resposta enviada indica que n\u00e3o existem liga\u00e7\u00f5es entre o atleta e o processo investigat\u00f3rio citado. N\u00e3o h\u00e1 confirma\u00e7\u00e3o de acusa\u00e7\u00f5es ou sindic\u00e2ncias contra Le\u00e3o, segundo o comunicado. A Procuradoria de Mil\u00e3o continua o \u00e2mbito da investiga\u00e7\u00e3o, sem liga\u00e7\u00e3o oficial ao jogador portugu\u00eas.<\/p>\n","protected":false},"excerpt":{"rendered":"<ul>\n<li>Rafael Le\u00e3o negou qualquer liga\u00e7\u00e3o a uma alegada rede de prostitui\u00e7\u00e3o e afirmou que n\u00e3o \u00e9 arguido nem est\u00e1 a ser investigado.<\/li>\n<li>O esclarecimento foi enviado por interm\u00e9dio do mandat\u00e1rio do jogador do Milan.<\/li>\n<li>A defesa envolve o facto de a Procuradoria de Mil\u00e3o estar a gerir a investiga\u00e7\u00e3o mencionada pela imprensa italiana.<\/li>\n<li>Le\u00e3o reclama direito de agir judicialmente contra quem divulgar informa\u00e7\u00e3o falsa ou difamat\u00f3ria.<\/li>\n<\/ul>\n","protected":false},"author":2,"featured_media":458229,"comment_status":"closed","ping_status":"closed","sticky":false,"template":"","format":"standard","meta":{"footnotes":""},"categories":[21,24],"tags":[2442,32,215,1857,4288,2673],"class_list":["post-458225","post","type-post","status-publish","format-standard","has-post-thumbnail","hentry","category-desporto","category-futebol","tag-difamacao","tag-futebol","tag-investigacao","tag-italia","tag-prostituicao-de-menores","tag-rafael-leao"],"yoast_head":"<!-- This site is optimized with the Yoast SEO plugin v27.2 - https:\/\/yoast.com\/product\/yoast-seo-wordpress\/ -->\n<title>Rafael Le\u00e3o obt\u00e9m direito de resposta a mat\u00e9ria - Portal Tela Portugal<\/title>\n<meta name=\"robots\" content=\"index, follow, max-snippet:-1, max-image-preview:large, max-video-preview:-1\" \/>\n<meta property=\"og:locale\" content=\"pt_PT\" \/>\n<meta property=\"og:type\" content=\"article\" \/>\n<meta property=\"og:title\" content=\"Rafael Le\u00e3o obt\u00e9m direito de resposta a mat\u00e9ria - Portal Tela Portugal\" \/>\n<meta property=\"og:description\" content=\"Rafael Le\u00e3o negou qualquer liga\u00e7\u00e3o a uma alegada rede de prostitui\u00e7\u00e3o e afirmou que n\u00e3o \u00e9 arguido nem est\u00e1 a ser investigado. O esclarecimento foi enviado por interm\u00e9dio do mandat\u00e1rio do jogador do Milan. A defesa envolve o facto de a Procuradoria de Mil\u00e3o estar a gerir a investiga\u00e7\u00e3o mencionada pela imprensa italiana. Le\u00e3o reclama direito de agir judicialmente contra quem divulgar informa\u00e7\u00e3o falsa ou difamat\u00f3ria.\" \/>\n<meta property=\"og:url\" content=\"https:\/\/portaltela.pt\/noticias\/2026\/04\/24\/rafael-leao-obtem-direito-de-resposta-a-materia\/\" \/>\n<meta property=\"og:site_name\" content=\"Portal Tela Portugal\" \/>\n<meta property=\"article:published_time\" content=\"2026-04-24T18:03:27+00:00\" \/>\n<meta name=\"author\" content=\"Telinha\" \/>\n<meta name=\"twitter:card\" content=\"summary_large_image\" \/>\n<meta name=\"twitter:label1\" content=\"Escrito por\" \/>\n\t<meta name=\"twitter:data1\" content=\"Telinha\" \/>\n\t<meta name=\"twitter:label2\" content=\"Tempo estimado de leitura\" \/>\n\t<meta name=\"twitter:data2\" content=\"1 minuto\" \/>\n<script type=\"application\/ld+json\" class=\"yoast-schema-graph\">{\"@context\":\"https:\/\/schema.org\",\"@graph\":[{\"@type\":\"Article\",\"@id\":\"https:\/\/portaltela.pt\/noticias\/2026\/04\/24\/rafael-leao-obtem-direito-de-resposta-a-materia\/#article\",\"isPartOf\":{\"@id\":\"https:\/\/portaltela.pt\/noticias\/2026\/04\/24\/rafael-leao-obtem-direito-de-resposta-a-materia\/\"},\"author\":{\"name\":\"Telinha\",\"@id\":\"https:\/\/portaltela.pt\/#\/schema\/person\/c4278d4a6028830caff9ee44b42d32ed\"},\"headline\":\"Rafael Le\u00e3o obt\u00e9m direito de resposta a mat\u00e9ria\",\"datePublished\":\"2026-04-24T18:03:27+00:00\",\"mainEntityOfPage\":{\"@id\":\"https:\/\/portaltela.pt\/noticias\/2026\/04\/24\/rafael-leao-obtem-direito-de-resposta-a-materia\/\"},\"wordCount\":206,\"image\":{\"@id\":\"https:\/\/portaltela.pt\/noticias\/2026\/04\/24\/rafael-leao-obtem-direito-de-resposta-a-materia\/#primaryimage\"},\"thumbnailUrl\":\"https:\/\/portaltela.pt\/s.01k8rhncp4jt1\/2026\/04\/img_920x518uu2026-04-23-12-20-24-2434848.jpg\",\"keywords\":[\"difama\u00e7\u00e3o\",\"futebol\",\"investiga\u00e7\u00e3o\",\"It\u00e1lia\",\"prostitui\u00e7\u00e3o de menores\",\"Rafael Le\u00e3o\"],\"articleSection\":[\"Desporto\",\"Futebol\"],\"inLanguage\":\"pt-PT\"},{\"@type\":\"WebPage\",\"@id\":\"https:\/\/portaltela.pt\/noticias\/2026\/04\/24\/rafael-leao-obtem-direito-de-resposta-a-materia\/\",\"url\":\"https:\/\/portaltela.pt\/noticias\/2026\/04\/24\/rafael-leao-obtem-direito-de-resposta-a-materia\/\",\"name\":\"Rafael Le\u00e3o obt\u00e9m direito de resposta a mat\u00e9ria - Portal Tela Portugal\",\"isPartOf\":{\"@id\":\"https:\/\/portaltela.pt\/#website\"},\"primaryImageOfPage\":{\"@id\":\"https:\/\/portaltela.pt\/noticias\/2026\/04\/24\/rafael-leao-obtem-direito-de-resposta-a-materia\/#primaryimage\"},\"image\":{\"@id\":\"https:\/\/portaltela.pt\/noticias\/2026\/04\/24\/rafael-leao-obtem-direito-de-resposta-a-materia\/#primaryimage\"},\"thumbnailUrl\":\"https:\/\/portaltela.pt\/s.01k8rhncp4jt1\/2026\/04\/img_920x518uu2026-04-23-12-20-24-2434848.jpg\",\"datePublished\":\"2026-04-24T18:03:27+00:00\",\"author\":{\"@id\":\"https:\/\/portaltela.pt\/#\/schema\/person\/c4278d4a6028830caff9ee44b42d32ed\"},\"breadcrumb\":{\"@id\":\"https:\/\/portaltela.pt\/noticias\/2026\/04\/24\/rafael-leao-obtem-direito-de-resposta-a-materia\/#breadcrumb\"},\"inLanguage\":\"pt-PT\",\"potentialAction\":[{\"@type\":\"ReadAction\",\"target\":[\"https:\/\/portaltela.pt\/noticias\/2026\/04\/24\/rafael-leao-obtem-direito-de-resposta-a-materia\/\"]}]},{\"@type\":\"ImageObject\",\"inLanguage\":\"pt-PT\",\"@id\":\"https:\/\/portaltela.pt\/noticias\/2026\/04\/24\/rafael-leao-obtem-direito-de-resposta-a-materia\/#primaryimage\",\"url\":\"https:\/\/portaltela.pt\/s.01k8rhncp4jt1\/2026\/04\/img_920x518uu2026-04-23-12-20-24-2434848.jpg\",\"contentUrl\":\"https:\/\/portaltela.pt\/s.01k8rhncp4jt1\/2026\/04\/img_920x518uu2026-04-23-12-20-24-2434848.jpg\",\"width\":796,\"height\":448,\"caption\":\"Rafael Le\u00e3o nega estar envolvido no esc\u00e2ndalo que tem abalado It\u00e1lia\"},{\"@type\":\"BreadcrumbList\",\"@id\":\"https:\/\/portaltela.pt\/noticias\/2026\/04\/24\/rafael-leao-obtem-direito-de-resposta-a-materia\/#breadcrumb\",\"itemListElement\":[{\"@type\":\"ListItem\",\"position\":1,\"name\":\"In\u00edcio\",\"item\":\"https:\/\/portaltela.pt\/\"},{\"@type\":\"ListItem\",\"position\":2,\"name\":\"Rafael Le\u00e3o obt\u00e9m direito de resposta a mat\u00e9ria\"}]},{\"@type\":\"WebSite\",\"@id\":\"https:\/\/portaltela.pt\/#website\",\"url\":\"https:\/\/portaltela.pt\/\",\"name\":\"Portal Tela Portugal\",\"description\":\"\",\"potentialAction\":[{\"@type\":\"SearchAction\",\"target\":{\"@type\":\"EntryPoint\",\"urlTemplate\":\"https:\/\/portaltela.pt\/?s={search_term_string}\"},\"query-input\":{\"@type\":\"PropertyValueSpecification\",\"valueRequired\":true,\"valueName\":\"search_term_string\"}}],\"inLanguage\":\"pt-PT\"},{\"@type\":\"Person\",\"@id\":\"https:\/\/portaltela.pt\/#\/schema\/person\/c4278d4a6028830caff9ee44b42d32ed\",\"name\":\"Telinha\",\"image\":{\"@type\":\"ImageObject\",\"inLanguage\":\"pt-PT\",\"@id\":\"https:\/\/portaltela.pt\/s.01k8rhncp4jt1\/2025\/11\/talking-bot-125x125.png\",\"url\":\"https:\/\/portaltela.pt\/s.01k8rhncp4jt1\/2025\/11\/talking-bot-125x125.png\",\"contentUrl\":\"https:\/\/portaltela.pt\/s.01k8rhncp4jt1\/2025\/11\/talking-bot-125x125.png\",\"caption\":\"Telinha\"},\"sameAs\":[\"https:\/\/portaltela.pt\/\"],\"url\":\"https:\/\/portaltela.pt\/por\/367410592786\/\"}]}<\/script>\n<!-- \/ Yoast SEO plugin. -->","yoast_head_json":{"title":"Rafael Le\u00e3o obt\u00e9m direito de resposta a mat\u00e9ria - Portal Tela Portugal","robots":{"index":"index","follow":"follow","max-snippet":"max-snippet:-1","max-image-preview":"max-image-preview:large","max-video-preview":"max-video-preview:-1"},"og_locale":"pt_PT","og_type":"article","og_title":"Rafael Le\u00e3o obt\u00e9m direito de resposta a mat\u00e9ria - Portal Tela Portugal","og_description":"Rafael Le\u00e3o negou qualquer liga\u00e7\u00e3o a uma alegada rede de prostitui\u00e7\u00e3o e afirmou que n\u00e3o \u00e9 arguido nem est\u00e1 a ser investigado. O esclarecimento foi enviado por interm\u00e9dio do mandat\u00e1rio do jogador do Milan. A defesa envolve o facto de a Procuradoria de Mil\u00e3o estar a gerir a investiga\u00e7\u00e3o mencionada pela imprensa italiana. Le\u00e3o reclama direito de agir judicialmente contra quem divulgar informa\u00e7\u00e3o falsa ou difamat\u00f3ria.","og_url":"https:\/\/portaltela.pt\/noticias\/2026\/04\/24\/rafael-leao-obtem-direito-de-resposta-a-materia\/","og_site_name":"Portal Tela Portugal","article_published_time":"2026-04-24T18:03:27+00:00","author":"Telinha","twitter_card":"summary_large_image","twitter_misc":{"Escrito por":"Telinha","Tempo estimado de leitura":"1 minuto"},"schema":{"@context":"https:\/\/schema.org","@graph":[{"@type":"Article","@id":"https:\/\/portaltela.pt\/noticias\/2026\/04\/24\/rafael-leao-obtem-direito-de-resposta-a-materia\/#article","isPartOf":{"@id":"https:\/\/portaltela.pt\/noticias\/2026\/04\/24\/rafael-leao-obtem-direito-de-resposta-a-materia\/"},"author":{"name":"Telinha","@id":"https:\/\/portaltela.pt\/#\/schema\/person\/c4278d4a6028830caff9ee44b42d32ed"},"headline":"Rafael Le\u00e3o obt\u00e9m direito de resposta a mat\u00e9ria","datePublished":"2026-04-24T18:03:27+00:00","mainEntityOfPage":{"@id":"https:\/\/portaltela.pt\/noticias\/2026\/04\/24\/rafael-leao-obtem-direito-de-resposta-a-materia\/"},"wordCount":206,"image":{"@id":"https:\/\/portaltela.pt\/noticias\/2026\/04\/24\/rafael-leao-obtem-direito-de-resposta-a-materia\/#primaryimage"},"thumbnailUrl":"https:\/\/portaltela.pt\/s.01k8rhncp4jt1\/2026\/04\/img_920x518uu2026-04-23-12-20-24-2434848.jpg","keywords":["difama\u00e7\u00e3o","futebol","investiga\u00e7\u00e3o","It\u00e1lia","prostitui\u00e7\u00e3o de menores","Rafael Le\u00e3o"],"articleSection":["Desporto","Futebol"],"inLanguage":"pt-PT"},{"@type":"WebPage","@id":"https:\/\/portaltela.pt\/noticias\/2026\/04\/24\/rafael-leao-obtem-direito-de-resposta-a-materia\/","url":"https:\/\/portaltela.pt\/noticias\/2026\/04\/24\/rafael-leao-obtem-direito-de-resposta-a-materia\/","name":"Rafael Le\u00e3o obt\u00e9m direito de resposta a mat\u00e9ria - Portal Tela Portugal","isPartOf":{"@id":"https:\/\/portaltela.pt\/#website"},"primaryImageOfPage":{"@id":"https:\/\/portaltela.pt\/noticias\/2026\/04\/24\/rafael-leao-obtem-direito-de-resposta-a-materia\/#primaryimage"},"image":{"@id":"https:\/\/portaltela.pt\/noticias\/2026\/04\/24\/rafael-leao-obtem-direito-de-resposta-a-materia\/#primaryimage"},"thumbnailUrl":"https:\/\/portaltela.pt\/s.01k8rhncp4jt1\/2026\/04\/img_920x518uu2026-04-23-12-20-24-2434848.jpg","datePublished":"2026-04-24T18:03:27+00:00","author":{"@id":"https:\/\/portaltela.pt\/#\/schema\/person\/c4278d4a6028830caff9ee44b42d32ed"},"breadcrumb":{"@id":"https:\/\/portaltela.pt\/noticias\/2026\/04\/24\/rafael-leao-obtem-direito-de-resposta-a-materia\/#breadcrumb"},"inLanguage":"pt-PT","potentialAction":[{"@type":"ReadAction","target":["https:\/\/portaltela.pt\/noticias\/2026\/04\/24\/rafael-leao-obtem-direito-de-resposta-a-materia\/"]}]},{"@type":"ImageObject","inLanguage":"pt-PT","@id":"https:\/\/portaltela.pt\/noticias\/2026\/04\/24\/rafael-leao-obtem-direito-de-resposta-a-materia\/#primaryimage","url":"https:\/\/portaltela.pt\/s.01k8rhncp4jt1\/2026\/04\/img_920x518uu2026-04-23-12-20-24-2434848.jpg","contentUrl":"https:\/\/portaltela.pt\/s.01k8rhncp4jt1\/2026\/04\/img_920x518uu2026-04-23-12-20-24-2434848.jpg","width":796,"height":448,"caption":"Rafael Le\u00e3o nega estar envolvido no esc\u00e2ndalo que tem abalado It\u00e1lia"},{"@type":"BreadcrumbList","@id":"https:\/\/portaltela.pt\/noticias\/2026\/04\/24\/rafael-leao-obtem-direito-de-resposta-a-materia\/#breadcrumb","itemListElement":[{"@type":"ListItem","position":1,"name":"In\u00edcio","item":"https:\/\/portaltela.pt\/"},{"@type":"ListItem","position":2,"name":"Rafael Le\u00e3o obt\u00e9m direito de resposta a mat\u00e9ria"}]},{"@type":"WebSite","@id":"https:\/\/portaltela.pt\/#website","url":"https:\/\/portaltela.pt\/","name":"Portal Tela Portugal","description":"","potentialAction":[{"@type":"SearchAction","target":{"@type":"EntryPoint","urlTemplate":"https:\/\/portaltela.pt\/?s={search_term_string}"},"query-input":{"@type":"PropertyValueSpecification","valueRequired":true,"valueName":"search_term_string"}}],"inLanguage":"pt-PT"},{"@type":"Person","@id":"https:\/\/portaltela.pt\/#\/schema\/person\/c4278d4a6028830caff9ee44b42d32ed","name":"Telinha","image":{"@type":"ImageObject","inLanguage":"pt-PT","@id":"https:\/\/portaltela.pt\/s.01k8rhncp4jt1\/2025\/11\/talking-bot-125x125.png","url":"https:\/\/portaltela.pt\/s.01k8rhncp4jt1\/2025\/11\/talking-bot-125x125.png","contentUrl":"https:\/\/portaltela.pt\/s.01k8rhncp4jt1\/2025\/11\/talking-bot-125x125.png","caption":"Telinha"},"sameAs":["https:\/\/portaltela.pt\/"],"url":"https:\/\/portaltela.pt\/por\/367410592786\/"}]}},"_links":{"self":[{"href":"https:\/\/portaltela.pt\/api\/wp\/v2\/posts\/458225","targetHints":{"allow":["GET"]}}],"collection":[{"href":"https:\/\/portaltela.pt\/api\/wp\/v2\/posts"}],"about":[{"href":"https:\/\/portaltela.pt\/api\/wp\/v2\/types\/post"}],"author":[{"embeddable":true,"href":"https:\/\/portaltela.pt\/api\/wp\/v2\/users\/2"}],"replies":[{"embeddable":true,"href":"https:\/\/portaltela.pt\/api\/wp\/v2\/comments?post=458225"}],"version-history":[{"count":0,"href":"https:\/\/portaltela.pt\/api\/wp\/v2\/posts\/458225\/revisions"}],"wp:featuredmedia":[{"embeddable":true,"href":"https:\/\/portaltela.pt\/api\/wp\/v2\/media\/458229"}],"wp:attachment":[{"href":"https:\/\/portaltela.pt\/api\/wp\/v2\/media?parent=458225"}],"wp:term":[{"taxonomy":"category","embeddable":true,"href":"https:\/\/portaltela.pt\/api\/wp\/v2\/categories?post=458225"},{"taxonomy":"post_tag","embeddable":true,"href":"https:\/\/portaltela.pt\/api\/wp\/v2\/tags?post=458225"}],"curies":[{"name":"wp","href":"https:\/\/api.w.org\/{rel}","templated":true}]}}