{"id":458201,"date":"2026-04-24T14:48:16","date_gmt":"2026-04-24T17:48:16","guid":{"rendered":"https:\/\/portaltela.pt\/noticias\/2026\/04\/24\/dois-tercos-das-pessoas-com-mais-fome-em-10-paises-diz-onu\/"},"modified":"2026-04-24T14:48:16","modified_gmt":"2026-04-24T17:48:16","slug":"dois-tercos-das-pessoas-com-mais-fome-em-10-paises-diz-onu","status":"publish","type":"post","link":"https:\/\/portaltela.pt\/noticias\/politica\/2026\/04\/24\/dois-tercos-das-pessoas-com-mais-fome-em-10-paises-diz-onu\/","title":{"rendered":"Dois ter\u00e7os das pessoas com mais fome em 10 pa\u00edses, diz ONU"},"content":{"rendered":"<p>Segundo o Relat\u00f3rio Global sobre as Crises Alimentares, dois ter\u00e7os das pessoas em crise alimentar no mundo no \u00faltimo ano estavam concentradas em 10 pa\u00edses, com um ter\u00e7o no Sud\u00e3o, Nig\u00e9ria e RDC. A an\u00e1lise \u00e9 apoiada pela ONU e outras entidades.<\/p>\n<p>O documento alerta que conflitos e fen\u00f3menos clim\u00e1ticos extremos podem manter ou agravar condi\u00e7\u00f5es, deixando perspetivas para 2026 sombrias. A fome foi identificada pela primeira vez em Gaza e no Sud\u00e3o, no mesmo ano.<\/p>\n<p>No total, cerca de 266 milh\u00f5es de pessoas em 47 pa\u00edses enfrentaram inseguran\u00e7a alimentar aguda em 2025, quase o dobro de 2016, segundo o relat\u00f3rio. Organiza\u00e7\u00f5es citadas indicam terem sido usados dados de pol\u00edticas humanit\u00e1rias.<\/p>\n<p>A n\u00edvel global, os conflitos continuam a ser o principal fator de inseguran\u00e7a alimentar aguda, com concentra\u00e7\u00f5es elevadas em dez pa\u00edses. Mudan\u00e7as positivas em alguns locais n\u00e3o compensaram deteriora\u00e7\u00f5es noutras regi\u00f5es.<\/p>\n<h3>Contexto global<\/h3>\n<p>O relat\u00f3rio aponta que Afeganist\u00e3o, Bangladesh, RDC, Myanmar, Nig\u00e9ria, Paquist\u00e3o, Sud\u00e3o do Sul, Sud\u00e3o, S\u00edria e I\u00e9men continuam a concentrar o maior risco de fome. Desafios incluem ajuda internacional em queda e impactos clim\u00e1ticos.<\/p>\n<h3>Rigidez de cen\u00e1rios e medidas<\/h3>\n<p>O texto assinala impacto do bloqueio do Estreito de Ormuz, que elevou pre\u00e7os de fertilizantes e aumentou custos de produ\u00e7\u00e3o agr\u00edcola. A falta de fertilizantes pressiona pequenos agricultores e a capacidade de cultivo.<\/p>\n","protected":false},"excerpt":{"rendered":"<ul>\n<li>Dois ter\u00e7os das pessoas em crise alimentar em todo o mundo no ano passado viveram em apenas dez pa\u00edses, com destaque para Sud\u00e3o, Nig\u00e9ria e Rep\u00fablica Democr\u00e1tica do Congo.<\/li>\n<li>Cerca de 266 milh\u00f5es de pessoas em 47 pa\u00edses ou territ\u00f3rios sofreram n\u00edveis elevados de inseguran\u00e7a alimentar aguda, quase o dobro do que em 2016.<\/li>\n<li>O relat\u00f3rio indica que conflitos permanecem como principal fator de inseguran\u00e7a alimentar e que, pela primeira vez, houve fome confirmada em Gaza e em partes do Sud\u00e3o no mesmo ano.<\/li>\n<li>As perspetivas para 2026 s\u00e3o consideradas sombrias, devido a conflitos ativos e extremos clim\u00e1ticos que podem manter ou agravar as crises.<\/li>\n<li>O bloqueio do Estreito de Ormuz e a diminui\u00e7\u00e3o da ajuda internacional podem agravar as crises, elevando deslocamentos e o custo dos fertilizantes; apela-se a apoiar agricultores com culturas resistentes e melhoria da sa\u00fade do solo.<\/li>\n<\/ul>\n","protected":false},"author":2,"featured_media":458207,"comment_status":"closed","ping_status":"closed","sticky":false,"template":"","format":"standard","meta":{"footnotes":""},"categories":[6912,5],"tags":[9702,9068,9701,7885,9147,5123],"class_list":["post-458201","post","type-post","status-publish","format-standard","has-post-thumbnail","hentry","category-internacionais","category-politica","tag-_afeganistao","tag-_conflitos","tag-_nigeria","tag-_seguranca-alimentar","tag-_siria","tag-onu"],"yoast_head":"<!-- This site is optimized with the Yoast SEO plugin v27.2 - https:\/\/yoast.com\/product\/yoast-seo-wordpress\/ -->\n<title>Dois ter\u00e7os das pessoas com mais fome em 10 pa\u00edses, diz ONU - Portal Tela Portugal<\/title>\n<meta name=\"robots\" content=\"index, follow, max-snippet:-1, max-image-preview:large, max-video-preview:-1\" \/>\n<meta property=\"og:locale\" content=\"pt_PT\" \/>\n<meta property=\"og:type\" content=\"article\" \/>\n<meta property=\"og:title\" content=\"Dois ter\u00e7os das pessoas com mais fome em 10 pa\u00edses, diz ONU - Portal Tela Portugal\" \/>\n<meta property=\"og:description\" content=\"Dois ter\u00e7os das pessoas em crise alimentar em todo o mundo no ano passado viveram em apenas dez pa\u00edses, com destaque para Sud\u00e3o, Nig\u00e9ria e Rep\u00fablica Democr\u00e1tica do Congo. Cerca de 266 milh\u00f5es de pessoas em 47 pa\u00edses ou territ\u00f3rios sofreram n\u00edveis elevados de inseguran\u00e7a alimentar aguda, quase o dobro do que em 2016. O relat\u00f3rio indica que conflitos permanecem como principal fator de inseguran\u00e7a alimentar e que, pela primeira vez, houve fome confirmada em Gaza e em partes do Sud\u00e3o no mesmo ano. As perspetivas para 2026 s\u00e3o consideradas sombrias, devido a conflitos ativos e extremos clim\u00e1ticos que podem manter ou agravar as crises. O bloqueio do Estreito de Ormuz e a diminui\u00e7\u00e3o da ajuda internacional podem agravar as crises, elevando deslocamentos e o custo dos fertilizantes; apela-se a apoiar agricultores com culturas resistentes e melhoria da sa\u00fade do solo.\" \/>\n<meta property=\"og:url\" content=\"https:\/\/portaltela.pt\/noticias\/2026\/04\/24\/dois-tercos-das-pessoas-com-mais-fome-em-10-paises-diz-onu\/\" \/>\n<meta property=\"og:site_name\" content=\"Portal Tela Portugal\" \/>\n<meta property=\"article:published_time\" content=\"2026-04-24T17:48:16+00:00\" \/>\n<meta name=\"author\" content=\"Telinha\" \/>\n<meta name=\"twitter:card\" content=\"summary_large_image\" \/>\n<meta name=\"twitter:label1\" content=\"Escrito por\" \/>\n\t<meta name=\"twitter:data1\" content=\"Telinha\" \/>\n\t<meta name=\"twitter:label2\" content=\"Tempo estimado de leitura\" \/>\n\t<meta name=\"twitter:data2\" content=\"1 minuto\" \/>\n<script type=\"application\/ld+json\" class=\"yoast-schema-graph\">{\"@context\":\"https:\/\/schema.org\",\"@graph\":[{\"@type\":\"Article\",\"@id\":\"https:\/\/portaltela.pt\/noticias\/2026\/04\/24\/dois-tercos-das-pessoas-com-mais-fome-em-10-paises-diz-onu\/#article\",\"isPartOf\":{\"@id\":\"https:\/\/portaltela.pt\/noticias\/2026\/04\/24\/dois-tercos-das-pessoas-com-mais-fome-em-10-paises-diz-onu\/\"},\"author\":{\"name\":\"Telinha\",\"@id\":\"https:\/\/portaltela.pt\/#\/schema\/person\/c4278d4a6028830caff9ee44b42d32ed\"},\"headline\":\"Dois ter\u00e7os das pessoas com mais fome em 10 pa\u00edses, diz ONU\",\"datePublished\":\"2026-04-24T17:48:16+00:00\",\"mainEntityOfPage\":{\"@id\":\"https:\/\/portaltela.pt\/noticias\/2026\/04\/24\/dois-tercos-das-pessoas-com-mais-fome-em-10-paises-diz-onu\/\"},\"wordCount\":261,\"image\":{\"@id\":\"https:\/\/portaltela.pt\/noticias\/2026\/04\/24\/dois-tercos-das-pessoas-com-mais-fome-em-10-paises-diz-onu\/#primaryimage\"},\"thumbnailUrl\":\"https:\/\/portaltela.pt\/s.01k8rhncp4jt1\/2026\/04\/1536x864_cmsv2_6122d43f-c9c0-54dd-a25c-35f645bf2f93-9735025.jpg\",\"keywords\":[\"_Afeganist\u00e3o\",\"_conflitos\",\"_Nig\u00e9ria\",\"_seguran\u00e7a alimentar\",\"_S\u00edria\",\"ONU\"],\"articleSection\":[\"Internacionais\",\"Pol\u00edtica\"],\"inLanguage\":\"pt-PT\"},{\"@type\":\"WebPage\",\"@id\":\"https:\/\/portaltela.pt\/noticias\/2026\/04\/24\/dois-tercos-das-pessoas-com-mais-fome-em-10-paises-diz-onu\/\",\"url\":\"https:\/\/portaltela.pt\/noticias\/2026\/04\/24\/dois-tercos-das-pessoas-com-mais-fome-em-10-paises-diz-onu\/\",\"name\":\"Dois ter\u00e7os das pessoas com mais fome em 10 pa\u00edses, diz ONU - Portal Tela Portugal\",\"isPartOf\":{\"@id\":\"https:\/\/portaltela.pt\/#website\"},\"primaryImageOfPage\":{\"@id\":\"https:\/\/portaltela.pt\/noticias\/2026\/04\/24\/dois-tercos-das-pessoas-com-mais-fome-em-10-paises-diz-onu\/#primaryimage\"},\"image\":{\"@id\":\"https:\/\/portaltela.pt\/noticias\/2026\/04\/24\/dois-tercos-das-pessoas-com-mais-fome-em-10-paises-diz-onu\/#primaryimage\"},\"thumbnailUrl\":\"https:\/\/portaltela.pt\/s.01k8rhncp4jt1\/2026\/04\/1536x864_cmsv2_6122d43f-c9c0-54dd-a25c-35f645bf2f93-9735025.jpg\",\"datePublished\":\"2026-04-24T17:48:16+00:00\",\"author\":{\"@id\":\"https:\/\/portaltela.pt\/#\/schema\/person\/c4278d4a6028830caff9ee44b42d32ed\"},\"breadcrumb\":{\"@id\":\"https:\/\/portaltela.pt\/noticias\/2026\/04\/24\/dois-tercos-das-pessoas-com-mais-fome-em-10-paises-diz-onu\/#breadcrumb\"},\"inLanguage\":\"pt-PT\",\"potentialAction\":[{\"@type\":\"ReadAction\",\"target\":[\"https:\/\/portaltela.pt\/noticias\/2026\/04\/24\/dois-tercos-das-pessoas-com-mais-fome-em-10-paises-diz-onu\/\"]}]},{\"@type\":\"ImageObject\",\"inLanguage\":\"pt-PT\",\"@id\":\"https:\/\/portaltela.pt\/noticias\/2026\/04\/24\/dois-tercos-das-pessoas-com-mais-fome-em-10-paises-diz-onu\/#primaryimage\",\"url\":\"https:\/\/portaltela.pt\/s.01k8rhncp4jt1\/2026\/04\/1536x864_cmsv2_6122d43f-c9c0-54dd-a25c-35f645bf2f93-9735025.jpg\",\"contentUrl\":\"https:\/\/portaltela.pt\/s.01k8rhncp4jt1\/2026\/04\/1536x864_cmsv2_6122d43f-c9c0-54dd-a25c-35f645bf2f93-9735025.jpg\",\"width\":1536,\"height\":864,\"caption\":\"ARQUIVO - Um trabalhador caminha ao lado de uma pilha de sacos de alimentos destinados \u00e0s regi\u00f5es de Tigray e Afar num armaz\u00e9m do Programa Alimentar Mundial (PAM) em Semera.\"},{\"@type\":\"BreadcrumbList\",\"@id\":\"https:\/\/portaltela.pt\/noticias\/2026\/04\/24\/dois-tercos-das-pessoas-com-mais-fome-em-10-paises-diz-onu\/#breadcrumb\",\"itemListElement\":[{\"@type\":\"ListItem\",\"position\":1,\"name\":\"In\u00edcio\",\"item\":\"https:\/\/portaltela.pt\/\"},{\"@type\":\"ListItem\",\"position\":2,\"name\":\"Dois ter\u00e7os das pessoas com mais fome em 10 pa\u00edses, diz ONU\"}]},{\"@type\":\"WebSite\",\"@id\":\"https:\/\/portaltela.pt\/#website\",\"url\":\"https:\/\/portaltela.pt\/\",\"name\":\"Portal Tela Portugal\",\"description\":\"\",\"potentialAction\":[{\"@type\":\"SearchAction\",\"target\":{\"@type\":\"EntryPoint\",\"urlTemplate\":\"https:\/\/portaltela.pt\/?s={search_term_string}\"},\"query-input\":{\"@type\":\"PropertyValueSpecification\",\"valueRequired\":true,\"valueName\":\"search_term_string\"}}],\"inLanguage\":\"pt-PT\"},{\"@type\":\"Person\",\"@id\":\"https:\/\/portaltela.pt\/#\/schema\/person\/c4278d4a6028830caff9ee44b42d32ed\",\"name\":\"Telinha\",\"image\":{\"@type\":\"ImageObject\",\"inLanguage\":\"pt-PT\",\"@id\":\"https:\/\/portaltela.pt\/s.01k8rhncp4jt1\/2025\/11\/talking-bot-125x125.png\",\"url\":\"https:\/\/portaltela.pt\/s.01k8rhncp4jt1\/2025\/11\/talking-bot-125x125.png\",\"contentUrl\":\"https:\/\/portaltela.pt\/s.01k8rhncp4jt1\/2025\/11\/talking-bot-125x125.png\",\"caption\":\"Telinha\"},\"sameAs\":[\"https:\/\/portaltela.pt\/\"],\"url\":\"https:\/\/portaltela.pt\/por\/367410592786\/\"}]}<\/script>\n<!-- \/ Yoast SEO plugin. -->","yoast_head_json":{"title":"Dois ter\u00e7os das pessoas com mais fome em 10 pa\u00edses, diz ONU - Portal Tela Portugal","robots":{"index":"index","follow":"follow","max-snippet":"max-snippet:-1","max-image-preview":"max-image-preview:large","max-video-preview":"max-video-preview:-1"},"og_locale":"pt_PT","og_type":"article","og_title":"Dois ter\u00e7os das pessoas com mais fome em 10 pa\u00edses, diz ONU - Portal Tela Portugal","og_description":"Dois ter\u00e7os das pessoas em crise alimentar em todo o mundo no ano passado viveram em apenas dez pa\u00edses, com destaque para Sud\u00e3o, Nig\u00e9ria e Rep\u00fablica Democr\u00e1tica do Congo. Cerca de 266 milh\u00f5es de pessoas em 47 pa\u00edses ou territ\u00f3rios sofreram n\u00edveis elevados de inseguran\u00e7a alimentar aguda, quase o dobro do que em 2016. O relat\u00f3rio indica que conflitos permanecem como principal fator de inseguran\u00e7a alimentar e que, pela primeira vez, houve fome confirmada em Gaza e em partes do Sud\u00e3o no mesmo ano. As perspetivas para 2026 s\u00e3o consideradas sombrias, devido a conflitos ativos e extremos clim\u00e1ticos que podem manter ou agravar as crises. O bloqueio do Estreito de Ormuz e a diminui\u00e7\u00e3o da ajuda internacional podem agravar as crises, elevando deslocamentos e o custo dos fertilizantes; apela-se a apoiar agricultores com culturas resistentes e melhoria da sa\u00fade do solo.","og_url":"https:\/\/portaltela.pt\/noticias\/2026\/04\/24\/dois-tercos-das-pessoas-com-mais-fome-em-10-paises-diz-onu\/","og_site_name":"Portal Tela Portugal","article_published_time":"2026-04-24T17:48:16+00:00","author":"Telinha","twitter_card":"summary_large_image","twitter_misc":{"Escrito por":"Telinha","Tempo estimado de leitura":"1 minuto"},"schema":{"@context":"https:\/\/schema.org","@graph":[{"@type":"Article","@id":"https:\/\/portaltela.pt\/noticias\/2026\/04\/24\/dois-tercos-das-pessoas-com-mais-fome-em-10-paises-diz-onu\/#article","isPartOf":{"@id":"https:\/\/portaltela.pt\/noticias\/2026\/04\/24\/dois-tercos-das-pessoas-com-mais-fome-em-10-paises-diz-onu\/"},"author":{"name":"Telinha","@id":"https:\/\/portaltela.pt\/#\/schema\/person\/c4278d4a6028830caff9ee44b42d32ed"},"headline":"Dois ter\u00e7os das pessoas com mais fome em 10 pa\u00edses, diz ONU","datePublished":"2026-04-24T17:48:16+00:00","mainEntityOfPage":{"@id":"https:\/\/portaltela.pt\/noticias\/2026\/04\/24\/dois-tercos-das-pessoas-com-mais-fome-em-10-paises-diz-onu\/"},"wordCount":261,"image":{"@id":"https:\/\/portaltela.pt\/noticias\/2026\/04\/24\/dois-tercos-das-pessoas-com-mais-fome-em-10-paises-diz-onu\/#primaryimage"},"thumbnailUrl":"https:\/\/portaltela.pt\/s.01k8rhncp4jt1\/2026\/04\/1536x864_cmsv2_6122d43f-c9c0-54dd-a25c-35f645bf2f93-9735025.jpg","keywords":["_Afeganist\u00e3o","_conflitos","_Nig\u00e9ria","_seguran\u00e7a alimentar","_S\u00edria","ONU"],"articleSection":["Internacionais","Pol\u00edtica"],"inLanguage":"pt-PT"},{"@type":"WebPage","@id":"https:\/\/portaltela.pt\/noticias\/2026\/04\/24\/dois-tercos-das-pessoas-com-mais-fome-em-10-paises-diz-onu\/","url":"https:\/\/portaltela.pt\/noticias\/2026\/04\/24\/dois-tercos-das-pessoas-com-mais-fome-em-10-paises-diz-onu\/","name":"Dois ter\u00e7os das pessoas com mais fome em 10 pa\u00edses, diz ONU - Portal Tela Portugal","isPartOf":{"@id":"https:\/\/portaltela.pt\/#website"},"primaryImageOfPage":{"@id":"https:\/\/portaltela.pt\/noticias\/2026\/04\/24\/dois-tercos-das-pessoas-com-mais-fome-em-10-paises-diz-onu\/#primaryimage"},"image":{"@id":"https:\/\/portaltela.pt\/noticias\/2026\/04\/24\/dois-tercos-das-pessoas-com-mais-fome-em-10-paises-diz-onu\/#primaryimage"},"thumbnailUrl":"https:\/\/portaltela.pt\/s.01k8rhncp4jt1\/2026\/04\/1536x864_cmsv2_6122d43f-c9c0-54dd-a25c-35f645bf2f93-9735025.jpg","datePublished":"2026-04-24T17:48:16+00:00","author":{"@id":"https:\/\/portaltela.pt\/#\/schema\/person\/c4278d4a6028830caff9ee44b42d32ed"},"breadcrumb":{"@id":"https:\/\/portaltela.pt\/noticias\/2026\/04\/24\/dois-tercos-das-pessoas-com-mais-fome-em-10-paises-diz-onu\/#breadcrumb"},"inLanguage":"pt-PT","potentialAction":[{"@type":"ReadAction","target":["https:\/\/portaltela.pt\/noticias\/2026\/04\/24\/dois-tercos-das-pessoas-com-mais-fome-em-10-paises-diz-onu\/"]}]},{"@type":"ImageObject","inLanguage":"pt-PT","@id":"https:\/\/portaltela.pt\/noticias\/2026\/04\/24\/dois-tercos-das-pessoas-com-mais-fome-em-10-paises-diz-onu\/#primaryimage","url":"https:\/\/portaltela.pt\/s.01k8rhncp4jt1\/2026\/04\/1536x864_cmsv2_6122d43f-c9c0-54dd-a25c-35f645bf2f93-9735025.jpg","contentUrl":"https:\/\/portaltela.pt\/s.01k8rhncp4jt1\/2026\/04\/1536x864_cmsv2_6122d43f-c9c0-54dd-a25c-35f645bf2f93-9735025.jpg","width":1536,"height":864,"caption":"ARQUIVO - Um trabalhador caminha ao lado de uma pilha de sacos de alimentos destinados \u00e0s regi\u00f5es de Tigray e Afar num armaz\u00e9m do Programa Alimentar Mundial (PAM) em Semera."},{"@type":"BreadcrumbList","@id":"https:\/\/portaltela.pt\/noticias\/2026\/04\/24\/dois-tercos-das-pessoas-com-mais-fome-em-10-paises-diz-onu\/#breadcrumb","itemListElement":[{"@type":"ListItem","position":1,"name":"In\u00edcio","item":"https:\/\/portaltela.pt\/"},{"@type":"ListItem","position":2,"name":"Dois ter\u00e7os das pessoas com mais fome em 10 pa\u00edses, diz ONU"}]},{"@type":"WebSite","@id":"https:\/\/portaltela.pt\/#website","url":"https:\/\/portaltela.pt\/","name":"Portal Tela Portugal","description":"","potentialAction":[{"@type":"SearchAction","target":{"@type":"EntryPoint","urlTemplate":"https:\/\/portaltela.pt\/?s={search_term_string}"},"query-input":{"@type":"PropertyValueSpecification","valueRequired":true,"valueName":"search_term_string"}}],"inLanguage":"pt-PT"},{"@type":"Person","@id":"https:\/\/portaltela.pt\/#\/schema\/person\/c4278d4a6028830caff9ee44b42d32ed","name":"Telinha","image":{"@type":"ImageObject","inLanguage":"pt-PT","@id":"https:\/\/portaltela.pt\/s.01k8rhncp4jt1\/2025\/11\/talking-bot-125x125.png","url":"https:\/\/portaltela.pt\/s.01k8rhncp4jt1\/2025\/11\/talking-bot-125x125.png","contentUrl":"https:\/\/portaltela.pt\/s.01k8rhncp4jt1\/2025\/11\/talking-bot-125x125.png","caption":"Telinha"},"sameAs":["https:\/\/portaltela.pt\/"],"url":"https:\/\/portaltela.pt\/por\/367410592786\/"}]}},"_links":{"self":[{"href":"https:\/\/portaltela.pt\/api\/wp\/v2\/posts\/458201","targetHints":{"allow":["GET"]}}],"collection":[{"href":"https:\/\/portaltela.pt\/api\/wp\/v2\/posts"}],"about":[{"href":"https:\/\/portaltela.pt\/api\/wp\/v2\/types\/post"}],"author":[{"embeddable":true,"href":"https:\/\/portaltela.pt\/api\/wp\/v2\/users\/2"}],"replies":[{"embeddable":true,"href":"https:\/\/portaltela.pt\/api\/wp\/v2\/comments?post=458201"}],"version-history":[{"count":0,"href":"https:\/\/portaltela.pt\/api\/wp\/v2\/posts\/458201\/revisions"}],"wp:featuredmedia":[{"embeddable":true,"href":"https:\/\/portaltela.pt\/api\/wp\/v2\/media\/458207"}],"wp:attachment":[{"href":"https:\/\/portaltela.pt\/api\/wp\/v2\/media?parent=458201"}],"wp:term":[{"taxonomy":"category","embeddable":true,"href":"https:\/\/portaltela.pt\/api\/wp\/v2\/categories?post=458201"},{"taxonomy":"post_tag","embeddable":true,"href":"https:\/\/portaltela.pt\/api\/wp\/v2\/tags?post=458201"}],"curies":[{"name":"wp","href":"https:\/\/api.w.org\/{rel}","templated":true}]}}