{"id":458123,"date":"2026-04-24T13:48:19","date_gmt":"2026-04-24T16:48:19","guid":{"rendered":"https:\/\/portaltela.pt\/noticias\/2026\/04\/24\/prestianni-cumpre-castigo-por-insultos-a-vini-jr-quando-e-como\/"},"modified":"2026-04-24T13:48:19","modified_gmt":"2026-04-24T16:48:19","slug":"prestianni-cumpre-castigo-por-insultos-a-vini-jr-quando-e-como","status":"publish","type":"post","link":"https:\/\/portaltela.pt\/desporto\/futebol\/2026\/04\/24\/prestianni-cumpre-castigo-por-insultos-a-vini-jr-quando-e-como\/","title":{"rendered":"Prestianni cumpre castigo por insultos a Vini Jr: quando e como?"},"content":{"rendered":"<p>A UEFA comunicou nesta sexta-feira a san\u00e7\u00e3o aplicada a Prestianni pelo insulto a Vin\u00edcius J\u00fanior durante a 1\u00aa m\u00e3o dos play-offs de acesso aos oitavos da Liga dos Campe\u00f5es. A medida consiste numa suspens\u00e3o de seis jogos para o extremo do Benfica.<\/p>\n<p>A decis\u00e3o envolve diretamente o jogador benfiquista, o advers\u00e1rio Vin\u00edcius J\u00fanior e o clube de Lisboa, que acompanha o processo. A san\u00e7\u00e3o foi anunciada ap\u00f3s avalia\u00e7\u00e3o do incidente no encontro da eliminat\u00f3ria.<\/p>\n<p>Valter Marques, editor do Record, detalha os contornos da pena, aclarando como e quando o jogador ir\u00e1 cumprir os seis jogos. O relato explica o calend\u00e1rio prov\u00e1vel de castigo e as implica\u00e7\u00f5es para o Benfica nesta fase da competi\u00e7\u00e3o.<\/p>\n","protected":false},"excerpt":{"rendered":"<ul>\n<li>A UEFA comunicou a san\u00e7\u00e3o de seis jogos a Prestianni pelo insulto a Vin\u00edcius J\u00fanior no jogo da 1\u00aa m\u00e3o dos playoffs da Liga dos Campe\u00f5es.<\/li>\n<li>A puni\u00e7\u00e3o aplica-se ao extremo do Benfica e come\u00e7a a contar nos pr\u00f3ximos jogos oficiais.<\/li>\n<li>Valter Marques, editor de Record, explica os detalhes da san\u00e7\u00e3o e como e quando \u00e9 que Prestianni ir\u00e1 cumprir os seis jogos de castigo.<\/li>\n<li>A UEFA n\u00e3o especifica datas exatas dos jogos de cumprimento; depender\u00e1 do calend\u00e1rio do Benfica.<\/li>\n<li>O caso ocorreu durante a eliminat\u00f3ria que decide a qualifica\u00e7\u00e3o para os oitavos de final da Liga dos Campe\u00f5es.<\/li>\n<\/ul>\n","protected":false},"author":2,"featured_media":458131,"comment_status":"closed","ping_status":"closed","sticky":false,"template":"","format":"standard","meta":{"footnotes":""},"categories":[21,24],"tags":[1946,3577,32,1786,3817,2265],"class_list":["post-458123","post","type-post","status-publish","format-standard","has-post-thumbnail","hentry","category-desporto","category-futebol","tag-benfica","tag-champions-league","tag-futebol","tag-liga","tag-prestianni","tag-vinicius-junior"],"yoast_head":"<!-- This site is optimized with the Yoast SEO plugin v27.2 - https:\/\/yoast.com\/product\/yoast-seo-wordpress\/ -->\n<title>Prestianni cumpre castigo por insultos a Vini Jr: quando e como? - Portal Tela Portugal<\/title>\n<meta name=\"robots\" content=\"index, follow, max-snippet:-1, max-image-preview:large, max-video-preview:-1\" \/>\n<meta property=\"og:locale\" content=\"pt_PT\" \/>\n<meta property=\"og:type\" content=\"article\" \/>\n<meta property=\"og:title\" content=\"Prestianni cumpre castigo por insultos a Vini Jr: quando e como? - Portal Tela Portugal\" \/>\n<meta property=\"og:description\" content=\"A UEFA comunicou a san\u00e7\u00e3o de seis jogos a Prestianni pelo insulto a Vin\u00edcius J\u00fanior no jogo da 1\u00aa m\u00e3o dos playoffs da Liga dos Campe\u00f5es. A puni\u00e7\u00e3o aplica-se ao extremo do Benfica e come\u00e7a a contar nos pr\u00f3ximos jogos oficiais. Valter Marques, editor de Record, explica os detalhes da san\u00e7\u00e3o e como e quando \u00e9 que Prestianni ir\u00e1 cumprir os seis jogos de castigo. A UEFA n\u00e3o especifica datas exatas dos jogos de cumprimento; depender\u00e1 do calend\u00e1rio do Benfica. O caso ocorreu durante a eliminat\u00f3ria que decide a qualifica\u00e7\u00e3o para os oitavos de final da Liga dos Campe\u00f5es.\" \/>\n<meta property=\"og:url\" content=\"https:\/\/portaltela.pt\/noticias\/2026\/04\/24\/prestianni-cumpre-castigo-por-insultos-a-vini-jr-quando-e-como\/\" \/>\n<meta property=\"og:site_name\" content=\"Portal Tela Portugal\" \/>\n<meta property=\"article:published_time\" content=\"2026-04-24T16:48:19+00:00\" \/>\n<meta name=\"author\" content=\"Telinha\" \/>\n<meta name=\"twitter:card\" content=\"summary_large_image\" \/>\n<meta name=\"twitter:label1\" content=\"Escrito por\" \/>\n\t<meta name=\"twitter:data1\" content=\"Telinha\" \/>\n\t<meta name=\"twitter:label2\" content=\"Tempo estimado de leitura\" \/>\n\t<meta name=\"twitter:data2\" content=\"1 minuto\" \/>\n<script type=\"application\/ld+json\" class=\"yoast-schema-graph\">{\"@context\":\"https:\/\/schema.org\",\"@graph\":[{\"@type\":\"Article\",\"@id\":\"https:\/\/portaltela.pt\/noticias\/2026\/04\/24\/prestianni-cumpre-castigo-por-insultos-a-vini-jr-quando-e-como\/#article\",\"isPartOf\":{\"@id\":\"https:\/\/portaltela.pt\/noticias\/2026\/04\/24\/prestianni-cumpre-castigo-por-insultos-a-vini-jr-quando-e-como\/\"},\"author\":{\"name\":\"Telinha\",\"@id\":\"https:\/\/portaltela.pt\/#\/schema\/person\/c4278d4a6028830caff9ee44b42d32ed\"},\"headline\":\"Prestianni cumpre castigo por insultos a Vini Jr: quando e como?\",\"datePublished\":\"2026-04-24T16:48:19+00:00\",\"mainEntityOfPage\":{\"@id\":\"https:\/\/portaltela.pt\/noticias\/2026\/04\/24\/prestianni-cumpre-castigo-por-insultos-a-vini-jr-quando-e-como\/\"},\"wordCount\":141,\"image\":{\"@id\":\"https:\/\/portaltela.pt\/noticias\/2026\/04\/24\/prestianni-cumpre-castigo-por-insultos-a-vini-jr-quando-e-como\/#primaryimage\"},\"thumbnailUrl\":\"https:\/\/portaltela.pt\/s.01k8rhncp4jt1\/2026\/04\/img_1200x721uu2026-04-24-17-27-11-2435059.jpg\",\"keywords\":[\"Benfica\",\"Champions League\",\"futebol\",\"Liga\",\"Prestianni\",\"Vin\u00edcius J\u00fanior\"],\"articleSection\":[\"Desporto\",\"Futebol\"],\"inLanguage\":\"pt-PT\"},{\"@type\":\"WebPage\",\"@id\":\"https:\/\/portaltela.pt\/noticias\/2026\/04\/24\/prestianni-cumpre-castigo-por-insultos-a-vini-jr-quando-e-como\/\",\"url\":\"https:\/\/portaltela.pt\/noticias\/2026\/04\/24\/prestianni-cumpre-castigo-por-insultos-a-vini-jr-quando-e-como\/\",\"name\":\"Prestianni cumpre castigo por insultos a Vini Jr: quando e como? - Portal Tela Portugal\",\"isPartOf\":{\"@id\":\"https:\/\/portaltela.pt\/#website\"},\"primaryImageOfPage\":{\"@id\":\"https:\/\/portaltela.pt\/noticias\/2026\/04\/24\/prestianni-cumpre-castigo-por-insultos-a-vini-jr-quando-e-como\/#primaryimage\"},\"image\":{\"@id\":\"https:\/\/portaltela.pt\/noticias\/2026\/04\/24\/prestianni-cumpre-castigo-por-insultos-a-vini-jr-quando-e-como\/#primaryimage\"},\"thumbnailUrl\":\"https:\/\/portaltela.pt\/s.01k8rhncp4jt1\/2026\/04\/img_1200x721uu2026-04-24-17-27-11-2435059.jpg\",\"datePublished\":\"2026-04-24T16:48:19+00:00\",\"author\":{\"@id\":\"https:\/\/portaltela.pt\/#\/schema\/person\/c4278d4a6028830caff9ee44b42d32ed\"},\"breadcrumb\":{\"@id\":\"https:\/\/portaltela.pt\/noticias\/2026\/04\/24\/prestianni-cumpre-castigo-por-insultos-a-vini-jr-quando-e-como\/#breadcrumb\"},\"inLanguage\":\"pt-PT\",\"potentialAction\":[{\"@type\":\"ReadAction\",\"target\":[\"https:\/\/portaltela.pt\/noticias\/2026\/04\/24\/prestianni-cumpre-castigo-por-insultos-a-vini-jr-quando-e-como\/\"]}]},{\"@type\":\"ImageObject\",\"inLanguage\":\"pt-PT\",\"@id\":\"https:\/\/portaltela.pt\/noticias\/2026\/04\/24\/prestianni-cumpre-castigo-por-insultos-a-vini-jr-quando-e-como\/#primaryimage\",\"url\":\"https:\/\/portaltela.pt\/s.01k8rhncp4jt1\/2026\/04\/img_1200x721uu2026-04-24-17-27-11-2435059.jpg\",\"contentUrl\":\"https:\/\/portaltela.pt\/s.01k8rhncp4jt1\/2026\/04\/img_1200x721uu2026-04-24-17-27-11-2435059.jpg\",\"width\":1200,\"height\":721,\"caption\":\"Como e quando \u00e9 que Prestianni vai cumprir os jogos de castigo pelos insultos a Vini Jr\"},{\"@type\":\"BreadcrumbList\",\"@id\":\"https:\/\/portaltela.pt\/noticias\/2026\/04\/24\/prestianni-cumpre-castigo-por-insultos-a-vini-jr-quando-e-como\/#breadcrumb\",\"itemListElement\":[{\"@type\":\"ListItem\",\"position\":1,\"name\":\"In\u00edcio\",\"item\":\"https:\/\/portaltela.pt\/\"},{\"@type\":\"ListItem\",\"position\":2,\"name\":\"Prestianni cumpre castigo por insultos a Vini Jr: quando e como?\"}]},{\"@type\":\"WebSite\",\"@id\":\"https:\/\/portaltela.pt\/#website\",\"url\":\"https:\/\/portaltela.pt\/\",\"name\":\"Portal Tela Portugal\",\"description\":\"\",\"potentialAction\":[{\"@type\":\"SearchAction\",\"target\":{\"@type\":\"EntryPoint\",\"urlTemplate\":\"https:\/\/portaltela.pt\/?s={search_term_string}\"},\"query-input\":{\"@type\":\"PropertyValueSpecification\",\"valueRequired\":true,\"valueName\":\"search_term_string\"}}],\"inLanguage\":\"pt-PT\"},{\"@type\":\"Person\",\"@id\":\"https:\/\/portaltela.pt\/#\/schema\/person\/c4278d4a6028830caff9ee44b42d32ed\",\"name\":\"Telinha\",\"image\":{\"@type\":\"ImageObject\",\"inLanguage\":\"pt-PT\",\"@id\":\"https:\/\/portaltela.pt\/s.01k8rhncp4jt1\/2025\/11\/talking-bot-125x125.png\",\"url\":\"https:\/\/portaltela.pt\/s.01k8rhncp4jt1\/2025\/11\/talking-bot-125x125.png\",\"contentUrl\":\"https:\/\/portaltela.pt\/s.01k8rhncp4jt1\/2025\/11\/talking-bot-125x125.png\",\"caption\":\"Telinha\"},\"sameAs\":[\"https:\/\/portaltela.pt\/\"],\"url\":\"https:\/\/portaltela.pt\/por\/367410592786\/\"}]}<\/script>\n<!-- \/ Yoast SEO plugin. -->","yoast_head_json":{"title":"Prestianni cumpre castigo por insultos a Vini Jr: quando e como? - Portal Tela Portugal","robots":{"index":"index","follow":"follow","max-snippet":"max-snippet:-1","max-image-preview":"max-image-preview:large","max-video-preview":"max-video-preview:-1"},"og_locale":"pt_PT","og_type":"article","og_title":"Prestianni cumpre castigo por insultos a Vini Jr: quando e como? - Portal Tela Portugal","og_description":"A UEFA comunicou a san\u00e7\u00e3o de seis jogos a Prestianni pelo insulto a Vin\u00edcius J\u00fanior no jogo da 1\u00aa m\u00e3o dos playoffs da Liga dos Campe\u00f5es. A puni\u00e7\u00e3o aplica-se ao extremo do Benfica e come\u00e7a a contar nos pr\u00f3ximos jogos oficiais. Valter Marques, editor de Record, explica os detalhes da san\u00e7\u00e3o e como e quando \u00e9 que Prestianni ir\u00e1 cumprir os seis jogos de castigo. A UEFA n\u00e3o especifica datas exatas dos jogos de cumprimento; depender\u00e1 do calend\u00e1rio do Benfica. O caso ocorreu durante a eliminat\u00f3ria que decide a qualifica\u00e7\u00e3o para os oitavos de final da Liga dos Campe\u00f5es.","og_url":"https:\/\/portaltela.pt\/noticias\/2026\/04\/24\/prestianni-cumpre-castigo-por-insultos-a-vini-jr-quando-e-como\/","og_site_name":"Portal Tela Portugal","article_published_time":"2026-04-24T16:48:19+00:00","author":"Telinha","twitter_card":"summary_large_image","twitter_misc":{"Escrito por":"Telinha","Tempo estimado de leitura":"1 minuto"},"schema":{"@context":"https:\/\/schema.org","@graph":[{"@type":"Article","@id":"https:\/\/portaltela.pt\/noticias\/2026\/04\/24\/prestianni-cumpre-castigo-por-insultos-a-vini-jr-quando-e-como\/#article","isPartOf":{"@id":"https:\/\/portaltela.pt\/noticias\/2026\/04\/24\/prestianni-cumpre-castigo-por-insultos-a-vini-jr-quando-e-como\/"},"author":{"name":"Telinha","@id":"https:\/\/portaltela.pt\/#\/schema\/person\/c4278d4a6028830caff9ee44b42d32ed"},"headline":"Prestianni cumpre castigo por insultos a Vini Jr: quando e como?","datePublished":"2026-04-24T16:48:19+00:00","mainEntityOfPage":{"@id":"https:\/\/portaltela.pt\/noticias\/2026\/04\/24\/prestianni-cumpre-castigo-por-insultos-a-vini-jr-quando-e-como\/"},"wordCount":141,"image":{"@id":"https:\/\/portaltela.pt\/noticias\/2026\/04\/24\/prestianni-cumpre-castigo-por-insultos-a-vini-jr-quando-e-como\/#primaryimage"},"thumbnailUrl":"https:\/\/portaltela.pt\/s.01k8rhncp4jt1\/2026\/04\/img_1200x721uu2026-04-24-17-27-11-2435059.jpg","keywords":["Benfica","Champions League","futebol","Liga","Prestianni","Vin\u00edcius J\u00fanior"],"articleSection":["Desporto","Futebol"],"inLanguage":"pt-PT"},{"@type":"WebPage","@id":"https:\/\/portaltela.pt\/noticias\/2026\/04\/24\/prestianni-cumpre-castigo-por-insultos-a-vini-jr-quando-e-como\/","url":"https:\/\/portaltela.pt\/noticias\/2026\/04\/24\/prestianni-cumpre-castigo-por-insultos-a-vini-jr-quando-e-como\/","name":"Prestianni cumpre castigo por insultos a Vini Jr: quando e como? - Portal Tela Portugal","isPartOf":{"@id":"https:\/\/portaltela.pt\/#website"},"primaryImageOfPage":{"@id":"https:\/\/portaltela.pt\/noticias\/2026\/04\/24\/prestianni-cumpre-castigo-por-insultos-a-vini-jr-quando-e-como\/#primaryimage"},"image":{"@id":"https:\/\/portaltela.pt\/noticias\/2026\/04\/24\/prestianni-cumpre-castigo-por-insultos-a-vini-jr-quando-e-como\/#primaryimage"},"thumbnailUrl":"https:\/\/portaltela.pt\/s.01k8rhncp4jt1\/2026\/04\/img_1200x721uu2026-04-24-17-27-11-2435059.jpg","datePublished":"2026-04-24T16:48:19+00:00","author":{"@id":"https:\/\/portaltela.pt\/#\/schema\/person\/c4278d4a6028830caff9ee44b42d32ed"},"breadcrumb":{"@id":"https:\/\/portaltela.pt\/noticias\/2026\/04\/24\/prestianni-cumpre-castigo-por-insultos-a-vini-jr-quando-e-como\/#breadcrumb"},"inLanguage":"pt-PT","potentialAction":[{"@type":"ReadAction","target":["https:\/\/portaltela.pt\/noticias\/2026\/04\/24\/prestianni-cumpre-castigo-por-insultos-a-vini-jr-quando-e-como\/"]}]},{"@type":"ImageObject","inLanguage":"pt-PT","@id":"https:\/\/portaltela.pt\/noticias\/2026\/04\/24\/prestianni-cumpre-castigo-por-insultos-a-vini-jr-quando-e-como\/#primaryimage","url":"https:\/\/portaltela.pt\/s.01k8rhncp4jt1\/2026\/04\/img_1200x721uu2026-04-24-17-27-11-2435059.jpg","contentUrl":"https:\/\/portaltela.pt\/s.01k8rhncp4jt1\/2026\/04\/img_1200x721uu2026-04-24-17-27-11-2435059.jpg","width":1200,"height":721,"caption":"Como e quando \u00e9 que Prestianni vai cumprir os jogos de castigo pelos insultos a Vini Jr"},{"@type":"BreadcrumbList","@id":"https:\/\/portaltela.pt\/noticias\/2026\/04\/24\/prestianni-cumpre-castigo-por-insultos-a-vini-jr-quando-e-como\/#breadcrumb","itemListElement":[{"@type":"ListItem","position":1,"name":"In\u00edcio","item":"https:\/\/portaltela.pt\/"},{"@type":"ListItem","position":2,"name":"Prestianni cumpre castigo por insultos a Vini Jr: quando e como?"}]},{"@type":"WebSite","@id":"https:\/\/portaltela.pt\/#website","url":"https:\/\/portaltela.pt\/","name":"Portal Tela Portugal","description":"","potentialAction":[{"@type":"SearchAction","target":{"@type":"EntryPoint","urlTemplate":"https:\/\/portaltela.pt\/?s={search_term_string}"},"query-input":{"@type":"PropertyValueSpecification","valueRequired":true,"valueName":"search_term_string"}}],"inLanguage":"pt-PT"},{"@type":"Person","@id":"https:\/\/portaltela.pt\/#\/schema\/person\/c4278d4a6028830caff9ee44b42d32ed","name":"Telinha","image":{"@type":"ImageObject","inLanguage":"pt-PT","@id":"https:\/\/portaltela.pt\/s.01k8rhncp4jt1\/2025\/11\/talking-bot-125x125.png","url":"https:\/\/portaltela.pt\/s.01k8rhncp4jt1\/2025\/11\/talking-bot-125x125.png","contentUrl":"https:\/\/portaltela.pt\/s.01k8rhncp4jt1\/2025\/11\/talking-bot-125x125.png","caption":"Telinha"},"sameAs":["https:\/\/portaltela.pt\/"],"url":"https:\/\/portaltela.pt\/por\/367410592786\/"}]}},"_links":{"self":[{"href":"https:\/\/portaltela.pt\/api\/wp\/v2\/posts\/458123","targetHints":{"allow":["GET"]}}],"collection":[{"href":"https:\/\/portaltela.pt\/api\/wp\/v2\/posts"}],"about":[{"href":"https:\/\/portaltela.pt\/api\/wp\/v2\/types\/post"}],"author":[{"embeddable":true,"href":"https:\/\/portaltela.pt\/api\/wp\/v2\/users\/2"}],"replies":[{"embeddable":true,"href":"https:\/\/portaltela.pt\/api\/wp\/v2\/comments?post=458123"}],"version-history":[{"count":0,"href":"https:\/\/portaltela.pt\/api\/wp\/v2\/posts\/458123\/revisions"}],"wp:featuredmedia":[{"embeddable":true,"href":"https:\/\/portaltela.pt\/api\/wp\/v2\/media\/458131"}],"wp:attachment":[{"href":"https:\/\/portaltela.pt\/api\/wp\/v2\/media?parent=458123"}],"wp:term":[{"taxonomy":"category","embeddable":true,"href":"https:\/\/portaltela.pt\/api\/wp\/v2\/categories?post=458123"},{"taxonomy":"post_tag","embeddable":true,"href":"https:\/\/portaltela.pt\/api\/wp\/v2\/tags?post=458123"}],"curies":[{"name":"wp","href":"https:\/\/api.w.org\/{rel}","templated":true}]}}