{"id":458114,"date":"2026-04-24T13:48:02","date_gmt":"2026-04-24T16:48:02","guid":{"rendered":"https:\/\/portaltela.pt\/noticias\/2026\/04\/24\/benfica-nao-recorre-de-castigo-a-prestianni\/"},"modified":"2026-04-24T13:48:02","modified_gmt":"2026-04-24T16:48:02","slug":"benfica-nao-recorre-de-castigo-a-prestianni","status":"publish","type":"post","link":"https:\/\/portaltela.pt\/desporto\/futebol\/2026\/04\/24\/benfica-nao-recorre-de-castigo-a-prestianni\/","title":{"rendered":"Benfica n\u00e3o recorre de castigo a Prestianni"},"content":{"rendered":"<p>Benfica n\u00e3o vai recorrer da san\u00e7\u00e3o aplicada pela UEFA a Gianluca Prestianni, jogador do clube. A puni\u00e7\u00e3o envolve seis jogos por conduta discriminat\u00f3ria e homof\u00f3bica na primeira m\u00e3o do play-off de acesso aos oitavos da Champions frente ao Real Madrid. H\u00e1 acusa\u00e7\u00f5es de racismo atribu\u00eddas por Vin\u00edcius J\u00fanior.<\/p>\n<p>Dos seis encontros, tr\u00eas ficam sujeitos a regime de pena suspensa durante dois anos. Como o jovem argentino j\u00e1 cumpriu um certame diante do Real Madrid, na segunda m\u00e3o do play-off, resta cumprir apenas dois jogos em competi\u00e7\u00f5es europeias ou em jogos da sele\u00e7\u00e3o argentina, visto que o castigo \u00e9 extens\u00edvel \u00e0 FIFA.<\/p>\n<p>O Benfica confirmou ao JN que n\u00e3o vai recorrer da decis\u00e3o da UEFA, mantendo a san\u00e7\u00e3o sem altera\u00e7\u00f5es. O comunicado da institui\u00e7\u00e3o n\u00e3o acrescenta novas informa\u00e7\u00f5es sobre datas espec\u00edficas dos jogos ou sobre poss\u00edveis consequ\u00eancias futuras.<\/p>\n<h3>Detalhes da san\u00e7\u00e3o e efeitos<\/h3>\n<p>A san\u00e7\u00e3o total de seis jogos permanece v\u00e1lida, com a fra\u00e7\u00e3o suspensa por dois anos. O jogador j\u00e1 cumpriu um compromisso em Madrid e, por isso, ter\u00e1 de cumprir apenas dois encontros em competi\u00e7\u00f5es da UEFA ou em jogos da sele\u00e7\u00e3o argentina, conforme o regime de suspens\u00e3o. A decis\u00e3o afeta o planeamento da equipa para o restante da \u00e9poca.<\/p>\n","protected":false},"excerpt":{"rendered":"<ul>\n<li>A UEFA sancionou Gianluca Prestianni, jogador do Benfica, com seis jogos de suspens\u00e3o por conduta discriminat\u00f3ria e homof\u00f3bica na segunda m\u00e3o do play-off da Champions frente ao Real Madrid.<\/li>\n<li>O castigo inclui tr\u00eas jogos sob regime de pena suspensa durante dois anos, e como Prestianni j\u00e1 cumpriu um jogo, resta cumprir apenas dois duelos adicionais.<\/li>\n<li>A san\u00e7\u00e3o \u00e9 extens\u00edvel \u00e0 FIFA, implicando que os dois jogos que faltam podem ocorrer nas provas europeias ou em jogos da sele\u00e7\u00e3o argentina.<\/li>\n<li>O Benfica j\u00e1 revelou, segundo o JN, que n\u00e3o ir\u00e1 recorrer da decis\u00e3o da UEFA.<\/li>\n<li>O castigo decorre da acusa\u00e7\u00e3o de racismo associada a Vin\u00edcius J\u00fanior durante o encontro.<\/li>\n<\/ul>\n","protected":false},"author":2,"featured_media":458129,"comment_status":"closed","ping_status":"closed","sticky":false,"template":"","format":"standard","meta":{"footnotes":""},"categories":[21,24],"tags":[1946,3577,32,6032,2714,79],"class_list":["post-458114","post","type-post","status-publish","format-standard","has-post-thumbnail","hentry","category-desporto","category-futebol","tag-benfica","tag-champions-league","tag-futebol","tag-racismo","tag-real-madrid","tag-uefa-champions-league"],"yoast_head":"<!-- This site is optimized with the Yoast SEO plugin v27.2 - https:\/\/yoast.com\/product\/yoast-seo-wordpress\/ -->\n<title>Benfica n\u00e3o recorre de castigo a Prestianni - Portal Tela Portugal<\/title>\n<meta name=\"robots\" content=\"index, follow, max-snippet:-1, max-image-preview:large, max-video-preview:-1\" \/>\n<meta property=\"og:locale\" content=\"pt_PT\" \/>\n<meta property=\"og:type\" content=\"article\" \/>\n<meta property=\"og:title\" content=\"Benfica n\u00e3o recorre de castigo a Prestianni - Portal Tela Portugal\" \/>\n<meta property=\"og:description\" content=\"A UEFA sancionou Gianluca Prestianni, jogador do Benfica, com seis jogos de suspens\u00e3o por conduta discriminat\u00f3ria e homof\u00f3bica na segunda m\u00e3o do play-off da Champions frente ao Real Madrid. O castigo inclui tr\u00eas jogos sob regime de pena suspensa durante dois anos, e como Prestianni j\u00e1 cumpriu um jogo, resta cumprir apenas dois duelos adicionais. A san\u00e7\u00e3o \u00e9 extens\u00edvel \u00e0 FIFA, implicando que os dois jogos que faltam podem ocorrer nas provas europeias ou em jogos da sele\u00e7\u00e3o argentina. O Benfica j\u00e1 revelou, segundo o JN, que n\u00e3o ir\u00e1 recorrer da decis\u00e3o da UEFA. O castigo decorre da acusa\u00e7\u00e3o de racismo associada a Vin\u00edcius J\u00fanior durante o encontro.\" \/>\n<meta property=\"og:url\" content=\"https:\/\/portaltela.pt\/noticias\/2026\/04\/24\/benfica-nao-recorre-de-castigo-a-prestianni\/\" \/>\n<meta property=\"og:site_name\" content=\"Portal Tela Portugal\" \/>\n<meta property=\"article:published_time\" content=\"2026-04-24T16:48:02+00:00\" \/>\n<meta name=\"author\" content=\"Telinha\" \/>\n<meta name=\"twitter:card\" content=\"summary_large_image\" \/>\n<meta name=\"twitter:label1\" content=\"Escrito por\" \/>\n\t<meta name=\"twitter:data1\" content=\"Telinha\" \/>\n\t<meta name=\"twitter:label2\" content=\"Tempo estimado de leitura\" \/>\n\t<meta name=\"twitter:data2\" content=\"1 minuto\" \/>\n<script type=\"application\/ld+json\" class=\"yoast-schema-graph\">{\"@context\":\"https:\/\/schema.org\",\"@graph\":[{\"@type\":\"Article\",\"@id\":\"https:\/\/portaltela.pt\/noticias\/2026\/04\/24\/benfica-nao-recorre-de-castigo-a-prestianni\/#article\",\"isPartOf\":{\"@id\":\"https:\/\/portaltela.pt\/noticias\/2026\/04\/24\/benfica-nao-recorre-de-castigo-a-prestianni\/\"},\"author\":{\"name\":\"Telinha\",\"@id\":\"https:\/\/portaltela.pt\/#\/schema\/person\/c4278d4a6028830caff9ee44b42d32ed\"},\"headline\":\"Benfica n\u00e3o recorre de castigo a Prestianni\",\"datePublished\":\"2026-04-24T16:48:02+00:00\",\"mainEntityOfPage\":{\"@id\":\"https:\/\/portaltela.pt\/noticias\/2026\/04\/24\/benfica-nao-recorre-de-castigo-a-prestianni\/\"},\"wordCount\":240,\"image\":{\"@id\":\"https:\/\/portaltela.pt\/noticias\/2026\/04\/24\/benfica-nao-recorre-de-castigo-a-prestianni\/#primaryimage\"},\"thumbnailUrl\":\"https:\/\/portaltela.pt\/s.01k8rhncp4jt1\/2026\/04\/image-1515.jpg\",\"keywords\":[\"Benfica\",\"Champions League\",\"futebol\",\"racismo\",\"Real Madrid\",\"uefa champions league\"],\"articleSection\":[\"Desporto\",\"Futebol\"],\"inLanguage\":\"pt-PT\"},{\"@type\":\"WebPage\",\"@id\":\"https:\/\/portaltela.pt\/noticias\/2026\/04\/24\/benfica-nao-recorre-de-castigo-a-prestianni\/\",\"url\":\"https:\/\/portaltela.pt\/noticias\/2026\/04\/24\/benfica-nao-recorre-de-castigo-a-prestianni\/\",\"name\":\"Benfica n\u00e3o recorre de castigo a Prestianni - Portal Tela Portugal\",\"isPartOf\":{\"@id\":\"https:\/\/portaltela.pt\/#website\"},\"primaryImageOfPage\":{\"@id\":\"https:\/\/portaltela.pt\/noticias\/2026\/04\/24\/benfica-nao-recorre-de-castigo-a-prestianni\/#primaryimage\"},\"image\":{\"@id\":\"https:\/\/portaltela.pt\/noticias\/2026\/04\/24\/benfica-nao-recorre-de-castigo-a-prestianni\/#primaryimage\"},\"thumbnailUrl\":\"https:\/\/portaltela.pt\/s.01k8rhncp4jt1\/2026\/04\/image-1515.jpg\",\"datePublished\":\"2026-04-24T16:48:02+00:00\",\"author\":{\"@id\":\"https:\/\/portaltela.pt\/#\/schema\/person\/c4278d4a6028830caff9ee44b42d32ed\"},\"breadcrumb\":{\"@id\":\"https:\/\/portaltela.pt\/noticias\/2026\/04\/24\/benfica-nao-recorre-de-castigo-a-prestianni\/#breadcrumb\"},\"inLanguage\":\"pt-PT\",\"potentialAction\":[{\"@type\":\"ReadAction\",\"target\":[\"https:\/\/portaltela.pt\/noticias\/2026\/04\/24\/benfica-nao-recorre-de-castigo-a-prestianni\/\"]}]},{\"@type\":\"ImageObject\",\"inLanguage\":\"pt-PT\",\"@id\":\"https:\/\/portaltela.pt\/noticias\/2026\/04\/24\/benfica-nao-recorre-de-castigo-a-prestianni\/#primaryimage\",\"url\":\"https:\/\/portaltela.pt\/s.01k8rhncp4jt1\/2026\/04\/image-1515.jpg\",\"contentUrl\":\"https:\/\/portaltela.pt\/s.01k8rhncp4jt1\/2026\/04\/image-1515.jpg\",\"width\":796,\"height\":448,\"caption\":\"Prestianni viveu um momento tenso na concentra\u00e7\u00e3o do Benfica\"},{\"@type\":\"BreadcrumbList\",\"@id\":\"https:\/\/portaltela.pt\/noticias\/2026\/04\/24\/benfica-nao-recorre-de-castigo-a-prestianni\/#breadcrumb\",\"itemListElement\":[{\"@type\":\"ListItem\",\"position\":1,\"name\":\"In\u00edcio\",\"item\":\"https:\/\/portaltela.pt\/\"},{\"@type\":\"ListItem\",\"position\":2,\"name\":\"Benfica n\u00e3o recorre de castigo a Prestianni\"}]},{\"@type\":\"WebSite\",\"@id\":\"https:\/\/portaltela.pt\/#website\",\"url\":\"https:\/\/portaltela.pt\/\",\"name\":\"Portal Tela Portugal\",\"description\":\"\",\"potentialAction\":[{\"@type\":\"SearchAction\",\"target\":{\"@type\":\"EntryPoint\",\"urlTemplate\":\"https:\/\/portaltela.pt\/?s={search_term_string}\"},\"query-input\":{\"@type\":\"PropertyValueSpecification\",\"valueRequired\":true,\"valueName\":\"search_term_string\"}}],\"inLanguage\":\"pt-PT\"},{\"@type\":\"Person\",\"@id\":\"https:\/\/portaltela.pt\/#\/schema\/person\/c4278d4a6028830caff9ee44b42d32ed\",\"name\":\"Telinha\",\"image\":{\"@type\":\"ImageObject\",\"inLanguage\":\"pt-PT\",\"@id\":\"https:\/\/portaltela.pt\/s.01k8rhncp4jt1\/2025\/11\/talking-bot-125x125.png\",\"url\":\"https:\/\/portaltela.pt\/s.01k8rhncp4jt1\/2025\/11\/talking-bot-125x125.png\",\"contentUrl\":\"https:\/\/portaltela.pt\/s.01k8rhncp4jt1\/2025\/11\/talking-bot-125x125.png\",\"caption\":\"Telinha\"},\"sameAs\":[\"https:\/\/portaltela.pt\/\"],\"url\":\"https:\/\/portaltela.pt\/por\/367410592786\/\"}]}<\/script>\n<!-- \/ Yoast SEO plugin. -->","yoast_head_json":{"title":"Benfica n\u00e3o recorre de castigo a Prestianni - Portal Tela Portugal","robots":{"index":"index","follow":"follow","max-snippet":"max-snippet:-1","max-image-preview":"max-image-preview:large","max-video-preview":"max-video-preview:-1"},"og_locale":"pt_PT","og_type":"article","og_title":"Benfica n\u00e3o recorre de castigo a Prestianni - Portal Tela Portugal","og_description":"A UEFA sancionou Gianluca Prestianni, jogador do Benfica, com seis jogos de suspens\u00e3o por conduta discriminat\u00f3ria e homof\u00f3bica na segunda m\u00e3o do play-off da Champions frente ao Real Madrid. O castigo inclui tr\u00eas jogos sob regime de pena suspensa durante dois anos, e como Prestianni j\u00e1 cumpriu um jogo, resta cumprir apenas dois duelos adicionais. A san\u00e7\u00e3o \u00e9 extens\u00edvel \u00e0 FIFA, implicando que os dois jogos que faltam podem ocorrer nas provas europeias ou em jogos da sele\u00e7\u00e3o argentina. O Benfica j\u00e1 revelou, segundo o JN, que n\u00e3o ir\u00e1 recorrer da decis\u00e3o da UEFA. O castigo decorre da acusa\u00e7\u00e3o de racismo associada a Vin\u00edcius J\u00fanior durante o encontro.","og_url":"https:\/\/portaltela.pt\/noticias\/2026\/04\/24\/benfica-nao-recorre-de-castigo-a-prestianni\/","og_site_name":"Portal Tela Portugal","article_published_time":"2026-04-24T16:48:02+00:00","author":"Telinha","twitter_card":"summary_large_image","twitter_misc":{"Escrito por":"Telinha","Tempo estimado de leitura":"1 minuto"},"schema":{"@context":"https:\/\/schema.org","@graph":[{"@type":"Article","@id":"https:\/\/portaltela.pt\/noticias\/2026\/04\/24\/benfica-nao-recorre-de-castigo-a-prestianni\/#article","isPartOf":{"@id":"https:\/\/portaltela.pt\/noticias\/2026\/04\/24\/benfica-nao-recorre-de-castigo-a-prestianni\/"},"author":{"name":"Telinha","@id":"https:\/\/portaltela.pt\/#\/schema\/person\/c4278d4a6028830caff9ee44b42d32ed"},"headline":"Benfica n\u00e3o recorre de castigo a Prestianni","datePublished":"2026-04-24T16:48:02+00:00","mainEntityOfPage":{"@id":"https:\/\/portaltela.pt\/noticias\/2026\/04\/24\/benfica-nao-recorre-de-castigo-a-prestianni\/"},"wordCount":240,"image":{"@id":"https:\/\/portaltela.pt\/noticias\/2026\/04\/24\/benfica-nao-recorre-de-castigo-a-prestianni\/#primaryimage"},"thumbnailUrl":"https:\/\/portaltela.pt\/s.01k8rhncp4jt1\/2026\/04\/image-1515.jpg","keywords":["Benfica","Champions League","futebol","racismo","Real Madrid","uefa champions league"],"articleSection":["Desporto","Futebol"],"inLanguage":"pt-PT"},{"@type":"WebPage","@id":"https:\/\/portaltela.pt\/noticias\/2026\/04\/24\/benfica-nao-recorre-de-castigo-a-prestianni\/","url":"https:\/\/portaltela.pt\/noticias\/2026\/04\/24\/benfica-nao-recorre-de-castigo-a-prestianni\/","name":"Benfica n\u00e3o recorre de castigo a Prestianni - Portal Tela Portugal","isPartOf":{"@id":"https:\/\/portaltela.pt\/#website"},"primaryImageOfPage":{"@id":"https:\/\/portaltela.pt\/noticias\/2026\/04\/24\/benfica-nao-recorre-de-castigo-a-prestianni\/#primaryimage"},"image":{"@id":"https:\/\/portaltela.pt\/noticias\/2026\/04\/24\/benfica-nao-recorre-de-castigo-a-prestianni\/#primaryimage"},"thumbnailUrl":"https:\/\/portaltela.pt\/s.01k8rhncp4jt1\/2026\/04\/image-1515.jpg","datePublished":"2026-04-24T16:48:02+00:00","author":{"@id":"https:\/\/portaltela.pt\/#\/schema\/person\/c4278d4a6028830caff9ee44b42d32ed"},"breadcrumb":{"@id":"https:\/\/portaltela.pt\/noticias\/2026\/04\/24\/benfica-nao-recorre-de-castigo-a-prestianni\/#breadcrumb"},"inLanguage":"pt-PT","potentialAction":[{"@type":"ReadAction","target":["https:\/\/portaltela.pt\/noticias\/2026\/04\/24\/benfica-nao-recorre-de-castigo-a-prestianni\/"]}]},{"@type":"ImageObject","inLanguage":"pt-PT","@id":"https:\/\/portaltela.pt\/noticias\/2026\/04\/24\/benfica-nao-recorre-de-castigo-a-prestianni\/#primaryimage","url":"https:\/\/portaltela.pt\/s.01k8rhncp4jt1\/2026\/04\/image-1515.jpg","contentUrl":"https:\/\/portaltela.pt\/s.01k8rhncp4jt1\/2026\/04\/image-1515.jpg","width":796,"height":448,"caption":"Prestianni viveu um momento tenso na concentra\u00e7\u00e3o do Benfica"},{"@type":"BreadcrumbList","@id":"https:\/\/portaltela.pt\/noticias\/2026\/04\/24\/benfica-nao-recorre-de-castigo-a-prestianni\/#breadcrumb","itemListElement":[{"@type":"ListItem","position":1,"name":"In\u00edcio","item":"https:\/\/portaltela.pt\/"},{"@type":"ListItem","position":2,"name":"Benfica n\u00e3o recorre de castigo a Prestianni"}]},{"@type":"WebSite","@id":"https:\/\/portaltela.pt\/#website","url":"https:\/\/portaltela.pt\/","name":"Portal Tela Portugal","description":"","potentialAction":[{"@type":"SearchAction","target":{"@type":"EntryPoint","urlTemplate":"https:\/\/portaltela.pt\/?s={search_term_string}"},"query-input":{"@type":"PropertyValueSpecification","valueRequired":true,"valueName":"search_term_string"}}],"inLanguage":"pt-PT"},{"@type":"Person","@id":"https:\/\/portaltela.pt\/#\/schema\/person\/c4278d4a6028830caff9ee44b42d32ed","name":"Telinha","image":{"@type":"ImageObject","inLanguage":"pt-PT","@id":"https:\/\/portaltela.pt\/s.01k8rhncp4jt1\/2025\/11\/talking-bot-125x125.png","url":"https:\/\/portaltela.pt\/s.01k8rhncp4jt1\/2025\/11\/talking-bot-125x125.png","contentUrl":"https:\/\/portaltela.pt\/s.01k8rhncp4jt1\/2025\/11\/talking-bot-125x125.png","caption":"Telinha"},"sameAs":["https:\/\/portaltela.pt\/"],"url":"https:\/\/portaltela.pt\/por\/367410592786\/"}]}},"_links":{"self":[{"href":"https:\/\/portaltela.pt\/api\/wp\/v2\/posts\/458114","targetHints":{"allow":["GET"]}}],"collection":[{"href":"https:\/\/portaltela.pt\/api\/wp\/v2\/posts"}],"about":[{"href":"https:\/\/portaltela.pt\/api\/wp\/v2\/types\/post"}],"author":[{"embeddable":true,"href":"https:\/\/portaltela.pt\/api\/wp\/v2\/users\/2"}],"replies":[{"embeddable":true,"href":"https:\/\/portaltela.pt\/api\/wp\/v2\/comments?post=458114"}],"version-history":[{"count":0,"href":"https:\/\/portaltela.pt\/api\/wp\/v2\/posts\/458114\/revisions"}],"wp:featuredmedia":[{"embeddable":true,"href":"https:\/\/portaltela.pt\/api\/wp\/v2\/media\/458129"}],"wp:attachment":[{"href":"https:\/\/portaltela.pt\/api\/wp\/v2\/media?parent=458114"}],"wp:term":[{"taxonomy":"category","embeddable":true,"href":"https:\/\/portaltela.pt\/api\/wp\/v2\/categories?post=458114"},{"taxonomy":"post_tag","embeddable":true,"href":"https:\/\/portaltela.pt\/api\/wp\/v2\/tags?post=458114"}],"curies":[{"name":"wp","href":"https:\/\/api.w.org\/{rel}","templated":true}]}}