{"id":458092,"date":"2026-04-24T13:33:42","date_gmt":"2026-04-24T16:33:42","guid":{"rendered":"https:\/\/portaltela.pt\/noticias\/2026\/04\/24\/homenagem-a-david-o-aspirante-ramos-da-revolucao-de-abril\/"},"modified":"2026-04-24T13:33:42","modified_gmt":"2026-04-24T16:33:42","slug":"homenagem-a-david-o-aspirante-ramos-da-revolucao-de-abril","status":"publish","type":"post","link":"https:\/\/portaltela.pt\/gastronomia\/2026\/04\/24\/homenagem-a-david-o-aspirante-ramos-da-revolucao-de-abril\/","title":{"rendered":"Homenagem a David, o aspirante Ramos da Revolu\u00e7\u00e3o de Abril"},"content":{"rendered":"<p>David Lopes Ramos, veterano jornalista e cr\u00edtico gastron\u00f3mico, faleceu a 29 de Abril de 2011. O texto recorda o seu contributo ao jornalismo e \u00e0 cultura, bem como a sua participa\u00e7\u00e3o na Revolu\u00e7\u00e3o de Abril atrav\u00e9s do Movimento das For\u00e7as Armadas (MFA).<\/p>\n<p>Nascido na regi\u00e3o de Aveiro, David destacou-se pela curadoria de reportagens e pela aprecia\u00e7\u00e3o de vinhos e da gastronomia. No per\u00edodo p\u00f3s 25 de Abril, integrou o MFA, atuando como adido de imprensa de Vasco Gon\u00e7alves nos governos provis\u00f3rios entre 1974 e 1975.<\/p>\n<h3>Trajet\u00f3ria na Revolu\u00e7\u00e3o de Abril<\/h3>\n<p>Em S. Miguel, A\u00e7ores, durante o servi\u00e7o militar, David acompanhou as a\u00e7\u00f5es e ajudou a fornecer informa\u00e7\u00f5es aos jornalistas. Posteriormente, tornou-se figura central na imprensa nacional, trabalhando no Di\u00e1rio de Not\u00edcias, no Di\u00e1rio e, depois, no P\u00fablico, onde consolidou uma reputa\u00e7\u00e3o como cr\u00edtico de gastronomia e vinhos.<\/p>\n<h3>Carreira jornal\u00edstica posterior<\/h3>\n<p>Ap\u00f3s o 25 de Novembro de 1975, afastado do DN, David participou na funda\u00e7\u00e3o do Di\u00e1rio e integrou a equipa inicial do P\u00fablico. Desempenhou fun\u00e7\u00f5es de subeditor, editor de Cultura e, por fim, cr\u00edtico na sec\u00e7\u00e3o de gastronomia e no suplemento Fugas, tornando-se refer\u00eancia no pa\u00eds.<\/p>\n<h3>Legado e mem\u00f3ria<\/h3>\n<p>David Lopes Ramos morreu em 2011, sem ver a distor\u00e7\u00e3o hist\u00f3rica que alguns grupos tentaram impor. O seu corpo foi cremado; parte das cinzas foi colocada no cemit\u00e9rio de Pardilh\u00f3, Estarreja, e outra parte dispersa na ria de Aveiro. Amigos e familiares planeiam uma romagem a 1 de Maio.<\/p>\n<p>Este tributo ressalta o papel de David na comunica\u00e7\u00e3o, na defesa da democracia e na celebra\u00e7\u00e3o da cultura gastron\u00f3mica portuguesa, mantendo viva a mem\u00f3ria de um jornalista respeitado e atento \u00e0 vida das comunidades.<\/p>\n","protected":false},"excerpt":{"rendered":"<ul>\n<li>David Lopes Ramos foi um jornalista nomeado aspirante a oficial miliciano e adjunto de imprensa de Vasco Louren\u00e7o, integrado no Movimento das For\u00e7as Armadas, atuando nos quatro governos provis\u00f3rios liderados por Melo Antunes e Vasco Gon\u00e7alves.<\/li>\n<li>Ap\u00f3s o 25 de Abril de 1974, ingressou no Di\u00e1rio de Not\u00edcias e, mais tarde, fez parte da equipa do P\u00daBLICO, onde destacou-se como cr\u00edtico de gastronomia e vinhos, incluindo na revista de domingo e no suplemento Fugas.<\/li>\n<li>O jornalista faleceu a 29 de Abril de 2011; foi cremado a seu pedido e parte das cinzas ficou no cemit\u00e9rio de Pardilh\u00f3, na sua terra natal, enquanto a outra parte foi espalhada na ria de Aveiro, lugar de liga\u00e7\u00e3o emocional.<\/li>\n<li>Ao longo da sua vida, manteve-se ligado ao jornalismo, testemunhando a evolu\u00e7\u00e3o democr\u00e1tica em Portugal e sendo lembrado por colegas pela integridade e pelo respeito na profiss\u00e3o.<\/li>\n<li>O texto celebra a mem\u00f3ria de David Lopes Ramos e associa o seu legado ao 25 de Abril, concluindo com um brinde \u00e0 sua mem\u00f3ria e \u00e0 democracia.<\/li>\n<\/ul>\n","protected":false},"author":2,"featured_media":458097,"comment_status":"closed","ping_status":"closed","sticky":false,"template":"","format":"standard","meta":{"footnotes":""},"categories":[7375,7369],"tags":[8002,7756,9689,7982,7995,8421],"class_list":["post-458092","post","type-post","status-publish","format-standard","has-post-thumbnail","hentry","category-cultura","category-gastronomia","tag-_aveiro","tag-_cultura","tag-_estarreja","tag-_gastronomia","tag-_imprensa","tag-_jornalistas"],"yoast_head":"<!-- This site is optimized with the Yoast SEO plugin v27.2 - https:\/\/yoast.com\/product\/yoast-seo-wordpress\/ -->\n<title>Homenagem a David, o aspirante Ramos da Revolu\u00e7\u00e3o de Abril - Portal Tela Portugal<\/title>\n<meta name=\"robots\" content=\"index, follow, max-snippet:-1, max-image-preview:large, max-video-preview:-1\" \/>\n<meta property=\"og:locale\" content=\"pt_PT\" \/>\n<meta property=\"og:type\" content=\"article\" \/>\n<meta property=\"og:title\" content=\"Homenagem a David, o aspirante Ramos da Revolu\u00e7\u00e3o de Abril - Portal Tela Portugal\" \/>\n<meta property=\"og:description\" content=\"David Lopes Ramos foi um jornalista nomeado aspirante a oficial miliciano e adjunto de imprensa de Vasco Louren\u00e7o, integrado no Movimento das For\u00e7as Armadas, atuando nos quatro governos provis\u00f3rios liderados por Melo Antunes e Vasco Gon\u00e7alves. Ap\u00f3s o 25 de Abril de 1974, ingressou no Di\u00e1rio de Not\u00edcias e, mais tarde, fez parte da equipa do P\u00daBLICO, onde destacou-se como cr\u00edtico de gastronomia e vinhos, incluindo na revista de domingo e no suplemento Fugas. O jornalista faleceu a 29 de Abril de 2011; foi cremado a seu pedido e parte das cinzas ficou no cemit\u00e9rio de Pardilh\u00f3, na sua terra natal, enquanto a outra parte foi espalhada na ria de Aveiro, lugar de liga\u00e7\u00e3o emocional. Ao longo da sua vida, manteve-se ligado ao jornalismo, testemunhando a evolu\u00e7\u00e3o democr\u00e1tica em Portugal e sendo lembrado por colegas pela integridade e pelo respeito na profiss\u00e3o. O texto celebra a mem\u00f3ria de David Lopes Ramos e associa o seu legado ao 25 de Abril, concluindo com um brinde \u00e0 sua mem\u00f3ria e \u00e0 democracia.\" \/>\n<meta property=\"og:url\" content=\"https:\/\/portaltela.pt\/noticias\/2026\/04\/24\/homenagem-a-david-o-aspirante-ramos-da-revolucao-de-abril\/\" \/>\n<meta property=\"og:site_name\" content=\"Portal Tela Portugal\" \/>\n<meta property=\"article:published_time\" content=\"2026-04-24T16:33:42+00:00\" \/>\n<meta name=\"author\" content=\"Telinha\" \/>\n<meta name=\"twitter:card\" content=\"summary_large_image\" \/>\n<meta name=\"twitter:label1\" content=\"Escrito por\" \/>\n\t<meta name=\"twitter:data1\" content=\"Telinha\" \/>\n\t<meta name=\"twitter:label2\" content=\"Tempo estimado de leitura\" \/>\n\t<meta name=\"twitter:data2\" content=\"2 minutos\" \/>\n<script type=\"application\/ld+json\" class=\"yoast-schema-graph\">{\"@context\":\"https:\/\/schema.org\",\"@graph\":[{\"@type\":\"Article\",\"@id\":\"https:\/\/portaltela.pt\/noticias\/2026\/04\/24\/homenagem-a-david-o-aspirante-ramos-da-revolucao-de-abril\/#article\",\"isPartOf\":{\"@id\":\"https:\/\/portaltela.pt\/noticias\/2026\/04\/24\/homenagem-a-david-o-aspirante-ramos-da-revolucao-de-abril\/\"},\"author\":{\"name\":\"Telinha\",\"@id\":\"https:\/\/portaltela.pt\/#\/schema\/person\/c4278d4a6028830caff9ee44b42d32ed\"},\"headline\":\"Homenagem a David, o aspirante Ramos da Revolu\u00e7\u00e3o de Abril\",\"datePublished\":\"2026-04-24T16:33:42+00:00\",\"mainEntityOfPage\":{\"@id\":\"https:\/\/portaltela.pt\/noticias\/2026\/04\/24\/homenagem-a-david-o-aspirante-ramos-da-revolucao-de-abril\/\"},\"wordCount\":314,\"image\":{\"@id\":\"https:\/\/portaltela.pt\/noticias\/2026\/04\/24\/homenagem-a-david-o-aspirante-ramos-da-revolucao-de-abril\/#primaryimage\"},\"thumbnailUrl\":\"https:\/\/portaltela.pt\/s.01k8rhncp4jt1\/2026\/04\/tpUHdbIMAGENStypeJPGshare1oBarraFacebook_Fugas-5.jpg\",\"keywords\":[\"_Aveiro\",\"_cultura\",\"_Estarreja\",\"_gastronomia\",\"_imprensa\",\"_jornalistas\"],\"articleSection\":[\"Cultura\",\"Gastronomia\"],\"inLanguage\":\"pt-PT\"},{\"@type\":\"WebPage\",\"@id\":\"https:\/\/portaltela.pt\/noticias\/2026\/04\/24\/homenagem-a-david-o-aspirante-ramos-da-revolucao-de-abril\/\",\"url\":\"https:\/\/portaltela.pt\/noticias\/2026\/04\/24\/homenagem-a-david-o-aspirante-ramos-da-revolucao-de-abril\/\",\"name\":\"Homenagem a David, o aspirante Ramos da Revolu\u00e7\u00e3o de Abril - Portal Tela Portugal\",\"isPartOf\":{\"@id\":\"https:\/\/portaltela.pt\/#website\"},\"primaryImageOfPage\":{\"@id\":\"https:\/\/portaltela.pt\/noticias\/2026\/04\/24\/homenagem-a-david-o-aspirante-ramos-da-revolucao-de-abril\/#primaryimage\"},\"image\":{\"@id\":\"https:\/\/portaltela.pt\/noticias\/2026\/04\/24\/homenagem-a-david-o-aspirante-ramos-da-revolucao-de-abril\/#primaryimage\"},\"thumbnailUrl\":\"https:\/\/portaltela.pt\/s.01k8rhncp4jt1\/2026\/04\/tpUHdbIMAGENStypeJPGshare1oBarraFacebook_Fugas-5.jpg\",\"datePublished\":\"2026-04-24T16:33:42+00:00\",\"author\":{\"@id\":\"https:\/\/portaltela.pt\/#\/schema\/person\/c4278d4a6028830caff9ee44b42d32ed\"},\"breadcrumb\":{\"@id\":\"https:\/\/portaltela.pt\/noticias\/2026\/04\/24\/homenagem-a-david-o-aspirante-ramos-da-revolucao-de-abril\/#breadcrumb\"},\"inLanguage\":\"pt-PT\",\"potentialAction\":[{\"@type\":\"ReadAction\",\"target\":[\"https:\/\/portaltela.pt\/noticias\/2026\/04\/24\/homenagem-a-david-o-aspirante-ramos-da-revolucao-de-abril\/\"]}]},{\"@type\":\"ImageObject\",\"inLanguage\":\"pt-PT\",\"@id\":\"https:\/\/portaltela.pt\/noticias\/2026\/04\/24\/homenagem-a-david-o-aspirante-ramos-da-revolucao-de-abril\/#primaryimage\",\"url\":\"https:\/\/portaltela.pt\/s.01k8rhncp4jt1\/2026\/04\/tpUHdbIMAGENStypeJPGshare1oBarraFacebook_Fugas-5.jpg\",\"contentUrl\":\"https:\/\/portaltela.pt\/s.01k8rhncp4jt1\/2026\/04\/tpUHdbIMAGENStypeJPGshare1oBarraFacebook_Fugas-5.jpg\",\"width\":1200,\"height\":630,\"caption\":\"David Lopes Ramos em reportagem para o P\u00daBLICO em 2010, na Quinta da Roeda, no Douro\"},{\"@type\":\"BreadcrumbList\",\"@id\":\"https:\/\/portaltela.pt\/noticias\/2026\/04\/24\/homenagem-a-david-o-aspirante-ramos-da-revolucao-de-abril\/#breadcrumb\",\"itemListElement\":[{\"@type\":\"ListItem\",\"position\":1,\"name\":\"In\u00edcio\",\"item\":\"https:\/\/portaltela.pt\/\"},{\"@type\":\"ListItem\",\"position\":2,\"name\":\"Homenagem a David, o aspirante Ramos da Revolu\u00e7\u00e3o de Abril\"}]},{\"@type\":\"WebSite\",\"@id\":\"https:\/\/portaltela.pt\/#website\",\"url\":\"https:\/\/portaltela.pt\/\",\"name\":\"Portal Tela Portugal\",\"description\":\"\",\"potentialAction\":[{\"@type\":\"SearchAction\",\"target\":{\"@type\":\"EntryPoint\",\"urlTemplate\":\"https:\/\/portaltela.pt\/?s={search_term_string}\"},\"query-input\":{\"@type\":\"PropertyValueSpecification\",\"valueRequired\":true,\"valueName\":\"search_term_string\"}}],\"inLanguage\":\"pt-PT\"},{\"@type\":\"Person\",\"@id\":\"https:\/\/portaltela.pt\/#\/schema\/person\/c4278d4a6028830caff9ee44b42d32ed\",\"name\":\"Telinha\",\"image\":{\"@type\":\"ImageObject\",\"inLanguage\":\"pt-PT\",\"@id\":\"https:\/\/portaltela.pt\/s.01k8rhncp4jt1\/2025\/11\/talking-bot-125x125.png\",\"url\":\"https:\/\/portaltela.pt\/s.01k8rhncp4jt1\/2025\/11\/talking-bot-125x125.png\",\"contentUrl\":\"https:\/\/portaltela.pt\/s.01k8rhncp4jt1\/2025\/11\/talking-bot-125x125.png\",\"caption\":\"Telinha\"},\"sameAs\":[\"https:\/\/portaltela.pt\/\"],\"url\":\"https:\/\/portaltela.pt\/por\/367410592786\/\"}]}<\/script>\n<!-- \/ Yoast SEO plugin. -->","yoast_head_json":{"title":"Homenagem a David, o aspirante Ramos da Revolu\u00e7\u00e3o de Abril - Portal Tela Portugal","robots":{"index":"index","follow":"follow","max-snippet":"max-snippet:-1","max-image-preview":"max-image-preview:large","max-video-preview":"max-video-preview:-1"},"og_locale":"pt_PT","og_type":"article","og_title":"Homenagem a David, o aspirante Ramos da Revolu\u00e7\u00e3o de Abril - Portal Tela Portugal","og_description":"David Lopes Ramos foi um jornalista nomeado aspirante a oficial miliciano e adjunto de imprensa de Vasco Louren\u00e7o, integrado no Movimento das For\u00e7as Armadas, atuando nos quatro governos provis\u00f3rios liderados por Melo Antunes e Vasco Gon\u00e7alves. Ap\u00f3s o 25 de Abril de 1974, ingressou no Di\u00e1rio de Not\u00edcias e, mais tarde, fez parte da equipa do P\u00daBLICO, onde destacou-se como cr\u00edtico de gastronomia e vinhos, incluindo na revista de domingo e no suplemento Fugas. O jornalista faleceu a 29 de Abril de 2011; foi cremado a seu pedido e parte das cinzas ficou no cemit\u00e9rio de Pardilh\u00f3, na sua terra natal, enquanto a outra parte foi espalhada na ria de Aveiro, lugar de liga\u00e7\u00e3o emocional. Ao longo da sua vida, manteve-se ligado ao jornalismo, testemunhando a evolu\u00e7\u00e3o democr\u00e1tica em Portugal e sendo lembrado por colegas pela integridade e pelo respeito na profiss\u00e3o. O texto celebra a mem\u00f3ria de David Lopes Ramos e associa o seu legado ao 25 de Abril, concluindo com um brinde \u00e0 sua mem\u00f3ria e \u00e0 democracia.","og_url":"https:\/\/portaltela.pt\/noticias\/2026\/04\/24\/homenagem-a-david-o-aspirante-ramos-da-revolucao-de-abril\/","og_site_name":"Portal Tela Portugal","article_published_time":"2026-04-24T16:33:42+00:00","author":"Telinha","twitter_card":"summary_large_image","twitter_misc":{"Escrito por":"Telinha","Tempo estimado de leitura":"2 minutos"},"schema":{"@context":"https:\/\/schema.org","@graph":[{"@type":"Article","@id":"https:\/\/portaltela.pt\/noticias\/2026\/04\/24\/homenagem-a-david-o-aspirante-ramos-da-revolucao-de-abril\/#article","isPartOf":{"@id":"https:\/\/portaltela.pt\/noticias\/2026\/04\/24\/homenagem-a-david-o-aspirante-ramos-da-revolucao-de-abril\/"},"author":{"name":"Telinha","@id":"https:\/\/portaltela.pt\/#\/schema\/person\/c4278d4a6028830caff9ee44b42d32ed"},"headline":"Homenagem a David, o aspirante Ramos da Revolu\u00e7\u00e3o de Abril","datePublished":"2026-04-24T16:33:42+00:00","mainEntityOfPage":{"@id":"https:\/\/portaltela.pt\/noticias\/2026\/04\/24\/homenagem-a-david-o-aspirante-ramos-da-revolucao-de-abril\/"},"wordCount":314,"image":{"@id":"https:\/\/portaltela.pt\/noticias\/2026\/04\/24\/homenagem-a-david-o-aspirante-ramos-da-revolucao-de-abril\/#primaryimage"},"thumbnailUrl":"https:\/\/portaltela.pt\/s.01k8rhncp4jt1\/2026\/04\/tpUHdbIMAGENStypeJPGshare1oBarraFacebook_Fugas-5.jpg","keywords":["_Aveiro","_cultura","_Estarreja","_gastronomia","_imprensa","_jornalistas"],"articleSection":["Cultura","Gastronomia"],"inLanguage":"pt-PT"},{"@type":"WebPage","@id":"https:\/\/portaltela.pt\/noticias\/2026\/04\/24\/homenagem-a-david-o-aspirante-ramos-da-revolucao-de-abril\/","url":"https:\/\/portaltela.pt\/noticias\/2026\/04\/24\/homenagem-a-david-o-aspirante-ramos-da-revolucao-de-abril\/","name":"Homenagem a David, o aspirante Ramos da Revolu\u00e7\u00e3o de Abril - Portal Tela Portugal","isPartOf":{"@id":"https:\/\/portaltela.pt\/#website"},"primaryImageOfPage":{"@id":"https:\/\/portaltela.pt\/noticias\/2026\/04\/24\/homenagem-a-david-o-aspirante-ramos-da-revolucao-de-abril\/#primaryimage"},"image":{"@id":"https:\/\/portaltela.pt\/noticias\/2026\/04\/24\/homenagem-a-david-o-aspirante-ramos-da-revolucao-de-abril\/#primaryimage"},"thumbnailUrl":"https:\/\/portaltela.pt\/s.01k8rhncp4jt1\/2026\/04\/tpUHdbIMAGENStypeJPGshare1oBarraFacebook_Fugas-5.jpg","datePublished":"2026-04-24T16:33:42+00:00","author":{"@id":"https:\/\/portaltela.pt\/#\/schema\/person\/c4278d4a6028830caff9ee44b42d32ed"},"breadcrumb":{"@id":"https:\/\/portaltela.pt\/noticias\/2026\/04\/24\/homenagem-a-david-o-aspirante-ramos-da-revolucao-de-abril\/#breadcrumb"},"inLanguage":"pt-PT","potentialAction":[{"@type":"ReadAction","target":["https:\/\/portaltela.pt\/noticias\/2026\/04\/24\/homenagem-a-david-o-aspirante-ramos-da-revolucao-de-abril\/"]}]},{"@type":"ImageObject","inLanguage":"pt-PT","@id":"https:\/\/portaltela.pt\/noticias\/2026\/04\/24\/homenagem-a-david-o-aspirante-ramos-da-revolucao-de-abril\/#primaryimage","url":"https:\/\/portaltela.pt\/s.01k8rhncp4jt1\/2026\/04\/tpUHdbIMAGENStypeJPGshare1oBarraFacebook_Fugas-5.jpg","contentUrl":"https:\/\/portaltela.pt\/s.01k8rhncp4jt1\/2026\/04\/tpUHdbIMAGENStypeJPGshare1oBarraFacebook_Fugas-5.jpg","width":1200,"height":630,"caption":"David Lopes Ramos em reportagem para o P\u00daBLICO em 2010, na Quinta da Roeda, no Douro"},{"@type":"BreadcrumbList","@id":"https:\/\/portaltela.pt\/noticias\/2026\/04\/24\/homenagem-a-david-o-aspirante-ramos-da-revolucao-de-abril\/#breadcrumb","itemListElement":[{"@type":"ListItem","position":1,"name":"In\u00edcio","item":"https:\/\/portaltela.pt\/"},{"@type":"ListItem","position":2,"name":"Homenagem a David, o aspirante Ramos da Revolu\u00e7\u00e3o de Abril"}]},{"@type":"WebSite","@id":"https:\/\/portaltela.pt\/#website","url":"https:\/\/portaltela.pt\/","name":"Portal Tela Portugal","description":"","potentialAction":[{"@type":"SearchAction","target":{"@type":"EntryPoint","urlTemplate":"https:\/\/portaltela.pt\/?s={search_term_string}"},"query-input":{"@type":"PropertyValueSpecification","valueRequired":true,"valueName":"search_term_string"}}],"inLanguage":"pt-PT"},{"@type":"Person","@id":"https:\/\/portaltela.pt\/#\/schema\/person\/c4278d4a6028830caff9ee44b42d32ed","name":"Telinha","image":{"@type":"ImageObject","inLanguage":"pt-PT","@id":"https:\/\/portaltela.pt\/s.01k8rhncp4jt1\/2025\/11\/talking-bot-125x125.png","url":"https:\/\/portaltela.pt\/s.01k8rhncp4jt1\/2025\/11\/talking-bot-125x125.png","contentUrl":"https:\/\/portaltela.pt\/s.01k8rhncp4jt1\/2025\/11\/talking-bot-125x125.png","caption":"Telinha"},"sameAs":["https:\/\/portaltela.pt\/"],"url":"https:\/\/portaltela.pt\/por\/367410592786\/"}]}},"_links":{"self":[{"href":"https:\/\/portaltela.pt\/api\/wp\/v2\/posts\/458092","targetHints":{"allow":["GET"]}}],"collection":[{"href":"https:\/\/portaltela.pt\/api\/wp\/v2\/posts"}],"about":[{"href":"https:\/\/portaltela.pt\/api\/wp\/v2\/types\/post"}],"author":[{"embeddable":true,"href":"https:\/\/portaltela.pt\/api\/wp\/v2\/users\/2"}],"replies":[{"embeddable":true,"href":"https:\/\/portaltela.pt\/api\/wp\/v2\/comments?post=458092"}],"version-history":[{"count":0,"href":"https:\/\/portaltela.pt\/api\/wp\/v2\/posts\/458092\/revisions"}],"wp:featuredmedia":[{"embeddable":true,"href":"https:\/\/portaltela.pt\/api\/wp\/v2\/media\/458097"}],"wp:attachment":[{"href":"https:\/\/portaltela.pt\/api\/wp\/v2\/media?parent=458092"}],"wp:term":[{"taxonomy":"category","embeddable":true,"href":"https:\/\/portaltela.pt\/api\/wp\/v2\/categories?post=458092"},{"taxonomy":"post_tag","embeddable":true,"href":"https:\/\/portaltela.pt\/api\/wp\/v2\/tags?post=458092"}],"curies":[{"name":"wp","href":"https:\/\/api.w.org\/{rel}","templated":true}]}}