{"id":458011,"date":"2026-04-24T12:48:58","date_gmt":"2026-04-24T15:48:58","guid":{"rendered":"https:\/\/portaltela.pt\/noticias\/2026\/04\/24\/nairo-quintana-volta-a-vencer-aos-36-anos\/"},"modified":"2026-04-24T12:48:58","modified_gmt":"2026-04-24T15:48:58","slug":"nairo-quintana-volta-a-vencer-aos-36-anos","status":"publish","type":"post","link":"https:\/\/portaltela.pt\/desporto\/futebol\/2026\/04\/24\/nairo-quintana-volta-a-vencer-aos-36-anos\/","title":{"rendered":"Nairo Quintana volta a vencer aos 36 anos"},"content":{"rendered":"<p>Nairo Quintana venceu a segunda etapa da Volta \u00e0s Ast\u00farias, aos 36 anos, em Pola de Lena, numa corrida disputada sem mudan\u00e7as significativas de cen\u00e1rio at\u00e9 ao final. O colombiano da Movistar confirmou a sua forma e aproximou-se do t\u00edtulo.<\/p>\n<p>O pupilo de Quintana, Adri\u00e0 Perigas (Emirates), ficou 26 segundos atr\u00e1s na meta, com o compatriota e colega de equipa Diego Pescador a terminar a 1,21 minutos. A dist\u00e2ncia destaca o dom\u00ednio do l\u00edder da corrida na tirada decisiva.<\/p>\n<p>Quintana tornou-se tamb\u00e9m o novo l\u00edder da prova, dedicando a vit\u00f3ria ao compatriota Cristian Mu\u00f1oz, falecido recentemente. A corrida prossegue com adapta\u00e7\u00f5es estrat\u00e9gicas para as etapas seguintes.<\/p>\n<p>Este triunfo marca a primeira vit\u00f3ria de Quintana desde 2022, quando venceu o Tour dos Alpes Mar\u00edtimos. O regresso ao p\u00f3dio aos 36 anos refor\u00e7a a ambi\u00e7\u00e3o do ciclista colombiano na temporada.<\/p>\n","protected":false},"excerpt":{"rendered":"<ul>\n<li>Nairo Quintana, aos 36 anos, venceu a segunda etapa da Volta \u00e0s Ast\u00farias, impondo\u2011se em Pola de Lena.<\/li>\n<li>O colombiano da Movistar terminou a prova com 26 segundos de vantagem sobre Adri\u00e0 Perigas (Emirates) e 1,21 minutos sobre Diego Pescador (Movistar).<\/li>\n<li>Com o triunfo, Quintana tornou\u2011se o novo l\u00edder da corrida espanhola.<\/li>\n<li>A vit\u00f3ria \u00e9 a primeira de Quintana numa etapa desde 2022, quando venceu o Tour dos Alpes Mar\u00edtimos.<\/li>\n<li>A sua conquista foi dedicada ao compatriota Cristian Mu\u00f1oz, falecido.<\/li>\n<\/ul>\n","protected":false},"author":2,"featured_media":458017,"comment_status":"closed","ping_status":"closed","sticky":false,"template":"","format":"standard","meta":{"footnotes":""},"categories":[21,24],"tags":[923,2469,2681,9478,6802,2428],"class_list":["post-458011","post","type-post","status-publish","format-standard","has-post-thumbnail","hentry","category-desporto","category-futebol","tag-ciclismo","tag-colombia","tag-desporto-internacional","tag-equipa","tag-lideranca","tag-vitoria"],"yoast_head":"<!-- This site is optimized with the Yoast SEO plugin v27.2 - https:\/\/yoast.com\/product\/yoast-seo-wordpress\/ -->\n<title>Nairo Quintana volta a vencer aos 36 anos - Portal Tela Portugal<\/title>\n<meta name=\"robots\" content=\"index, follow, max-snippet:-1, max-image-preview:large, max-video-preview:-1\" \/>\n<meta property=\"og:locale\" content=\"pt_PT\" \/>\n<meta property=\"og:type\" content=\"article\" \/>\n<meta property=\"og:title\" content=\"Nairo Quintana volta a vencer aos 36 anos - Portal Tela Portugal\" \/>\n<meta property=\"og:description\" content=\"Nairo Quintana, aos 36 anos, venceu a segunda etapa da Volta \u00e0s Ast\u00farias, impondo\u2011se em Pola de Lena. O colombiano da Movistar terminou a prova com 26 segundos de vantagem sobre Adri\u00e0 Perigas (Emirates) e 1,21 minutos sobre Diego Pescador (Movistar). Com o triunfo, Quintana tornou\u2011se o novo l\u00edder da corrida espanhola. A vit\u00f3ria \u00e9 a primeira de Quintana numa etapa desde 2022, quando venceu o Tour dos Alpes Mar\u00edtimos. A sua conquista foi dedicada ao compatriota Cristian Mu\u00f1oz, falecido.\" \/>\n<meta property=\"og:url\" content=\"https:\/\/portaltela.pt\/noticias\/2026\/04\/24\/nairo-quintana-volta-a-vencer-aos-36-anos\/\" \/>\n<meta property=\"og:site_name\" content=\"Portal Tela Portugal\" \/>\n<meta property=\"article:published_time\" content=\"2026-04-24T15:48:58+00:00\" \/>\n<meta name=\"author\" content=\"Telinha\" \/>\n<meta name=\"twitter:card\" content=\"summary_large_image\" \/>\n<meta name=\"twitter:label1\" content=\"Escrito por\" \/>\n\t<meta name=\"twitter:data1\" content=\"Telinha\" \/>\n\t<meta name=\"twitter:label2\" content=\"Tempo estimado de leitura\" \/>\n\t<meta name=\"twitter:data2\" content=\"1 minuto\" \/>\n<script type=\"application\/ld+json\" class=\"yoast-schema-graph\">{\"@context\":\"https:\/\/schema.org\",\"@graph\":[{\"@type\":\"Article\",\"@id\":\"https:\/\/portaltela.pt\/noticias\/2026\/04\/24\/nairo-quintana-volta-a-vencer-aos-36-anos\/#article\",\"isPartOf\":{\"@id\":\"https:\/\/portaltela.pt\/noticias\/2026\/04\/24\/nairo-quintana-volta-a-vencer-aos-36-anos\/\"},\"author\":{\"name\":\"Telinha\",\"@id\":\"https:\/\/portaltela.pt\/#\/schema\/person\/c4278d4a6028830caff9ee44b42d32ed\"},\"headline\":\"Nairo Quintana volta a vencer aos 36 anos\",\"datePublished\":\"2026-04-24T15:48:58+00:00\",\"mainEntityOfPage\":{\"@id\":\"https:\/\/portaltela.pt\/noticias\/2026\/04\/24\/nairo-quintana-volta-a-vencer-aos-36-anos\/\"},\"wordCount\":159,\"image\":{\"@id\":\"https:\/\/portaltela.pt\/noticias\/2026\/04\/24\/nairo-quintana-volta-a-vencer-aos-36-anos\/#primaryimage\"},\"thumbnailUrl\":\"https:\/\/portaltela.pt\/s.01k8rhncp4jt1\/2026\/04\/img_920x518uu2026-04-24-16-28-28-2435053.jpg\",\"keywords\":[\"ciclismo\",\"Col\u00f4mbia\",\"desporto internacional\",\"Equipa\",\"lideran\u00e7a\",\"Vit\u00f3ria\"],\"articleSection\":[\"Desporto\",\"Futebol\"],\"inLanguage\":\"pt-PT\"},{\"@type\":\"WebPage\",\"@id\":\"https:\/\/portaltela.pt\/noticias\/2026\/04\/24\/nairo-quintana-volta-a-vencer-aos-36-anos\/\",\"url\":\"https:\/\/portaltela.pt\/noticias\/2026\/04\/24\/nairo-quintana-volta-a-vencer-aos-36-anos\/\",\"name\":\"Nairo Quintana volta a vencer aos 36 anos - Portal Tela Portugal\",\"isPartOf\":{\"@id\":\"https:\/\/portaltela.pt\/#website\"},\"primaryImageOfPage\":{\"@id\":\"https:\/\/portaltela.pt\/noticias\/2026\/04\/24\/nairo-quintana-volta-a-vencer-aos-36-anos\/#primaryimage\"},\"image\":{\"@id\":\"https:\/\/portaltela.pt\/noticias\/2026\/04\/24\/nairo-quintana-volta-a-vencer-aos-36-anos\/#primaryimage\"},\"thumbnailUrl\":\"https:\/\/portaltela.pt\/s.01k8rhncp4jt1\/2026\/04\/img_920x518uu2026-04-24-16-28-28-2435053.jpg\",\"datePublished\":\"2026-04-24T15:48:58+00:00\",\"author\":{\"@id\":\"https:\/\/portaltela.pt\/#\/schema\/person\/c4278d4a6028830caff9ee44b42d32ed\"},\"breadcrumb\":{\"@id\":\"https:\/\/portaltela.pt\/noticias\/2026\/04\/24\/nairo-quintana-volta-a-vencer-aos-36-anos\/#breadcrumb\"},\"inLanguage\":\"pt-PT\",\"potentialAction\":[{\"@type\":\"ReadAction\",\"target\":[\"https:\/\/portaltela.pt\/noticias\/2026\/04\/24\/nairo-quintana-volta-a-vencer-aos-36-anos\/\"]}]},{\"@type\":\"ImageObject\",\"inLanguage\":\"pt-PT\",\"@id\":\"https:\/\/portaltela.pt\/noticias\/2026\/04\/24\/nairo-quintana-volta-a-vencer-aos-36-anos\/#primaryimage\",\"url\":\"https:\/\/portaltela.pt\/s.01k8rhncp4jt1\/2026\/04\/img_920x518uu2026-04-24-16-28-28-2435053.jpg\",\"contentUrl\":\"https:\/\/portaltela.pt\/s.01k8rhncp4jt1\/2026\/04\/img_920x518uu2026-04-24-16-28-28-2435053.jpg\",\"width\":796,\"height\":448,\"caption\":\"Nairo Quintana vence etapa na Volta \u00e0s Ast\u00farias\"},{\"@type\":\"BreadcrumbList\",\"@id\":\"https:\/\/portaltela.pt\/noticias\/2026\/04\/24\/nairo-quintana-volta-a-vencer-aos-36-anos\/#breadcrumb\",\"itemListElement\":[{\"@type\":\"ListItem\",\"position\":1,\"name\":\"In\u00edcio\",\"item\":\"https:\/\/portaltela.pt\/\"},{\"@type\":\"ListItem\",\"position\":2,\"name\":\"Nairo Quintana volta a vencer aos 36 anos\"}]},{\"@type\":\"WebSite\",\"@id\":\"https:\/\/portaltela.pt\/#website\",\"url\":\"https:\/\/portaltela.pt\/\",\"name\":\"Portal Tela Portugal\",\"description\":\"\",\"potentialAction\":[{\"@type\":\"SearchAction\",\"target\":{\"@type\":\"EntryPoint\",\"urlTemplate\":\"https:\/\/portaltela.pt\/?s={search_term_string}\"},\"query-input\":{\"@type\":\"PropertyValueSpecification\",\"valueRequired\":true,\"valueName\":\"search_term_string\"}}],\"inLanguage\":\"pt-PT\"},{\"@type\":\"Person\",\"@id\":\"https:\/\/portaltela.pt\/#\/schema\/person\/c4278d4a6028830caff9ee44b42d32ed\",\"name\":\"Telinha\",\"image\":{\"@type\":\"ImageObject\",\"inLanguage\":\"pt-PT\",\"@id\":\"https:\/\/portaltela.pt\/s.01k8rhncp4jt1\/2025\/11\/talking-bot-125x125.png\",\"url\":\"https:\/\/portaltela.pt\/s.01k8rhncp4jt1\/2025\/11\/talking-bot-125x125.png\",\"contentUrl\":\"https:\/\/portaltela.pt\/s.01k8rhncp4jt1\/2025\/11\/talking-bot-125x125.png\",\"caption\":\"Telinha\"},\"sameAs\":[\"https:\/\/portaltela.pt\/\"],\"url\":\"https:\/\/portaltela.pt\/por\/367410592786\/\"}]}<\/script>\n<!-- \/ Yoast SEO plugin. -->","yoast_head_json":{"title":"Nairo Quintana volta a vencer aos 36 anos - Portal Tela Portugal","robots":{"index":"index","follow":"follow","max-snippet":"max-snippet:-1","max-image-preview":"max-image-preview:large","max-video-preview":"max-video-preview:-1"},"og_locale":"pt_PT","og_type":"article","og_title":"Nairo Quintana volta a vencer aos 36 anos - Portal Tela Portugal","og_description":"Nairo Quintana, aos 36 anos, venceu a segunda etapa da Volta \u00e0s Ast\u00farias, impondo\u2011se em Pola de Lena. O colombiano da Movistar terminou a prova com 26 segundos de vantagem sobre Adri\u00e0 Perigas (Emirates) e 1,21 minutos sobre Diego Pescador (Movistar). Com o triunfo, Quintana tornou\u2011se o novo l\u00edder da corrida espanhola. A vit\u00f3ria \u00e9 a primeira de Quintana numa etapa desde 2022, quando venceu o Tour dos Alpes Mar\u00edtimos. A sua conquista foi dedicada ao compatriota Cristian Mu\u00f1oz, falecido.","og_url":"https:\/\/portaltela.pt\/noticias\/2026\/04\/24\/nairo-quintana-volta-a-vencer-aos-36-anos\/","og_site_name":"Portal Tela Portugal","article_published_time":"2026-04-24T15:48:58+00:00","author":"Telinha","twitter_card":"summary_large_image","twitter_misc":{"Escrito por":"Telinha","Tempo estimado de leitura":"1 minuto"},"schema":{"@context":"https:\/\/schema.org","@graph":[{"@type":"Article","@id":"https:\/\/portaltela.pt\/noticias\/2026\/04\/24\/nairo-quintana-volta-a-vencer-aos-36-anos\/#article","isPartOf":{"@id":"https:\/\/portaltela.pt\/noticias\/2026\/04\/24\/nairo-quintana-volta-a-vencer-aos-36-anos\/"},"author":{"name":"Telinha","@id":"https:\/\/portaltela.pt\/#\/schema\/person\/c4278d4a6028830caff9ee44b42d32ed"},"headline":"Nairo Quintana volta a vencer aos 36 anos","datePublished":"2026-04-24T15:48:58+00:00","mainEntityOfPage":{"@id":"https:\/\/portaltela.pt\/noticias\/2026\/04\/24\/nairo-quintana-volta-a-vencer-aos-36-anos\/"},"wordCount":159,"image":{"@id":"https:\/\/portaltela.pt\/noticias\/2026\/04\/24\/nairo-quintana-volta-a-vencer-aos-36-anos\/#primaryimage"},"thumbnailUrl":"https:\/\/portaltela.pt\/s.01k8rhncp4jt1\/2026\/04\/img_920x518uu2026-04-24-16-28-28-2435053.jpg","keywords":["ciclismo","Col\u00f4mbia","desporto internacional","Equipa","lideran\u00e7a","Vit\u00f3ria"],"articleSection":["Desporto","Futebol"],"inLanguage":"pt-PT"},{"@type":"WebPage","@id":"https:\/\/portaltela.pt\/noticias\/2026\/04\/24\/nairo-quintana-volta-a-vencer-aos-36-anos\/","url":"https:\/\/portaltela.pt\/noticias\/2026\/04\/24\/nairo-quintana-volta-a-vencer-aos-36-anos\/","name":"Nairo Quintana volta a vencer aos 36 anos - Portal Tela Portugal","isPartOf":{"@id":"https:\/\/portaltela.pt\/#website"},"primaryImageOfPage":{"@id":"https:\/\/portaltela.pt\/noticias\/2026\/04\/24\/nairo-quintana-volta-a-vencer-aos-36-anos\/#primaryimage"},"image":{"@id":"https:\/\/portaltela.pt\/noticias\/2026\/04\/24\/nairo-quintana-volta-a-vencer-aos-36-anos\/#primaryimage"},"thumbnailUrl":"https:\/\/portaltela.pt\/s.01k8rhncp4jt1\/2026\/04\/img_920x518uu2026-04-24-16-28-28-2435053.jpg","datePublished":"2026-04-24T15:48:58+00:00","author":{"@id":"https:\/\/portaltela.pt\/#\/schema\/person\/c4278d4a6028830caff9ee44b42d32ed"},"breadcrumb":{"@id":"https:\/\/portaltela.pt\/noticias\/2026\/04\/24\/nairo-quintana-volta-a-vencer-aos-36-anos\/#breadcrumb"},"inLanguage":"pt-PT","potentialAction":[{"@type":"ReadAction","target":["https:\/\/portaltela.pt\/noticias\/2026\/04\/24\/nairo-quintana-volta-a-vencer-aos-36-anos\/"]}]},{"@type":"ImageObject","inLanguage":"pt-PT","@id":"https:\/\/portaltela.pt\/noticias\/2026\/04\/24\/nairo-quintana-volta-a-vencer-aos-36-anos\/#primaryimage","url":"https:\/\/portaltela.pt\/s.01k8rhncp4jt1\/2026\/04\/img_920x518uu2026-04-24-16-28-28-2435053.jpg","contentUrl":"https:\/\/portaltela.pt\/s.01k8rhncp4jt1\/2026\/04\/img_920x518uu2026-04-24-16-28-28-2435053.jpg","width":796,"height":448,"caption":"Nairo Quintana vence etapa na Volta \u00e0s Ast\u00farias"},{"@type":"BreadcrumbList","@id":"https:\/\/portaltela.pt\/noticias\/2026\/04\/24\/nairo-quintana-volta-a-vencer-aos-36-anos\/#breadcrumb","itemListElement":[{"@type":"ListItem","position":1,"name":"In\u00edcio","item":"https:\/\/portaltela.pt\/"},{"@type":"ListItem","position":2,"name":"Nairo Quintana volta a vencer aos 36 anos"}]},{"@type":"WebSite","@id":"https:\/\/portaltela.pt\/#website","url":"https:\/\/portaltela.pt\/","name":"Portal Tela Portugal","description":"","potentialAction":[{"@type":"SearchAction","target":{"@type":"EntryPoint","urlTemplate":"https:\/\/portaltela.pt\/?s={search_term_string}"},"query-input":{"@type":"PropertyValueSpecification","valueRequired":true,"valueName":"search_term_string"}}],"inLanguage":"pt-PT"},{"@type":"Person","@id":"https:\/\/portaltela.pt\/#\/schema\/person\/c4278d4a6028830caff9ee44b42d32ed","name":"Telinha","image":{"@type":"ImageObject","inLanguage":"pt-PT","@id":"https:\/\/portaltela.pt\/s.01k8rhncp4jt1\/2025\/11\/talking-bot-125x125.png","url":"https:\/\/portaltela.pt\/s.01k8rhncp4jt1\/2025\/11\/talking-bot-125x125.png","contentUrl":"https:\/\/portaltela.pt\/s.01k8rhncp4jt1\/2025\/11\/talking-bot-125x125.png","caption":"Telinha"},"sameAs":["https:\/\/portaltela.pt\/"],"url":"https:\/\/portaltela.pt\/por\/367410592786\/"}]}},"_links":{"self":[{"href":"https:\/\/portaltela.pt\/api\/wp\/v2\/posts\/458011","targetHints":{"allow":["GET"]}}],"collection":[{"href":"https:\/\/portaltela.pt\/api\/wp\/v2\/posts"}],"about":[{"href":"https:\/\/portaltela.pt\/api\/wp\/v2\/types\/post"}],"author":[{"embeddable":true,"href":"https:\/\/portaltela.pt\/api\/wp\/v2\/users\/2"}],"replies":[{"embeddable":true,"href":"https:\/\/portaltela.pt\/api\/wp\/v2\/comments?post=458011"}],"version-history":[{"count":0,"href":"https:\/\/portaltela.pt\/api\/wp\/v2\/posts\/458011\/revisions"}],"wp:featuredmedia":[{"embeddable":true,"href":"https:\/\/portaltela.pt\/api\/wp\/v2\/media\/458017"}],"wp:attachment":[{"href":"https:\/\/portaltela.pt\/api\/wp\/v2\/media?parent=458011"}],"wp:term":[{"taxonomy":"category","embeddable":true,"href":"https:\/\/portaltela.pt\/api\/wp\/v2\/categories?post=458011"},{"taxonomy":"post_tag","embeddable":true,"href":"https:\/\/portaltela.pt\/api\/wp\/v2\/tags?post=458011"}],"curies":[{"name":"wp","href":"https:\/\/api.w.org\/{rel}","templated":true}]}}