{"id":457998,"date":"2026-04-24T12:48:44","date_gmt":"2026-04-24T15:48:44","guid":{"rendered":"https:\/\/portaltela.pt\/noticias\/2026\/04\/24\/thierry-correia-sofre-lesao-e-pode-falhar-o-resto-da-epoca\/"},"modified":"2026-04-24T12:48:44","modified_gmt":"2026-04-24T15:48:44","slug":"thierry-correia-sofre-lesao-e-pode-falhar-o-resto-da-epoca","status":"publish","type":"post","link":"https:\/\/portaltela.pt\/desporto\/futebol\/2026\/04\/24\/thierry-correia-sofre-lesao-e-pode-falhar-o-resto-da-epoca\/","title":{"rendered":"Thierry Correia sofre les\u00e3o e pode falhar o resto da \u00e9poca"},"content":{"rendered":"<p>Thierry Correia ficou indispon\u00edvel ap\u00f3s uma les\u00e3o muscular na perna direita, confirmada pelo Valencia. O jogador saiu aos 11 minutos do empate frente ao Maiorca, no \u00faltimo jogo da equipa para a temporada.<\/p>\n<p>Segundo o clube, o problema ocorreu durante o encontro da passada ter\u00e7a-feira contra o Maiorca. O comunicado oficial aponta uma les\u00e3o da musculatura adutora da perna direita, sendo necess\u00e1rio tratamento m\u00e9dico e readapta\u00e7\u00e3o na Cidade Desportiva de Paterna at\u00e9 regresso \u00e0 melhoria cl\u00ednica.<\/p>\n<h3>Potencial fim de \u00e9poca e diagn\u00f3stico<\/h3>\n<p>A imprensa espanhola indica que o epis\u00f3dio pode significar o fim da temporada para o defesa, visto que o contrato de Thierry Correia com o Valencia termina no final desta \u00e9poca. O jogador, formado no Sporting, j\u00e1 totaliza 158 partidas pelo clube em sete \u00e9pocas, com v\u00e1rias les\u00f5es a afast\u00e1-lo de jogos ao longo da carreira.<\/p>\n<h3>Contexto de les\u00f5es recorrentes<\/h3>\n<p>Desde a chegada a Espanha, em 2019, o internacional portugu\u00eas tem enfrentado epis\u00f3dios de les\u00f5es, que o t\u00eam mantido afastado de terrenos de jogo em v\u00e1rias ocasi\u00f5es. Em termos de carreira com o Valencia, Correia j\u00e1 falhou 77 jogos devido a les\u00f5es, o que contextualiza o atual contratempo.<\/p>\n","protected":false},"excerpt":{"rendered":"<ul>\n<li>O Valencia informou que Thierry Correia sofreu uma les\u00e3o muscular na musculatura adutora da perna direita, detectada ap\u00f3s os exames.<\/li>\n<li>O jogador saiu aos 11 minutos do empate frente ao Maiorca, na \u00faltima ter\u00e7a-feira, na jornada da Liga espanhola.<\/li>\n<li>O clube indicou que seguir\u00e1 tratamento m\u00e9dico e de readapta\u00e7\u00e3o na Cidade Desportiva de Paterna at\u00e9 melhoria cl\u00ednica.<\/li>\n<li>Segundo a imprensa, Correia pode ter disputado o \u00faltimo jogo da temporada pelo Valencia, j\u00e1 que o contrato termina no final desta \u00e9poca.<\/li>\n<li>O defesa tem hist\u00f3rico de les\u00f5es desde a chegada a Espanha em 2019, tendo falhado 77 jogos e somado 158 atua\u00e7\u00f5es em sete \u00e9pocas.<\/li>\n<\/ul>\n","protected":false},"author":2,"featured_media":458005,"comment_status":"closed","ping_status":"closed","sticky":false,"template":"","format":"standard","meta":{"footnotes":""},"categories":[21,24],"tags":[152,32,3338,1789,2538,1014],"class_list":["post-457998","post","type-post","status-publish","format-standard","has-post-thumbnail","hentry","category-desporto","category-futebol","tag-desporto","tag-futebol","tag-futebol-internacional","tag-la-liga","tag-lesoes","tag-portugal"],"yoast_head":"<!-- This site is optimized with the Yoast SEO plugin v27.2 - https:\/\/yoast.com\/product\/yoast-seo-wordpress\/ -->\n<title>Thierry Correia sofre les\u00e3o e pode falhar o resto da \u00e9poca - Portal Tela Portugal<\/title>\n<meta name=\"robots\" content=\"index, follow, max-snippet:-1, max-image-preview:large, max-video-preview:-1\" \/>\n<meta property=\"og:locale\" content=\"pt_PT\" \/>\n<meta property=\"og:type\" content=\"article\" \/>\n<meta property=\"og:title\" content=\"Thierry Correia sofre les\u00e3o e pode falhar o resto da \u00e9poca - Portal Tela Portugal\" \/>\n<meta property=\"og:description\" content=\"O Valencia informou que Thierry Correia sofreu uma les\u00e3o muscular na musculatura adutora da perna direita, detectada ap\u00f3s os exames. O jogador saiu aos 11 minutos do empate frente ao Maiorca, na \u00faltima ter\u00e7a-feira, na jornada da Liga espanhola. O clube indicou que seguir\u00e1 tratamento m\u00e9dico e de readapta\u00e7\u00e3o na Cidade Desportiva de Paterna at\u00e9 melhoria cl\u00ednica. Segundo a imprensa, Correia pode ter disputado o \u00faltimo jogo da temporada pelo Valencia, j\u00e1 que o contrato termina no final desta \u00e9poca. O defesa tem hist\u00f3rico de les\u00f5es desde a chegada a Espanha em 2019, tendo falhado 77 jogos e somado 158 atua\u00e7\u00f5es em sete \u00e9pocas.\" \/>\n<meta property=\"og:url\" content=\"https:\/\/portaltela.pt\/noticias\/2026\/04\/24\/thierry-correia-sofre-lesao-e-pode-falhar-o-resto-da-epoca\/\" \/>\n<meta property=\"og:site_name\" content=\"Portal Tela Portugal\" \/>\n<meta property=\"article:published_time\" content=\"2026-04-24T15:48:44+00:00\" \/>\n<meta name=\"author\" content=\"Telinha\" \/>\n<meta name=\"twitter:card\" content=\"summary_large_image\" \/>\n<meta name=\"twitter:label1\" content=\"Escrito por\" \/>\n\t<meta name=\"twitter:data1\" content=\"Telinha\" \/>\n\t<meta name=\"twitter:label2\" content=\"Tempo estimado de leitura\" \/>\n\t<meta name=\"twitter:data2\" content=\"1 minuto\" \/>\n<script type=\"application\/ld+json\" class=\"yoast-schema-graph\">{\"@context\":\"https:\/\/schema.org\",\"@graph\":[{\"@type\":\"Article\",\"@id\":\"https:\/\/portaltela.pt\/noticias\/2026\/04\/24\/thierry-correia-sofre-lesao-e-pode-falhar-o-resto-da-epoca\/#article\",\"isPartOf\":{\"@id\":\"https:\/\/portaltela.pt\/noticias\/2026\/04\/24\/thierry-correia-sofre-lesao-e-pode-falhar-o-resto-da-epoca\/\"},\"author\":{\"name\":\"Telinha\",\"@id\":\"https:\/\/portaltela.pt\/#\/schema\/person\/c4278d4a6028830caff9ee44b42d32ed\"},\"headline\":\"Thierry Correia sofre les\u00e3o e pode falhar o resto da \u00e9poca\",\"datePublished\":\"2026-04-24T15:48:44+00:00\",\"mainEntityOfPage\":{\"@id\":\"https:\/\/portaltela.pt\/noticias\/2026\/04\/24\/thierry-correia-sofre-lesao-e-pode-falhar-o-resto-da-epoca\/\"},\"wordCount\":219,\"image\":{\"@id\":\"https:\/\/portaltela.pt\/noticias\/2026\/04\/24\/thierry-correia-sofre-lesao-e-pode-falhar-o-resto-da-epoca\/#primaryimage\"},\"thumbnailUrl\":\"https:\/\/portaltela.pt\/s.01k8rhncp4jt1\/2026\/04\/img_920x518uu2023-07-26-09-19-25-2155030.jpg\",\"keywords\":[\"desporto\",\"futebol\",\"futebol internacional\",\"La Liga\",\"les\u00f5es\",\"Portugal\"],\"articleSection\":[\"Desporto\",\"Futebol\"],\"inLanguage\":\"pt-PT\"},{\"@type\":\"WebPage\",\"@id\":\"https:\/\/portaltela.pt\/noticias\/2026\/04\/24\/thierry-correia-sofre-lesao-e-pode-falhar-o-resto-da-epoca\/\",\"url\":\"https:\/\/portaltela.pt\/noticias\/2026\/04\/24\/thierry-correia-sofre-lesao-e-pode-falhar-o-resto-da-epoca\/\",\"name\":\"Thierry Correia sofre les\u00e3o e pode falhar o resto da \u00e9poca - Portal Tela Portugal\",\"isPartOf\":{\"@id\":\"https:\/\/portaltela.pt\/#website\"},\"primaryImageOfPage\":{\"@id\":\"https:\/\/portaltela.pt\/noticias\/2026\/04\/24\/thierry-correia-sofre-lesao-e-pode-falhar-o-resto-da-epoca\/#primaryimage\"},\"image\":{\"@id\":\"https:\/\/portaltela.pt\/noticias\/2026\/04\/24\/thierry-correia-sofre-lesao-e-pode-falhar-o-resto-da-epoca\/#primaryimage\"},\"thumbnailUrl\":\"https:\/\/portaltela.pt\/s.01k8rhncp4jt1\/2026\/04\/img_920x518uu2023-07-26-09-19-25-2155030.jpg\",\"datePublished\":\"2026-04-24T15:48:44+00:00\",\"author\":{\"@id\":\"https:\/\/portaltela.pt\/#\/schema\/person\/c4278d4a6028830caff9ee44b42d32ed\"},\"breadcrumb\":{\"@id\":\"https:\/\/portaltela.pt\/noticias\/2026\/04\/24\/thierry-correia-sofre-lesao-e-pode-falhar-o-resto-da-epoca\/#breadcrumb\"},\"inLanguage\":\"pt-PT\",\"potentialAction\":[{\"@type\":\"ReadAction\",\"target\":[\"https:\/\/portaltela.pt\/noticias\/2026\/04\/24\/thierry-correia-sofre-lesao-e-pode-falhar-o-resto-da-epoca\/\"]}]},{\"@type\":\"ImageObject\",\"inLanguage\":\"pt-PT\",\"@id\":\"https:\/\/portaltela.pt\/noticias\/2026\/04\/24\/thierry-correia-sofre-lesao-e-pode-falhar-o-resto-da-epoca\/#primaryimage\",\"url\":\"https:\/\/portaltela.pt\/s.01k8rhncp4jt1\/2026\/04\/img_920x518uu2023-07-26-09-19-25-2155030.jpg\",\"contentUrl\":\"https:\/\/portaltela.pt\/s.01k8rhncp4jt1\/2026\/04\/img_920x518uu2023-07-26-09-19-25-2155030.jpg\",\"width\":796,\"height\":448,\"caption\":\"Thierry Correia\"},{\"@type\":\"BreadcrumbList\",\"@id\":\"https:\/\/portaltela.pt\/noticias\/2026\/04\/24\/thierry-correia-sofre-lesao-e-pode-falhar-o-resto-da-epoca\/#breadcrumb\",\"itemListElement\":[{\"@type\":\"ListItem\",\"position\":1,\"name\":\"In\u00edcio\",\"item\":\"https:\/\/portaltela.pt\/\"},{\"@type\":\"ListItem\",\"position\":2,\"name\":\"Thierry Correia sofre les\u00e3o e pode falhar o resto da \u00e9poca\"}]},{\"@type\":\"WebSite\",\"@id\":\"https:\/\/portaltela.pt\/#website\",\"url\":\"https:\/\/portaltela.pt\/\",\"name\":\"Portal Tela Portugal\",\"description\":\"\",\"potentialAction\":[{\"@type\":\"SearchAction\",\"target\":{\"@type\":\"EntryPoint\",\"urlTemplate\":\"https:\/\/portaltela.pt\/?s={search_term_string}\"},\"query-input\":{\"@type\":\"PropertyValueSpecification\",\"valueRequired\":true,\"valueName\":\"search_term_string\"}}],\"inLanguage\":\"pt-PT\"},{\"@type\":\"Person\",\"@id\":\"https:\/\/portaltela.pt\/#\/schema\/person\/c4278d4a6028830caff9ee44b42d32ed\",\"name\":\"Telinha\",\"image\":{\"@type\":\"ImageObject\",\"inLanguage\":\"pt-PT\",\"@id\":\"https:\/\/portaltela.pt\/s.01k8rhncp4jt1\/2025\/11\/talking-bot-125x125.png\",\"url\":\"https:\/\/portaltela.pt\/s.01k8rhncp4jt1\/2025\/11\/talking-bot-125x125.png\",\"contentUrl\":\"https:\/\/portaltela.pt\/s.01k8rhncp4jt1\/2025\/11\/talking-bot-125x125.png\",\"caption\":\"Telinha\"},\"sameAs\":[\"https:\/\/portaltela.pt\/\"],\"url\":\"https:\/\/portaltela.pt\/por\/367410592786\/\"}]}<\/script>\n<!-- \/ Yoast SEO plugin. -->","yoast_head_json":{"title":"Thierry Correia sofre les\u00e3o e pode falhar o resto da \u00e9poca - Portal Tela Portugal","robots":{"index":"index","follow":"follow","max-snippet":"max-snippet:-1","max-image-preview":"max-image-preview:large","max-video-preview":"max-video-preview:-1"},"og_locale":"pt_PT","og_type":"article","og_title":"Thierry Correia sofre les\u00e3o e pode falhar o resto da \u00e9poca - Portal Tela Portugal","og_description":"O Valencia informou que Thierry Correia sofreu uma les\u00e3o muscular na musculatura adutora da perna direita, detectada ap\u00f3s os exames. O jogador saiu aos 11 minutos do empate frente ao Maiorca, na \u00faltima ter\u00e7a-feira, na jornada da Liga espanhola. O clube indicou que seguir\u00e1 tratamento m\u00e9dico e de readapta\u00e7\u00e3o na Cidade Desportiva de Paterna at\u00e9 melhoria cl\u00ednica. Segundo a imprensa, Correia pode ter disputado o \u00faltimo jogo da temporada pelo Valencia, j\u00e1 que o contrato termina no final desta \u00e9poca. O defesa tem hist\u00f3rico de les\u00f5es desde a chegada a Espanha em 2019, tendo falhado 77 jogos e somado 158 atua\u00e7\u00f5es em sete \u00e9pocas.","og_url":"https:\/\/portaltela.pt\/noticias\/2026\/04\/24\/thierry-correia-sofre-lesao-e-pode-falhar-o-resto-da-epoca\/","og_site_name":"Portal Tela Portugal","article_published_time":"2026-04-24T15:48:44+00:00","author":"Telinha","twitter_card":"summary_large_image","twitter_misc":{"Escrito por":"Telinha","Tempo estimado de leitura":"1 minuto"},"schema":{"@context":"https:\/\/schema.org","@graph":[{"@type":"Article","@id":"https:\/\/portaltela.pt\/noticias\/2026\/04\/24\/thierry-correia-sofre-lesao-e-pode-falhar-o-resto-da-epoca\/#article","isPartOf":{"@id":"https:\/\/portaltela.pt\/noticias\/2026\/04\/24\/thierry-correia-sofre-lesao-e-pode-falhar-o-resto-da-epoca\/"},"author":{"name":"Telinha","@id":"https:\/\/portaltela.pt\/#\/schema\/person\/c4278d4a6028830caff9ee44b42d32ed"},"headline":"Thierry Correia sofre les\u00e3o e pode falhar o resto da \u00e9poca","datePublished":"2026-04-24T15:48:44+00:00","mainEntityOfPage":{"@id":"https:\/\/portaltela.pt\/noticias\/2026\/04\/24\/thierry-correia-sofre-lesao-e-pode-falhar-o-resto-da-epoca\/"},"wordCount":219,"image":{"@id":"https:\/\/portaltela.pt\/noticias\/2026\/04\/24\/thierry-correia-sofre-lesao-e-pode-falhar-o-resto-da-epoca\/#primaryimage"},"thumbnailUrl":"https:\/\/portaltela.pt\/s.01k8rhncp4jt1\/2026\/04\/img_920x518uu2023-07-26-09-19-25-2155030.jpg","keywords":["desporto","futebol","futebol internacional","La Liga","les\u00f5es","Portugal"],"articleSection":["Desporto","Futebol"],"inLanguage":"pt-PT"},{"@type":"WebPage","@id":"https:\/\/portaltela.pt\/noticias\/2026\/04\/24\/thierry-correia-sofre-lesao-e-pode-falhar-o-resto-da-epoca\/","url":"https:\/\/portaltela.pt\/noticias\/2026\/04\/24\/thierry-correia-sofre-lesao-e-pode-falhar-o-resto-da-epoca\/","name":"Thierry Correia sofre les\u00e3o e pode falhar o resto da \u00e9poca - Portal Tela Portugal","isPartOf":{"@id":"https:\/\/portaltela.pt\/#website"},"primaryImageOfPage":{"@id":"https:\/\/portaltela.pt\/noticias\/2026\/04\/24\/thierry-correia-sofre-lesao-e-pode-falhar-o-resto-da-epoca\/#primaryimage"},"image":{"@id":"https:\/\/portaltela.pt\/noticias\/2026\/04\/24\/thierry-correia-sofre-lesao-e-pode-falhar-o-resto-da-epoca\/#primaryimage"},"thumbnailUrl":"https:\/\/portaltela.pt\/s.01k8rhncp4jt1\/2026\/04\/img_920x518uu2023-07-26-09-19-25-2155030.jpg","datePublished":"2026-04-24T15:48:44+00:00","author":{"@id":"https:\/\/portaltela.pt\/#\/schema\/person\/c4278d4a6028830caff9ee44b42d32ed"},"breadcrumb":{"@id":"https:\/\/portaltela.pt\/noticias\/2026\/04\/24\/thierry-correia-sofre-lesao-e-pode-falhar-o-resto-da-epoca\/#breadcrumb"},"inLanguage":"pt-PT","potentialAction":[{"@type":"ReadAction","target":["https:\/\/portaltela.pt\/noticias\/2026\/04\/24\/thierry-correia-sofre-lesao-e-pode-falhar-o-resto-da-epoca\/"]}]},{"@type":"ImageObject","inLanguage":"pt-PT","@id":"https:\/\/portaltela.pt\/noticias\/2026\/04\/24\/thierry-correia-sofre-lesao-e-pode-falhar-o-resto-da-epoca\/#primaryimage","url":"https:\/\/portaltela.pt\/s.01k8rhncp4jt1\/2026\/04\/img_920x518uu2023-07-26-09-19-25-2155030.jpg","contentUrl":"https:\/\/portaltela.pt\/s.01k8rhncp4jt1\/2026\/04\/img_920x518uu2023-07-26-09-19-25-2155030.jpg","width":796,"height":448,"caption":"Thierry Correia"},{"@type":"BreadcrumbList","@id":"https:\/\/portaltela.pt\/noticias\/2026\/04\/24\/thierry-correia-sofre-lesao-e-pode-falhar-o-resto-da-epoca\/#breadcrumb","itemListElement":[{"@type":"ListItem","position":1,"name":"In\u00edcio","item":"https:\/\/portaltela.pt\/"},{"@type":"ListItem","position":2,"name":"Thierry Correia sofre les\u00e3o e pode falhar o resto da \u00e9poca"}]},{"@type":"WebSite","@id":"https:\/\/portaltela.pt\/#website","url":"https:\/\/portaltela.pt\/","name":"Portal Tela Portugal","description":"","potentialAction":[{"@type":"SearchAction","target":{"@type":"EntryPoint","urlTemplate":"https:\/\/portaltela.pt\/?s={search_term_string}"},"query-input":{"@type":"PropertyValueSpecification","valueRequired":true,"valueName":"search_term_string"}}],"inLanguage":"pt-PT"},{"@type":"Person","@id":"https:\/\/portaltela.pt\/#\/schema\/person\/c4278d4a6028830caff9ee44b42d32ed","name":"Telinha","image":{"@type":"ImageObject","inLanguage":"pt-PT","@id":"https:\/\/portaltela.pt\/s.01k8rhncp4jt1\/2025\/11\/talking-bot-125x125.png","url":"https:\/\/portaltela.pt\/s.01k8rhncp4jt1\/2025\/11\/talking-bot-125x125.png","contentUrl":"https:\/\/portaltela.pt\/s.01k8rhncp4jt1\/2025\/11\/talking-bot-125x125.png","caption":"Telinha"},"sameAs":["https:\/\/portaltela.pt\/"],"url":"https:\/\/portaltela.pt\/por\/367410592786\/"}]}},"_links":{"self":[{"href":"https:\/\/portaltela.pt\/api\/wp\/v2\/posts\/457998","targetHints":{"allow":["GET"]}}],"collection":[{"href":"https:\/\/portaltela.pt\/api\/wp\/v2\/posts"}],"about":[{"href":"https:\/\/portaltela.pt\/api\/wp\/v2\/types\/post"}],"author":[{"embeddable":true,"href":"https:\/\/portaltela.pt\/api\/wp\/v2\/users\/2"}],"replies":[{"embeddable":true,"href":"https:\/\/portaltela.pt\/api\/wp\/v2\/comments?post=457998"}],"version-history":[{"count":0,"href":"https:\/\/portaltela.pt\/api\/wp\/v2\/posts\/457998\/revisions"}],"wp:featuredmedia":[{"embeddable":true,"href":"https:\/\/portaltela.pt\/api\/wp\/v2\/media\/458005"}],"wp:attachment":[{"href":"https:\/\/portaltela.pt\/api\/wp\/v2\/media?parent=457998"}],"wp:term":[{"taxonomy":"category","embeddable":true,"href":"https:\/\/portaltela.pt\/api\/wp\/v2\/categories?post=457998"},{"taxonomy":"post_tag","embeddable":true,"href":"https:\/\/portaltela.pt\/api\/wp\/v2\/tags?post=457998"}],"curies":[{"name":"wp","href":"https:\/\/api.w.org\/{rel}","templated":true}]}}