{"id":457996,"date":"2026-04-24T12:48:43","date_gmt":"2026-04-24T15:48:43","guid":{"rendered":"https:\/\/portaltela.pt\/noticias\/2026\/04\/24\/imprensa-espanhola-ve-sancao-da-uefa-a-prestianni-como-historica\/"},"modified":"2026-04-24T12:48:43","modified_gmt":"2026-04-24T15:48:43","slug":"imprensa-espanhola-ve-sancao-da-uefa-a-prestianni-como-historica","status":"publish","type":"post","link":"https:\/\/portaltela.pt\/desporto\/futebol\/2026\/04\/24\/imprensa-espanhola-ve-sancao-da-uefa-a-prestianni-como-historica\/","title":{"rendered":"Imprensa espanhola v\u00ea san\u00e7\u00e3o da UEFA a Prestianni como hist\u00f3rica"},"content":{"rendered":"<p>A imprensa espanhola reagiu \u00e0 san\u00e7\u00e3o da UEFA a Gianluca Prestianni, que recebeu seis jogos de suspens\u00e3o por usar linguagem homof\u00f3bica na primeira m\u00e3o do play-off da Champions, frente ao Real Madrid. A decis\u00e3o tamb\u00e9m envolve a acusa\u00e7\u00e3o de racismo por Vin\u00edcius J\u00fanior.<\/p>\n<p>A UEFA confirmou que tr\u00eas dos seis jogos t\u00eam pena suspensa por dois anos. O internacional argentino j\u00e1 cumpriu uma partida e dever\u00e1 cumprir os restantes em compromissos da UEFA ou da sele\u00e7\u00e3o.<\/p>\n<p>Na pr\u00e1tica, Prestianni ficou impedido de jogar durante o processo disciplinar, mas viajou com a equipa para Madrid na semana seguinte, quando o Benfica perdeu por 2-1 e foi eliminado da Liga dos Campe\u00f5es.<\/p>\n<p>A rea\u00e7\u00e3o na imprensa de Espanha foi un\u00e2nime na designa\u00e7\u00e3o da san\u00e7\u00e3o como hist\u00f3rica, com v\u00e1rios t\u00edtulos em destaque nos principais di\u00e1rios desportivos.<\/p>\n<p>At\u00e9 ao momento, n\u00e3o houve confirma\u00e7\u00e3o de novas recursos, mantendo-se a decis\u00e3o da UEFA, que abrange o jogador, os termos de suspens\u00e3o e a possibilidade de cumprimento em jogos internacionais no \u00e2mbito das competi\u00e7\u00f5es da UEFA.<\/p>\n","protected":false},"excerpt":{"rendered":"<ul>\n<li>A UEFA puniu Gianluca Prestianni com seis jogos de suspens\u00e3o por uso de linguagem homof\u00f3bica na primeira m\u00e3o do play-off de acesso aos oitavos da Champions frente ao Real Madrid.<\/li>\n<li>Tr\u00eas jogos ficam com pena suspensa por dois anos; o jogador j\u00e1 cumpriu uma partida e as restantes ficam reservadas para compromissos da UEFA ou da sele\u00e7\u00e3o.<\/li>\n<li>A san\u00e7\u00e3o surge no contexto de uma acusa\u00e7\u00e3o de racismo por parte de Vin\u00edcius J\u00fanior durante o mesmo encontro.<\/li>\n<li>Inicialmente, a UEFA tinha aplicado uma suspens\u00e3o provis\u00f3ria de um jogo; Prestianni acompanhou a equipa a Madrid, onde o Benfica perdeu por two a one e ficou fora da Liga dos Campe\u00f5es.<\/li>\n<li>A decis\u00e3o foi amplamente coberta pela imprensa desportiva espanhola, que publicou a express\u00e3o \u201csan\u00e7\u00e3o hist\u00f3rica\u201d como t\u00edtulo ou destaque.<\/li>\n<\/ul>\n","protected":false},"author":2,"featured_media":458010,"comment_status":"closed","ping_status":"closed","sticky":false,"template":"","format":"standard","meta":{"footnotes":""},"categories":[21,24],"tags":[8566,7755,7907,8507,8568,6371],"class_list":["post-457996","post","type-post","status-publish","format-standard","has-post-thumbnail","hentry","category-desporto","category-futebol","tag-_benfica","tag-_futebol","tag-_futebol-internacional","tag-_selecoes-internacionais","tag-_uefa-champions-league","tag-sancoes"],"yoast_head":"<!-- This site is optimized with the Yoast SEO plugin v27.2 - https:\/\/yoast.com\/product\/yoast-seo-wordpress\/ -->\n<title>Imprensa espanhola v\u00ea san\u00e7\u00e3o da UEFA a Prestianni como hist\u00f3rica - Portal Tela Portugal<\/title>\n<meta name=\"robots\" content=\"index, follow, max-snippet:-1, max-image-preview:large, max-video-preview:-1\" \/>\n<meta property=\"og:locale\" content=\"pt_PT\" \/>\n<meta property=\"og:type\" content=\"article\" \/>\n<meta property=\"og:title\" content=\"Imprensa espanhola v\u00ea san\u00e7\u00e3o da UEFA a Prestianni como hist\u00f3rica - Portal Tela Portugal\" \/>\n<meta property=\"og:description\" content=\"A UEFA puniu Gianluca Prestianni com seis jogos de suspens\u00e3o por uso de linguagem homof\u00f3bica na primeira m\u00e3o do play-off de acesso aos oitavos da Champions frente ao Real Madrid. Tr\u00eas jogos ficam com pena suspensa por dois anos; o jogador j\u00e1 cumpriu uma partida e as restantes ficam reservadas para compromissos da UEFA ou da sele\u00e7\u00e3o. A san\u00e7\u00e3o surge no contexto de uma acusa\u00e7\u00e3o de racismo por parte de Vin\u00edcius J\u00fanior durante o mesmo encontro. Inicialmente, a UEFA tinha aplicado uma suspens\u00e3o provis\u00f3ria de um jogo; Prestianni acompanhou a equipa a Madrid, onde o Benfica perdeu por two a one e ficou fora da Liga dos Campe\u00f5es. A decis\u00e3o foi amplamente coberta pela imprensa desportiva espanhola, que publicou a express\u00e3o \u201csan\u00e7\u00e3o hist\u00f3rica\u201d como t\u00edtulo ou destaque.\" \/>\n<meta property=\"og:url\" content=\"https:\/\/portaltela.pt\/noticias\/2026\/04\/24\/imprensa-espanhola-ve-sancao-da-uefa-a-prestianni-como-historica\/\" \/>\n<meta property=\"og:site_name\" content=\"Portal Tela Portugal\" \/>\n<meta property=\"article:published_time\" content=\"2026-04-24T15:48:43+00:00\" \/>\n<meta name=\"author\" content=\"Telinha\" \/>\n<meta name=\"twitter:card\" content=\"summary_large_image\" \/>\n<meta name=\"twitter:label1\" content=\"Escrito por\" \/>\n\t<meta name=\"twitter:data1\" content=\"Telinha\" \/>\n\t<meta name=\"twitter:label2\" content=\"Tempo estimado de leitura\" \/>\n\t<meta name=\"twitter:data2\" content=\"1 minuto\" \/>\n<script type=\"application\/ld+json\" class=\"yoast-schema-graph\">{\"@context\":\"https:\/\/schema.org\",\"@graph\":[{\"@type\":\"Article\",\"@id\":\"https:\/\/portaltela.pt\/noticias\/2026\/04\/24\/imprensa-espanhola-ve-sancao-da-uefa-a-prestianni-como-historica\/#article\",\"isPartOf\":{\"@id\":\"https:\/\/portaltela.pt\/noticias\/2026\/04\/24\/imprensa-espanhola-ve-sancao-da-uefa-a-prestianni-como-historica\/\"},\"author\":{\"name\":\"Telinha\",\"@id\":\"https:\/\/portaltela.pt\/#\/schema\/person\/c4278d4a6028830caff9ee44b42d32ed\"},\"headline\":\"Imprensa espanhola v\u00ea san\u00e7\u00e3o da UEFA a Prestianni como hist\u00f3rica\",\"datePublished\":\"2026-04-24T15:48:43+00:00\",\"mainEntityOfPage\":{\"@id\":\"https:\/\/portaltela.pt\/noticias\/2026\/04\/24\/imprensa-espanhola-ve-sancao-da-uefa-a-prestianni-como-historica\/\"},\"wordCount\":207,\"image\":{\"@id\":\"https:\/\/portaltela.pt\/noticias\/2026\/04\/24\/imprensa-espanhola-ve-sancao-da-uefa-a-prestianni-como-historica\/#primaryimage\"},\"thumbnailUrl\":\"https:\/\/portaltela.pt\/s.01k8rhncp4jt1\/2026\/04\/image-1506.jpg\",\"keywords\":[\"_Benfica\",\"_futebol\",\"_futebol internacional\",\"_Sele\u00e7\u00f5es internacionais\",\"_UEFA Champions League\",\"san\u00e7\u00f5es\"],\"articleSection\":[\"Desporto\",\"Futebol\"],\"inLanguage\":\"pt-PT\"},{\"@type\":\"WebPage\",\"@id\":\"https:\/\/portaltela.pt\/noticias\/2026\/04\/24\/imprensa-espanhola-ve-sancao-da-uefa-a-prestianni-como-historica\/\",\"url\":\"https:\/\/portaltela.pt\/noticias\/2026\/04\/24\/imprensa-espanhola-ve-sancao-da-uefa-a-prestianni-como-historica\/\",\"name\":\"Imprensa espanhola v\u00ea san\u00e7\u00e3o da UEFA a Prestianni como hist\u00f3rica - Portal Tela Portugal\",\"isPartOf\":{\"@id\":\"https:\/\/portaltela.pt\/#website\"},\"primaryImageOfPage\":{\"@id\":\"https:\/\/portaltela.pt\/noticias\/2026\/04\/24\/imprensa-espanhola-ve-sancao-da-uefa-a-prestianni-como-historica\/#primaryimage\"},\"image\":{\"@id\":\"https:\/\/portaltela.pt\/noticias\/2026\/04\/24\/imprensa-espanhola-ve-sancao-da-uefa-a-prestianni-como-historica\/#primaryimage\"},\"thumbnailUrl\":\"https:\/\/portaltela.pt\/s.01k8rhncp4jt1\/2026\/04\/image-1506.jpg\",\"datePublished\":\"2026-04-24T15:48:43+00:00\",\"author\":{\"@id\":\"https:\/\/portaltela.pt\/#\/schema\/person\/c4278d4a6028830caff9ee44b42d32ed\"},\"breadcrumb\":{\"@id\":\"https:\/\/portaltela.pt\/noticias\/2026\/04\/24\/imprensa-espanhola-ve-sancao-da-uefa-a-prestianni-como-historica\/#breadcrumb\"},\"inLanguage\":\"pt-PT\",\"potentialAction\":[{\"@type\":\"ReadAction\",\"target\":[\"https:\/\/portaltela.pt\/noticias\/2026\/04\/24\/imprensa-espanhola-ve-sancao-da-uefa-a-prestianni-como-historica\/\"]}]},{\"@type\":\"ImageObject\",\"inLanguage\":\"pt-PT\",\"@id\":\"https:\/\/portaltela.pt\/noticias\/2026\/04\/24\/imprensa-espanhola-ve-sancao-da-uefa-a-prestianni-como-historica\/#primaryimage\",\"url\":\"https:\/\/portaltela.pt\/s.01k8rhncp4jt1\/2026\/04\/image-1506.jpg\",\"contentUrl\":\"https:\/\/portaltela.pt\/s.01k8rhncp4jt1\/2026\/04\/image-1506.jpg\",\"width\":796,\"height\":448,\"caption\":\"Prestianni e Vin\u00edcius J\u00fanior em disputa no jogo da primeira m\u00e3o na Luz, quando o pol\u00e9mico caso aconteceu\"},{\"@type\":\"BreadcrumbList\",\"@id\":\"https:\/\/portaltela.pt\/noticias\/2026\/04\/24\/imprensa-espanhola-ve-sancao-da-uefa-a-prestianni-como-historica\/#breadcrumb\",\"itemListElement\":[{\"@type\":\"ListItem\",\"position\":1,\"name\":\"In\u00edcio\",\"item\":\"https:\/\/portaltela.pt\/\"},{\"@type\":\"ListItem\",\"position\":2,\"name\":\"Imprensa espanhola v\u00ea san\u00e7\u00e3o da UEFA a Prestianni como hist\u00f3rica\"}]},{\"@type\":\"WebSite\",\"@id\":\"https:\/\/portaltela.pt\/#website\",\"url\":\"https:\/\/portaltela.pt\/\",\"name\":\"Portal Tela Portugal\",\"description\":\"\",\"potentialAction\":[{\"@type\":\"SearchAction\",\"target\":{\"@type\":\"EntryPoint\",\"urlTemplate\":\"https:\/\/portaltela.pt\/?s={search_term_string}\"},\"query-input\":{\"@type\":\"PropertyValueSpecification\",\"valueRequired\":true,\"valueName\":\"search_term_string\"}}],\"inLanguage\":\"pt-PT\"},{\"@type\":\"Person\",\"@id\":\"https:\/\/portaltela.pt\/#\/schema\/person\/c4278d4a6028830caff9ee44b42d32ed\",\"name\":\"Telinha\",\"image\":{\"@type\":\"ImageObject\",\"inLanguage\":\"pt-PT\",\"@id\":\"https:\/\/portaltela.pt\/s.01k8rhncp4jt1\/2025\/11\/talking-bot-125x125.png\",\"url\":\"https:\/\/portaltela.pt\/s.01k8rhncp4jt1\/2025\/11\/talking-bot-125x125.png\",\"contentUrl\":\"https:\/\/portaltela.pt\/s.01k8rhncp4jt1\/2025\/11\/talking-bot-125x125.png\",\"caption\":\"Telinha\"},\"sameAs\":[\"https:\/\/portaltela.pt\/\"],\"url\":\"https:\/\/portaltela.pt\/por\/367410592786\/\"}]}<\/script>\n<!-- \/ Yoast SEO plugin. -->","yoast_head_json":{"title":"Imprensa espanhola v\u00ea san\u00e7\u00e3o da UEFA a Prestianni como hist\u00f3rica - Portal Tela Portugal","robots":{"index":"index","follow":"follow","max-snippet":"max-snippet:-1","max-image-preview":"max-image-preview:large","max-video-preview":"max-video-preview:-1"},"og_locale":"pt_PT","og_type":"article","og_title":"Imprensa espanhola v\u00ea san\u00e7\u00e3o da UEFA a Prestianni como hist\u00f3rica - Portal Tela Portugal","og_description":"A UEFA puniu Gianluca Prestianni com seis jogos de suspens\u00e3o por uso de linguagem homof\u00f3bica na primeira m\u00e3o do play-off de acesso aos oitavos da Champions frente ao Real Madrid. Tr\u00eas jogos ficam com pena suspensa por dois anos; o jogador j\u00e1 cumpriu uma partida e as restantes ficam reservadas para compromissos da UEFA ou da sele\u00e7\u00e3o. A san\u00e7\u00e3o surge no contexto de uma acusa\u00e7\u00e3o de racismo por parte de Vin\u00edcius J\u00fanior durante o mesmo encontro. Inicialmente, a UEFA tinha aplicado uma suspens\u00e3o provis\u00f3ria de um jogo; Prestianni acompanhou a equipa a Madrid, onde o Benfica perdeu por two a one e ficou fora da Liga dos Campe\u00f5es. A decis\u00e3o foi amplamente coberta pela imprensa desportiva espanhola, que publicou a express\u00e3o \u201csan\u00e7\u00e3o hist\u00f3rica\u201d como t\u00edtulo ou destaque.","og_url":"https:\/\/portaltela.pt\/noticias\/2026\/04\/24\/imprensa-espanhola-ve-sancao-da-uefa-a-prestianni-como-historica\/","og_site_name":"Portal Tela Portugal","article_published_time":"2026-04-24T15:48:43+00:00","author":"Telinha","twitter_card":"summary_large_image","twitter_misc":{"Escrito por":"Telinha","Tempo estimado de leitura":"1 minuto"},"schema":{"@context":"https:\/\/schema.org","@graph":[{"@type":"Article","@id":"https:\/\/portaltela.pt\/noticias\/2026\/04\/24\/imprensa-espanhola-ve-sancao-da-uefa-a-prestianni-como-historica\/#article","isPartOf":{"@id":"https:\/\/portaltela.pt\/noticias\/2026\/04\/24\/imprensa-espanhola-ve-sancao-da-uefa-a-prestianni-como-historica\/"},"author":{"name":"Telinha","@id":"https:\/\/portaltela.pt\/#\/schema\/person\/c4278d4a6028830caff9ee44b42d32ed"},"headline":"Imprensa espanhola v\u00ea san\u00e7\u00e3o da UEFA a Prestianni como hist\u00f3rica","datePublished":"2026-04-24T15:48:43+00:00","mainEntityOfPage":{"@id":"https:\/\/portaltela.pt\/noticias\/2026\/04\/24\/imprensa-espanhola-ve-sancao-da-uefa-a-prestianni-como-historica\/"},"wordCount":207,"image":{"@id":"https:\/\/portaltela.pt\/noticias\/2026\/04\/24\/imprensa-espanhola-ve-sancao-da-uefa-a-prestianni-como-historica\/#primaryimage"},"thumbnailUrl":"https:\/\/portaltela.pt\/s.01k8rhncp4jt1\/2026\/04\/image-1506.jpg","keywords":["_Benfica","_futebol","_futebol internacional","_Sele\u00e7\u00f5es internacionais","_UEFA Champions League","san\u00e7\u00f5es"],"articleSection":["Desporto","Futebol"],"inLanguage":"pt-PT"},{"@type":"WebPage","@id":"https:\/\/portaltela.pt\/noticias\/2026\/04\/24\/imprensa-espanhola-ve-sancao-da-uefa-a-prestianni-como-historica\/","url":"https:\/\/portaltela.pt\/noticias\/2026\/04\/24\/imprensa-espanhola-ve-sancao-da-uefa-a-prestianni-como-historica\/","name":"Imprensa espanhola v\u00ea san\u00e7\u00e3o da UEFA a Prestianni como hist\u00f3rica - Portal Tela Portugal","isPartOf":{"@id":"https:\/\/portaltela.pt\/#website"},"primaryImageOfPage":{"@id":"https:\/\/portaltela.pt\/noticias\/2026\/04\/24\/imprensa-espanhola-ve-sancao-da-uefa-a-prestianni-como-historica\/#primaryimage"},"image":{"@id":"https:\/\/portaltela.pt\/noticias\/2026\/04\/24\/imprensa-espanhola-ve-sancao-da-uefa-a-prestianni-como-historica\/#primaryimage"},"thumbnailUrl":"https:\/\/portaltela.pt\/s.01k8rhncp4jt1\/2026\/04\/image-1506.jpg","datePublished":"2026-04-24T15:48:43+00:00","author":{"@id":"https:\/\/portaltela.pt\/#\/schema\/person\/c4278d4a6028830caff9ee44b42d32ed"},"breadcrumb":{"@id":"https:\/\/portaltela.pt\/noticias\/2026\/04\/24\/imprensa-espanhola-ve-sancao-da-uefa-a-prestianni-como-historica\/#breadcrumb"},"inLanguage":"pt-PT","potentialAction":[{"@type":"ReadAction","target":["https:\/\/portaltela.pt\/noticias\/2026\/04\/24\/imprensa-espanhola-ve-sancao-da-uefa-a-prestianni-como-historica\/"]}]},{"@type":"ImageObject","inLanguage":"pt-PT","@id":"https:\/\/portaltela.pt\/noticias\/2026\/04\/24\/imprensa-espanhola-ve-sancao-da-uefa-a-prestianni-como-historica\/#primaryimage","url":"https:\/\/portaltela.pt\/s.01k8rhncp4jt1\/2026\/04\/image-1506.jpg","contentUrl":"https:\/\/portaltela.pt\/s.01k8rhncp4jt1\/2026\/04\/image-1506.jpg","width":796,"height":448,"caption":"Prestianni e Vin\u00edcius J\u00fanior em disputa no jogo da primeira m\u00e3o na Luz, quando o pol\u00e9mico caso aconteceu"},{"@type":"BreadcrumbList","@id":"https:\/\/portaltela.pt\/noticias\/2026\/04\/24\/imprensa-espanhola-ve-sancao-da-uefa-a-prestianni-como-historica\/#breadcrumb","itemListElement":[{"@type":"ListItem","position":1,"name":"In\u00edcio","item":"https:\/\/portaltela.pt\/"},{"@type":"ListItem","position":2,"name":"Imprensa espanhola v\u00ea san\u00e7\u00e3o da UEFA a Prestianni como hist\u00f3rica"}]},{"@type":"WebSite","@id":"https:\/\/portaltela.pt\/#website","url":"https:\/\/portaltela.pt\/","name":"Portal Tela Portugal","description":"","potentialAction":[{"@type":"SearchAction","target":{"@type":"EntryPoint","urlTemplate":"https:\/\/portaltela.pt\/?s={search_term_string}"},"query-input":{"@type":"PropertyValueSpecification","valueRequired":true,"valueName":"search_term_string"}}],"inLanguage":"pt-PT"},{"@type":"Person","@id":"https:\/\/portaltela.pt\/#\/schema\/person\/c4278d4a6028830caff9ee44b42d32ed","name":"Telinha","image":{"@type":"ImageObject","inLanguage":"pt-PT","@id":"https:\/\/portaltela.pt\/s.01k8rhncp4jt1\/2025\/11\/talking-bot-125x125.png","url":"https:\/\/portaltela.pt\/s.01k8rhncp4jt1\/2025\/11\/talking-bot-125x125.png","contentUrl":"https:\/\/portaltela.pt\/s.01k8rhncp4jt1\/2025\/11\/talking-bot-125x125.png","caption":"Telinha"},"sameAs":["https:\/\/portaltela.pt\/"],"url":"https:\/\/portaltela.pt\/por\/367410592786\/"}]}},"_links":{"self":[{"href":"https:\/\/portaltela.pt\/api\/wp\/v2\/posts\/457996","targetHints":{"allow":["GET"]}}],"collection":[{"href":"https:\/\/portaltela.pt\/api\/wp\/v2\/posts"}],"about":[{"href":"https:\/\/portaltela.pt\/api\/wp\/v2\/types\/post"}],"author":[{"embeddable":true,"href":"https:\/\/portaltela.pt\/api\/wp\/v2\/users\/2"}],"replies":[{"embeddable":true,"href":"https:\/\/portaltela.pt\/api\/wp\/v2\/comments?post=457996"}],"version-history":[{"count":0,"href":"https:\/\/portaltela.pt\/api\/wp\/v2\/posts\/457996\/revisions"}],"wp:featuredmedia":[{"embeddable":true,"href":"https:\/\/portaltela.pt\/api\/wp\/v2\/media\/458010"}],"wp:attachment":[{"href":"https:\/\/portaltela.pt\/api\/wp\/v2\/media?parent=457996"}],"wp:term":[{"taxonomy":"category","embeddable":true,"href":"https:\/\/portaltela.pt\/api\/wp\/v2\/categories?post=457996"},{"taxonomy":"post_tag","embeddable":true,"href":"https:\/\/portaltela.pt\/api\/wp\/v2\/tags?post=457996"}],"curies":[{"name":"wp","href":"https:\/\/api.w.org\/{rel}","templated":true}]}}