{"id":457991,"date":"2026-04-24T12:48:40","date_gmt":"2026-04-24T15:48:40","guid":{"rendered":"https:\/\/portaltela.pt\/noticias\/2026\/04\/24\/tomas-contte-recebe-segundo-cartao-amarelo-no-grande-premio-o-jogo\/"},"modified":"2026-04-24T12:48:40","modified_gmt":"2026-04-24T15:48:40","slug":"tomas-contte-recebe-segundo-cartao-amarelo-no-grande-premio-o-jogo","status":"publish","type":"post","link":"https:\/\/portaltela.pt\/desporto\/futebol\/2026\/04\/24\/tomas-contte-recebe-segundo-cartao-amarelo-no-grande-premio-o-jogo\/","title":{"rendered":"Tomas Contte recebe segundo cart\u00e3o amarelo no Grande Pr\u00e9mio O Jogo"},"content":{"rendered":"<p>Tomas Contte, da Aviludo-Louletano, venceu o sprint final na frente de Iker Bonillo (Feira dos Sof\u00e1s-Boavista) e Hugo Nunes (Credibom-LA), ap\u00f3s 155,3 quil\u00f3metros entre Lous\u00e3 e Vila Nova de Poiares. A prova decorreu nesta sexta-feira, com o pelot\u00e3o da frente a chegar com 49 corredores.<\/p>\n<p>O grupo de cabe\u00e7a manteve-se compacto at\u00e9 aos \u00faltimos metros, repetindo o formato de sprint do dia anterior e mantendo Contte na lideran\u00e7a da classifica\u00e7\u00e3o geral.<\/p>\n<p>Jo\u00e3o Silva, da Feira dos Sof\u00e1s-Boavista, venceu a montanha de terceira categoria, \u00e0 frente de Pedro Pinto (GI Group) e Diogo Narciso (Credibom). Jo\u00e3o Silva, segundo na subida da primeira etapa, passou a vestir a camisola azul. Jo\u00e3o Martins ganhou a meta volante na primeira passagem por Vila Nova de Poiares, refor\u00e7ando a lideran\u00e7a.<\/p>\n<h3>Classifica\u00e7\u00f5es e destaque da prova<\/h3>\n<p>A prova manteve o ritmo intenso com 49 ciclistas na frente, incluindo os principais candidatos ao triunfo final. Contte consolidou a lideran\u00e7a com o triunfo de etapa, enquanto Silva sobe de posi\u00e7\u00e3o na geral e na camisola azul.<\/p>\n<p>A terceira etapa fica marcada para s\u00e1bado, com 132,2 quil\u00f3metros e percurso em Castanheira da P\u00eara.<\/p>\n","protected":false},"excerpt":{"rendered":"<ul>\n<li>Tomas Contte, da Aviludo-Louletano, venceu o sprint final ap\u00f3s cento e cinquenta e cinco v\u00edrgula tr\u00eas quil\u00f3metros entre Lous\u00e3 e Vila Nova de Poiares, batendo Iker Bonillo e Hugo Nunes.<\/li>\n<li>O pelot\u00e3o da frente terminou com quarenta e nove corredores, mantendo todos os candidatos ao triunfo final na corrida.<\/li>\n<li>Contte consolidou a lideran\u00e7a da prova ao vencer a etapa com sprint poderoso na reta final.<\/li>\n<li>Jo\u00e3o Silva, da Feira dos Sof\u00e1s-Boavista, ganhou a montanha de terceira categoria e ficou segundo na subida da primeira etapa, passando a vestir a camisola azul; Jo\u00e3o Martins venceu a meta volante na primeira passagem por Vila Nova de Poiares, refor\u00e7ando a lideran\u00e7a.<\/li>\n<li>A terceira etapa, com cento e trinta e dois v\u00edrgula dois quil\u00f3metros, realiza-se em Castanheira da P\u00eara, no s\u00e1bado.<\/li>\n<\/ul>\n","protected":false},"author":2,"featured_media":458014,"comment_status":"closed","ping_status":"closed","sticky":false,"template":"","format":"standard","meta":{"footnotes":""},"categories":[21,24],"tags":[2515,923,9679,152,3495,4099],"class_list":["post-457991","post","type-post","status-publish","format-standard","has-post-thumbnail","hentry","category-desporto","category-futebol","tag-castanheira-de-pera","tag-ciclismo","tag-classificacoes","tag-desporto","tag-lousa","tag-provas"],"yoast_head":"<!-- This site is optimized with the Yoast SEO plugin v27.2 - https:\/\/yoast.com\/product\/yoast-seo-wordpress\/ -->\n<title>Tomas Contte recebe segundo cart\u00e3o amarelo no Grande Pr\u00e9mio O Jogo - Portal Tela Portugal<\/title>\n<meta name=\"robots\" content=\"index, follow, max-snippet:-1, max-image-preview:large, max-video-preview:-1\" \/>\n<meta property=\"og:locale\" content=\"pt_PT\" \/>\n<meta property=\"og:type\" content=\"article\" \/>\n<meta property=\"og:title\" content=\"Tomas Contte recebe segundo cart\u00e3o amarelo no Grande Pr\u00e9mio O Jogo - Portal Tela Portugal\" \/>\n<meta property=\"og:description\" content=\"Tomas Contte, da Aviludo-Louletano, venceu o sprint final ap\u00f3s cento e cinquenta e cinco v\u00edrgula tr\u00eas quil\u00f3metros entre Lous\u00e3 e Vila Nova de Poiares, batendo Iker Bonillo e Hugo Nunes. O pelot\u00e3o da frente terminou com quarenta e nove corredores, mantendo todos os candidatos ao triunfo final na corrida. Contte consolidou a lideran\u00e7a da prova ao vencer a etapa com sprint poderoso na reta final. Jo\u00e3o Silva, da Feira dos Sof\u00e1s-Boavista, ganhou a montanha de terceira categoria e ficou segundo na subida da primeira etapa, passando a vestir a camisola azul; Jo\u00e3o Martins venceu a meta volante na primeira passagem por Vila Nova de Poiares, refor\u00e7ando a lideran\u00e7a. A terceira etapa, com cento e trinta e dois v\u00edrgula dois quil\u00f3metros, realiza-se em Castanheira da P\u00eara, no s\u00e1bado.\" \/>\n<meta property=\"og:url\" content=\"https:\/\/portaltela.pt\/noticias\/2026\/04\/24\/tomas-contte-recebe-segundo-cartao-amarelo-no-grande-premio-o-jogo\/\" \/>\n<meta property=\"og:site_name\" content=\"Portal Tela Portugal\" \/>\n<meta property=\"article:published_time\" content=\"2026-04-24T15:48:40+00:00\" \/>\n<meta name=\"author\" content=\"Telinha\" \/>\n<meta name=\"twitter:card\" content=\"summary_large_image\" \/>\n<meta name=\"twitter:label1\" content=\"Escrito por\" \/>\n\t<meta name=\"twitter:data1\" content=\"Telinha\" \/>\n\t<meta name=\"twitter:label2\" content=\"Tempo estimado de leitura\" \/>\n\t<meta name=\"twitter:data2\" content=\"1 minuto\" \/>\n<script type=\"application\/ld+json\" class=\"yoast-schema-graph\">{\"@context\":\"https:\/\/schema.org\",\"@graph\":[{\"@type\":\"Article\",\"@id\":\"https:\/\/portaltela.pt\/noticias\/2026\/04\/24\/tomas-contte-recebe-segundo-cartao-amarelo-no-grande-premio-o-jogo\/#article\",\"isPartOf\":{\"@id\":\"https:\/\/portaltela.pt\/noticias\/2026\/04\/24\/tomas-contte-recebe-segundo-cartao-amarelo-no-grande-premio-o-jogo\/\"},\"author\":{\"name\":\"Telinha\",\"@id\":\"https:\/\/portaltela.pt\/#\/schema\/person\/c4278d4a6028830caff9ee44b42d32ed\"},\"headline\":\"Tomas Contte recebe segundo cart\u00e3o amarelo no Grande Pr\u00e9mio O Jogo\",\"datePublished\":\"2026-04-24T15:48:40+00:00\",\"mainEntityOfPage\":{\"@id\":\"https:\/\/portaltela.pt\/noticias\/2026\/04\/24\/tomas-contte-recebe-segundo-cartao-amarelo-no-grande-premio-o-jogo\/\"},\"wordCount\":211,\"image\":{\"@id\":\"https:\/\/portaltela.pt\/noticias\/2026\/04\/24\/tomas-contte-recebe-segundo-cartao-amarelo-no-grande-premio-o-jogo\/#primaryimage\"},\"thumbnailUrl\":\"https:\/\/portaltela.pt\/s.01k8rhncp4jt1\/2026\/04\/image-1507.jpg\",\"keywords\":[\"Castanheira de Per\u00e1\",\"ciclismo\",\"classifica\u00e7\u00f5es\",\"desporto\",\"Lous\u00e3\",\"provas\"],\"articleSection\":[\"Desporto\",\"Futebol\"],\"inLanguage\":\"pt-PT\"},{\"@type\":\"WebPage\",\"@id\":\"https:\/\/portaltela.pt\/noticias\/2026\/04\/24\/tomas-contte-recebe-segundo-cartao-amarelo-no-grande-premio-o-jogo\/\",\"url\":\"https:\/\/portaltela.pt\/noticias\/2026\/04\/24\/tomas-contte-recebe-segundo-cartao-amarelo-no-grande-premio-o-jogo\/\",\"name\":\"Tomas Contte recebe segundo cart\u00e3o amarelo no Grande Pr\u00e9mio O Jogo - Portal Tela Portugal\",\"isPartOf\":{\"@id\":\"https:\/\/portaltela.pt\/#website\"},\"primaryImageOfPage\":{\"@id\":\"https:\/\/portaltela.pt\/noticias\/2026\/04\/24\/tomas-contte-recebe-segundo-cartao-amarelo-no-grande-premio-o-jogo\/#primaryimage\"},\"image\":{\"@id\":\"https:\/\/portaltela.pt\/noticias\/2026\/04\/24\/tomas-contte-recebe-segundo-cartao-amarelo-no-grande-premio-o-jogo\/#primaryimage\"},\"thumbnailUrl\":\"https:\/\/portaltela.pt\/s.01k8rhncp4jt1\/2026\/04\/image-1507.jpg\",\"datePublished\":\"2026-04-24T15:48:40+00:00\",\"author\":{\"@id\":\"https:\/\/portaltela.pt\/#\/schema\/person\/c4278d4a6028830caff9ee44b42d32ed\"},\"breadcrumb\":{\"@id\":\"https:\/\/portaltela.pt\/noticias\/2026\/04\/24\/tomas-contte-recebe-segundo-cartao-amarelo-no-grande-premio-o-jogo\/#breadcrumb\"},\"inLanguage\":\"pt-PT\",\"potentialAction\":[{\"@type\":\"ReadAction\",\"target\":[\"https:\/\/portaltela.pt\/noticias\/2026\/04\/24\/tomas-contte-recebe-segundo-cartao-amarelo-no-grande-premio-o-jogo\/\"]}]},{\"@type\":\"ImageObject\",\"inLanguage\":\"pt-PT\",\"@id\":\"https:\/\/portaltela.pt\/noticias\/2026\/04\/24\/tomas-contte-recebe-segundo-cartao-amarelo-no-grande-premio-o-jogo\/#primaryimage\",\"url\":\"https:\/\/portaltela.pt\/s.01k8rhncp4jt1\/2026\/04\/image-1507.jpg\",\"contentUrl\":\"https:\/\/portaltela.pt\/s.01k8rhncp4jt1\/2026\/04\/image-1507.jpg\",\"width\":796,\"height\":448,\"caption\":\"Argentino volta a festejar ap\u00f3s a meta\"},{\"@type\":\"BreadcrumbList\",\"@id\":\"https:\/\/portaltela.pt\/noticias\/2026\/04\/24\/tomas-contte-recebe-segundo-cartao-amarelo-no-grande-premio-o-jogo\/#breadcrumb\",\"itemListElement\":[{\"@type\":\"ListItem\",\"position\":1,\"name\":\"In\u00edcio\",\"item\":\"https:\/\/portaltela.pt\/\"},{\"@type\":\"ListItem\",\"position\":2,\"name\":\"Tomas Contte recebe segundo cart\u00e3o amarelo no Grande Pr\u00e9mio O Jogo\"}]},{\"@type\":\"WebSite\",\"@id\":\"https:\/\/portaltela.pt\/#website\",\"url\":\"https:\/\/portaltela.pt\/\",\"name\":\"Portal Tela Portugal\",\"description\":\"\",\"potentialAction\":[{\"@type\":\"SearchAction\",\"target\":{\"@type\":\"EntryPoint\",\"urlTemplate\":\"https:\/\/portaltela.pt\/?s={search_term_string}\"},\"query-input\":{\"@type\":\"PropertyValueSpecification\",\"valueRequired\":true,\"valueName\":\"search_term_string\"}}],\"inLanguage\":\"pt-PT\"},{\"@type\":\"Person\",\"@id\":\"https:\/\/portaltela.pt\/#\/schema\/person\/c4278d4a6028830caff9ee44b42d32ed\",\"name\":\"Telinha\",\"image\":{\"@type\":\"ImageObject\",\"inLanguage\":\"pt-PT\",\"@id\":\"https:\/\/portaltela.pt\/s.01k8rhncp4jt1\/2025\/11\/talking-bot-125x125.png\",\"url\":\"https:\/\/portaltela.pt\/s.01k8rhncp4jt1\/2025\/11\/talking-bot-125x125.png\",\"contentUrl\":\"https:\/\/portaltela.pt\/s.01k8rhncp4jt1\/2025\/11\/talking-bot-125x125.png\",\"caption\":\"Telinha\"},\"sameAs\":[\"https:\/\/portaltela.pt\/\"],\"url\":\"https:\/\/portaltela.pt\/por\/367410592786\/\"}]}<\/script>\n<!-- \/ Yoast SEO plugin. -->","yoast_head_json":{"title":"Tomas Contte recebe segundo cart\u00e3o amarelo no Grande Pr\u00e9mio O Jogo - Portal Tela Portugal","robots":{"index":"index","follow":"follow","max-snippet":"max-snippet:-1","max-image-preview":"max-image-preview:large","max-video-preview":"max-video-preview:-1"},"og_locale":"pt_PT","og_type":"article","og_title":"Tomas Contte recebe segundo cart\u00e3o amarelo no Grande Pr\u00e9mio O Jogo - Portal Tela Portugal","og_description":"Tomas Contte, da Aviludo-Louletano, venceu o sprint final ap\u00f3s cento e cinquenta e cinco v\u00edrgula tr\u00eas quil\u00f3metros entre Lous\u00e3 e Vila Nova de Poiares, batendo Iker Bonillo e Hugo Nunes. O pelot\u00e3o da frente terminou com quarenta e nove corredores, mantendo todos os candidatos ao triunfo final na corrida. Contte consolidou a lideran\u00e7a da prova ao vencer a etapa com sprint poderoso na reta final. Jo\u00e3o Silva, da Feira dos Sof\u00e1s-Boavista, ganhou a montanha de terceira categoria e ficou segundo na subida da primeira etapa, passando a vestir a camisola azul; Jo\u00e3o Martins venceu a meta volante na primeira passagem por Vila Nova de Poiares, refor\u00e7ando a lideran\u00e7a. A terceira etapa, com cento e trinta e dois v\u00edrgula dois quil\u00f3metros, realiza-se em Castanheira da P\u00eara, no s\u00e1bado.","og_url":"https:\/\/portaltela.pt\/noticias\/2026\/04\/24\/tomas-contte-recebe-segundo-cartao-amarelo-no-grande-premio-o-jogo\/","og_site_name":"Portal Tela Portugal","article_published_time":"2026-04-24T15:48:40+00:00","author":"Telinha","twitter_card":"summary_large_image","twitter_misc":{"Escrito por":"Telinha","Tempo estimado de leitura":"1 minuto"},"schema":{"@context":"https:\/\/schema.org","@graph":[{"@type":"Article","@id":"https:\/\/portaltela.pt\/noticias\/2026\/04\/24\/tomas-contte-recebe-segundo-cartao-amarelo-no-grande-premio-o-jogo\/#article","isPartOf":{"@id":"https:\/\/portaltela.pt\/noticias\/2026\/04\/24\/tomas-contte-recebe-segundo-cartao-amarelo-no-grande-premio-o-jogo\/"},"author":{"name":"Telinha","@id":"https:\/\/portaltela.pt\/#\/schema\/person\/c4278d4a6028830caff9ee44b42d32ed"},"headline":"Tomas Contte recebe segundo cart\u00e3o amarelo no Grande Pr\u00e9mio O Jogo","datePublished":"2026-04-24T15:48:40+00:00","mainEntityOfPage":{"@id":"https:\/\/portaltela.pt\/noticias\/2026\/04\/24\/tomas-contte-recebe-segundo-cartao-amarelo-no-grande-premio-o-jogo\/"},"wordCount":211,"image":{"@id":"https:\/\/portaltela.pt\/noticias\/2026\/04\/24\/tomas-contte-recebe-segundo-cartao-amarelo-no-grande-premio-o-jogo\/#primaryimage"},"thumbnailUrl":"https:\/\/portaltela.pt\/s.01k8rhncp4jt1\/2026\/04\/image-1507.jpg","keywords":["Castanheira de Per\u00e1","ciclismo","classifica\u00e7\u00f5es","desporto","Lous\u00e3","provas"],"articleSection":["Desporto","Futebol"],"inLanguage":"pt-PT"},{"@type":"WebPage","@id":"https:\/\/portaltela.pt\/noticias\/2026\/04\/24\/tomas-contte-recebe-segundo-cartao-amarelo-no-grande-premio-o-jogo\/","url":"https:\/\/portaltela.pt\/noticias\/2026\/04\/24\/tomas-contte-recebe-segundo-cartao-amarelo-no-grande-premio-o-jogo\/","name":"Tomas Contte recebe segundo cart\u00e3o amarelo no Grande Pr\u00e9mio O Jogo - Portal Tela Portugal","isPartOf":{"@id":"https:\/\/portaltela.pt\/#website"},"primaryImageOfPage":{"@id":"https:\/\/portaltela.pt\/noticias\/2026\/04\/24\/tomas-contte-recebe-segundo-cartao-amarelo-no-grande-premio-o-jogo\/#primaryimage"},"image":{"@id":"https:\/\/portaltela.pt\/noticias\/2026\/04\/24\/tomas-contte-recebe-segundo-cartao-amarelo-no-grande-premio-o-jogo\/#primaryimage"},"thumbnailUrl":"https:\/\/portaltela.pt\/s.01k8rhncp4jt1\/2026\/04\/image-1507.jpg","datePublished":"2026-04-24T15:48:40+00:00","author":{"@id":"https:\/\/portaltela.pt\/#\/schema\/person\/c4278d4a6028830caff9ee44b42d32ed"},"breadcrumb":{"@id":"https:\/\/portaltela.pt\/noticias\/2026\/04\/24\/tomas-contte-recebe-segundo-cartao-amarelo-no-grande-premio-o-jogo\/#breadcrumb"},"inLanguage":"pt-PT","potentialAction":[{"@type":"ReadAction","target":["https:\/\/portaltela.pt\/noticias\/2026\/04\/24\/tomas-contte-recebe-segundo-cartao-amarelo-no-grande-premio-o-jogo\/"]}]},{"@type":"ImageObject","inLanguage":"pt-PT","@id":"https:\/\/portaltela.pt\/noticias\/2026\/04\/24\/tomas-contte-recebe-segundo-cartao-amarelo-no-grande-premio-o-jogo\/#primaryimage","url":"https:\/\/portaltela.pt\/s.01k8rhncp4jt1\/2026\/04\/image-1507.jpg","contentUrl":"https:\/\/portaltela.pt\/s.01k8rhncp4jt1\/2026\/04\/image-1507.jpg","width":796,"height":448,"caption":"Argentino volta a festejar ap\u00f3s a meta"},{"@type":"BreadcrumbList","@id":"https:\/\/portaltela.pt\/noticias\/2026\/04\/24\/tomas-contte-recebe-segundo-cartao-amarelo-no-grande-premio-o-jogo\/#breadcrumb","itemListElement":[{"@type":"ListItem","position":1,"name":"In\u00edcio","item":"https:\/\/portaltela.pt\/"},{"@type":"ListItem","position":2,"name":"Tomas Contte recebe segundo cart\u00e3o amarelo no Grande Pr\u00e9mio O Jogo"}]},{"@type":"WebSite","@id":"https:\/\/portaltela.pt\/#website","url":"https:\/\/portaltela.pt\/","name":"Portal Tela Portugal","description":"","potentialAction":[{"@type":"SearchAction","target":{"@type":"EntryPoint","urlTemplate":"https:\/\/portaltela.pt\/?s={search_term_string}"},"query-input":{"@type":"PropertyValueSpecification","valueRequired":true,"valueName":"search_term_string"}}],"inLanguage":"pt-PT"},{"@type":"Person","@id":"https:\/\/portaltela.pt\/#\/schema\/person\/c4278d4a6028830caff9ee44b42d32ed","name":"Telinha","image":{"@type":"ImageObject","inLanguage":"pt-PT","@id":"https:\/\/portaltela.pt\/s.01k8rhncp4jt1\/2025\/11\/talking-bot-125x125.png","url":"https:\/\/portaltela.pt\/s.01k8rhncp4jt1\/2025\/11\/talking-bot-125x125.png","contentUrl":"https:\/\/portaltela.pt\/s.01k8rhncp4jt1\/2025\/11\/talking-bot-125x125.png","caption":"Telinha"},"sameAs":["https:\/\/portaltela.pt\/"],"url":"https:\/\/portaltela.pt\/por\/367410592786\/"}]}},"_links":{"self":[{"href":"https:\/\/portaltela.pt\/api\/wp\/v2\/posts\/457991","targetHints":{"allow":["GET"]}}],"collection":[{"href":"https:\/\/portaltela.pt\/api\/wp\/v2\/posts"}],"about":[{"href":"https:\/\/portaltela.pt\/api\/wp\/v2\/types\/post"}],"author":[{"embeddable":true,"href":"https:\/\/portaltela.pt\/api\/wp\/v2\/users\/2"}],"replies":[{"embeddable":true,"href":"https:\/\/portaltela.pt\/api\/wp\/v2\/comments?post=457991"}],"version-history":[{"count":0,"href":"https:\/\/portaltela.pt\/api\/wp\/v2\/posts\/457991\/revisions"}],"wp:featuredmedia":[{"embeddable":true,"href":"https:\/\/portaltela.pt\/api\/wp\/v2\/media\/458014"}],"wp:attachment":[{"href":"https:\/\/portaltela.pt\/api\/wp\/v2\/media?parent=457991"}],"wp:term":[{"taxonomy":"category","embeddable":true,"href":"https:\/\/portaltela.pt\/api\/wp\/v2\/categories?post=457991"},{"taxonomy":"post_tag","embeddable":true,"href":"https:\/\/portaltela.pt\/api\/wp\/v2\/tags?post=457991"}],"curies":[{"name":"wp","href":"https:\/\/api.w.org\/{rel}","templated":true}]}}