{"id":457984,"date":"2026-04-24T12:48:32","date_gmt":"2026-04-24T15:48:32","guid":{"rendered":"https:\/\/portaltela.pt\/noticias\/2026\/04\/24\/equilibrio-na-luta-pelo-titulo-merito-e-arbitragem-em-foco\/"},"modified":"2026-04-24T12:48:32","modified_gmt":"2026-04-24T15:48:32","slug":"equilibrio-na-luta-pelo-titulo-merito-e-arbitragem-em-foco","status":"publish","type":"post","link":"https:\/\/portaltela.pt\/desporto\/futebol\/2026\/04\/24\/equilibrio-na-luta-pelo-titulo-merito-e-arbitragem-em-foco\/","title":{"rendered":"Equil\u00edbrio na Luta pelo T\u00edtulo: M\u00e9rito e Arbitragem em Foco"},"content":{"rendered":"<p>O campeonato nacional atingiu o ponto alto no passado dia 19 de abril, quando o Benfica venceu o Sporting no est\u00e1dio de Alvalade com m\u00e9rito. O resultado levou as \u00c1guias a ultrapassarem os le\u00f5es na tabela classificativa, ainda que o Sporting tenha o jogo em atraso contra o Tondela como trunfo potencial.<\/p>\n<p>O Benfica manteve a invencibilidade na presente \u00e9poca, sem registar derrotas at\u00e9 ao momento. No entanto, a massa adepta aponta empates atribu\u00eddos a erros seus, principalmente na finaliza\u00e7\u00e3o, bem como a momentos de distra\u00e7\u00e3o e de menor inspira\u00e7ao individual.<\/p>\n<p>Os analistas reconhecem que FC Porto e Sporting tamb\u00e9m apresentam futebol de alto rendimento, com t\u00e9cnicos competentes e plant\u00e9is capazes de discutir cada jogo. Ainda assim, a an\u00e1lise da \u00e9poca n\u00e3o ignora a influ\u00eancia de decis\u00f5es de arbitragem em momentos decisivos.<\/p>\n<h3>Arbitragens sob o foco<\/h3>\n<p>Observa-se um padr\u00e3o de decis\u00f5es que, em jogos-chave, teriam influenciado o marcador. Os apontamentos sugerem diferen\u00e7as de crit\u00e9rio que favoreceriam Alvalade e o Drag\u00e3o, atenuando exibi\u00e7\u00f5es menos produtivas que, noutras circunst\u00e2ncias, poderiam ter levado a menos pontos.<\/p>\n<p>Do lado do Benfica, a vit\u00f3ria em Alvalade refor\u00e7ou a ideia de que a equipa pode vencer advers\u00e1rios diretos sem apoios externos. Este ponto surge num contexto de incid\u00eancias e crit\u00e9rios diversificados que marcaram a \u00e9poca at\u00e9 aqui.<\/p>\n<p>A leitura \u00e9 de que a equipa encarnada continua a responder bem quando \u00e9 exigida, mantendo a invencibilidade como sinal de resili\u00eancia. A partir daqui, o desafio \u00e9 manter a consist\u00eancia em jornadas decisivas sem depender de favorecimentos.<\/p>\n<p>Apesar de reconhecer o desempenho do Benfica, o texto n\u00e3o se fica pela afirma\u00e7\u00e3o de superioridade. A an\u00e1lise aponta para uma reflex\u00e3o cr\u00edtica sobre decis\u00f5es administrativas e o impacto no desenrolar do campeonato, sem conclus\u00f5es definitivas.<\/p>\n","protected":false},"excerpt":{"rendered":"<ul>\n<li>O Benfica venceu o Sporting em Alvalade no d\u00e9rbi de 19 de abril, subindo na classifica\u00e7\u00e3o \u00e0 custa dos le\u00f5es.<\/li>\n<li>O Sporting ainda tem um jogo em atraso contra o Tondela, que pode mudar novamente a tabela.<\/li>\n<li>O Benfica permanece invenc\u00edvel na \u00e9poca, com empates atribu\u00eddos a falhas pr\u00f3prias na finaliza\u00e7\u00e3o ou desatentos.<\/li>\n<li>O debate central \u00e9 sobre decis\u00f5es de arbitragem em momentos-chave que teriam influenciado o resultado de jogos contra rivais.<\/li>\n<li>Analisa-se que, sem erros pr\u00f3prios e com decis\u00f5es disciplinares diferentes, o campeonato poderia apresentar uma composi\u00e7\u00e3o diferente, mas a vit\u00f3ria do Benfica mostrou a for\u00e7a da equipa quando \u00e9 preciso.<\/li>\n<\/ul>\n","protected":false},"author":2,"featured_media":458003,"comment_status":"closed","ping_status":"closed","sticky":false,"template":"","format":"standard","meta":{"footnotes":""},"categories":[21,24],"tags":[4143,1588,1289,1946,32,1652],"class_list":["post-457984","post","type-post","status-publish","format-standard","has-post-thumbnail","hentry","category-desporto","category-futebol","tag-1-liga","tag-alvalade","tag-arbitragem","tag-benfica","tag-futebol","tag-sporting"],"yoast_head":"<!-- This site is optimized with the Yoast SEO plugin v27.2 - https:\/\/yoast.com\/product\/yoast-seo-wordpress\/ -->\n<title>Equil\u00edbrio na Luta pelo T\u00edtulo: M\u00e9rito e Arbitragem em Foco - Portal Tela Portugal<\/title>\n<meta name=\"robots\" content=\"index, follow, max-snippet:-1, max-image-preview:large, max-video-preview:-1\" \/>\n<meta property=\"og:locale\" content=\"pt_PT\" \/>\n<meta property=\"og:type\" content=\"article\" \/>\n<meta property=\"og:title\" content=\"Equil\u00edbrio na Luta pelo T\u00edtulo: M\u00e9rito e Arbitragem em Foco - Portal Tela Portugal\" \/>\n<meta property=\"og:description\" content=\"O Benfica venceu o Sporting em Alvalade no d\u00e9rbi de 19 de abril, subindo na classifica\u00e7\u00e3o \u00e0 custa dos le\u00f5es. O Sporting ainda tem um jogo em atraso contra o Tondela, que pode mudar novamente a tabela. O Benfica permanece invenc\u00edvel na \u00e9poca, com empates atribu\u00eddos a falhas pr\u00f3prias na finaliza\u00e7\u00e3o ou desatentos. O debate central \u00e9 sobre decis\u00f5es de arbitragem em momentos-chave que teriam influenciado o resultado de jogos contra rivais. Analisa-se que, sem erros pr\u00f3prios e com decis\u00f5es disciplinares diferentes, o campeonato poderia apresentar uma composi\u00e7\u00e3o diferente, mas a vit\u00f3ria do Benfica mostrou a for\u00e7a da equipa quando \u00e9 preciso.\" \/>\n<meta property=\"og:url\" content=\"https:\/\/portaltela.pt\/noticias\/2026\/04\/24\/equilibrio-na-luta-pelo-titulo-merito-e-arbitragem-em-foco\/\" \/>\n<meta property=\"og:site_name\" content=\"Portal Tela Portugal\" \/>\n<meta property=\"article:published_time\" content=\"2026-04-24T15:48:32+00:00\" \/>\n<meta name=\"author\" content=\"Telinha\" \/>\n<meta name=\"twitter:card\" content=\"summary_large_image\" \/>\n<meta name=\"twitter:label1\" content=\"Escrito por\" \/>\n\t<meta name=\"twitter:data1\" content=\"Telinha\" \/>\n\t<meta name=\"twitter:label2\" content=\"Tempo estimado de leitura\" \/>\n\t<meta name=\"twitter:data2\" content=\"2 minutos\" \/>\n<script type=\"application\/ld+json\" class=\"yoast-schema-graph\">{\"@context\":\"https:\/\/schema.org\",\"@graph\":[{\"@type\":\"Article\",\"@id\":\"https:\/\/portaltela.pt\/noticias\/2026\/04\/24\/equilibrio-na-luta-pelo-titulo-merito-e-arbitragem-em-foco\/#article\",\"isPartOf\":{\"@id\":\"https:\/\/portaltela.pt\/noticias\/2026\/04\/24\/equilibrio-na-luta-pelo-titulo-merito-e-arbitragem-em-foco\/\"},\"author\":{\"name\":\"Telinha\",\"@id\":\"https:\/\/portaltela.pt\/#\/schema\/person\/c4278d4a6028830caff9ee44b42d32ed\"},\"headline\":\"Equil\u00edbrio na Luta pelo T\u00edtulo: M\u00e9rito e Arbitragem em Foco\",\"datePublished\":\"2026-04-24T15:48:32+00:00\",\"mainEntityOfPage\":{\"@id\":\"https:\/\/portaltela.pt\/noticias\/2026\/04\/24\/equilibrio-na-luta-pelo-titulo-merito-e-arbitragem-em-foco\/\"},\"wordCount\":329,\"image\":{\"@id\":\"https:\/\/portaltela.pt\/noticias\/2026\/04\/24\/equilibrio-na-luta-pelo-titulo-merito-e-arbitragem-em-foco\/#primaryimage\"},\"thumbnailUrl\":\"https:\/\/portaltela.pt\/s.01k8rhncp4jt1\/2026\/04\/img_920x518uu2026-03-19-17-31-00-2428131-1.jpg\",\"keywords\":[\"1. Liga\",\"Alvalade\",\"arbitragem\",\"Benfica\",\"futebol\",\"Sporting\"],\"articleSection\":[\"Desporto\",\"Futebol\"],\"inLanguage\":\"pt-PT\"},{\"@type\":\"WebPage\",\"@id\":\"https:\/\/portaltela.pt\/noticias\/2026\/04\/24\/equilibrio-na-luta-pelo-titulo-merito-e-arbitragem-em-foco\/\",\"url\":\"https:\/\/portaltela.pt\/noticias\/2026\/04\/24\/equilibrio-na-luta-pelo-titulo-merito-e-arbitragem-em-foco\/\",\"name\":\"Equil\u00edbrio na Luta pelo T\u00edtulo: M\u00e9rito e Arbitragem em Foco - Portal Tela Portugal\",\"isPartOf\":{\"@id\":\"https:\/\/portaltela.pt\/#website\"},\"primaryImageOfPage\":{\"@id\":\"https:\/\/portaltela.pt\/noticias\/2026\/04\/24\/equilibrio-na-luta-pelo-titulo-merito-e-arbitragem-em-foco\/#primaryimage\"},\"image\":{\"@id\":\"https:\/\/portaltela.pt\/noticias\/2026\/04\/24\/equilibrio-na-luta-pelo-titulo-merito-e-arbitragem-em-foco\/#primaryimage\"},\"thumbnailUrl\":\"https:\/\/portaltela.pt\/s.01k8rhncp4jt1\/2026\/04\/img_920x518uu2026-03-19-17-31-00-2428131-1.jpg\",\"datePublished\":\"2026-04-24T15:48:32+00:00\",\"author\":{\"@id\":\"https:\/\/portaltela.pt\/#\/schema\/person\/c4278d4a6028830caff9ee44b42d32ed\"},\"breadcrumb\":{\"@id\":\"https:\/\/portaltela.pt\/noticias\/2026\/04\/24\/equilibrio-na-luta-pelo-titulo-merito-e-arbitragem-em-foco\/#breadcrumb\"},\"inLanguage\":\"pt-PT\",\"potentialAction\":[{\"@type\":\"ReadAction\",\"target\":[\"https:\/\/portaltela.pt\/noticias\/2026\/04\/24\/equilibrio-na-luta-pelo-titulo-merito-e-arbitragem-em-foco\/\"]}]},{\"@type\":\"ImageObject\",\"inLanguage\":\"pt-PT\",\"@id\":\"https:\/\/portaltela.pt\/noticias\/2026\/04\/24\/equilibrio-na-luta-pelo-titulo-merito-e-arbitragem-em-foco\/#primaryimage\",\"url\":\"https:\/\/portaltela.pt\/s.01k8rhncp4jt1\/2026\/04\/img_920x518uu2026-03-19-17-31-00-2428131-1.jpg\",\"contentUrl\":\"https:\/\/portaltela.pt\/s.01k8rhncp4jt1\/2026\/04\/img_920x518uu2026-03-19-17-31-00-2428131-1.jpg\",\"width\":796,\"height\":448,\"caption\":\"Miguel Saraiva\"},{\"@type\":\"BreadcrumbList\",\"@id\":\"https:\/\/portaltela.pt\/noticias\/2026\/04\/24\/equilibrio-na-luta-pelo-titulo-merito-e-arbitragem-em-foco\/#breadcrumb\",\"itemListElement\":[{\"@type\":\"ListItem\",\"position\":1,\"name\":\"In\u00edcio\",\"item\":\"https:\/\/portaltela.pt\/\"},{\"@type\":\"ListItem\",\"position\":2,\"name\":\"Equil\u00edbrio na Luta pelo T\u00edtulo: M\u00e9rito e Arbitragem em Foco\"}]},{\"@type\":\"WebSite\",\"@id\":\"https:\/\/portaltela.pt\/#website\",\"url\":\"https:\/\/portaltela.pt\/\",\"name\":\"Portal Tela Portugal\",\"description\":\"\",\"potentialAction\":[{\"@type\":\"SearchAction\",\"target\":{\"@type\":\"EntryPoint\",\"urlTemplate\":\"https:\/\/portaltela.pt\/?s={search_term_string}\"},\"query-input\":{\"@type\":\"PropertyValueSpecification\",\"valueRequired\":true,\"valueName\":\"search_term_string\"}}],\"inLanguage\":\"pt-PT\"},{\"@type\":\"Person\",\"@id\":\"https:\/\/portaltela.pt\/#\/schema\/person\/c4278d4a6028830caff9ee44b42d32ed\",\"name\":\"Telinha\",\"image\":{\"@type\":\"ImageObject\",\"inLanguage\":\"pt-PT\",\"@id\":\"https:\/\/portaltela.pt\/s.01k8rhncp4jt1\/2025\/11\/talking-bot-125x125.png\",\"url\":\"https:\/\/portaltela.pt\/s.01k8rhncp4jt1\/2025\/11\/talking-bot-125x125.png\",\"contentUrl\":\"https:\/\/portaltela.pt\/s.01k8rhncp4jt1\/2025\/11\/talking-bot-125x125.png\",\"caption\":\"Telinha\"},\"sameAs\":[\"https:\/\/portaltela.pt\/\"],\"url\":\"https:\/\/portaltela.pt\/por\/367410592786\/\"}]}<\/script>\n<!-- \/ Yoast SEO plugin. -->","yoast_head_json":{"title":"Equil\u00edbrio na Luta pelo T\u00edtulo: M\u00e9rito e Arbitragem em Foco - Portal Tela Portugal","robots":{"index":"index","follow":"follow","max-snippet":"max-snippet:-1","max-image-preview":"max-image-preview:large","max-video-preview":"max-video-preview:-1"},"og_locale":"pt_PT","og_type":"article","og_title":"Equil\u00edbrio na Luta pelo T\u00edtulo: M\u00e9rito e Arbitragem em Foco - Portal Tela Portugal","og_description":"O Benfica venceu o Sporting em Alvalade no d\u00e9rbi de 19 de abril, subindo na classifica\u00e7\u00e3o \u00e0 custa dos le\u00f5es. O Sporting ainda tem um jogo em atraso contra o Tondela, que pode mudar novamente a tabela. O Benfica permanece invenc\u00edvel na \u00e9poca, com empates atribu\u00eddos a falhas pr\u00f3prias na finaliza\u00e7\u00e3o ou desatentos. O debate central \u00e9 sobre decis\u00f5es de arbitragem em momentos-chave que teriam influenciado o resultado de jogos contra rivais. Analisa-se que, sem erros pr\u00f3prios e com decis\u00f5es disciplinares diferentes, o campeonato poderia apresentar uma composi\u00e7\u00e3o diferente, mas a vit\u00f3ria do Benfica mostrou a for\u00e7a da equipa quando \u00e9 preciso.","og_url":"https:\/\/portaltela.pt\/noticias\/2026\/04\/24\/equilibrio-na-luta-pelo-titulo-merito-e-arbitragem-em-foco\/","og_site_name":"Portal Tela Portugal","article_published_time":"2026-04-24T15:48:32+00:00","author":"Telinha","twitter_card":"summary_large_image","twitter_misc":{"Escrito por":"Telinha","Tempo estimado de leitura":"2 minutos"},"schema":{"@context":"https:\/\/schema.org","@graph":[{"@type":"Article","@id":"https:\/\/portaltela.pt\/noticias\/2026\/04\/24\/equilibrio-na-luta-pelo-titulo-merito-e-arbitragem-em-foco\/#article","isPartOf":{"@id":"https:\/\/portaltela.pt\/noticias\/2026\/04\/24\/equilibrio-na-luta-pelo-titulo-merito-e-arbitragem-em-foco\/"},"author":{"name":"Telinha","@id":"https:\/\/portaltela.pt\/#\/schema\/person\/c4278d4a6028830caff9ee44b42d32ed"},"headline":"Equil\u00edbrio na Luta pelo T\u00edtulo: M\u00e9rito e Arbitragem em Foco","datePublished":"2026-04-24T15:48:32+00:00","mainEntityOfPage":{"@id":"https:\/\/portaltela.pt\/noticias\/2026\/04\/24\/equilibrio-na-luta-pelo-titulo-merito-e-arbitragem-em-foco\/"},"wordCount":329,"image":{"@id":"https:\/\/portaltela.pt\/noticias\/2026\/04\/24\/equilibrio-na-luta-pelo-titulo-merito-e-arbitragem-em-foco\/#primaryimage"},"thumbnailUrl":"https:\/\/portaltela.pt\/s.01k8rhncp4jt1\/2026\/04\/img_920x518uu2026-03-19-17-31-00-2428131-1.jpg","keywords":["1. Liga","Alvalade","arbitragem","Benfica","futebol","Sporting"],"articleSection":["Desporto","Futebol"],"inLanguage":"pt-PT"},{"@type":"WebPage","@id":"https:\/\/portaltela.pt\/noticias\/2026\/04\/24\/equilibrio-na-luta-pelo-titulo-merito-e-arbitragem-em-foco\/","url":"https:\/\/portaltela.pt\/noticias\/2026\/04\/24\/equilibrio-na-luta-pelo-titulo-merito-e-arbitragem-em-foco\/","name":"Equil\u00edbrio na Luta pelo T\u00edtulo: M\u00e9rito e Arbitragem em Foco - Portal Tela Portugal","isPartOf":{"@id":"https:\/\/portaltela.pt\/#website"},"primaryImageOfPage":{"@id":"https:\/\/portaltela.pt\/noticias\/2026\/04\/24\/equilibrio-na-luta-pelo-titulo-merito-e-arbitragem-em-foco\/#primaryimage"},"image":{"@id":"https:\/\/portaltela.pt\/noticias\/2026\/04\/24\/equilibrio-na-luta-pelo-titulo-merito-e-arbitragem-em-foco\/#primaryimage"},"thumbnailUrl":"https:\/\/portaltela.pt\/s.01k8rhncp4jt1\/2026\/04\/img_920x518uu2026-03-19-17-31-00-2428131-1.jpg","datePublished":"2026-04-24T15:48:32+00:00","author":{"@id":"https:\/\/portaltela.pt\/#\/schema\/person\/c4278d4a6028830caff9ee44b42d32ed"},"breadcrumb":{"@id":"https:\/\/portaltela.pt\/noticias\/2026\/04\/24\/equilibrio-na-luta-pelo-titulo-merito-e-arbitragem-em-foco\/#breadcrumb"},"inLanguage":"pt-PT","potentialAction":[{"@type":"ReadAction","target":["https:\/\/portaltela.pt\/noticias\/2026\/04\/24\/equilibrio-na-luta-pelo-titulo-merito-e-arbitragem-em-foco\/"]}]},{"@type":"ImageObject","inLanguage":"pt-PT","@id":"https:\/\/portaltela.pt\/noticias\/2026\/04\/24\/equilibrio-na-luta-pelo-titulo-merito-e-arbitragem-em-foco\/#primaryimage","url":"https:\/\/portaltela.pt\/s.01k8rhncp4jt1\/2026\/04\/img_920x518uu2026-03-19-17-31-00-2428131-1.jpg","contentUrl":"https:\/\/portaltela.pt\/s.01k8rhncp4jt1\/2026\/04\/img_920x518uu2026-03-19-17-31-00-2428131-1.jpg","width":796,"height":448,"caption":"Miguel Saraiva"},{"@type":"BreadcrumbList","@id":"https:\/\/portaltela.pt\/noticias\/2026\/04\/24\/equilibrio-na-luta-pelo-titulo-merito-e-arbitragem-em-foco\/#breadcrumb","itemListElement":[{"@type":"ListItem","position":1,"name":"In\u00edcio","item":"https:\/\/portaltela.pt\/"},{"@type":"ListItem","position":2,"name":"Equil\u00edbrio na Luta pelo T\u00edtulo: M\u00e9rito e Arbitragem em Foco"}]},{"@type":"WebSite","@id":"https:\/\/portaltela.pt\/#website","url":"https:\/\/portaltela.pt\/","name":"Portal Tela Portugal","description":"","potentialAction":[{"@type":"SearchAction","target":{"@type":"EntryPoint","urlTemplate":"https:\/\/portaltela.pt\/?s={search_term_string}"},"query-input":{"@type":"PropertyValueSpecification","valueRequired":true,"valueName":"search_term_string"}}],"inLanguage":"pt-PT"},{"@type":"Person","@id":"https:\/\/portaltela.pt\/#\/schema\/person\/c4278d4a6028830caff9ee44b42d32ed","name":"Telinha","image":{"@type":"ImageObject","inLanguage":"pt-PT","@id":"https:\/\/portaltela.pt\/s.01k8rhncp4jt1\/2025\/11\/talking-bot-125x125.png","url":"https:\/\/portaltela.pt\/s.01k8rhncp4jt1\/2025\/11\/talking-bot-125x125.png","contentUrl":"https:\/\/portaltela.pt\/s.01k8rhncp4jt1\/2025\/11\/talking-bot-125x125.png","caption":"Telinha"},"sameAs":["https:\/\/portaltela.pt\/"],"url":"https:\/\/portaltela.pt\/por\/367410592786\/"}]}},"_links":{"self":[{"href":"https:\/\/portaltela.pt\/api\/wp\/v2\/posts\/457984","targetHints":{"allow":["GET"]}}],"collection":[{"href":"https:\/\/portaltela.pt\/api\/wp\/v2\/posts"}],"about":[{"href":"https:\/\/portaltela.pt\/api\/wp\/v2\/types\/post"}],"author":[{"embeddable":true,"href":"https:\/\/portaltela.pt\/api\/wp\/v2\/users\/2"}],"replies":[{"embeddable":true,"href":"https:\/\/portaltela.pt\/api\/wp\/v2\/comments?post=457984"}],"version-history":[{"count":0,"href":"https:\/\/portaltela.pt\/api\/wp\/v2\/posts\/457984\/revisions"}],"wp:featuredmedia":[{"embeddable":true,"href":"https:\/\/portaltela.pt\/api\/wp\/v2\/media\/458003"}],"wp:attachment":[{"href":"https:\/\/portaltela.pt\/api\/wp\/v2\/media?parent=457984"}],"wp:term":[{"taxonomy":"category","embeddable":true,"href":"https:\/\/portaltela.pt\/api\/wp\/v2\/categories?post=457984"},{"taxonomy":"post_tag","embeddable":true,"href":"https:\/\/portaltela.pt\/api\/wp\/v2\/tags?post=457984"}],"curies":[{"name":"wp","href":"https:\/\/api.w.org\/{rel}","templated":true}]}}