{"id":457883,"date":"2026-04-24T11:48:35","date_gmt":"2026-04-24T14:48:35","guid":{"rendered":"https:\/\/portaltela.pt\/noticias\/2026\/04\/24\/sporting-regressa-aos-treinos-antes-do-avs-sad-com-varios-lesionados-e-duvida\/"},"modified":"2026-04-24T11:48:35","modified_gmt":"2026-04-24T14:48:35","slug":"sporting-regressa-aos-treinos-antes-do-avs-sad-com-varios-lesionados-e-duvida","status":"publish","type":"post","link":"https:\/\/portaltela.pt\/desporto\/futebol\/2026\/04\/24\/sporting-regressa-aos-treinos-antes-do-avs-sad-com-varios-lesionados-e-duvida\/","title":{"rendered":"Sporting regressa aos treinos antes do AVS SAD com v\u00e1rios lesionados e d\u00favida"},"content":{"rendered":"<p>O Sporting retomou hoje os treinos na Academia, ap\u00f3s um dia de folga. A sess\u00e3o matinal combinou gin\u00e1sio e trabalho no relvado, visando a desloca\u00e7\u00e3o a AVS SAD no domingo, para a 31.\u00aa jornada da Liga.<\/p>\n<p>O plantel de Rui Borges enfrenta v\u00e1rias baixas antes do jogo. Cinco jogadores ficaram na Unidade de Performance, sem treino nesta sexta-feira.<\/p>\n<h3>Baixas confirmadas e d\u00favida de \u00faltima hora<\/h3>\n<p>Hjulmand sofre de entorse no tornozelo direito, Gon\u00e7alo In\u00e1cio tem entorse no tornozelo esquerdo, Jo\u00e3o Sim\u00f5es operou ao quinto metatarso do p\u00e9 direito, Fresneda apresenta sintomas pubalgicos e Ioannidis tem les\u00e3o ligamentar no joelho esquerdo. O dinamarqu\u00eas arrisca ficar de fora do resto da \u00e9poca, enquanto os outros dois n\u00e3o jogam a restante temporada 2025\/26.<\/p>\n<p>Nuno Santos \u00e9 a grande inc\u00f3gnita para o duelo com o AVS SAD. O jogador tem uma les\u00e3o muscular na coxa esquerda, mas j\u00e1 corre no relvado, gerando esperan\u00e7a de ser convocado.<\/p>\n<h3>Detalhes da prepara\u00e7\u00e3o<\/h3>\n<p>Os le\u00f5es voltam a treinar amanh\u00e3, de manh\u00e3, \u00e0 porta fechada, na ala profissional da Academia. Rui Borges far\u00e1 a confer\u00eancia de imprensa de apresenta\u00e7\u00e3o do onze \u00e0s 12h00, no Audit\u00f3rio Ant\u00f3nio Capela, em Alcochete.<\/p>\n<h3>Contexto da desloca\u00e7\u00e3o<\/h3>\n<p>O encontro frente ao AVS SAD est\u00e1 agendado para o domingo, \u00e0s 20h30, no Norte do pa\u00eds. O objetivo \u00e9 manter a equipa na luta pela Liga, apesar das les\u00f5es.<\/p>\n","protected":false},"excerpt":{"rendered":"<ul>\n<li>Sporting retomou os treinos na Academia antes da desloca\u00e7\u00e3o ao AVS SAD, para a 31.\u00aa jornada, domingo \u00e0s 20h30.<\/li>\n<li>A sess\u00e3o matinal incluiu trabalho de gin\u00e1sio e no relvado, mantendo o boletim cl\u00ednico preenchido e com cinco jogadores afastados.<\/li>\n<li>Baixas confirmadas: Hjulmand, Gon\u00e7alo In\u00e1cio, Jo\u00e3o Sim\u00f5es, Fresneda e Ioannidis, com impactos na visita ao Norte e na restante temporada.<\/li>\n<li>Nuno Santos \u00e9 d\u00favida para o jogo, recupera\u00e7\u00e3o da les\u00e3o muscular na coxa esquerda, e j\u00e1 faz trabalho no relvado.<\/li>\n<li>Treino de s\u00e1bado \u00e0 porta fechada, seguido de confer\u00eancia de imprensa de Rui Borges \u00e0s 12h00, no Audit\u00f3rio Ant\u00f3nio Capela, em Alcochete.<\/li>\n<\/ul>\n","protected":false},"author":2,"featured_media":457894,"comment_status":"closed","ping_status":"closed","sticky":false,"template":"","format":"standard","meta":{"footnotes":""},"categories":[21,24],"tags":[1984,152,32,2538,1786,1652],"class_list":["post-457883","post","type-post","status-publish","format-standard","has-post-thumbnail","hentry","category-desporto","category-futebol","tag-avs-sad","tag-desporto","tag-futebol","tag-lesoes","tag-liga","tag-sporting"],"yoast_head":"<!-- This site is optimized with the Yoast SEO plugin v27.2 - https:\/\/yoast.com\/product\/yoast-seo-wordpress\/ -->\n<title>Sporting regressa aos treinos antes do AVS SAD com v\u00e1rios lesionados e d\u00favida - Portal Tela Portugal<\/title>\n<meta name=\"robots\" content=\"index, follow, max-snippet:-1, max-image-preview:large, max-video-preview:-1\" \/>\n<meta property=\"og:locale\" content=\"pt_PT\" \/>\n<meta property=\"og:type\" content=\"article\" \/>\n<meta property=\"og:title\" content=\"Sporting regressa aos treinos antes do AVS SAD com v\u00e1rios lesionados e d\u00favida - Portal Tela Portugal\" \/>\n<meta property=\"og:description\" content=\"Sporting retomou os treinos na Academia antes da desloca\u00e7\u00e3o ao AVS SAD, para a 31.\u00aa jornada, domingo \u00e0s 20h30. A sess\u00e3o matinal incluiu trabalho de gin\u00e1sio e no relvado, mantendo o boletim cl\u00ednico preenchido e com cinco jogadores afastados. Baixas confirmadas: Hjulmand, Gon\u00e7alo In\u00e1cio, Jo\u00e3o Sim\u00f5es, Fresneda e Ioannidis, com impactos na visita ao Norte e na restante temporada. Nuno Santos \u00e9 d\u00favida para o jogo, recupera\u00e7\u00e3o da les\u00e3o muscular na coxa esquerda, e j\u00e1 faz trabalho no relvado. Treino de s\u00e1bado \u00e0 porta fechada, seguido de confer\u00eancia de imprensa de Rui Borges \u00e0s 12h00, no Audit\u00f3rio Ant\u00f3nio Capela, em Alcochete.\" \/>\n<meta property=\"og:url\" content=\"https:\/\/portaltela.pt\/noticias\/2026\/04\/24\/sporting-regressa-aos-treinos-antes-do-avs-sad-com-varios-lesionados-e-duvida\/\" \/>\n<meta property=\"og:site_name\" content=\"Portal Tela Portugal\" \/>\n<meta property=\"article:published_time\" content=\"2026-04-24T14:48:35+00:00\" \/>\n<meta name=\"author\" content=\"Telinha\" \/>\n<meta name=\"twitter:card\" content=\"summary_large_image\" \/>\n<meta name=\"twitter:label1\" content=\"Escrito por\" \/>\n\t<meta name=\"twitter:data1\" content=\"Telinha\" \/>\n\t<meta name=\"twitter:label2\" content=\"Tempo estimado de leitura\" \/>\n\t<meta name=\"twitter:data2\" content=\"1 minuto\" \/>\n<script type=\"application\/ld+json\" class=\"yoast-schema-graph\">{\"@context\":\"https:\/\/schema.org\",\"@graph\":[{\"@type\":\"Article\",\"@id\":\"https:\/\/portaltela.pt\/noticias\/2026\/04\/24\/sporting-regressa-aos-treinos-antes-do-avs-sad-com-varios-lesionados-e-duvida\/#article\",\"isPartOf\":{\"@id\":\"https:\/\/portaltela.pt\/noticias\/2026\/04\/24\/sporting-regressa-aos-treinos-antes-do-avs-sad-com-varios-lesionados-e-duvida\/\"},\"author\":{\"name\":\"Telinha\",\"@id\":\"https:\/\/portaltela.pt\/#\/schema\/person\/c4278d4a6028830caff9ee44b42d32ed\"},\"headline\":\"Sporting regressa aos treinos antes do AVS SAD com v\u00e1rios lesionados e d\u00favida\",\"datePublished\":\"2026-04-24T14:48:35+00:00\",\"mainEntityOfPage\":{\"@id\":\"https:\/\/portaltela.pt\/noticias\/2026\/04\/24\/sporting-regressa-aos-treinos-antes-do-avs-sad-com-varios-lesionados-e-duvida\/\"},\"wordCount\":258,\"image\":{\"@id\":\"https:\/\/portaltela.pt\/noticias\/2026\/04\/24\/sporting-regressa-aos-treinos-antes-do-avs-sad-com-varios-lesionados-e-duvida\/#primaryimage\"},\"thumbnailUrl\":\"https:\/\/portaltela.pt\/s.01k8rhncp4jt1\/2026\/04\/img_920x518uu2026-03-23-23-35-41-2429011-im-639105147252005764.jpg\",\"keywords\":[\"AVS SAD\",\"desporto\",\"futebol\",\"les\u00f5es\",\"Liga\",\"Sporting\"],\"articleSection\":[\"Desporto\",\"Futebol\"],\"inLanguage\":\"pt-PT\"},{\"@type\":\"WebPage\",\"@id\":\"https:\/\/portaltela.pt\/noticias\/2026\/04\/24\/sporting-regressa-aos-treinos-antes-do-avs-sad-com-varios-lesionados-e-duvida\/\",\"url\":\"https:\/\/portaltela.pt\/noticias\/2026\/04\/24\/sporting-regressa-aos-treinos-antes-do-avs-sad-com-varios-lesionados-e-duvida\/\",\"name\":\"Sporting regressa aos treinos antes do AVS SAD com v\u00e1rios lesionados e d\u00favida - Portal Tela Portugal\",\"isPartOf\":{\"@id\":\"https:\/\/portaltela.pt\/#website\"},\"primaryImageOfPage\":{\"@id\":\"https:\/\/portaltela.pt\/noticias\/2026\/04\/24\/sporting-regressa-aos-treinos-antes-do-avs-sad-com-varios-lesionados-e-duvida\/#primaryimage\"},\"image\":{\"@id\":\"https:\/\/portaltela.pt\/noticias\/2026\/04\/24\/sporting-regressa-aos-treinos-antes-do-avs-sad-com-varios-lesionados-e-duvida\/#primaryimage\"},\"thumbnailUrl\":\"https:\/\/portaltela.pt\/s.01k8rhncp4jt1\/2026\/04\/img_920x518uu2026-03-23-23-35-41-2429011-im-639105147252005764.jpg\",\"datePublished\":\"2026-04-24T14:48:35+00:00\",\"author\":{\"@id\":\"https:\/\/portaltela.pt\/#\/schema\/person\/c4278d4a6028830caff9ee44b42d32ed\"},\"breadcrumb\":{\"@id\":\"https:\/\/portaltela.pt\/noticias\/2026\/04\/24\/sporting-regressa-aos-treinos-antes-do-avs-sad-com-varios-lesionados-e-duvida\/#breadcrumb\"},\"inLanguage\":\"pt-PT\",\"potentialAction\":[{\"@type\":\"ReadAction\",\"target\":[\"https:\/\/portaltela.pt\/noticias\/2026\/04\/24\/sporting-regressa-aos-treinos-antes-do-avs-sad-com-varios-lesionados-e-duvida\/\"]}]},{\"@type\":\"ImageObject\",\"inLanguage\":\"pt-PT\",\"@id\":\"https:\/\/portaltela.pt\/noticias\/2026\/04\/24\/sporting-regressa-aos-treinos-antes-do-avs-sad-com-varios-lesionados-e-duvida\/#primaryimage\",\"url\":\"https:\/\/portaltela.pt\/s.01k8rhncp4jt1\/2026\/04\/img_920x518uu2026-03-23-23-35-41-2429011-im-639105147252005764.jpg\",\"contentUrl\":\"https:\/\/portaltela.pt\/s.01k8rhncp4jt1\/2026\/04\/img_920x518uu2026-03-23-23-35-41-2429011-im-639105147252005764.jpg\",\"width\":796,\"height\":448,\"caption\":\"Rui Borges durante o treino do Sporting\"},{\"@type\":\"BreadcrumbList\",\"@id\":\"https:\/\/portaltela.pt\/noticias\/2026\/04\/24\/sporting-regressa-aos-treinos-antes-do-avs-sad-com-varios-lesionados-e-duvida\/#breadcrumb\",\"itemListElement\":[{\"@type\":\"ListItem\",\"position\":1,\"name\":\"In\u00edcio\",\"item\":\"https:\/\/portaltela.pt\/\"},{\"@type\":\"ListItem\",\"position\":2,\"name\":\"Sporting regressa aos treinos antes do AVS SAD com v\u00e1rios lesionados e d\u00favida\"}]},{\"@type\":\"WebSite\",\"@id\":\"https:\/\/portaltela.pt\/#website\",\"url\":\"https:\/\/portaltela.pt\/\",\"name\":\"Portal Tela Portugal\",\"description\":\"\",\"potentialAction\":[{\"@type\":\"SearchAction\",\"target\":{\"@type\":\"EntryPoint\",\"urlTemplate\":\"https:\/\/portaltela.pt\/?s={search_term_string}\"},\"query-input\":{\"@type\":\"PropertyValueSpecification\",\"valueRequired\":true,\"valueName\":\"search_term_string\"}}],\"inLanguage\":\"pt-PT\"},{\"@type\":\"Person\",\"@id\":\"https:\/\/portaltela.pt\/#\/schema\/person\/c4278d4a6028830caff9ee44b42d32ed\",\"name\":\"Telinha\",\"image\":{\"@type\":\"ImageObject\",\"inLanguage\":\"pt-PT\",\"@id\":\"https:\/\/portaltela.pt\/s.01k8rhncp4jt1\/2025\/11\/talking-bot-125x125.png\",\"url\":\"https:\/\/portaltela.pt\/s.01k8rhncp4jt1\/2025\/11\/talking-bot-125x125.png\",\"contentUrl\":\"https:\/\/portaltela.pt\/s.01k8rhncp4jt1\/2025\/11\/talking-bot-125x125.png\",\"caption\":\"Telinha\"},\"sameAs\":[\"https:\/\/portaltela.pt\/\"],\"url\":\"https:\/\/portaltela.pt\/por\/367410592786\/\"}]}<\/script>\n<!-- \/ Yoast SEO plugin. -->","yoast_head_json":{"title":"Sporting regressa aos treinos antes do AVS SAD com v\u00e1rios lesionados e d\u00favida - Portal Tela Portugal","robots":{"index":"index","follow":"follow","max-snippet":"max-snippet:-1","max-image-preview":"max-image-preview:large","max-video-preview":"max-video-preview:-1"},"og_locale":"pt_PT","og_type":"article","og_title":"Sporting regressa aos treinos antes do AVS SAD com v\u00e1rios lesionados e d\u00favida - Portal Tela Portugal","og_description":"Sporting retomou os treinos na Academia antes da desloca\u00e7\u00e3o ao AVS SAD, para a 31.\u00aa jornada, domingo \u00e0s 20h30. A sess\u00e3o matinal incluiu trabalho de gin\u00e1sio e no relvado, mantendo o boletim cl\u00ednico preenchido e com cinco jogadores afastados. Baixas confirmadas: Hjulmand, Gon\u00e7alo In\u00e1cio, Jo\u00e3o Sim\u00f5es, Fresneda e Ioannidis, com impactos na visita ao Norte e na restante temporada. Nuno Santos \u00e9 d\u00favida para o jogo, recupera\u00e7\u00e3o da les\u00e3o muscular na coxa esquerda, e j\u00e1 faz trabalho no relvado. Treino de s\u00e1bado \u00e0 porta fechada, seguido de confer\u00eancia de imprensa de Rui Borges \u00e0s 12h00, no Audit\u00f3rio Ant\u00f3nio Capela, em Alcochete.","og_url":"https:\/\/portaltela.pt\/noticias\/2026\/04\/24\/sporting-regressa-aos-treinos-antes-do-avs-sad-com-varios-lesionados-e-duvida\/","og_site_name":"Portal Tela Portugal","article_published_time":"2026-04-24T14:48:35+00:00","author":"Telinha","twitter_card":"summary_large_image","twitter_misc":{"Escrito por":"Telinha","Tempo estimado de leitura":"1 minuto"},"schema":{"@context":"https:\/\/schema.org","@graph":[{"@type":"Article","@id":"https:\/\/portaltela.pt\/noticias\/2026\/04\/24\/sporting-regressa-aos-treinos-antes-do-avs-sad-com-varios-lesionados-e-duvida\/#article","isPartOf":{"@id":"https:\/\/portaltela.pt\/noticias\/2026\/04\/24\/sporting-regressa-aos-treinos-antes-do-avs-sad-com-varios-lesionados-e-duvida\/"},"author":{"name":"Telinha","@id":"https:\/\/portaltela.pt\/#\/schema\/person\/c4278d4a6028830caff9ee44b42d32ed"},"headline":"Sporting regressa aos treinos antes do AVS SAD com v\u00e1rios lesionados e d\u00favida","datePublished":"2026-04-24T14:48:35+00:00","mainEntityOfPage":{"@id":"https:\/\/portaltela.pt\/noticias\/2026\/04\/24\/sporting-regressa-aos-treinos-antes-do-avs-sad-com-varios-lesionados-e-duvida\/"},"wordCount":258,"image":{"@id":"https:\/\/portaltela.pt\/noticias\/2026\/04\/24\/sporting-regressa-aos-treinos-antes-do-avs-sad-com-varios-lesionados-e-duvida\/#primaryimage"},"thumbnailUrl":"https:\/\/portaltela.pt\/s.01k8rhncp4jt1\/2026\/04\/img_920x518uu2026-03-23-23-35-41-2429011-im-639105147252005764.jpg","keywords":["AVS SAD","desporto","futebol","les\u00f5es","Liga","Sporting"],"articleSection":["Desporto","Futebol"],"inLanguage":"pt-PT"},{"@type":"WebPage","@id":"https:\/\/portaltela.pt\/noticias\/2026\/04\/24\/sporting-regressa-aos-treinos-antes-do-avs-sad-com-varios-lesionados-e-duvida\/","url":"https:\/\/portaltela.pt\/noticias\/2026\/04\/24\/sporting-regressa-aos-treinos-antes-do-avs-sad-com-varios-lesionados-e-duvida\/","name":"Sporting regressa aos treinos antes do AVS SAD com v\u00e1rios lesionados e d\u00favida - Portal Tela Portugal","isPartOf":{"@id":"https:\/\/portaltela.pt\/#website"},"primaryImageOfPage":{"@id":"https:\/\/portaltela.pt\/noticias\/2026\/04\/24\/sporting-regressa-aos-treinos-antes-do-avs-sad-com-varios-lesionados-e-duvida\/#primaryimage"},"image":{"@id":"https:\/\/portaltela.pt\/noticias\/2026\/04\/24\/sporting-regressa-aos-treinos-antes-do-avs-sad-com-varios-lesionados-e-duvida\/#primaryimage"},"thumbnailUrl":"https:\/\/portaltela.pt\/s.01k8rhncp4jt1\/2026\/04\/img_920x518uu2026-03-23-23-35-41-2429011-im-639105147252005764.jpg","datePublished":"2026-04-24T14:48:35+00:00","author":{"@id":"https:\/\/portaltela.pt\/#\/schema\/person\/c4278d4a6028830caff9ee44b42d32ed"},"breadcrumb":{"@id":"https:\/\/portaltela.pt\/noticias\/2026\/04\/24\/sporting-regressa-aos-treinos-antes-do-avs-sad-com-varios-lesionados-e-duvida\/#breadcrumb"},"inLanguage":"pt-PT","potentialAction":[{"@type":"ReadAction","target":["https:\/\/portaltela.pt\/noticias\/2026\/04\/24\/sporting-regressa-aos-treinos-antes-do-avs-sad-com-varios-lesionados-e-duvida\/"]}]},{"@type":"ImageObject","inLanguage":"pt-PT","@id":"https:\/\/portaltela.pt\/noticias\/2026\/04\/24\/sporting-regressa-aos-treinos-antes-do-avs-sad-com-varios-lesionados-e-duvida\/#primaryimage","url":"https:\/\/portaltela.pt\/s.01k8rhncp4jt1\/2026\/04\/img_920x518uu2026-03-23-23-35-41-2429011-im-639105147252005764.jpg","contentUrl":"https:\/\/portaltela.pt\/s.01k8rhncp4jt1\/2026\/04\/img_920x518uu2026-03-23-23-35-41-2429011-im-639105147252005764.jpg","width":796,"height":448,"caption":"Rui Borges durante o treino do Sporting"},{"@type":"BreadcrumbList","@id":"https:\/\/portaltela.pt\/noticias\/2026\/04\/24\/sporting-regressa-aos-treinos-antes-do-avs-sad-com-varios-lesionados-e-duvida\/#breadcrumb","itemListElement":[{"@type":"ListItem","position":1,"name":"In\u00edcio","item":"https:\/\/portaltela.pt\/"},{"@type":"ListItem","position":2,"name":"Sporting regressa aos treinos antes do AVS SAD com v\u00e1rios lesionados e d\u00favida"}]},{"@type":"WebSite","@id":"https:\/\/portaltela.pt\/#website","url":"https:\/\/portaltela.pt\/","name":"Portal Tela Portugal","description":"","potentialAction":[{"@type":"SearchAction","target":{"@type":"EntryPoint","urlTemplate":"https:\/\/portaltela.pt\/?s={search_term_string}"},"query-input":{"@type":"PropertyValueSpecification","valueRequired":true,"valueName":"search_term_string"}}],"inLanguage":"pt-PT"},{"@type":"Person","@id":"https:\/\/portaltela.pt\/#\/schema\/person\/c4278d4a6028830caff9ee44b42d32ed","name":"Telinha","image":{"@type":"ImageObject","inLanguage":"pt-PT","@id":"https:\/\/portaltela.pt\/s.01k8rhncp4jt1\/2025\/11\/talking-bot-125x125.png","url":"https:\/\/portaltela.pt\/s.01k8rhncp4jt1\/2025\/11\/talking-bot-125x125.png","contentUrl":"https:\/\/portaltela.pt\/s.01k8rhncp4jt1\/2025\/11\/talking-bot-125x125.png","caption":"Telinha"},"sameAs":["https:\/\/portaltela.pt\/"],"url":"https:\/\/portaltela.pt\/por\/367410592786\/"}]}},"_links":{"self":[{"href":"https:\/\/portaltela.pt\/api\/wp\/v2\/posts\/457883","targetHints":{"allow":["GET"]}}],"collection":[{"href":"https:\/\/portaltela.pt\/api\/wp\/v2\/posts"}],"about":[{"href":"https:\/\/portaltela.pt\/api\/wp\/v2\/types\/post"}],"author":[{"embeddable":true,"href":"https:\/\/portaltela.pt\/api\/wp\/v2\/users\/2"}],"replies":[{"embeddable":true,"href":"https:\/\/portaltela.pt\/api\/wp\/v2\/comments?post=457883"}],"version-history":[{"count":0,"href":"https:\/\/portaltela.pt\/api\/wp\/v2\/posts\/457883\/revisions"}],"wp:featuredmedia":[{"embeddable":true,"href":"https:\/\/portaltela.pt\/api\/wp\/v2\/media\/457894"}],"wp:attachment":[{"href":"https:\/\/portaltela.pt\/api\/wp\/v2\/media?parent=457883"}],"wp:term":[{"taxonomy":"category","embeddable":true,"href":"https:\/\/portaltela.pt\/api\/wp\/v2\/categories?post=457883"},{"taxonomy":"post_tag","embeddable":true,"href":"https:\/\/portaltela.pt\/api\/wp\/v2\/tags?post=457883"}],"curies":[{"name":"wp","href":"https:\/\/api.w.org\/{rel}","templated":true}]}}