{"id":457836,"date":"2026-04-24T11:33:19","date_gmt":"2026-04-24T14:33:19","guid":{"rendered":"https:\/\/portaltela.pt\/noticias\/2026\/04\/24\/nacional-respira-confianca-antes-da-deslocacao-a-tondela\/"},"modified":"2026-04-24T11:33:19","modified_gmt":"2026-04-24T14:33:19","slug":"nacional-respira-confianca-antes-da-deslocacao-a-tondela","status":"publish","type":"post","link":"https:\/\/portaltela.pt\/desporto\/futebol\/2026\/04\/24\/nacional-respira-confianca-antes-da-deslocacao-a-tondela\/","title":{"rendered":"Nacional respira confian\u00e7a antes da desloca\u00e7\u00e3o a Tondela"},"content":{"rendered":"<p>O Nacional prepara a desloca\u00e7\u00e3o a Tondela na 31.\u00aa jornada da I Liga, com o treinador Tiago Margarido a indicar que a equipa entra confiante para o encontro. O advers\u00e1rio, o Tondela, aparece em posi\u00e7\u00e3o de luta pela recupera\u00e7\u00e3o e precisa de vencer.<\/p>\n<p>A equipa orientada por Margarido concentra-se em manter o ritmo e refor\u00e7ar a solidez defensiva para o jogo fora de casa. O Nacional, que atua na I Liga, chega a esta partida com objetivos de manter a competitividade no campeonato.<\/p>\n<p>O confronto tem lugar na regi\u00e3o de Tondela, num contexto de competi\u00e7\u00e3o ainda decisivo para as aspira\u00e7\u00f5es de ambas as forma\u00e7\u00f5es. O Tondela enfrenta a necessidade de somar pontos, enquanto o Nacional procura consolidar pontos importantes na tabela.<\/p>\n","protected":false},"excerpt":{"rendered":"<ul>\n<li>Tiago Margarido, treinador do Nacional, afirmou que a equipa &#8220;respira confian\u00e7a&#8221; antes da desloca\u00e7\u00e3o a Tondela.<\/li>\n<li>O Tondela surge aflito na classifica\u00e7\u00e3o e est\u00e1 &#8220;obrigado a ganhar&#8221; no contexto da 31.\u00aa jornada da I Liga.<\/li>\n<li>O jogo insere-se na desloca\u00e7\u00e3o do Nacional para a I Liga portuguesa de futebol.<\/li>\n<\/ul>\n","protected":false},"author":2,"featured_media":457840,"comment_status":"closed","ping_status":"closed","sticky":false,"template":"","format":"standard","meta":{"footnotes":""},"categories":[21,24],"tags":[7902,9667,8703,9011,4059,32],"class_list":["post-457836","post","type-post","status-publish","format-standard","has-post-thumbnail","hentry","category-desporto","category-futebol","tag-_desporto","tag-_i-liga","tag-_nacional","tag-_tondela","tag-1-a-liga","tag-futebol"],"yoast_head":"<!-- This site is optimized with the Yoast SEO plugin v27.2 - https:\/\/yoast.com\/product\/yoast-seo-wordpress\/ -->\n<title>Nacional respira confian\u00e7a antes da desloca\u00e7\u00e3o a Tondela - Portal Tela Portugal<\/title>\n<meta name=\"robots\" content=\"index, follow, max-snippet:-1, max-image-preview:large, max-video-preview:-1\" \/>\n<meta property=\"og:locale\" content=\"pt_PT\" \/>\n<meta property=\"og:type\" content=\"article\" \/>\n<meta property=\"og:title\" content=\"Nacional respira confian\u00e7a antes da desloca\u00e7\u00e3o a Tondela - Portal Tela Portugal\" \/>\n<meta property=\"og:description\" content=\"Tiago Margarido, treinador do Nacional, afirmou que a equipa &quot;respira confian\u00e7a&quot; antes da desloca\u00e7\u00e3o a Tondela. O Tondela surge aflito na classifica\u00e7\u00e3o e est\u00e1 &quot;obrigado a ganhar&quot; no contexto da 31.\u00aa jornada da I Liga. O jogo insere-se na desloca\u00e7\u00e3o do Nacional para a I Liga portuguesa de futebol.\" \/>\n<meta property=\"og:url\" content=\"https:\/\/portaltela.pt\/noticias\/2026\/04\/24\/nacional-respira-confianca-antes-da-deslocacao-a-tondela\/\" \/>\n<meta property=\"og:site_name\" content=\"Portal Tela Portugal\" \/>\n<meta property=\"article:published_time\" content=\"2026-04-24T14:33:19+00:00\" \/>\n<meta name=\"author\" content=\"Telinha\" \/>\n<meta name=\"twitter:card\" content=\"summary_large_image\" \/>\n<meta name=\"twitter:label1\" content=\"Escrito por\" \/>\n\t<meta name=\"twitter:data1\" content=\"Telinha\" \/>\n\t<meta name=\"twitter:label2\" content=\"Tempo estimado de leitura\" \/>\n\t<meta name=\"twitter:data2\" content=\"1 minuto\" \/>\n<script type=\"application\/ld+json\" class=\"yoast-schema-graph\">{\"@context\":\"https:\/\/schema.org\",\"@graph\":[{\"@type\":\"Article\",\"@id\":\"https:\/\/portaltela.pt\/noticias\/2026\/04\/24\/nacional-respira-confianca-antes-da-deslocacao-a-tondela\/#article\",\"isPartOf\":{\"@id\":\"https:\/\/portaltela.pt\/noticias\/2026\/04\/24\/nacional-respira-confianca-antes-da-deslocacao-a-tondela\/\"},\"author\":{\"name\":\"Telinha\",\"@id\":\"https:\/\/portaltela.pt\/#\/schema\/person\/c4278d4a6028830caff9ee44b42d32ed\"},\"headline\":\"Nacional respira confian\u00e7a antes da desloca\u00e7\u00e3o a Tondela\",\"datePublished\":\"2026-04-24T14:33:19+00:00\",\"mainEntityOfPage\":{\"@id\":\"https:\/\/portaltela.pt\/noticias\/2026\/04\/24\/nacional-respira-confianca-antes-da-deslocacao-a-tondela\/\"},\"wordCount\":139,\"image\":{\"@id\":\"https:\/\/portaltela.pt\/noticias\/2026\/04\/24\/nacional-respira-confianca-antes-da-deslocacao-a-tondela\/#primaryimage\"},\"thumbnailUrl\":\"https:\/\/portaltela.pt\/s.01k8rhncp4jt1\/2026\/04\/CACHE_780X1200_ANALOG_WATERMARKED_46954520_2963016_18042026052642.jpg\",\"keywords\":[\"_desporto\",\"_I Liga\",\"_Nacional\",\"_Tondela\",\"1.\u00aa Liga\",\"futebol\"],\"articleSection\":[\"Desporto\",\"Futebol\"],\"inLanguage\":\"pt-PT\"},{\"@type\":\"WebPage\",\"@id\":\"https:\/\/portaltela.pt\/noticias\/2026\/04\/24\/nacional-respira-confianca-antes-da-deslocacao-a-tondela\/\",\"url\":\"https:\/\/portaltela.pt\/noticias\/2026\/04\/24\/nacional-respira-confianca-antes-da-deslocacao-a-tondela\/\",\"name\":\"Nacional respira confian\u00e7a antes da desloca\u00e7\u00e3o a Tondela - Portal Tela Portugal\",\"isPartOf\":{\"@id\":\"https:\/\/portaltela.pt\/#website\"},\"primaryImageOfPage\":{\"@id\":\"https:\/\/portaltela.pt\/noticias\/2026\/04\/24\/nacional-respira-confianca-antes-da-deslocacao-a-tondela\/#primaryimage\"},\"image\":{\"@id\":\"https:\/\/portaltela.pt\/noticias\/2026\/04\/24\/nacional-respira-confianca-antes-da-deslocacao-a-tondela\/#primaryimage\"},\"thumbnailUrl\":\"https:\/\/portaltela.pt\/s.01k8rhncp4jt1\/2026\/04\/CACHE_780X1200_ANALOG_WATERMARKED_46954520_2963016_18042026052642.jpg\",\"datePublished\":\"2026-04-24T14:33:19+00:00\",\"author\":{\"@id\":\"https:\/\/portaltela.pt\/#\/schema\/person\/c4278d4a6028830caff9ee44b42d32ed\"},\"breadcrumb\":{\"@id\":\"https:\/\/portaltela.pt\/noticias\/2026\/04\/24\/nacional-respira-confianca-antes-da-deslocacao-a-tondela\/#breadcrumb\"},\"inLanguage\":\"pt-PT\",\"potentialAction\":[{\"@type\":\"ReadAction\",\"target\":[\"https:\/\/portaltela.pt\/noticias\/2026\/04\/24\/nacional-respira-confianca-antes-da-deslocacao-a-tondela\/\"]}]},{\"@type\":\"ImageObject\",\"inLanguage\":\"pt-PT\",\"@id\":\"https:\/\/portaltela.pt\/noticias\/2026\/04\/24\/nacional-respira-confianca-antes-da-deslocacao-a-tondela\/#primaryimage\",\"url\":\"https:\/\/portaltela.pt\/s.01k8rhncp4jt1\/2026\/04\/CACHE_780X1200_ANALOG_WATERMARKED_46954520_2963016_18042026052642.jpg\",\"contentUrl\":\"https:\/\/portaltela.pt\/s.01k8rhncp4jt1\/2026\/04\/CACHE_780X1200_ANALOG_WATERMARKED_46954520_2963016_18042026052642.jpg\",\"width\":768,\"height\":512,\"caption\":\"I Liga: Nacional respira confian\u00e7a antes da desloca\u00e7\u00e3o a Tondela\"},{\"@type\":\"BreadcrumbList\",\"@id\":\"https:\/\/portaltela.pt\/noticias\/2026\/04\/24\/nacional-respira-confianca-antes-da-deslocacao-a-tondela\/#breadcrumb\",\"itemListElement\":[{\"@type\":\"ListItem\",\"position\":1,\"name\":\"In\u00edcio\",\"item\":\"https:\/\/portaltela.pt\/\"},{\"@type\":\"ListItem\",\"position\":2,\"name\":\"Nacional respira confian\u00e7a antes da desloca\u00e7\u00e3o a Tondela\"}]},{\"@type\":\"WebSite\",\"@id\":\"https:\/\/portaltela.pt\/#website\",\"url\":\"https:\/\/portaltela.pt\/\",\"name\":\"Portal Tela Portugal\",\"description\":\"\",\"potentialAction\":[{\"@type\":\"SearchAction\",\"target\":{\"@type\":\"EntryPoint\",\"urlTemplate\":\"https:\/\/portaltela.pt\/?s={search_term_string}\"},\"query-input\":{\"@type\":\"PropertyValueSpecification\",\"valueRequired\":true,\"valueName\":\"search_term_string\"}}],\"inLanguage\":\"pt-PT\"},{\"@type\":\"Person\",\"@id\":\"https:\/\/portaltela.pt\/#\/schema\/person\/c4278d4a6028830caff9ee44b42d32ed\",\"name\":\"Telinha\",\"image\":{\"@type\":\"ImageObject\",\"inLanguage\":\"pt-PT\",\"@id\":\"https:\/\/portaltela.pt\/s.01k8rhncp4jt1\/2025\/11\/talking-bot-125x125.png\",\"url\":\"https:\/\/portaltela.pt\/s.01k8rhncp4jt1\/2025\/11\/talking-bot-125x125.png\",\"contentUrl\":\"https:\/\/portaltela.pt\/s.01k8rhncp4jt1\/2025\/11\/talking-bot-125x125.png\",\"caption\":\"Telinha\"},\"sameAs\":[\"https:\/\/portaltela.pt\/\"],\"url\":\"https:\/\/portaltela.pt\/por\/367410592786\/\"}]}<\/script>\n<!-- \/ Yoast SEO plugin. -->","yoast_head_json":{"title":"Nacional respira confian\u00e7a antes da desloca\u00e7\u00e3o a Tondela - Portal Tela Portugal","robots":{"index":"index","follow":"follow","max-snippet":"max-snippet:-1","max-image-preview":"max-image-preview:large","max-video-preview":"max-video-preview:-1"},"og_locale":"pt_PT","og_type":"article","og_title":"Nacional respira confian\u00e7a antes da desloca\u00e7\u00e3o a Tondela - Portal Tela Portugal","og_description":"Tiago Margarido, treinador do Nacional, afirmou que a equipa \"respira confian\u00e7a\" antes da desloca\u00e7\u00e3o a Tondela. O Tondela surge aflito na classifica\u00e7\u00e3o e est\u00e1 \"obrigado a ganhar\" no contexto da 31.\u00aa jornada da I Liga. O jogo insere-se na desloca\u00e7\u00e3o do Nacional para a I Liga portuguesa de futebol.","og_url":"https:\/\/portaltela.pt\/noticias\/2026\/04\/24\/nacional-respira-confianca-antes-da-deslocacao-a-tondela\/","og_site_name":"Portal Tela Portugal","article_published_time":"2026-04-24T14:33:19+00:00","author":"Telinha","twitter_card":"summary_large_image","twitter_misc":{"Escrito por":"Telinha","Tempo estimado de leitura":"1 minuto"},"schema":{"@context":"https:\/\/schema.org","@graph":[{"@type":"Article","@id":"https:\/\/portaltela.pt\/noticias\/2026\/04\/24\/nacional-respira-confianca-antes-da-deslocacao-a-tondela\/#article","isPartOf":{"@id":"https:\/\/portaltela.pt\/noticias\/2026\/04\/24\/nacional-respira-confianca-antes-da-deslocacao-a-tondela\/"},"author":{"name":"Telinha","@id":"https:\/\/portaltela.pt\/#\/schema\/person\/c4278d4a6028830caff9ee44b42d32ed"},"headline":"Nacional respira confian\u00e7a antes da desloca\u00e7\u00e3o a Tondela","datePublished":"2026-04-24T14:33:19+00:00","mainEntityOfPage":{"@id":"https:\/\/portaltela.pt\/noticias\/2026\/04\/24\/nacional-respira-confianca-antes-da-deslocacao-a-tondela\/"},"wordCount":139,"image":{"@id":"https:\/\/portaltela.pt\/noticias\/2026\/04\/24\/nacional-respira-confianca-antes-da-deslocacao-a-tondela\/#primaryimage"},"thumbnailUrl":"https:\/\/portaltela.pt\/s.01k8rhncp4jt1\/2026\/04\/CACHE_780X1200_ANALOG_WATERMARKED_46954520_2963016_18042026052642.jpg","keywords":["_desporto","_I Liga","_Nacional","_Tondela","1.\u00aa Liga","futebol"],"articleSection":["Desporto","Futebol"],"inLanguage":"pt-PT"},{"@type":"WebPage","@id":"https:\/\/portaltela.pt\/noticias\/2026\/04\/24\/nacional-respira-confianca-antes-da-deslocacao-a-tondela\/","url":"https:\/\/portaltela.pt\/noticias\/2026\/04\/24\/nacional-respira-confianca-antes-da-deslocacao-a-tondela\/","name":"Nacional respira confian\u00e7a antes da desloca\u00e7\u00e3o a Tondela - Portal Tela Portugal","isPartOf":{"@id":"https:\/\/portaltela.pt\/#website"},"primaryImageOfPage":{"@id":"https:\/\/portaltela.pt\/noticias\/2026\/04\/24\/nacional-respira-confianca-antes-da-deslocacao-a-tondela\/#primaryimage"},"image":{"@id":"https:\/\/portaltela.pt\/noticias\/2026\/04\/24\/nacional-respira-confianca-antes-da-deslocacao-a-tondela\/#primaryimage"},"thumbnailUrl":"https:\/\/portaltela.pt\/s.01k8rhncp4jt1\/2026\/04\/CACHE_780X1200_ANALOG_WATERMARKED_46954520_2963016_18042026052642.jpg","datePublished":"2026-04-24T14:33:19+00:00","author":{"@id":"https:\/\/portaltela.pt\/#\/schema\/person\/c4278d4a6028830caff9ee44b42d32ed"},"breadcrumb":{"@id":"https:\/\/portaltela.pt\/noticias\/2026\/04\/24\/nacional-respira-confianca-antes-da-deslocacao-a-tondela\/#breadcrumb"},"inLanguage":"pt-PT","potentialAction":[{"@type":"ReadAction","target":["https:\/\/portaltela.pt\/noticias\/2026\/04\/24\/nacional-respira-confianca-antes-da-deslocacao-a-tondela\/"]}]},{"@type":"ImageObject","inLanguage":"pt-PT","@id":"https:\/\/portaltela.pt\/noticias\/2026\/04\/24\/nacional-respira-confianca-antes-da-deslocacao-a-tondela\/#primaryimage","url":"https:\/\/portaltela.pt\/s.01k8rhncp4jt1\/2026\/04\/CACHE_780X1200_ANALOG_WATERMARKED_46954520_2963016_18042026052642.jpg","contentUrl":"https:\/\/portaltela.pt\/s.01k8rhncp4jt1\/2026\/04\/CACHE_780X1200_ANALOG_WATERMARKED_46954520_2963016_18042026052642.jpg","width":768,"height":512,"caption":"I Liga: Nacional respira confian\u00e7a antes da desloca\u00e7\u00e3o a Tondela"},{"@type":"BreadcrumbList","@id":"https:\/\/portaltela.pt\/noticias\/2026\/04\/24\/nacional-respira-confianca-antes-da-deslocacao-a-tondela\/#breadcrumb","itemListElement":[{"@type":"ListItem","position":1,"name":"In\u00edcio","item":"https:\/\/portaltela.pt\/"},{"@type":"ListItem","position":2,"name":"Nacional respira confian\u00e7a antes da desloca\u00e7\u00e3o a Tondela"}]},{"@type":"WebSite","@id":"https:\/\/portaltela.pt\/#website","url":"https:\/\/portaltela.pt\/","name":"Portal Tela Portugal","description":"","potentialAction":[{"@type":"SearchAction","target":{"@type":"EntryPoint","urlTemplate":"https:\/\/portaltela.pt\/?s={search_term_string}"},"query-input":{"@type":"PropertyValueSpecification","valueRequired":true,"valueName":"search_term_string"}}],"inLanguage":"pt-PT"},{"@type":"Person","@id":"https:\/\/portaltela.pt\/#\/schema\/person\/c4278d4a6028830caff9ee44b42d32ed","name":"Telinha","image":{"@type":"ImageObject","inLanguage":"pt-PT","@id":"https:\/\/portaltela.pt\/s.01k8rhncp4jt1\/2025\/11\/talking-bot-125x125.png","url":"https:\/\/portaltela.pt\/s.01k8rhncp4jt1\/2025\/11\/talking-bot-125x125.png","contentUrl":"https:\/\/portaltela.pt\/s.01k8rhncp4jt1\/2025\/11\/talking-bot-125x125.png","caption":"Telinha"},"sameAs":["https:\/\/portaltela.pt\/"],"url":"https:\/\/portaltela.pt\/por\/367410592786\/"}]}},"_links":{"self":[{"href":"https:\/\/portaltela.pt\/api\/wp\/v2\/posts\/457836","targetHints":{"allow":["GET"]}}],"collection":[{"href":"https:\/\/portaltela.pt\/api\/wp\/v2\/posts"}],"about":[{"href":"https:\/\/portaltela.pt\/api\/wp\/v2\/types\/post"}],"author":[{"embeddable":true,"href":"https:\/\/portaltela.pt\/api\/wp\/v2\/users\/2"}],"replies":[{"embeddable":true,"href":"https:\/\/portaltela.pt\/api\/wp\/v2\/comments?post=457836"}],"version-history":[{"count":0,"href":"https:\/\/portaltela.pt\/api\/wp\/v2\/posts\/457836\/revisions"}],"wp:featuredmedia":[{"embeddable":true,"href":"https:\/\/portaltela.pt\/api\/wp\/v2\/media\/457840"}],"wp:attachment":[{"href":"https:\/\/portaltela.pt\/api\/wp\/v2\/media?parent=457836"}],"wp:term":[{"taxonomy":"category","embeddable":true,"href":"https:\/\/portaltela.pt\/api\/wp\/v2\/categories?post=457836"},{"taxonomy":"post_tag","embeddable":true,"href":"https:\/\/portaltela.pt\/api\/wp\/v2\/tags?post=457836"}],"curies":[{"name":"wp","href":"https:\/\/api.w.org\/{rel}","templated":true}]}}