{"id":457826,"date":"2026-04-24T11:19:04","date_gmt":"2026-04-24T14:19:04","guid":{"rendered":"https:\/\/portaltela.pt\/noticias\/2026\/04\/24\/revolucao-dos-cravos-e-celebrada-no-palacio-da-pena-ate-ao-por-do-sol\/"},"modified":"2026-04-24T11:19:04","modified_gmt":"2026-04-24T14:19:04","slug":"revolucao-dos-cravos-e-celebrada-no-palacio-da-pena-ate-ao-por-do-sol","status":"publish","type":"post","link":"https:\/\/portaltela.pt\/lazer\/2026\/04\/24\/revolucao-dos-cravos-e-celebrada-no-palacio-da-pena-ate-ao-por-do-sol\/","title":{"rendered":"Revolu\u00e7\u00e3o dos Cravos \u00e9 celebrada no Pal\u00e1cio da Pena at\u00e9 ao p\u00f4r do sol"},"content":{"rendered":"<p>No Dia da Liberdade, s\u00e1bado 25 de Abril, o Pal\u00e1cio Nacional da Pena, s\u00edmbolo do Romantismo em Portugal, celebra a Revolu\u00e7\u00e3o dos Cravos. A partir das 14h, os Aposentos Privados abrem ao p\u00fablico at\u00e9 \u00e0s 20h30, com atores a evocar figuras hist\u00f3ricas que Habitaram o espa\u00e7o, incluindo a Rainha D. Am\u00e9lia.<\/p>\n<p>A iniciativa cruza patrim\u00f3nio, arte e liberdade numa atmosfera festiva. Durante a tarde, apontamentos musicais decorrem no Terra\u00e7o dos Arcos, proporcionando aos visitantes uma vis\u00e3o do cen\u00e1rio de Sintra ao p\u00f4r do sol.<\/p>\n<p>A \u00faltima entrada no Parque da Pena est\u00e1 marcada para as 19h30. A participa\u00e7\u00e3o \u00e9 gratuita para residentes em territ\u00f3rio nacional, num evento aberto a moradores e visitantes.<\/p>\n<h3>Programa\u00e7\u00e3o e log\u00edstica<\/h3>\n<p>Durante a tarde, os Aposentos Privados do pal\u00e1cio ser\u00e3o animados por encena\u00e7\u00f5es hist\u00f3ricas e por m\u00fasica ao vivo nos jardins adjacentes. O espa\u00e7o permanecer\u00e1 acess\u00edvel ao p\u00fablico at\u00e9 ao final da tarde, com atividades que destacam o patrim\u00f3nio vinculado aos reis que habitaram a Pena.<\/p>\n<p>Abertas ao p\u00fablico, as zonas de visita\u00e7\u00e3o manter\u00e3o o hor\u00e1rio de funcionamento prolongado at\u00e9 ao p\u00f4r do sol, permitindo uma experi\u00eancia integrada de Hist\u00f3ria, Arte e Cultura. A organiza\u00e7\u00e3o n\u00e3o divulgou informa\u00e7\u00f5es sobre reservas ou restri\u00e7\u00f5es adicionais.<\/p>\n","protected":false},"excerpt":{"rendered":"<ul>\n<li>O Pal\u00e1cio Nacional da Pena, em Sintra, celebra a Revolu\u00e7\u00e3o dos Cravos no dia 25 de Abril, feriado, com atividades ao longo da tarde.<\/li>\n<li>A partir das 14 horas, os Aposentos Privados do Pal\u00e1cio ficam abertos a visitantes, com encena\u00e7\u00f5es de figuras hist\u00f3ricas, incluindo a Rainha D. Am\u00e9lia.<\/li>\n<li>O espa\u00e7o ainda recebe interven\u00e7\u00f5es musicais, especialmente no Terra\u00e7o dos Arcos, oferecendo uma perspetiva do cen\u00e1rio de Sintra ao p\u00f4r do sol.<\/li>\n<li>A \u00faltima entrada no Parque da Pena \u00e9 \u00e0s 19h30 e o espa\u00e7o permanecer\u00e1 aberto at\u00e9 \u00e0s 20h30.<\/li>\n<li>A iniciativa \u00e9 gratuita para residentes em territ\u00f3rio nacional.<\/li>\n<\/ul>\n","protected":false},"author":2,"featured_media":457827,"comment_status":"closed","ping_status":"closed","sticky":false,"template":"","format":"standard","meta":{"footnotes":""},"categories":[7375,7381],"tags":[9063,8036,7756,7983,8304,8023],"class_list":["post-457826","post","type-post","status-publish","format-standard","has-post-thumbnail","hentry","category-cultura","category-lazer","tag-_25-de-abril","tag-_arte","tag-_cultura","tag-_historia","tag-_patrimonio-cultural","tag-_sintra"],"yoast_head":"<!-- This site is optimized with the Yoast SEO plugin v27.2 - https:\/\/yoast.com\/product\/yoast-seo-wordpress\/ -->\n<title>Revolu\u00e7\u00e3o dos Cravos \u00e9 celebrada no Pal\u00e1cio da Pena at\u00e9 ao p\u00f4r do sol - Portal Tela Portugal<\/title>\n<meta name=\"robots\" content=\"index, follow, max-snippet:-1, max-image-preview:large, max-video-preview:-1\" \/>\n<meta property=\"og:locale\" content=\"pt_PT\" \/>\n<meta property=\"og:type\" content=\"article\" \/>\n<meta property=\"og:title\" content=\"Revolu\u00e7\u00e3o dos Cravos \u00e9 celebrada no Pal\u00e1cio da Pena at\u00e9 ao p\u00f4r do sol - Portal Tela Portugal\" \/>\n<meta property=\"og:description\" content=\"O Pal\u00e1cio Nacional da Pena, em Sintra, celebra a Revolu\u00e7\u00e3o dos Cravos no dia 25 de Abril, feriado, com atividades ao longo da tarde. A partir das 14 horas, os Aposentos Privados do Pal\u00e1cio ficam abertos a visitantes, com encena\u00e7\u00f5es de figuras hist\u00f3ricas, incluindo a Rainha D. Am\u00e9lia. O espa\u00e7o ainda recebe interven\u00e7\u00f5es musicais, especialmente no Terra\u00e7o dos Arcos, oferecendo uma perspetiva do cen\u00e1rio de Sintra ao p\u00f4r do sol. A \u00faltima entrada no Parque da Pena \u00e9 \u00e0s 19h30 e o espa\u00e7o permanecer\u00e1 aberto at\u00e9 \u00e0s 20h30. A iniciativa \u00e9 gratuita para residentes em territ\u00f3rio nacional.\" \/>\n<meta property=\"og:url\" content=\"https:\/\/portaltela.pt\/noticias\/2026\/04\/24\/revolucao-dos-cravos-e-celebrada-no-palacio-da-pena-ate-ao-por-do-sol\/\" \/>\n<meta property=\"og:site_name\" content=\"Portal Tela Portugal\" \/>\n<meta property=\"article:published_time\" content=\"2026-04-24T14:19:04+00:00\" \/>\n<meta name=\"author\" content=\"Telinha\" \/>\n<meta name=\"twitter:card\" content=\"summary_large_image\" \/>\n<meta name=\"twitter:label1\" content=\"Escrito por\" \/>\n\t<meta name=\"twitter:data1\" content=\"Telinha\" \/>\n\t<meta name=\"twitter:label2\" content=\"Tempo estimado de leitura\" \/>\n\t<meta name=\"twitter:data2\" content=\"1 minuto\" \/>\n<script type=\"application\/ld+json\" class=\"yoast-schema-graph\">{\"@context\":\"https:\/\/schema.org\",\"@graph\":[{\"@type\":\"Article\",\"@id\":\"https:\/\/portaltela.pt\/noticias\/2026\/04\/24\/revolucao-dos-cravos-e-celebrada-no-palacio-da-pena-ate-ao-por-do-sol\/#article\",\"isPartOf\":{\"@id\":\"https:\/\/portaltela.pt\/noticias\/2026\/04\/24\/revolucao-dos-cravos-e-celebrada-no-palacio-da-pena-ate-ao-por-do-sol\/\"},\"author\":{\"name\":\"Telinha\",\"@id\":\"https:\/\/portaltela.pt\/#\/schema\/person\/c4278d4a6028830caff9ee44b42d32ed\"},\"headline\":\"Revolu\u00e7\u00e3o dos Cravos \u00e9 celebrada no Pal\u00e1cio da Pena at\u00e9 ao p\u00f4r do sol\",\"datePublished\":\"2026-04-24T14:19:04+00:00\",\"mainEntityOfPage\":{\"@id\":\"https:\/\/portaltela.pt\/noticias\/2026\/04\/24\/revolucao-dos-cravos-e-celebrada-no-palacio-da-pena-ate-ao-por-do-sol\/\"},\"wordCount\":248,\"image\":{\"@id\":\"https:\/\/portaltela.pt\/noticias\/2026\/04\/24\/revolucao-dos-cravos-e-celebrada-no-palacio-da-pena-ate-ao-por-do-sol\/#primaryimage\"},\"thumbnailUrl\":\"https:\/\/portaltela.pt\/s.01k8rhncp4jt1\/2026\/04\/image-79.webp\",\"keywords\":[\"_25 de Abril\",\"_arte\",\"_cultura\",\"_hist\u00f3ria\",\"_Patrim\u00f3nio Cultural\",\"_Sintra\"],\"articleSection\":[\"Cultura\",\"Lazer\"],\"inLanguage\":\"pt-PT\"},{\"@type\":\"WebPage\",\"@id\":\"https:\/\/portaltela.pt\/noticias\/2026\/04\/24\/revolucao-dos-cravos-e-celebrada-no-palacio-da-pena-ate-ao-por-do-sol\/\",\"url\":\"https:\/\/portaltela.pt\/noticias\/2026\/04\/24\/revolucao-dos-cravos-e-celebrada-no-palacio-da-pena-ate-ao-por-do-sol\/\",\"name\":\"Revolu\u00e7\u00e3o dos Cravos \u00e9 celebrada no Pal\u00e1cio da Pena at\u00e9 ao p\u00f4r do sol - Portal Tela Portugal\",\"isPartOf\":{\"@id\":\"https:\/\/portaltela.pt\/#website\"},\"primaryImageOfPage\":{\"@id\":\"https:\/\/portaltela.pt\/noticias\/2026\/04\/24\/revolucao-dos-cravos-e-celebrada-no-palacio-da-pena-ate-ao-por-do-sol\/#primaryimage\"},\"image\":{\"@id\":\"https:\/\/portaltela.pt\/noticias\/2026\/04\/24\/revolucao-dos-cravos-e-celebrada-no-palacio-da-pena-ate-ao-por-do-sol\/#primaryimage\"},\"thumbnailUrl\":\"https:\/\/portaltela.pt\/s.01k8rhncp4jt1\/2026\/04\/image-79.webp\",\"datePublished\":\"2026-04-24T14:19:04+00:00\",\"author\":{\"@id\":\"https:\/\/portaltela.pt\/#\/schema\/person\/c4278d4a6028830caff9ee44b42d32ed\"},\"breadcrumb\":{\"@id\":\"https:\/\/portaltela.pt\/noticias\/2026\/04\/24\/revolucao-dos-cravos-e-celebrada-no-palacio-da-pena-ate-ao-por-do-sol\/#breadcrumb\"},\"inLanguage\":\"pt-PT\",\"potentialAction\":[{\"@type\":\"ReadAction\",\"target\":[\"https:\/\/portaltela.pt\/noticias\/2026\/04\/24\/revolucao-dos-cravos-e-celebrada-no-palacio-da-pena-ate-ao-por-do-sol\/\"]}]},{\"@type\":\"ImageObject\",\"inLanguage\":\"pt-PT\",\"@id\":\"https:\/\/portaltela.pt\/noticias\/2026\/04\/24\/revolucao-dos-cravos-e-celebrada-no-palacio-da-pena-ate-ao-por-do-sol\/#primaryimage\",\"url\":\"https:\/\/portaltela.pt\/s.01k8rhncp4jt1\/2026\/04\/image-79.webp\",\"contentUrl\":\"https:\/\/portaltela.pt\/s.01k8rhncp4jt1\/2026\/04\/image-79.webp\",\"width\":1200,\"height\":711,\"caption\":\"Pal\u00e1cio da Pena, em Sintra\"},{\"@type\":\"BreadcrumbList\",\"@id\":\"https:\/\/portaltela.pt\/noticias\/2026\/04\/24\/revolucao-dos-cravos-e-celebrada-no-palacio-da-pena-ate-ao-por-do-sol\/#breadcrumb\",\"itemListElement\":[{\"@type\":\"ListItem\",\"position\":1,\"name\":\"In\u00edcio\",\"item\":\"https:\/\/portaltela.pt\/\"},{\"@type\":\"ListItem\",\"position\":2,\"name\":\"Revolu\u00e7\u00e3o dos Cravos \u00e9 celebrada no Pal\u00e1cio da Pena at\u00e9 ao p\u00f4r do sol\"}]},{\"@type\":\"WebSite\",\"@id\":\"https:\/\/portaltela.pt\/#website\",\"url\":\"https:\/\/portaltela.pt\/\",\"name\":\"Portal Tela Portugal\",\"description\":\"\",\"potentialAction\":[{\"@type\":\"SearchAction\",\"target\":{\"@type\":\"EntryPoint\",\"urlTemplate\":\"https:\/\/portaltela.pt\/?s={search_term_string}\"},\"query-input\":{\"@type\":\"PropertyValueSpecification\",\"valueRequired\":true,\"valueName\":\"search_term_string\"}}],\"inLanguage\":\"pt-PT\"},{\"@type\":\"Person\",\"@id\":\"https:\/\/portaltela.pt\/#\/schema\/person\/c4278d4a6028830caff9ee44b42d32ed\",\"name\":\"Telinha\",\"image\":{\"@type\":\"ImageObject\",\"inLanguage\":\"pt-PT\",\"@id\":\"https:\/\/portaltela.pt\/s.01k8rhncp4jt1\/2025\/11\/talking-bot-125x125.png\",\"url\":\"https:\/\/portaltela.pt\/s.01k8rhncp4jt1\/2025\/11\/talking-bot-125x125.png\",\"contentUrl\":\"https:\/\/portaltela.pt\/s.01k8rhncp4jt1\/2025\/11\/talking-bot-125x125.png\",\"caption\":\"Telinha\"},\"sameAs\":[\"https:\/\/portaltela.pt\/\"],\"url\":\"https:\/\/portaltela.pt\/por\/367410592786\/\"}]}<\/script>\n<!-- \/ Yoast SEO plugin. -->","yoast_head_json":{"title":"Revolu\u00e7\u00e3o dos Cravos \u00e9 celebrada no Pal\u00e1cio da Pena at\u00e9 ao p\u00f4r do sol - Portal Tela Portugal","robots":{"index":"index","follow":"follow","max-snippet":"max-snippet:-1","max-image-preview":"max-image-preview:large","max-video-preview":"max-video-preview:-1"},"og_locale":"pt_PT","og_type":"article","og_title":"Revolu\u00e7\u00e3o dos Cravos \u00e9 celebrada no Pal\u00e1cio da Pena at\u00e9 ao p\u00f4r do sol - Portal Tela Portugal","og_description":"O Pal\u00e1cio Nacional da Pena, em Sintra, celebra a Revolu\u00e7\u00e3o dos Cravos no dia 25 de Abril, feriado, com atividades ao longo da tarde. A partir das 14 horas, os Aposentos Privados do Pal\u00e1cio ficam abertos a visitantes, com encena\u00e7\u00f5es de figuras hist\u00f3ricas, incluindo a Rainha D. Am\u00e9lia. O espa\u00e7o ainda recebe interven\u00e7\u00f5es musicais, especialmente no Terra\u00e7o dos Arcos, oferecendo uma perspetiva do cen\u00e1rio de Sintra ao p\u00f4r do sol. A \u00faltima entrada no Parque da Pena \u00e9 \u00e0s 19h30 e o espa\u00e7o permanecer\u00e1 aberto at\u00e9 \u00e0s 20h30. A iniciativa \u00e9 gratuita para residentes em territ\u00f3rio nacional.","og_url":"https:\/\/portaltela.pt\/noticias\/2026\/04\/24\/revolucao-dos-cravos-e-celebrada-no-palacio-da-pena-ate-ao-por-do-sol\/","og_site_name":"Portal Tela Portugal","article_published_time":"2026-04-24T14:19:04+00:00","author":"Telinha","twitter_card":"summary_large_image","twitter_misc":{"Escrito por":"Telinha","Tempo estimado de leitura":"1 minuto"},"schema":{"@context":"https:\/\/schema.org","@graph":[{"@type":"Article","@id":"https:\/\/portaltela.pt\/noticias\/2026\/04\/24\/revolucao-dos-cravos-e-celebrada-no-palacio-da-pena-ate-ao-por-do-sol\/#article","isPartOf":{"@id":"https:\/\/portaltela.pt\/noticias\/2026\/04\/24\/revolucao-dos-cravos-e-celebrada-no-palacio-da-pena-ate-ao-por-do-sol\/"},"author":{"name":"Telinha","@id":"https:\/\/portaltela.pt\/#\/schema\/person\/c4278d4a6028830caff9ee44b42d32ed"},"headline":"Revolu\u00e7\u00e3o dos Cravos \u00e9 celebrada no Pal\u00e1cio da Pena at\u00e9 ao p\u00f4r do sol","datePublished":"2026-04-24T14:19:04+00:00","mainEntityOfPage":{"@id":"https:\/\/portaltela.pt\/noticias\/2026\/04\/24\/revolucao-dos-cravos-e-celebrada-no-palacio-da-pena-ate-ao-por-do-sol\/"},"wordCount":248,"image":{"@id":"https:\/\/portaltela.pt\/noticias\/2026\/04\/24\/revolucao-dos-cravos-e-celebrada-no-palacio-da-pena-ate-ao-por-do-sol\/#primaryimage"},"thumbnailUrl":"https:\/\/portaltela.pt\/s.01k8rhncp4jt1\/2026\/04\/image-79.webp","keywords":["_25 de Abril","_arte","_cultura","_hist\u00f3ria","_Patrim\u00f3nio Cultural","_Sintra"],"articleSection":["Cultura","Lazer"],"inLanguage":"pt-PT"},{"@type":"WebPage","@id":"https:\/\/portaltela.pt\/noticias\/2026\/04\/24\/revolucao-dos-cravos-e-celebrada-no-palacio-da-pena-ate-ao-por-do-sol\/","url":"https:\/\/portaltela.pt\/noticias\/2026\/04\/24\/revolucao-dos-cravos-e-celebrada-no-palacio-da-pena-ate-ao-por-do-sol\/","name":"Revolu\u00e7\u00e3o dos Cravos \u00e9 celebrada no Pal\u00e1cio da Pena at\u00e9 ao p\u00f4r do sol - Portal Tela Portugal","isPartOf":{"@id":"https:\/\/portaltela.pt\/#website"},"primaryImageOfPage":{"@id":"https:\/\/portaltela.pt\/noticias\/2026\/04\/24\/revolucao-dos-cravos-e-celebrada-no-palacio-da-pena-ate-ao-por-do-sol\/#primaryimage"},"image":{"@id":"https:\/\/portaltela.pt\/noticias\/2026\/04\/24\/revolucao-dos-cravos-e-celebrada-no-palacio-da-pena-ate-ao-por-do-sol\/#primaryimage"},"thumbnailUrl":"https:\/\/portaltela.pt\/s.01k8rhncp4jt1\/2026\/04\/image-79.webp","datePublished":"2026-04-24T14:19:04+00:00","author":{"@id":"https:\/\/portaltela.pt\/#\/schema\/person\/c4278d4a6028830caff9ee44b42d32ed"},"breadcrumb":{"@id":"https:\/\/portaltela.pt\/noticias\/2026\/04\/24\/revolucao-dos-cravos-e-celebrada-no-palacio-da-pena-ate-ao-por-do-sol\/#breadcrumb"},"inLanguage":"pt-PT","potentialAction":[{"@type":"ReadAction","target":["https:\/\/portaltela.pt\/noticias\/2026\/04\/24\/revolucao-dos-cravos-e-celebrada-no-palacio-da-pena-ate-ao-por-do-sol\/"]}]},{"@type":"ImageObject","inLanguage":"pt-PT","@id":"https:\/\/portaltela.pt\/noticias\/2026\/04\/24\/revolucao-dos-cravos-e-celebrada-no-palacio-da-pena-ate-ao-por-do-sol\/#primaryimage","url":"https:\/\/portaltela.pt\/s.01k8rhncp4jt1\/2026\/04\/image-79.webp","contentUrl":"https:\/\/portaltela.pt\/s.01k8rhncp4jt1\/2026\/04\/image-79.webp","width":1200,"height":711,"caption":"Pal\u00e1cio da Pena, em Sintra"},{"@type":"BreadcrumbList","@id":"https:\/\/portaltela.pt\/noticias\/2026\/04\/24\/revolucao-dos-cravos-e-celebrada-no-palacio-da-pena-ate-ao-por-do-sol\/#breadcrumb","itemListElement":[{"@type":"ListItem","position":1,"name":"In\u00edcio","item":"https:\/\/portaltela.pt\/"},{"@type":"ListItem","position":2,"name":"Revolu\u00e7\u00e3o dos Cravos \u00e9 celebrada no Pal\u00e1cio da Pena at\u00e9 ao p\u00f4r do sol"}]},{"@type":"WebSite","@id":"https:\/\/portaltela.pt\/#website","url":"https:\/\/portaltela.pt\/","name":"Portal Tela Portugal","description":"","potentialAction":[{"@type":"SearchAction","target":{"@type":"EntryPoint","urlTemplate":"https:\/\/portaltela.pt\/?s={search_term_string}"},"query-input":{"@type":"PropertyValueSpecification","valueRequired":true,"valueName":"search_term_string"}}],"inLanguage":"pt-PT"},{"@type":"Person","@id":"https:\/\/portaltela.pt\/#\/schema\/person\/c4278d4a6028830caff9ee44b42d32ed","name":"Telinha","image":{"@type":"ImageObject","inLanguage":"pt-PT","@id":"https:\/\/portaltela.pt\/s.01k8rhncp4jt1\/2025\/11\/talking-bot-125x125.png","url":"https:\/\/portaltela.pt\/s.01k8rhncp4jt1\/2025\/11\/talking-bot-125x125.png","contentUrl":"https:\/\/portaltela.pt\/s.01k8rhncp4jt1\/2025\/11\/talking-bot-125x125.png","caption":"Telinha"},"sameAs":["https:\/\/portaltela.pt\/"],"url":"https:\/\/portaltela.pt\/por\/367410592786\/"}]}},"_links":{"self":[{"href":"https:\/\/portaltela.pt\/api\/wp\/v2\/posts\/457826","targetHints":{"allow":["GET"]}}],"collection":[{"href":"https:\/\/portaltela.pt\/api\/wp\/v2\/posts"}],"about":[{"href":"https:\/\/portaltela.pt\/api\/wp\/v2\/types\/post"}],"author":[{"embeddable":true,"href":"https:\/\/portaltela.pt\/api\/wp\/v2\/users\/2"}],"replies":[{"embeddable":true,"href":"https:\/\/portaltela.pt\/api\/wp\/v2\/comments?post=457826"}],"version-history":[{"count":0,"href":"https:\/\/portaltela.pt\/api\/wp\/v2\/posts\/457826\/revisions"}],"wp:featuredmedia":[{"embeddable":true,"href":"https:\/\/portaltela.pt\/api\/wp\/v2\/media\/457827"}],"wp:attachment":[{"href":"https:\/\/portaltela.pt\/api\/wp\/v2\/media?parent=457826"}],"wp:term":[{"taxonomy":"category","embeddable":true,"href":"https:\/\/portaltela.pt\/api\/wp\/v2\/categories?post=457826"},{"taxonomy":"post_tag","embeddable":true,"href":"https:\/\/portaltela.pt\/api\/wp\/v2\/tags?post=457826"}],"curies":[{"name":"wp","href":"https:\/\/api.w.org\/{rel}","templated":true}]}}