{"id":457819,"date":"2026-04-24T11:18:41","date_gmt":"2026-04-24T14:18:41","guid":{"rendered":"https:\/\/portaltela.pt\/noticias\/2026\/04\/24\/thomas-bangalter-dos-daft-punk-anuncia-o-album-mirage-ballet-for-16-dancers\/"},"modified":"2026-04-24T11:18:41","modified_gmt":"2026-04-24T14:18:41","slug":"thomas-bangalter-dos-daft-punk-anuncia-o-album-mirage-ballet-for-16-dancers","status":"publish","type":"post","link":"https:\/\/portaltela.pt\/musica\/2026\/04\/24\/thomas-bangalter-dos-daft-punk-anuncia-o-album-mirage-ballet-for-16-dancers\/","title":{"rendered":"Thomas Bangalter, dos Daft Punk, anuncia o \u00e1lbum Mirage \u2013 Ballet For 16 Dancers"},"content":{"rendered":"<p>Thomas Bangalter, ex-Daft Punk, revelou um novo projeto musical: Mirage \u2013 Ballet For 16 Dancers. O \u00e1lbum \u00e9 descrito como uma pe\u00e7a de minimalismo eletr\u00f3nico para bailado, em colabora\u00e7\u00e3o com o core\u00f3grafo Damien Jalet e o artista contempor\u00e2neo K\u014dhei Nawa. O conceito junta m\u00fasica, dan\u00e7a e arte visual.<\/p>\n<p>A obra surge cinco anos depois da separa\u00e7\u00e3o dos Daft Punk. Bangalter j\u00e1 se dedicou a bandas sonoras de filmes e \u00f3peras, mantendo-se ativo na cena art\u00edstica internacional.<\/p>\n<h3>Primeiro teaser<\/h3>\n<p>Mirage \u2013 Ballet For 16 Dancers \u00e9 apresentado como uma pe\u00e7a extensa de quase uma hora, com foco em estados em mudan\u00e7a durante o bailado.<\/p>\n<h3>Evento imersivo em Basel<\/h3>\n<p>Entre 20 de junho, Bangalter participa numa instala\u00e7\u00e3o imersiva na Art Basel, na Su\u00ed\u00e7a. A Warehouse Artefacts combinar\u00e1 um DJ set de Rampa com arte visual de Julian Charri\u00e8re, prometendo uma experi\u00eancia sensorial de cruzamento entre m\u00fasica e artes pl\u00e1sticas.<\/p>\n<p>Mirage \u2013 Ballet For 16 Dancers tem data de lan\u00e7amento prevista para 5 de junho de 2026.<\/p>\n","protected":false},"excerpt":{"rendered":"<ul>\n<li>Thomas Bangalter, ex-Daft Punk, anunciou o novo \u00e1lbum Mirage \u2013 Ballet For 16 Dancers.<\/li>\n<li>O projeto \u00e9 descrito como uma pe\u00e7a vasta e atmosf\u00e9rica de minimalismo eletr\u00f3nico, em colabora\u00e7\u00e3o com o core\u00f3grafo Damien Jalet e o artista contempor\u00e2neo K\u014dhei Nawa.<\/li>\n<li>Mirage \u2013 Ballet For 16 Dancers procura retratar os estados em mudan\u00e7a de um bailado coreografado por Jalet e Nawa.<\/li>\n<li>Bangalter revelou um grande evento imersivo na Art Basel, Su\u00ed\u00e7a, a 20 de junho, com a instala\u00e7\u00e3o Warehouse Artefacts, que re\u00fane um DJ set de Rampa e a arte visual de Julian Charri\u00e8re.<\/li>\n<li>Mirage \u2013 Ballet For 16 Dancers chega a 5 de junho de 2026.<\/li>\n<\/ul>\n","protected":false},"author":2,"featured_media":457822,"comment_status":"closed","ping_status":"closed","sticky":false,"template":"","format":"standard","meta":{"footnotes":""},"categories":[6676],"tags":[8036,8633,7756,8367,8233,9012],"class_list":["post-457819","post","type-post","status-publish","format-standard","has-post-thumbnail","hentry","category-musica","tag-_arte","tag-_artes-visuais","tag-_cultura","tag-_danca","tag-_musica","tag-_musica-internacional"],"yoast_head":"<!-- This site is optimized with the Yoast SEO plugin v27.2 - https:\/\/yoast.com\/product\/yoast-seo-wordpress\/ -->\n<title>Thomas Bangalter, dos Daft Punk, anuncia o \u00e1lbum Mirage \u2013 Ballet For 16 Dancers - Portal Tela Portugal<\/title>\n<meta name=\"robots\" content=\"index, follow, max-snippet:-1, max-image-preview:large, max-video-preview:-1\" \/>\n<meta property=\"og:locale\" content=\"pt_PT\" \/>\n<meta property=\"og:type\" content=\"article\" \/>\n<meta property=\"og:title\" content=\"Thomas Bangalter, dos Daft Punk, anuncia o \u00e1lbum Mirage \u2013 Ballet For 16 Dancers - Portal Tela Portugal\" \/>\n<meta property=\"og:description\" content=\"Thomas Bangalter, ex-Daft Punk, anunciou o novo \u00e1lbum Mirage \u2013 Ballet For 16 Dancers. O projeto \u00e9 descrito como uma pe\u00e7a vasta e atmosf\u00e9rica de minimalismo eletr\u00f3nico, em colabora\u00e7\u00e3o com o core\u00f3grafo Damien Jalet e o artista contempor\u00e2neo K\u014dhei Nawa. Mirage \u2013 Ballet For 16 Dancers procura retratar os estados em mudan\u00e7a de um bailado coreografado por Jalet e Nawa. Bangalter revelou um grande evento imersivo na Art Basel, Su\u00ed\u00e7a, a 20 de junho, com a instala\u00e7\u00e3o Warehouse Artefacts, que re\u00fane um DJ set de Rampa e a arte visual de Julian Charri\u00e8re. Mirage \u2013 Ballet For 16 Dancers chega a 5 de junho de 2026.\" \/>\n<meta property=\"og:url\" content=\"https:\/\/portaltela.pt\/noticias\/2026\/04\/24\/thomas-bangalter-dos-daft-punk-anuncia-o-album-mirage-ballet-for-16-dancers\/\" \/>\n<meta property=\"og:site_name\" content=\"Portal Tela Portugal\" \/>\n<meta property=\"article:published_time\" content=\"2026-04-24T14:18:41+00:00\" \/>\n<meta name=\"author\" content=\"Telinha\" \/>\n<meta name=\"twitter:card\" content=\"summary_large_image\" \/>\n<meta name=\"twitter:label1\" content=\"Escrito por\" \/>\n\t<meta name=\"twitter:data1\" content=\"Telinha\" \/>\n\t<meta name=\"twitter:label2\" content=\"Tempo estimado de leitura\" \/>\n\t<meta name=\"twitter:data2\" content=\"1 minuto\" \/>\n<script type=\"application\/ld+json\" class=\"yoast-schema-graph\">{\"@context\":\"https:\/\/schema.org\",\"@graph\":[{\"@type\":\"Article\",\"@id\":\"https:\/\/portaltela.pt\/noticias\/2026\/04\/24\/thomas-bangalter-dos-daft-punk-anuncia-o-album-mirage-ballet-for-16-dancers\/#article\",\"isPartOf\":{\"@id\":\"https:\/\/portaltela.pt\/noticias\/2026\/04\/24\/thomas-bangalter-dos-daft-punk-anuncia-o-album-mirage-ballet-for-16-dancers\/\"},\"author\":{\"name\":\"Telinha\",\"@id\":\"https:\/\/portaltela.pt\/#\/schema\/person\/c4278d4a6028830caff9ee44b42d32ed\"},\"headline\":\"Thomas Bangalter, dos Daft Punk, anuncia o \u00e1lbum Mirage \u2013 Ballet For 16 Dancers\",\"datePublished\":\"2026-04-24T14:18:41+00:00\",\"mainEntityOfPage\":{\"@id\":\"https:\/\/portaltela.pt\/noticias\/2026\/04\/24\/thomas-bangalter-dos-daft-punk-anuncia-o-album-mirage-ballet-for-16-dancers\/\"},\"wordCount\":184,\"image\":{\"@id\":\"https:\/\/portaltela.pt\/noticias\/2026\/04\/24\/thomas-bangalter-dos-daft-punk-anuncia-o-album-mirage-ballet-for-16-dancers\/#primaryimage\"},\"thumbnailUrl\":\"https:\/\/portaltela.pt\/s.01k8rhncp4jt1\/2026\/04\/1536x864_cmsv2_483b23bf-f861-52b4-b87b-bd37d6880200-9735073.jpg\",\"keywords\":[\"_arte\",\"_Artes Visuais\",\"_cultura\",\"_dan\u00e7a\",\"_m\u00fasica\",\"_m\u00fasica internacional\"],\"articleSection\":[\"M\u00fasica\"],\"inLanguage\":\"pt-PT\"},{\"@type\":\"WebPage\",\"@id\":\"https:\/\/portaltela.pt\/noticias\/2026\/04\/24\/thomas-bangalter-dos-daft-punk-anuncia-o-album-mirage-ballet-for-16-dancers\/\",\"url\":\"https:\/\/portaltela.pt\/noticias\/2026\/04\/24\/thomas-bangalter-dos-daft-punk-anuncia-o-album-mirage-ballet-for-16-dancers\/\",\"name\":\"Thomas Bangalter, dos Daft Punk, anuncia o \u00e1lbum Mirage \u2013 Ballet For 16 Dancers - Portal Tela Portugal\",\"isPartOf\":{\"@id\":\"https:\/\/portaltela.pt\/#website\"},\"primaryImageOfPage\":{\"@id\":\"https:\/\/portaltela.pt\/noticias\/2026\/04\/24\/thomas-bangalter-dos-daft-punk-anuncia-o-album-mirage-ballet-for-16-dancers\/#primaryimage\"},\"image\":{\"@id\":\"https:\/\/portaltela.pt\/noticias\/2026\/04\/24\/thomas-bangalter-dos-daft-punk-anuncia-o-album-mirage-ballet-for-16-dancers\/#primaryimage\"},\"thumbnailUrl\":\"https:\/\/portaltela.pt\/s.01k8rhncp4jt1\/2026\/04\/1536x864_cmsv2_483b23bf-f861-52b4-b87b-bd37d6880200-9735073.jpg\",\"datePublished\":\"2026-04-24T14:18:41+00:00\",\"author\":{\"@id\":\"https:\/\/portaltela.pt\/#\/schema\/person\/c4278d4a6028830caff9ee44b42d32ed\"},\"breadcrumb\":{\"@id\":\"https:\/\/portaltela.pt\/noticias\/2026\/04\/24\/thomas-bangalter-dos-daft-punk-anuncia-o-album-mirage-ballet-for-16-dancers\/#breadcrumb\"},\"inLanguage\":\"pt-PT\",\"potentialAction\":[{\"@type\":\"ReadAction\",\"target\":[\"https:\/\/portaltela.pt\/noticias\/2026\/04\/24\/thomas-bangalter-dos-daft-punk-anuncia-o-album-mirage-ballet-for-16-dancers\/\"]}]},{\"@type\":\"ImageObject\",\"inLanguage\":\"pt-PT\",\"@id\":\"https:\/\/portaltela.pt\/noticias\/2026\/04\/24\/thomas-bangalter-dos-daft-punk-anuncia-o-album-mirage-ballet-for-16-dancers\/#primaryimage\",\"url\":\"https:\/\/portaltela.pt\/s.01k8rhncp4jt1\/2026\/04\/1536x864_cmsv2_483b23bf-f861-52b4-b87b-bd37d6880200-9735073.jpg\",\"contentUrl\":\"https:\/\/portaltela.pt\/s.01k8rhncp4jt1\/2026\/04\/1536x864_cmsv2_483b23bf-f861-52b4-b87b-bd37d6880200-9735073.jpg\",\"width\":796,\"height\":448,\"caption\":\"Thomas Bangalter, dos Daft Punk, anuncia novo \u00e1lbum \u00abMirage \u2013 Ballet for 16 Dancers\u00bb\"},{\"@type\":\"BreadcrumbList\",\"@id\":\"https:\/\/portaltela.pt\/noticias\/2026\/04\/24\/thomas-bangalter-dos-daft-punk-anuncia-o-album-mirage-ballet-for-16-dancers\/#breadcrumb\",\"itemListElement\":[{\"@type\":\"ListItem\",\"position\":1,\"name\":\"In\u00edcio\",\"item\":\"https:\/\/portaltela.pt\/\"},{\"@type\":\"ListItem\",\"position\":2,\"name\":\"Thomas Bangalter, dos Daft Punk, anuncia o \u00e1lbum Mirage \u2013 Ballet For 16 Dancers\"}]},{\"@type\":\"WebSite\",\"@id\":\"https:\/\/portaltela.pt\/#website\",\"url\":\"https:\/\/portaltela.pt\/\",\"name\":\"Portal Tela Portugal\",\"description\":\"\",\"potentialAction\":[{\"@type\":\"SearchAction\",\"target\":{\"@type\":\"EntryPoint\",\"urlTemplate\":\"https:\/\/portaltela.pt\/?s={search_term_string}\"},\"query-input\":{\"@type\":\"PropertyValueSpecification\",\"valueRequired\":true,\"valueName\":\"search_term_string\"}}],\"inLanguage\":\"pt-PT\"},{\"@type\":\"Person\",\"@id\":\"https:\/\/portaltela.pt\/#\/schema\/person\/c4278d4a6028830caff9ee44b42d32ed\",\"name\":\"Telinha\",\"image\":{\"@type\":\"ImageObject\",\"inLanguage\":\"pt-PT\",\"@id\":\"https:\/\/portaltela.pt\/s.01k8rhncp4jt1\/2025\/11\/talking-bot-125x125.png\",\"url\":\"https:\/\/portaltela.pt\/s.01k8rhncp4jt1\/2025\/11\/talking-bot-125x125.png\",\"contentUrl\":\"https:\/\/portaltela.pt\/s.01k8rhncp4jt1\/2025\/11\/talking-bot-125x125.png\",\"caption\":\"Telinha\"},\"sameAs\":[\"https:\/\/portaltela.pt\/\"],\"url\":\"https:\/\/portaltela.pt\/por\/367410592786\/\"}]}<\/script>\n<!-- \/ Yoast SEO plugin. -->","yoast_head_json":{"title":"Thomas Bangalter, dos Daft Punk, anuncia o \u00e1lbum Mirage \u2013 Ballet For 16 Dancers - Portal Tela Portugal","robots":{"index":"index","follow":"follow","max-snippet":"max-snippet:-1","max-image-preview":"max-image-preview:large","max-video-preview":"max-video-preview:-1"},"og_locale":"pt_PT","og_type":"article","og_title":"Thomas Bangalter, dos Daft Punk, anuncia o \u00e1lbum Mirage \u2013 Ballet For 16 Dancers - Portal Tela Portugal","og_description":"Thomas Bangalter, ex-Daft Punk, anunciou o novo \u00e1lbum Mirage \u2013 Ballet For 16 Dancers. O projeto \u00e9 descrito como uma pe\u00e7a vasta e atmosf\u00e9rica de minimalismo eletr\u00f3nico, em colabora\u00e7\u00e3o com o core\u00f3grafo Damien Jalet e o artista contempor\u00e2neo K\u014dhei Nawa. Mirage \u2013 Ballet For 16 Dancers procura retratar os estados em mudan\u00e7a de um bailado coreografado por Jalet e Nawa. Bangalter revelou um grande evento imersivo na Art Basel, Su\u00ed\u00e7a, a 20 de junho, com a instala\u00e7\u00e3o Warehouse Artefacts, que re\u00fane um DJ set de Rampa e a arte visual de Julian Charri\u00e8re. Mirage \u2013 Ballet For 16 Dancers chega a 5 de junho de 2026.","og_url":"https:\/\/portaltela.pt\/noticias\/2026\/04\/24\/thomas-bangalter-dos-daft-punk-anuncia-o-album-mirage-ballet-for-16-dancers\/","og_site_name":"Portal Tela Portugal","article_published_time":"2026-04-24T14:18:41+00:00","author":"Telinha","twitter_card":"summary_large_image","twitter_misc":{"Escrito por":"Telinha","Tempo estimado de leitura":"1 minuto"},"schema":{"@context":"https:\/\/schema.org","@graph":[{"@type":"Article","@id":"https:\/\/portaltela.pt\/noticias\/2026\/04\/24\/thomas-bangalter-dos-daft-punk-anuncia-o-album-mirage-ballet-for-16-dancers\/#article","isPartOf":{"@id":"https:\/\/portaltela.pt\/noticias\/2026\/04\/24\/thomas-bangalter-dos-daft-punk-anuncia-o-album-mirage-ballet-for-16-dancers\/"},"author":{"name":"Telinha","@id":"https:\/\/portaltela.pt\/#\/schema\/person\/c4278d4a6028830caff9ee44b42d32ed"},"headline":"Thomas Bangalter, dos Daft Punk, anuncia o \u00e1lbum Mirage \u2013 Ballet For 16 Dancers","datePublished":"2026-04-24T14:18:41+00:00","mainEntityOfPage":{"@id":"https:\/\/portaltela.pt\/noticias\/2026\/04\/24\/thomas-bangalter-dos-daft-punk-anuncia-o-album-mirage-ballet-for-16-dancers\/"},"wordCount":184,"image":{"@id":"https:\/\/portaltela.pt\/noticias\/2026\/04\/24\/thomas-bangalter-dos-daft-punk-anuncia-o-album-mirage-ballet-for-16-dancers\/#primaryimage"},"thumbnailUrl":"https:\/\/portaltela.pt\/s.01k8rhncp4jt1\/2026\/04\/1536x864_cmsv2_483b23bf-f861-52b4-b87b-bd37d6880200-9735073.jpg","keywords":["_arte","_Artes Visuais","_cultura","_dan\u00e7a","_m\u00fasica","_m\u00fasica internacional"],"articleSection":["M\u00fasica"],"inLanguage":"pt-PT"},{"@type":"WebPage","@id":"https:\/\/portaltela.pt\/noticias\/2026\/04\/24\/thomas-bangalter-dos-daft-punk-anuncia-o-album-mirage-ballet-for-16-dancers\/","url":"https:\/\/portaltela.pt\/noticias\/2026\/04\/24\/thomas-bangalter-dos-daft-punk-anuncia-o-album-mirage-ballet-for-16-dancers\/","name":"Thomas Bangalter, dos Daft Punk, anuncia o \u00e1lbum Mirage \u2013 Ballet For 16 Dancers - Portal Tela Portugal","isPartOf":{"@id":"https:\/\/portaltela.pt\/#website"},"primaryImageOfPage":{"@id":"https:\/\/portaltela.pt\/noticias\/2026\/04\/24\/thomas-bangalter-dos-daft-punk-anuncia-o-album-mirage-ballet-for-16-dancers\/#primaryimage"},"image":{"@id":"https:\/\/portaltela.pt\/noticias\/2026\/04\/24\/thomas-bangalter-dos-daft-punk-anuncia-o-album-mirage-ballet-for-16-dancers\/#primaryimage"},"thumbnailUrl":"https:\/\/portaltela.pt\/s.01k8rhncp4jt1\/2026\/04\/1536x864_cmsv2_483b23bf-f861-52b4-b87b-bd37d6880200-9735073.jpg","datePublished":"2026-04-24T14:18:41+00:00","author":{"@id":"https:\/\/portaltela.pt\/#\/schema\/person\/c4278d4a6028830caff9ee44b42d32ed"},"breadcrumb":{"@id":"https:\/\/portaltela.pt\/noticias\/2026\/04\/24\/thomas-bangalter-dos-daft-punk-anuncia-o-album-mirage-ballet-for-16-dancers\/#breadcrumb"},"inLanguage":"pt-PT","potentialAction":[{"@type":"ReadAction","target":["https:\/\/portaltela.pt\/noticias\/2026\/04\/24\/thomas-bangalter-dos-daft-punk-anuncia-o-album-mirage-ballet-for-16-dancers\/"]}]},{"@type":"ImageObject","inLanguage":"pt-PT","@id":"https:\/\/portaltela.pt\/noticias\/2026\/04\/24\/thomas-bangalter-dos-daft-punk-anuncia-o-album-mirage-ballet-for-16-dancers\/#primaryimage","url":"https:\/\/portaltela.pt\/s.01k8rhncp4jt1\/2026\/04\/1536x864_cmsv2_483b23bf-f861-52b4-b87b-bd37d6880200-9735073.jpg","contentUrl":"https:\/\/portaltela.pt\/s.01k8rhncp4jt1\/2026\/04\/1536x864_cmsv2_483b23bf-f861-52b4-b87b-bd37d6880200-9735073.jpg","width":796,"height":448,"caption":"Thomas Bangalter, dos Daft Punk, anuncia novo \u00e1lbum \u00abMirage \u2013 Ballet for 16 Dancers\u00bb"},{"@type":"BreadcrumbList","@id":"https:\/\/portaltela.pt\/noticias\/2026\/04\/24\/thomas-bangalter-dos-daft-punk-anuncia-o-album-mirage-ballet-for-16-dancers\/#breadcrumb","itemListElement":[{"@type":"ListItem","position":1,"name":"In\u00edcio","item":"https:\/\/portaltela.pt\/"},{"@type":"ListItem","position":2,"name":"Thomas Bangalter, dos Daft Punk, anuncia o \u00e1lbum Mirage \u2013 Ballet For 16 Dancers"}]},{"@type":"WebSite","@id":"https:\/\/portaltela.pt\/#website","url":"https:\/\/portaltela.pt\/","name":"Portal Tela Portugal","description":"","potentialAction":[{"@type":"SearchAction","target":{"@type":"EntryPoint","urlTemplate":"https:\/\/portaltela.pt\/?s={search_term_string}"},"query-input":{"@type":"PropertyValueSpecification","valueRequired":true,"valueName":"search_term_string"}}],"inLanguage":"pt-PT"},{"@type":"Person","@id":"https:\/\/portaltela.pt\/#\/schema\/person\/c4278d4a6028830caff9ee44b42d32ed","name":"Telinha","image":{"@type":"ImageObject","inLanguage":"pt-PT","@id":"https:\/\/portaltela.pt\/s.01k8rhncp4jt1\/2025\/11\/talking-bot-125x125.png","url":"https:\/\/portaltela.pt\/s.01k8rhncp4jt1\/2025\/11\/talking-bot-125x125.png","contentUrl":"https:\/\/portaltela.pt\/s.01k8rhncp4jt1\/2025\/11\/talking-bot-125x125.png","caption":"Telinha"},"sameAs":["https:\/\/portaltela.pt\/"],"url":"https:\/\/portaltela.pt\/por\/367410592786\/"}]}},"_links":{"self":[{"href":"https:\/\/portaltela.pt\/api\/wp\/v2\/posts\/457819","targetHints":{"allow":["GET"]}}],"collection":[{"href":"https:\/\/portaltela.pt\/api\/wp\/v2\/posts"}],"about":[{"href":"https:\/\/portaltela.pt\/api\/wp\/v2\/types\/post"}],"author":[{"embeddable":true,"href":"https:\/\/portaltela.pt\/api\/wp\/v2\/users\/2"}],"replies":[{"embeddable":true,"href":"https:\/\/portaltela.pt\/api\/wp\/v2\/comments?post=457819"}],"version-history":[{"count":0,"href":"https:\/\/portaltela.pt\/api\/wp\/v2\/posts\/457819\/revisions"}],"wp:featuredmedia":[{"embeddable":true,"href":"https:\/\/portaltela.pt\/api\/wp\/v2\/media\/457822"}],"wp:attachment":[{"href":"https:\/\/portaltela.pt\/api\/wp\/v2\/media?parent=457819"}],"wp:term":[{"taxonomy":"category","embeddable":true,"href":"https:\/\/portaltela.pt\/api\/wp\/v2\/categories?post=457819"},{"taxonomy":"post_tag","embeddable":true,"href":"https:\/\/portaltela.pt\/api\/wp\/v2\/tags?post=457819"}],"curies":[{"name":"wp","href":"https:\/\/api.w.org\/{rel}","templated":true}]}}