{"id":457812,"date":"2026-04-24T11:18:27","date_gmt":"2026-04-24T14:18:27","guid":{"rendered":"https:\/\/portaltela.pt\/noticias\/2026\/04\/24\/mourinho-afirma-que-benfica-so-fica-em-2-o-se-vencer-os-quatro-jogos\/"},"modified":"2026-04-24T11:18:27","modified_gmt":"2026-04-24T14:18:27","slug":"mourinho-afirma-que-benfica-so-fica-em-2-o-se-vencer-os-quatro-jogos","status":"publish","type":"post","link":"https:\/\/portaltela.pt\/desporto\/futebol\/2026\/04\/24\/mourinho-afirma-que-benfica-so-fica-em-2-o-se-vencer-os-quatro-jogos\/","title":{"rendered":"Mourinho afirma que Benfica s\u00f3 fica em 2.\u00ba se vencer os quatro jogos"},"content":{"rendered":"<p>Benfica enfrenta uma nova corrida pela posi\u00e7\u00e3o de acesso \u00e0 Liga dos Campe\u00f5es. O treinador Jos\u00e9 Mourinho afirmou que s\u00f3 ganhando os quatro jogos que restam na I Liga o clube pode aspirar ao segundo lugar, admitindo, contudo, que esse objetivo est\u00e1 fora do controlo.<\/p>\n<p>O t\u00e9cnico adiantou que, neste momento, o Benfica depende n\u00e3o s\u00f3 dos seus resultados, mas tamb\u00e9m dos encontros do Sporting. Se o Casa Pia tivesse sido vencido, a equipa estaria mais perto do objetivo; assim, a luta continua dependente de terceiros.<\/p>\n<h3>Situa\u00e7\u00e3o atual e pr\u00f3ximos passos<\/h3>\n<p>O Benfica \u00e9 segundo, com 72 pontos, e o Sporting soma igual n\u00famero de pontos, mas com um jogo em atraso frente ao Tondela. O resultado desse jogo pode alterar o cen\u00e1rio para a vaga de liga europeia.<\/p>\n<p>A equipa entra em campo frente ao Moreirense neste s\u00e1bado, \u00e0s 18:00, no Est\u00e1dio da Luz, na 31.\u00aa jornada. O advers\u00e1rio ocupa o s\u00e9timo lugar, com 39 pontos, a nove do quinto posto.<\/p>\n<h3>Plantel e continuidade<\/h3>\n<p>Mourinho indicou que s\u00f3 n\u00e3o pode contar com o defesa Tom\u00e1s Ara\u00fajo devido a les\u00e3o. O treinador revelou que tem mantido reuni\u00f5es com a estrutura, o presidente e o diretor para ajustar o plantel para a pr\u00f3xima \u00e9poca, caso continue. O objetivo \u00e9 adaptar o elenco \u00e0 sua identidade.<\/p>\n","protected":false},"excerpt":{"rendered":"<ul>\n<li>Jos\u00e9 Mourinho disse que s\u00f3 ganhando os quatro jogos que faltam na I Liga o Benfica pode aspirar ao segundo lugar, mas admitiu que esse objetivo est\u00e1 fora do seu controlo.<\/li>\n<li>O Benfica \u00e9 o segundo colocado com 72 pontos, mais um que o Sporting, que tem um jogo em atraso.<\/li>\n<li>O t\u00e9cnico afirmou que n\u00e3o pode prometer resultados nem quantos pontos o Sporting ir\u00e1 fazer at\u00e9 final da \u00e9poca.<\/li>\n<li>O Benfica recebe o Moreirense no s\u00e1bado, \u00e0s 18h, no Est\u00e1dio da Luz, em jogo da 31.\u00aa jornada.<\/li>\n<li>O defesa Tom\u00e1s Ara\u00fajo \u00e9 a \u00fanica baixa para o encontro; o plantel, segundo Mourinho, est\u00e1 praticamente completo.<\/li>\n<\/ul>\n","protected":false},"author":2,"featured_media":457816,"comment_status":"closed","ping_status":"closed","sticky":false,"template":"","format":"standard","meta":{"footnotes":""},"categories":[21,24],"tags":[4143,1946,32,981,5579,1652],"class_list":["post-457812","post","type-post","status-publish","format-standard","has-post-thumbnail","hentry","category-desporto","category-futebol","tag-1-liga","tag-benfica","tag-futebol","tag-lisboa","tag-moreirense","tag-sporting"],"yoast_head":"<!-- This site is optimized with the Yoast SEO plugin v27.2 - https:\/\/yoast.com\/product\/yoast-seo-wordpress\/ -->\n<title>Mourinho afirma que Benfica s\u00f3 fica em 2.\u00ba se vencer os quatro jogos - Portal Tela Portugal<\/title>\n<meta name=\"robots\" content=\"index, follow, max-snippet:-1, max-image-preview:large, max-video-preview:-1\" \/>\n<meta property=\"og:locale\" content=\"pt_PT\" \/>\n<meta property=\"og:type\" content=\"article\" \/>\n<meta property=\"og:title\" content=\"Mourinho afirma que Benfica s\u00f3 fica em 2.\u00ba se vencer os quatro jogos - Portal Tela Portugal\" \/>\n<meta property=\"og:description\" content=\"Jos\u00e9 Mourinho disse que s\u00f3 ganhando os quatro jogos que faltam na I Liga o Benfica pode aspirar ao segundo lugar, mas admitiu que esse objetivo est\u00e1 fora do seu controlo. O Benfica \u00e9 o segundo colocado com 72 pontos, mais um que o Sporting, que tem um jogo em atraso. O t\u00e9cnico afirmou que n\u00e3o pode prometer resultados nem quantos pontos o Sporting ir\u00e1 fazer at\u00e9 final da \u00e9poca. O Benfica recebe o Moreirense no s\u00e1bado, \u00e0s 18h, no Est\u00e1dio da Luz, em jogo da 31.\u00aa jornada. O defesa Tom\u00e1s Ara\u00fajo \u00e9 a \u00fanica baixa para o encontro; o plantel, segundo Mourinho, est\u00e1 praticamente completo.\" \/>\n<meta property=\"og:url\" content=\"https:\/\/portaltela.pt\/noticias\/2026\/04\/24\/mourinho-afirma-que-benfica-so-fica-em-2-o-se-vencer-os-quatro-jogos\/\" \/>\n<meta property=\"og:site_name\" content=\"Portal Tela Portugal\" \/>\n<meta property=\"article:published_time\" content=\"2026-04-24T14:18:27+00:00\" \/>\n<meta name=\"author\" content=\"Telinha\" \/>\n<meta name=\"twitter:card\" content=\"summary_large_image\" \/>\n<meta name=\"twitter:label1\" content=\"Escrito por\" \/>\n\t<meta name=\"twitter:data1\" content=\"Telinha\" \/>\n\t<meta name=\"twitter:label2\" content=\"Tempo estimado de leitura\" \/>\n\t<meta name=\"twitter:data2\" content=\"1 minuto\" \/>\n<script type=\"application\/ld+json\" class=\"yoast-schema-graph\">{\"@context\":\"https:\/\/schema.org\",\"@graph\":[{\"@type\":\"Article\",\"@id\":\"https:\/\/portaltela.pt\/noticias\/2026\/04\/24\/mourinho-afirma-que-benfica-so-fica-em-2-o-se-vencer-os-quatro-jogos\/#article\",\"isPartOf\":{\"@id\":\"https:\/\/portaltela.pt\/noticias\/2026\/04\/24\/mourinho-afirma-que-benfica-so-fica-em-2-o-se-vencer-os-quatro-jogos\/\"},\"author\":{\"name\":\"Telinha\",\"@id\":\"https:\/\/portaltela.pt\/#\/schema\/person\/c4278d4a6028830caff9ee44b42d32ed\"},\"headline\":\"Mourinho afirma que Benfica s\u00f3 fica em 2.\u00ba se vencer os quatro jogos\",\"datePublished\":\"2026-04-24T14:18:27+00:00\",\"mainEntityOfPage\":{\"@id\":\"https:\/\/portaltela.pt\/noticias\/2026\/04\/24\/mourinho-afirma-que-benfica-so-fica-em-2-o-se-vencer-os-quatro-jogos\/\"},\"wordCount\":237,\"image\":{\"@id\":\"https:\/\/portaltela.pt\/noticias\/2026\/04\/24\/mourinho-afirma-que-benfica-so-fica-em-2-o-se-vencer-os-quatro-jogos\/#primaryimage\"},\"thumbnailUrl\":\"https:\/\/portaltela.pt\/s.01k8rhncp4jt1\/2026\/04\/img_1500x1000uu2026-04-24-15-08-18-2280729.jpg\",\"keywords\":[\"1. Liga\",\"Benfica\",\"futebol\",\"Lisboa\",\"Moreirense\",\"Sporting\"],\"articleSection\":[\"Desporto\",\"Futebol\"],\"inLanguage\":\"pt-PT\"},{\"@type\":\"WebPage\",\"@id\":\"https:\/\/portaltela.pt\/noticias\/2026\/04\/24\/mourinho-afirma-que-benfica-so-fica-em-2-o-se-vencer-os-quatro-jogos\/\",\"url\":\"https:\/\/portaltela.pt\/noticias\/2026\/04\/24\/mourinho-afirma-que-benfica-so-fica-em-2-o-se-vencer-os-quatro-jogos\/\",\"name\":\"Mourinho afirma que Benfica s\u00f3 fica em 2.\u00ba se vencer os quatro jogos - Portal Tela Portugal\",\"isPartOf\":{\"@id\":\"https:\/\/portaltela.pt\/#website\"},\"primaryImageOfPage\":{\"@id\":\"https:\/\/portaltela.pt\/noticias\/2026\/04\/24\/mourinho-afirma-que-benfica-so-fica-em-2-o-se-vencer-os-quatro-jogos\/#primaryimage\"},\"image\":{\"@id\":\"https:\/\/portaltela.pt\/noticias\/2026\/04\/24\/mourinho-afirma-que-benfica-so-fica-em-2-o-se-vencer-os-quatro-jogos\/#primaryimage\"},\"thumbnailUrl\":\"https:\/\/portaltela.pt\/s.01k8rhncp4jt1\/2026\/04\/img_1500x1000uu2026-04-24-15-08-18-2280729.jpg\",\"datePublished\":\"2026-04-24T14:18:27+00:00\",\"author\":{\"@id\":\"https:\/\/portaltela.pt\/#\/schema\/person\/c4278d4a6028830caff9ee44b42d32ed\"},\"breadcrumb\":{\"@id\":\"https:\/\/portaltela.pt\/noticias\/2026\/04\/24\/mourinho-afirma-que-benfica-so-fica-em-2-o-se-vencer-os-quatro-jogos\/#breadcrumb\"},\"inLanguage\":\"pt-PT\",\"potentialAction\":[{\"@type\":\"ReadAction\",\"target\":[\"https:\/\/portaltela.pt\/noticias\/2026\/04\/24\/mourinho-afirma-que-benfica-so-fica-em-2-o-se-vencer-os-quatro-jogos\/\"]}]},{\"@type\":\"ImageObject\",\"inLanguage\":\"pt-PT\",\"@id\":\"https:\/\/portaltela.pt\/noticias\/2026\/04\/24\/mourinho-afirma-que-benfica-so-fica-em-2-o-se-vencer-os-quatro-jogos\/#primaryimage\",\"url\":\"https:\/\/portaltela.pt\/s.01k8rhncp4jt1\/2026\/04\/img_1500x1000uu2026-04-24-15-08-18-2280729.jpg\",\"contentUrl\":\"https:\/\/portaltela.pt\/s.01k8rhncp4jt1\/2026\/04\/img_1500x1000uu2026-04-24-15-08-18-2280729.jpg\",\"width\":1500,\"height\":1000,\"caption\":\"Jos\u00e9 Mourinho, treinador do Benfica\"},{\"@type\":\"BreadcrumbList\",\"@id\":\"https:\/\/portaltela.pt\/noticias\/2026\/04\/24\/mourinho-afirma-que-benfica-so-fica-em-2-o-se-vencer-os-quatro-jogos\/#breadcrumb\",\"itemListElement\":[{\"@type\":\"ListItem\",\"position\":1,\"name\":\"In\u00edcio\",\"item\":\"https:\/\/portaltela.pt\/\"},{\"@type\":\"ListItem\",\"position\":2,\"name\":\"Mourinho afirma que Benfica s\u00f3 fica em 2.\u00ba se vencer os quatro jogos\"}]},{\"@type\":\"WebSite\",\"@id\":\"https:\/\/portaltela.pt\/#website\",\"url\":\"https:\/\/portaltela.pt\/\",\"name\":\"Portal Tela Portugal\",\"description\":\"\",\"potentialAction\":[{\"@type\":\"SearchAction\",\"target\":{\"@type\":\"EntryPoint\",\"urlTemplate\":\"https:\/\/portaltela.pt\/?s={search_term_string}\"},\"query-input\":{\"@type\":\"PropertyValueSpecification\",\"valueRequired\":true,\"valueName\":\"search_term_string\"}}],\"inLanguage\":\"pt-PT\"},{\"@type\":\"Person\",\"@id\":\"https:\/\/portaltela.pt\/#\/schema\/person\/c4278d4a6028830caff9ee44b42d32ed\",\"name\":\"Telinha\",\"image\":{\"@type\":\"ImageObject\",\"inLanguage\":\"pt-PT\",\"@id\":\"https:\/\/portaltela.pt\/s.01k8rhncp4jt1\/2025\/11\/talking-bot-125x125.png\",\"url\":\"https:\/\/portaltela.pt\/s.01k8rhncp4jt1\/2025\/11\/talking-bot-125x125.png\",\"contentUrl\":\"https:\/\/portaltela.pt\/s.01k8rhncp4jt1\/2025\/11\/talking-bot-125x125.png\",\"caption\":\"Telinha\"},\"sameAs\":[\"https:\/\/portaltela.pt\/\"],\"url\":\"https:\/\/portaltela.pt\/por\/367410592786\/\"}]}<\/script>\n<!-- \/ Yoast SEO plugin. -->","yoast_head_json":{"title":"Mourinho afirma que Benfica s\u00f3 fica em 2.\u00ba se vencer os quatro jogos - Portal Tela Portugal","robots":{"index":"index","follow":"follow","max-snippet":"max-snippet:-1","max-image-preview":"max-image-preview:large","max-video-preview":"max-video-preview:-1"},"og_locale":"pt_PT","og_type":"article","og_title":"Mourinho afirma que Benfica s\u00f3 fica em 2.\u00ba se vencer os quatro jogos - Portal Tela Portugal","og_description":"Jos\u00e9 Mourinho disse que s\u00f3 ganhando os quatro jogos que faltam na I Liga o Benfica pode aspirar ao segundo lugar, mas admitiu que esse objetivo est\u00e1 fora do seu controlo. O Benfica \u00e9 o segundo colocado com 72 pontos, mais um que o Sporting, que tem um jogo em atraso. O t\u00e9cnico afirmou que n\u00e3o pode prometer resultados nem quantos pontos o Sporting ir\u00e1 fazer at\u00e9 final da \u00e9poca. O Benfica recebe o Moreirense no s\u00e1bado, \u00e0s 18h, no Est\u00e1dio da Luz, em jogo da 31.\u00aa jornada. O defesa Tom\u00e1s Ara\u00fajo \u00e9 a \u00fanica baixa para o encontro; o plantel, segundo Mourinho, est\u00e1 praticamente completo.","og_url":"https:\/\/portaltela.pt\/noticias\/2026\/04\/24\/mourinho-afirma-que-benfica-so-fica-em-2-o-se-vencer-os-quatro-jogos\/","og_site_name":"Portal Tela Portugal","article_published_time":"2026-04-24T14:18:27+00:00","author":"Telinha","twitter_card":"summary_large_image","twitter_misc":{"Escrito por":"Telinha","Tempo estimado de leitura":"1 minuto"},"schema":{"@context":"https:\/\/schema.org","@graph":[{"@type":"Article","@id":"https:\/\/portaltela.pt\/noticias\/2026\/04\/24\/mourinho-afirma-que-benfica-so-fica-em-2-o-se-vencer-os-quatro-jogos\/#article","isPartOf":{"@id":"https:\/\/portaltela.pt\/noticias\/2026\/04\/24\/mourinho-afirma-que-benfica-so-fica-em-2-o-se-vencer-os-quatro-jogos\/"},"author":{"name":"Telinha","@id":"https:\/\/portaltela.pt\/#\/schema\/person\/c4278d4a6028830caff9ee44b42d32ed"},"headline":"Mourinho afirma que Benfica s\u00f3 fica em 2.\u00ba se vencer os quatro jogos","datePublished":"2026-04-24T14:18:27+00:00","mainEntityOfPage":{"@id":"https:\/\/portaltela.pt\/noticias\/2026\/04\/24\/mourinho-afirma-que-benfica-so-fica-em-2-o-se-vencer-os-quatro-jogos\/"},"wordCount":237,"image":{"@id":"https:\/\/portaltela.pt\/noticias\/2026\/04\/24\/mourinho-afirma-que-benfica-so-fica-em-2-o-se-vencer-os-quatro-jogos\/#primaryimage"},"thumbnailUrl":"https:\/\/portaltela.pt\/s.01k8rhncp4jt1\/2026\/04\/img_1500x1000uu2026-04-24-15-08-18-2280729.jpg","keywords":["1. Liga","Benfica","futebol","Lisboa","Moreirense","Sporting"],"articleSection":["Desporto","Futebol"],"inLanguage":"pt-PT"},{"@type":"WebPage","@id":"https:\/\/portaltela.pt\/noticias\/2026\/04\/24\/mourinho-afirma-que-benfica-so-fica-em-2-o-se-vencer-os-quatro-jogos\/","url":"https:\/\/portaltela.pt\/noticias\/2026\/04\/24\/mourinho-afirma-que-benfica-so-fica-em-2-o-se-vencer-os-quatro-jogos\/","name":"Mourinho afirma que Benfica s\u00f3 fica em 2.\u00ba se vencer os quatro jogos - Portal Tela Portugal","isPartOf":{"@id":"https:\/\/portaltela.pt\/#website"},"primaryImageOfPage":{"@id":"https:\/\/portaltela.pt\/noticias\/2026\/04\/24\/mourinho-afirma-que-benfica-so-fica-em-2-o-se-vencer-os-quatro-jogos\/#primaryimage"},"image":{"@id":"https:\/\/portaltela.pt\/noticias\/2026\/04\/24\/mourinho-afirma-que-benfica-so-fica-em-2-o-se-vencer-os-quatro-jogos\/#primaryimage"},"thumbnailUrl":"https:\/\/portaltela.pt\/s.01k8rhncp4jt1\/2026\/04\/img_1500x1000uu2026-04-24-15-08-18-2280729.jpg","datePublished":"2026-04-24T14:18:27+00:00","author":{"@id":"https:\/\/portaltela.pt\/#\/schema\/person\/c4278d4a6028830caff9ee44b42d32ed"},"breadcrumb":{"@id":"https:\/\/portaltela.pt\/noticias\/2026\/04\/24\/mourinho-afirma-que-benfica-so-fica-em-2-o-se-vencer-os-quatro-jogos\/#breadcrumb"},"inLanguage":"pt-PT","potentialAction":[{"@type":"ReadAction","target":["https:\/\/portaltela.pt\/noticias\/2026\/04\/24\/mourinho-afirma-que-benfica-so-fica-em-2-o-se-vencer-os-quatro-jogos\/"]}]},{"@type":"ImageObject","inLanguage":"pt-PT","@id":"https:\/\/portaltela.pt\/noticias\/2026\/04\/24\/mourinho-afirma-que-benfica-so-fica-em-2-o-se-vencer-os-quatro-jogos\/#primaryimage","url":"https:\/\/portaltela.pt\/s.01k8rhncp4jt1\/2026\/04\/img_1500x1000uu2026-04-24-15-08-18-2280729.jpg","contentUrl":"https:\/\/portaltela.pt\/s.01k8rhncp4jt1\/2026\/04\/img_1500x1000uu2026-04-24-15-08-18-2280729.jpg","width":1500,"height":1000,"caption":"Jos\u00e9 Mourinho, treinador do Benfica"},{"@type":"BreadcrumbList","@id":"https:\/\/portaltela.pt\/noticias\/2026\/04\/24\/mourinho-afirma-que-benfica-so-fica-em-2-o-se-vencer-os-quatro-jogos\/#breadcrumb","itemListElement":[{"@type":"ListItem","position":1,"name":"In\u00edcio","item":"https:\/\/portaltela.pt\/"},{"@type":"ListItem","position":2,"name":"Mourinho afirma que Benfica s\u00f3 fica em 2.\u00ba se vencer os quatro jogos"}]},{"@type":"WebSite","@id":"https:\/\/portaltela.pt\/#website","url":"https:\/\/portaltela.pt\/","name":"Portal Tela Portugal","description":"","potentialAction":[{"@type":"SearchAction","target":{"@type":"EntryPoint","urlTemplate":"https:\/\/portaltela.pt\/?s={search_term_string}"},"query-input":{"@type":"PropertyValueSpecification","valueRequired":true,"valueName":"search_term_string"}}],"inLanguage":"pt-PT"},{"@type":"Person","@id":"https:\/\/portaltela.pt\/#\/schema\/person\/c4278d4a6028830caff9ee44b42d32ed","name":"Telinha","image":{"@type":"ImageObject","inLanguage":"pt-PT","@id":"https:\/\/portaltela.pt\/s.01k8rhncp4jt1\/2025\/11\/talking-bot-125x125.png","url":"https:\/\/portaltela.pt\/s.01k8rhncp4jt1\/2025\/11\/talking-bot-125x125.png","contentUrl":"https:\/\/portaltela.pt\/s.01k8rhncp4jt1\/2025\/11\/talking-bot-125x125.png","caption":"Telinha"},"sameAs":["https:\/\/portaltela.pt\/"],"url":"https:\/\/portaltela.pt\/por\/367410592786\/"}]}},"_links":{"self":[{"href":"https:\/\/portaltela.pt\/api\/wp\/v2\/posts\/457812","targetHints":{"allow":["GET"]}}],"collection":[{"href":"https:\/\/portaltela.pt\/api\/wp\/v2\/posts"}],"about":[{"href":"https:\/\/portaltela.pt\/api\/wp\/v2\/types\/post"}],"author":[{"embeddable":true,"href":"https:\/\/portaltela.pt\/api\/wp\/v2\/users\/2"}],"replies":[{"embeddable":true,"href":"https:\/\/portaltela.pt\/api\/wp\/v2\/comments?post=457812"}],"version-history":[{"count":0,"href":"https:\/\/portaltela.pt\/api\/wp\/v2\/posts\/457812\/revisions"}],"wp:featuredmedia":[{"embeddable":true,"href":"https:\/\/portaltela.pt\/api\/wp\/v2\/media\/457816"}],"wp:attachment":[{"href":"https:\/\/portaltela.pt\/api\/wp\/v2\/media?parent=457812"}],"wp:term":[{"taxonomy":"category","embeddable":true,"href":"https:\/\/portaltela.pt\/api\/wp\/v2\/categories?post=457812"},{"taxonomy":"post_tag","embeddable":true,"href":"https:\/\/portaltela.pt\/api\/wp\/v2\/tags?post=457812"}],"curies":[{"name":"wp","href":"https:\/\/api.w.org\/{rel}","templated":true}]}}