{"id":457791,"date":"2026-04-24T10:17:00","date_gmt":"2026-04-24T13:17:00","guid":{"rendered":"https:\/\/portaltela.pt\/noticias\/2026\/04\/24\/cap-nao-disponivel-para-reabrir-debate-sobre-pontos-ja-encerrados-na-lei\/"},"modified":"2026-04-24T10:17:00","modified_gmt":"2026-04-24T13:17:00","slug":"cap-nao-disponivel-para-reabrir-debate-sobre-pontos-ja-encerrados-na-lei","status":"publish","type":"post","link":"https:\/\/portaltela.pt\/noticias\/politica\/2026\/04\/24\/cap-nao-disponivel-para-reabrir-debate-sobre-pontos-ja-encerrados-na-lei\/","title":{"rendered":"CAP n\u00e3o dispon\u00edvel para reabrir debate sobre pontos j\u00e1 encerrados na lei"},"content":{"rendered":"<p>A CAP afirmou hoje que n\u00e3o est\u00e1 dispon\u00edvel para reabrir a discuss\u00e3o sobre pontos j\u00e1 fechados na lei laboral. A confedera\u00e7\u00e3o considerou a disponibilidade da UGT para continuar as negocia\u00e7\u00f5es como uma mera proclama\u00e7\u00e3o vazia de inten\u00e7\u00e3o.<\/p>\n<p>A posi\u00e7\u00e3o da CAP sustenta que, neste momento, n\u00e3o h\u00e1 margem para revisitar acordos j\u00e1 conclu\u00eddos. A organiza\u00e7\u00e3o ressalta que o foco deve recair sobre temas ainda em aberto, evitando revis\u00f5es sobre mat\u00e9rias j\u00e1 pactuadas.<\/p>\n<p>A UGT tinha manifestado interesse em continuar as negocia\u00e7\u00f5es para ajustar altera\u00e7\u00f5es \u00e0 lei laboral. Contudo, a CAP insiste que a agenda negocial n\u00e3o pode voltar a incluir pontos previamente fechados.<\/p>\n<p><strong>CAP mant\u00e9m posi\u00e7\u00e3o de n\u00e3o reabrir a discuss\u00e3o<\/strong><\/p>\n<p>A CAP refor\u00e7a que o objetivo \u00e9 cumprir o que j\u00e1 foi acordado, sem abrir novos reequil\u00edbrios sobre o conjunto de cl\u00e1usulas acordadas. A entidade n\u00e3o avan\u00e7ou detalhes sobre futuros passos ou prazos.<\/p>\n","protected":false},"excerpt":{"rendered":"<ul>\n<li>A CAP disse que n\u00e3o est\u00e1 dispon\u00edvel para reabrir a discuss\u00e3o sobre pontos j\u00e1 fechados na lei laboral.<\/li>\n<li>Considera a disponibilidade da UGT para negociar altera\u00e7\u00f5es como uma proclam\u00e7\u00e3o vazia de inten\u00e7\u00e3o.<\/li>\n<li>A CAP mant\u00e9m a posi\u00e7\u00e3o de n\u00e3o reabrir temas que j\u00e1 foram acordados.<\/li>\n<li>A not\u00edcia ilustra tens\u00e3o entre CAP e UGT relativamente ao futuro das negocia\u00e7\u00f5es sobre a legisla\u00e7\u00e3o laboral.<\/li>\n<\/ul>\n","protected":false},"author":2,"featured_media":457795,"comment_status":"closed","ping_status":"closed","sticky":false,"template":"","format":"standard","meta":{"footnotes":""},"categories":[5,6871],"tags":[8874,3525,8917,6566,2201,8919],"class_list":["post-457791","post","type-post","status-publish","format-standard","has-post-thumbnail","hentry","category-politica","category-sociedade","tag-acordo","tag-cap","tag-lei-do-trabalho","tag-negociacao","tag-trabalho","tag-ugt"],"yoast_head":"<!-- This site is optimized with the Yoast SEO plugin v27.2 - https:\/\/yoast.com\/product\/yoast-seo-wordpress\/ -->\n<title>CAP n\u00e3o dispon\u00edvel para reabrir debate sobre pontos j\u00e1 encerrados na lei - Portal Tela Portugal<\/title>\n<meta name=\"robots\" content=\"index, follow, max-snippet:-1, max-image-preview:large, max-video-preview:-1\" \/>\n<meta property=\"og:locale\" content=\"pt_PT\" \/>\n<meta property=\"og:type\" content=\"article\" \/>\n<meta property=\"og:title\" content=\"CAP n\u00e3o dispon\u00edvel para reabrir debate sobre pontos j\u00e1 encerrados na lei - Portal Tela Portugal\" \/>\n<meta property=\"og:description\" content=\"A CAP disse que n\u00e3o est\u00e1 dispon\u00edvel para reabrir a discuss\u00e3o sobre pontos j\u00e1 fechados na lei laboral. Considera a disponibilidade da UGT para negociar altera\u00e7\u00f5es como uma proclam\u00e7\u00e3o vazia de inten\u00e7\u00e3o. A CAP mant\u00e9m a posi\u00e7\u00e3o de n\u00e3o reabrir temas que j\u00e1 foram acordados. A not\u00edcia ilustra tens\u00e3o entre CAP e UGT relativamente ao futuro das negocia\u00e7\u00f5es sobre a legisla\u00e7\u00e3o laboral.\" \/>\n<meta property=\"og:url\" content=\"https:\/\/portaltela.pt\/noticias\/2026\/04\/24\/cap-nao-disponivel-para-reabrir-debate-sobre-pontos-ja-encerrados-na-lei\/\" \/>\n<meta property=\"og:site_name\" content=\"Portal Tela Portugal\" \/>\n<meta property=\"article:published_time\" content=\"2026-04-24T13:17:00+00:00\" \/>\n<meta name=\"author\" content=\"Telinha\" \/>\n<meta name=\"twitter:card\" content=\"summary_large_image\" \/>\n<meta name=\"twitter:label1\" content=\"Escrito por\" \/>\n\t<meta name=\"twitter:data1\" content=\"Telinha\" \/>\n\t<meta name=\"twitter:label2\" content=\"Tempo estimado de leitura\" \/>\n\t<meta name=\"twitter:data2\" content=\"1 minuto\" \/>\n<script type=\"application\/ld+json\" class=\"yoast-schema-graph\">{\"@context\":\"https:\/\/schema.org\",\"@graph\":[{\"@type\":\"Article\",\"@id\":\"https:\/\/portaltela.pt\/noticias\/2026\/04\/24\/cap-nao-disponivel-para-reabrir-debate-sobre-pontos-ja-encerrados-na-lei\/#article\",\"isPartOf\":{\"@id\":\"https:\/\/portaltela.pt\/noticias\/2026\/04\/24\/cap-nao-disponivel-para-reabrir-debate-sobre-pontos-ja-encerrados-na-lei\/\"},\"author\":{\"name\":\"Telinha\",\"@id\":\"https:\/\/portaltela.pt\/#\/schema\/person\/c4278d4a6028830caff9ee44b42d32ed\"},\"headline\":\"CAP n\u00e3o dispon\u00edvel para reabrir debate sobre pontos j\u00e1 encerrados na lei\",\"datePublished\":\"2026-04-24T13:17:00+00:00\",\"mainEntityOfPage\":{\"@id\":\"https:\/\/portaltela.pt\/noticias\/2026\/04\/24\/cap-nao-disponivel-para-reabrir-debate-sobre-pontos-ja-encerrados-na-lei\/\"},\"wordCount\":181,\"image\":{\"@id\":\"https:\/\/portaltela.pt\/noticias\/2026\/04\/24\/cap-nao-disponivel-para-reabrir-debate-sobre-pontos-ja-encerrados-na-lei\/#primaryimage\"},\"thumbnailUrl\":\"https:\/\/portaltela.pt\/s.01k8rhncp4jt1\/2026\/04\/CACHE_780X1200_ANALOG_WATERMARKED_46046681_6120825_20112025112720.jpg\",\"keywords\":[\"acordo\",\"CAP\",\"Lei do Trabalho\",\"negocia\u00e7\u00e3o\",\"trabalho\",\"UGT\"],\"articleSection\":[\"Pol\u00edtica\",\"Sociedade\"],\"inLanguage\":\"pt-PT\"},{\"@type\":\"WebPage\",\"@id\":\"https:\/\/portaltela.pt\/noticias\/2026\/04\/24\/cap-nao-disponivel-para-reabrir-debate-sobre-pontos-ja-encerrados-na-lei\/\",\"url\":\"https:\/\/portaltela.pt\/noticias\/2026\/04\/24\/cap-nao-disponivel-para-reabrir-debate-sobre-pontos-ja-encerrados-na-lei\/\",\"name\":\"CAP n\u00e3o dispon\u00edvel para reabrir debate sobre pontos j\u00e1 encerrados na lei - Portal Tela Portugal\",\"isPartOf\":{\"@id\":\"https:\/\/portaltela.pt\/#website\"},\"primaryImageOfPage\":{\"@id\":\"https:\/\/portaltela.pt\/noticias\/2026\/04\/24\/cap-nao-disponivel-para-reabrir-debate-sobre-pontos-ja-encerrados-na-lei\/#primaryimage\"},\"image\":{\"@id\":\"https:\/\/portaltela.pt\/noticias\/2026\/04\/24\/cap-nao-disponivel-para-reabrir-debate-sobre-pontos-ja-encerrados-na-lei\/#primaryimage\"},\"thumbnailUrl\":\"https:\/\/portaltela.pt\/s.01k8rhncp4jt1\/2026\/04\/CACHE_780X1200_ANALOG_WATERMARKED_46046681_6120825_20112025112720.jpg\",\"datePublished\":\"2026-04-24T13:17:00+00:00\",\"author\":{\"@id\":\"https:\/\/portaltela.pt\/#\/schema\/person\/c4278d4a6028830caff9ee44b42d32ed\"},\"breadcrumb\":{\"@id\":\"https:\/\/portaltela.pt\/noticias\/2026\/04\/24\/cap-nao-disponivel-para-reabrir-debate-sobre-pontos-ja-encerrados-na-lei\/#breadcrumb\"},\"inLanguage\":\"pt-PT\",\"potentialAction\":[{\"@type\":\"ReadAction\",\"target\":[\"https:\/\/portaltela.pt\/noticias\/2026\/04\/24\/cap-nao-disponivel-para-reabrir-debate-sobre-pontos-ja-encerrados-na-lei\/\"]}]},{\"@type\":\"ImageObject\",\"inLanguage\":\"pt-PT\",\"@id\":\"https:\/\/portaltela.pt\/noticias\/2026\/04\/24\/cap-nao-disponivel-para-reabrir-debate-sobre-pontos-ja-encerrados-na-lei\/#primaryimage\",\"url\":\"https:\/\/portaltela.pt\/s.01k8rhncp4jt1\/2026\/04\/CACHE_780X1200_ANALOG_WATERMARKED_46046681_6120825_20112025112720.jpg\",\"contentUrl\":\"https:\/\/portaltela.pt\/s.01k8rhncp4jt1\/2026\/04\/CACHE_780X1200_ANALOG_WATERMARKED_46046681_6120825_20112025112720.jpg\",\"width\":796,\"height\":448,\"caption\":\"CAP indispon\u00edvel para reabrir discuss\u00e3o sobre pontos j\u00e1 fechados na lei laboral\"},{\"@type\":\"BreadcrumbList\",\"@id\":\"https:\/\/portaltela.pt\/noticias\/2026\/04\/24\/cap-nao-disponivel-para-reabrir-debate-sobre-pontos-ja-encerrados-na-lei\/#breadcrumb\",\"itemListElement\":[{\"@type\":\"ListItem\",\"position\":1,\"name\":\"In\u00edcio\",\"item\":\"https:\/\/portaltela.pt\/\"},{\"@type\":\"ListItem\",\"position\":2,\"name\":\"CAP n\u00e3o dispon\u00edvel para reabrir debate sobre pontos j\u00e1 encerrados na lei\"}]},{\"@type\":\"WebSite\",\"@id\":\"https:\/\/portaltela.pt\/#website\",\"url\":\"https:\/\/portaltela.pt\/\",\"name\":\"Portal Tela Portugal\",\"description\":\"\",\"potentialAction\":[{\"@type\":\"SearchAction\",\"target\":{\"@type\":\"EntryPoint\",\"urlTemplate\":\"https:\/\/portaltela.pt\/?s={search_term_string}\"},\"query-input\":{\"@type\":\"PropertyValueSpecification\",\"valueRequired\":true,\"valueName\":\"search_term_string\"}}],\"inLanguage\":\"pt-PT\"},{\"@type\":\"Person\",\"@id\":\"https:\/\/portaltela.pt\/#\/schema\/person\/c4278d4a6028830caff9ee44b42d32ed\",\"name\":\"Telinha\",\"image\":{\"@type\":\"ImageObject\",\"inLanguage\":\"pt-PT\",\"@id\":\"https:\/\/portaltela.pt\/s.01k8rhncp4jt1\/2025\/11\/talking-bot-125x125.png\",\"url\":\"https:\/\/portaltela.pt\/s.01k8rhncp4jt1\/2025\/11\/talking-bot-125x125.png\",\"contentUrl\":\"https:\/\/portaltela.pt\/s.01k8rhncp4jt1\/2025\/11\/talking-bot-125x125.png\",\"caption\":\"Telinha\"},\"sameAs\":[\"https:\/\/portaltela.pt\/\"],\"url\":\"https:\/\/portaltela.pt\/por\/367410592786\/\"}]}<\/script>\n<!-- \/ Yoast SEO plugin. -->","yoast_head_json":{"title":"CAP n\u00e3o dispon\u00edvel para reabrir debate sobre pontos j\u00e1 encerrados na lei - Portal Tela Portugal","robots":{"index":"index","follow":"follow","max-snippet":"max-snippet:-1","max-image-preview":"max-image-preview:large","max-video-preview":"max-video-preview:-1"},"og_locale":"pt_PT","og_type":"article","og_title":"CAP n\u00e3o dispon\u00edvel para reabrir debate sobre pontos j\u00e1 encerrados na lei - Portal Tela Portugal","og_description":"A CAP disse que n\u00e3o est\u00e1 dispon\u00edvel para reabrir a discuss\u00e3o sobre pontos j\u00e1 fechados na lei laboral. Considera a disponibilidade da UGT para negociar altera\u00e7\u00f5es como uma proclam\u00e7\u00e3o vazia de inten\u00e7\u00e3o. A CAP mant\u00e9m a posi\u00e7\u00e3o de n\u00e3o reabrir temas que j\u00e1 foram acordados. A not\u00edcia ilustra tens\u00e3o entre CAP e UGT relativamente ao futuro das negocia\u00e7\u00f5es sobre a legisla\u00e7\u00e3o laboral.","og_url":"https:\/\/portaltela.pt\/noticias\/2026\/04\/24\/cap-nao-disponivel-para-reabrir-debate-sobre-pontos-ja-encerrados-na-lei\/","og_site_name":"Portal Tela Portugal","article_published_time":"2026-04-24T13:17:00+00:00","author":"Telinha","twitter_card":"summary_large_image","twitter_misc":{"Escrito por":"Telinha","Tempo estimado de leitura":"1 minuto"},"schema":{"@context":"https:\/\/schema.org","@graph":[{"@type":"Article","@id":"https:\/\/portaltela.pt\/noticias\/2026\/04\/24\/cap-nao-disponivel-para-reabrir-debate-sobre-pontos-ja-encerrados-na-lei\/#article","isPartOf":{"@id":"https:\/\/portaltela.pt\/noticias\/2026\/04\/24\/cap-nao-disponivel-para-reabrir-debate-sobre-pontos-ja-encerrados-na-lei\/"},"author":{"name":"Telinha","@id":"https:\/\/portaltela.pt\/#\/schema\/person\/c4278d4a6028830caff9ee44b42d32ed"},"headline":"CAP n\u00e3o dispon\u00edvel para reabrir debate sobre pontos j\u00e1 encerrados na lei","datePublished":"2026-04-24T13:17:00+00:00","mainEntityOfPage":{"@id":"https:\/\/portaltela.pt\/noticias\/2026\/04\/24\/cap-nao-disponivel-para-reabrir-debate-sobre-pontos-ja-encerrados-na-lei\/"},"wordCount":181,"image":{"@id":"https:\/\/portaltela.pt\/noticias\/2026\/04\/24\/cap-nao-disponivel-para-reabrir-debate-sobre-pontos-ja-encerrados-na-lei\/#primaryimage"},"thumbnailUrl":"https:\/\/portaltela.pt\/s.01k8rhncp4jt1\/2026\/04\/CACHE_780X1200_ANALOG_WATERMARKED_46046681_6120825_20112025112720.jpg","keywords":["acordo","CAP","Lei do Trabalho","negocia\u00e7\u00e3o","trabalho","UGT"],"articleSection":["Pol\u00edtica","Sociedade"],"inLanguage":"pt-PT"},{"@type":"WebPage","@id":"https:\/\/portaltela.pt\/noticias\/2026\/04\/24\/cap-nao-disponivel-para-reabrir-debate-sobre-pontos-ja-encerrados-na-lei\/","url":"https:\/\/portaltela.pt\/noticias\/2026\/04\/24\/cap-nao-disponivel-para-reabrir-debate-sobre-pontos-ja-encerrados-na-lei\/","name":"CAP n\u00e3o dispon\u00edvel para reabrir debate sobre pontos j\u00e1 encerrados na lei - Portal Tela Portugal","isPartOf":{"@id":"https:\/\/portaltela.pt\/#website"},"primaryImageOfPage":{"@id":"https:\/\/portaltela.pt\/noticias\/2026\/04\/24\/cap-nao-disponivel-para-reabrir-debate-sobre-pontos-ja-encerrados-na-lei\/#primaryimage"},"image":{"@id":"https:\/\/portaltela.pt\/noticias\/2026\/04\/24\/cap-nao-disponivel-para-reabrir-debate-sobre-pontos-ja-encerrados-na-lei\/#primaryimage"},"thumbnailUrl":"https:\/\/portaltela.pt\/s.01k8rhncp4jt1\/2026\/04\/CACHE_780X1200_ANALOG_WATERMARKED_46046681_6120825_20112025112720.jpg","datePublished":"2026-04-24T13:17:00+00:00","author":{"@id":"https:\/\/portaltela.pt\/#\/schema\/person\/c4278d4a6028830caff9ee44b42d32ed"},"breadcrumb":{"@id":"https:\/\/portaltela.pt\/noticias\/2026\/04\/24\/cap-nao-disponivel-para-reabrir-debate-sobre-pontos-ja-encerrados-na-lei\/#breadcrumb"},"inLanguage":"pt-PT","potentialAction":[{"@type":"ReadAction","target":["https:\/\/portaltela.pt\/noticias\/2026\/04\/24\/cap-nao-disponivel-para-reabrir-debate-sobre-pontos-ja-encerrados-na-lei\/"]}]},{"@type":"ImageObject","inLanguage":"pt-PT","@id":"https:\/\/portaltela.pt\/noticias\/2026\/04\/24\/cap-nao-disponivel-para-reabrir-debate-sobre-pontos-ja-encerrados-na-lei\/#primaryimage","url":"https:\/\/portaltela.pt\/s.01k8rhncp4jt1\/2026\/04\/CACHE_780X1200_ANALOG_WATERMARKED_46046681_6120825_20112025112720.jpg","contentUrl":"https:\/\/portaltela.pt\/s.01k8rhncp4jt1\/2026\/04\/CACHE_780X1200_ANALOG_WATERMARKED_46046681_6120825_20112025112720.jpg","width":796,"height":448,"caption":"CAP indispon\u00edvel para reabrir discuss\u00e3o sobre pontos j\u00e1 fechados na lei laboral"},{"@type":"BreadcrumbList","@id":"https:\/\/portaltela.pt\/noticias\/2026\/04\/24\/cap-nao-disponivel-para-reabrir-debate-sobre-pontos-ja-encerrados-na-lei\/#breadcrumb","itemListElement":[{"@type":"ListItem","position":1,"name":"In\u00edcio","item":"https:\/\/portaltela.pt\/"},{"@type":"ListItem","position":2,"name":"CAP n\u00e3o dispon\u00edvel para reabrir debate sobre pontos j\u00e1 encerrados na lei"}]},{"@type":"WebSite","@id":"https:\/\/portaltela.pt\/#website","url":"https:\/\/portaltela.pt\/","name":"Portal Tela Portugal","description":"","potentialAction":[{"@type":"SearchAction","target":{"@type":"EntryPoint","urlTemplate":"https:\/\/portaltela.pt\/?s={search_term_string}"},"query-input":{"@type":"PropertyValueSpecification","valueRequired":true,"valueName":"search_term_string"}}],"inLanguage":"pt-PT"},{"@type":"Person","@id":"https:\/\/portaltela.pt\/#\/schema\/person\/c4278d4a6028830caff9ee44b42d32ed","name":"Telinha","image":{"@type":"ImageObject","inLanguage":"pt-PT","@id":"https:\/\/portaltela.pt\/s.01k8rhncp4jt1\/2025\/11\/talking-bot-125x125.png","url":"https:\/\/portaltela.pt\/s.01k8rhncp4jt1\/2025\/11\/talking-bot-125x125.png","contentUrl":"https:\/\/portaltela.pt\/s.01k8rhncp4jt1\/2025\/11\/talking-bot-125x125.png","caption":"Telinha"},"sameAs":["https:\/\/portaltela.pt\/"],"url":"https:\/\/portaltela.pt\/por\/367410592786\/"}]}},"_links":{"self":[{"href":"https:\/\/portaltela.pt\/api\/wp\/v2\/posts\/457791","targetHints":{"allow":["GET"]}}],"collection":[{"href":"https:\/\/portaltela.pt\/api\/wp\/v2\/posts"}],"about":[{"href":"https:\/\/portaltela.pt\/api\/wp\/v2\/types\/post"}],"author":[{"embeddable":true,"href":"https:\/\/portaltela.pt\/api\/wp\/v2\/users\/2"}],"replies":[{"embeddable":true,"href":"https:\/\/portaltela.pt\/api\/wp\/v2\/comments?post=457791"}],"version-history":[{"count":0,"href":"https:\/\/portaltela.pt\/api\/wp\/v2\/posts\/457791\/revisions"}],"wp:featuredmedia":[{"embeddable":true,"href":"https:\/\/portaltela.pt\/api\/wp\/v2\/media\/457795"}],"wp:attachment":[{"href":"https:\/\/portaltela.pt\/api\/wp\/v2\/media?parent=457791"}],"wp:term":[{"taxonomy":"category","embeddable":true,"href":"https:\/\/portaltela.pt\/api\/wp\/v2\/categories?post=457791"},{"taxonomy":"post_tag","embeddable":true,"href":"https:\/\/portaltela.pt\/api\/wp\/v2\/tags?post=457791"}],"curies":[{"name":"wp","href":"https:\/\/api.w.org\/{rel}","templated":true}]}}