{"id":457789,"date":"2026-04-24T11:03:12","date_gmt":"2026-04-24T14:03:12","guid":{"rendered":"https:\/\/portaltela.pt\/noticias\/2026\/04\/24\/sofia-araujo-e-claudia-fernandez-garantem-vagas-nas-meias-finais-em-bruxelas\/"},"modified":"2026-04-24T11:03:12","modified_gmt":"2026-04-24T14:03:12","slug":"sofia-araujo-e-claudia-fernandez-garantem-vagas-nas-meias-finais-em-bruxelas","status":"publish","type":"post","link":"https:\/\/portaltela.pt\/desporto\/futebol\/2026\/04\/24\/sofia-araujo-e-claudia-fernandez-garantem-vagas-nas-meias-finais-em-bruxelas\/","title":{"rendered":"Sofia Ara\u00fajo e Claudia Fern\u00e1ndez garantem vagas nas meias-finais em Bruxelas"},"content":{"rendered":"<p>Sofia Ara\u00fajo e Claudia Fern\u00e1ndez garantiram esta sexta-feira o apuramento para as meias-finais do Bruxelas P2, ao vencerem Jessica Castell\u00f3 e Lorena Rufo por 6-2 e 7-5, em Bruxelas. A dupla luso-espanhola refor\u00e7a a presen\u00e7a entre as quatro melhores do torneio.<\/p>\n<p>Com este resultado, alcan\u00e7am pela terceira vez na temporada oTop 4 de um evento do circuito Premier Padel, depois de chegarem \u00e0s meias-finais em Riade e Miami.<\/p>\n<p>O encontro come\u00e7ou de forma favor\u00e1vel para Ara\u00fajo\/Fern\u00e1ndez, com dois breaks e vantagem de 4-0, terminando o primeiro set em 6-2. No segundo parcial, um novo break levou a dupla 4-1, mas Castell\u00f3\/Rufo reagiram.<\/p>\n<p>No entanto, Sofia e Claudia mostraram compet\u00eancia, conquistando quatro jogos seguidos para fechar o set em 7-5, sem necessidade de terceiro set.<\/p>\n<h3>Meias-finais<\/h3>\n<p>Deste modo, a dupla enfrenta nas meias-finais Bea Gonz\u00e1lez e Paula Josemar\u00eda, atuais n\u00fameros 2 do mundo e vencedoras dos dois \u00faltimos torneios do circuito.<\/p>\n","protected":false},"excerpt":{"rendered":"<ul>\n<li>Sofia Ara\u00fajo e Claudia Fern\u00e1ndez qualificaram-se para as meias-finais do Bruxelas P2 ao vencerem Jessica Castell\u00f3 e Lorena Rufo por 6-2, 7-5.<\/li>\n<li>A dupla luso-espanhola chega \u00e0s meias-finais pela terceira vez nesta temporada em torneios do circuito Premier Padel, depois de Riade e Miami.<\/li>\n<li>O primeiro set assentou-lhes bem, com dois breaks e vantagem de 4-0, que acabou por se traduzir em 6-2.<\/li>\n<li>No segundo parcial, Castell\u00f3 e Rufo adiantaram-se 5-3, mas Ara\u00fajo e Fern\u00e1ndez responderam com quatro jogos consecutivos e fecharam em 7-5.<\/li>\n<li>Nas meias-finais v\u00e3o defrontar Bea Gonz\u00e1lez e Paula Josemar\u00eda, atuais n\u00famero dois do mundo e vencedoras dos dois \u00faltimos torneios.<\/li>\n<\/ul>\n","protected":false},"author":2,"featured_media":457792,"comment_status":"closed","ping_status":"closed","sticky":false,"template":"","format":"standard","meta":{"footnotes":""},"categories":[21,24],"tags":[3161,152,2681,5885,4083,94],"class_list":["post-457789","post","type-post","status-publish","format-standard","has-post-thumbnail","hentry","category-desporto","category-futebol","tag-bruxelas","tag-desporto","tag-desporto-internacional","tag-duplas","tag-riade","tag-tenis"],"yoast_head":"<!-- This site is optimized with the Yoast SEO plugin v27.2 - https:\/\/yoast.com\/product\/yoast-seo-wordpress\/ -->\n<title>Sofia Ara\u00fajo e Claudia Fern\u00e1ndez garantem vagas nas meias-finais em Bruxelas - Portal Tela Portugal<\/title>\n<meta name=\"robots\" content=\"index, follow, max-snippet:-1, max-image-preview:large, max-video-preview:-1\" \/>\n<meta property=\"og:locale\" content=\"pt_PT\" \/>\n<meta property=\"og:type\" content=\"article\" \/>\n<meta property=\"og:title\" content=\"Sofia Ara\u00fajo e Claudia Fern\u00e1ndez garantem vagas nas meias-finais em Bruxelas - Portal Tela Portugal\" \/>\n<meta property=\"og:description\" content=\"Sofia Ara\u00fajo e Claudia Fern\u00e1ndez qualificaram-se para as meias-finais do Bruxelas P2 ao vencerem Jessica Castell\u00f3 e Lorena Rufo por 6-2, 7-5. A dupla luso-espanhola chega \u00e0s meias-finais pela terceira vez nesta temporada em torneios do circuito Premier Padel, depois de Riade e Miami. O primeiro set assentou-lhes bem, com dois breaks e vantagem de 4-0, que acabou por se traduzir em 6-2. No segundo parcial, Castell\u00f3 e Rufo adiantaram-se 5-3, mas Ara\u00fajo e Fern\u00e1ndez responderam com quatro jogos consecutivos e fecharam em 7-5. Nas meias-finais v\u00e3o defrontar Bea Gonz\u00e1lez e Paula Josemar\u00eda, atuais n\u00famero dois do mundo e vencedoras dos dois \u00faltimos torneios.\" \/>\n<meta property=\"og:url\" content=\"https:\/\/portaltela.pt\/noticias\/2026\/04\/24\/sofia-araujo-e-claudia-fernandez-garantem-vagas-nas-meias-finais-em-bruxelas\/\" \/>\n<meta property=\"og:site_name\" content=\"Portal Tela Portugal\" \/>\n<meta property=\"article:published_time\" content=\"2026-04-24T14:03:12+00:00\" \/>\n<meta name=\"author\" content=\"Telinha\" \/>\n<meta name=\"twitter:card\" content=\"summary_large_image\" \/>\n<meta name=\"twitter:label1\" content=\"Escrito por\" \/>\n\t<meta name=\"twitter:data1\" content=\"Telinha\" \/>\n\t<meta name=\"twitter:label2\" content=\"Tempo estimado de leitura\" \/>\n\t<meta name=\"twitter:data2\" content=\"1 minuto\" \/>\n<script type=\"application\/ld+json\" class=\"yoast-schema-graph\">{\"@context\":\"https:\/\/schema.org\",\"@graph\":[{\"@type\":\"Article\",\"@id\":\"https:\/\/portaltela.pt\/noticias\/2026\/04\/24\/sofia-araujo-e-claudia-fernandez-garantem-vagas-nas-meias-finais-em-bruxelas\/#article\",\"isPartOf\":{\"@id\":\"https:\/\/portaltela.pt\/noticias\/2026\/04\/24\/sofia-araujo-e-claudia-fernandez-garantem-vagas-nas-meias-finais-em-bruxelas\/\"},\"author\":{\"name\":\"Telinha\",\"@id\":\"https:\/\/portaltela.pt\/#\/schema\/person\/c4278d4a6028830caff9ee44b42d32ed\"},\"headline\":\"Sofia Ara\u00fajo e Claudia Fern\u00e1ndez garantem vagas nas meias-finais em Bruxelas\",\"datePublished\":\"2026-04-24T14:03:12+00:00\",\"mainEntityOfPage\":{\"@id\":\"https:\/\/portaltela.pt\/noticias\/2026\/04\/24\/sofia-araujo-e-claudia-fernandez-garantem-vagas-nas-meias-finais-em-bruxelas\/\"},\"wordCount\":176,\"image\":{\"@id\":\"https:\/\/portaltela.pt\/noticias\/2026\/04\/24\/sofia-araujo-e-claudia-fernandez-garantem-vagas-nas-meias-finais-em-bruxelas\/#primaryimage\"},\"thumbnailUrl\":\"https:\/\/portaltela.pt\/s.01k8rhncp4jt1\/2026\/04\/img_920x518uu2026-04-24-15-00-13-2435037.jpg\",\"keywords\":[\"Bruxelas\",\"desporto\",\"desporto internacional\",\"duplas\",\"Riade\",\"t\u00eanis\"],\"articleSection\":[\"Desporto\",\"Futebol\"],\"inLanguage\":\"pt-PT\"},{\"@type\":\"WebPage\",\"@id\":\"https:\/\/portaltela.pt\/noticias\/2026\/04\/24\/sofia-araujo-e-claudia-fernandez-garantem-vagas-nas-meias-finais-em-bruxelas\/\",\"url\":\"https:\/\/portaltela.pt\/noticias\/2026\/04\/24\/sofia-araujo-e-claudia-fernandez-garantem-vagas-nas-meias-finais-em-bruxelas\/\",\"name\":\"Sofia Ara\u00fajo e Claudia Fern\u00e1ndez garantem vagas nas meias-finais em Bruxelas - Portal Tela Portugal\",\"isPartOf\":{\"@id\":\"https:\/\/portaltela.pt\/#website\"},\"primaryImageOfPage\":{\"@id\":\"https:\/\/portaltela.pt\/noticias\/2026\/04\/24\/sofia-araujo-e-claudia-fernandez-garantem-vagas-nas-meias-finais-em-bruxelas\/#primaryimage\"},\"image\":{\"@id\":\"https:\/\/portaltela.pt\/noticias\/2026\/04\/24\/sofia-araujo-e-claudia-fernandez-garantem-vagas-nas-meias-finais-em-bruxelas\/#primaryimage\"},\"thumbnailUrl\":\"https:\/\/portaltela.pt\/s.01k8rhncp4jt1\/2026\/04\/img_920x518uu2026-04-24-15-00-13-2435037.jpg\",\"datePublished\":\"2026-04-24T14:03:12+00:00\",\"author\":{\"@id\":\"https:\/\/portaltela.pt\/#\/schema\/person\/c4278d4a6028830caff9ee44b42d32ed\"},\"breadcrumb\":{\"@id\":\"https:\/\/portaltela.pt\/noticias\/2026\/04\/24\/sofia-araujo-e-claudia-fernandez-garantem-vagas-nas-meias-finais-em-bruxelas\/#breadcrumb\"},\"inLanguage\":\"pt-PT\",\"potentialAction\":[{\"@type\":\"ReadAction\",\"target\":[\"https:\/\/portaltela.pt\/noticias\/2026\/04\/24\/sofia-araujo-e-claudia-fernandez-garantem-vagas-nas-meias-finais-em-bruxelas\/\"]}]},{\"@type\":\"ImageObject\",\"inLanguage\":\"pt-PT\",\"@id\":\"https:\/\/portaltela.pt\/noticias\/2026\/04\/24\/sofia-araujo-e-claudia-fernandez-garantem-vagas-nas-meias-finais-em-bruxelas\/#primaryimage\",\"url\":\"https:\/\/portaltela.pt\/s.01k8rhncp4jt1\/2026\/04\/img_920x518uu2026-04-24-15-00-13-2435037.jpg\",\"contentUrl\":\"https:\/\/portaltela.pt\/s.01k8rhncp4jt1\/2026\/04\/img_920x518uu2026-04-24-15-00-13-2435037.jpg\",\"width\":796,\"height\":448,\"caption\":\"Sofia Ara\u00fajo e Claudia Fern\u00e1ndez nas meias-finais em Bruxelas\"},{\"@type\":\"BreadcrumbList\",\"@id\":\"https:\/\/portaltela.pt\/noticias\/2026\/04\/24\/sofia-araujo-e-claudia-fernandez-garantem-vagas-nas-meias-finais-em-bruxelas\/#breadcrumb\",\"itemListElement\":[{\"@type\":\"ListItem\",\"position\":1,\"name\":\"In\u00edcio\",\"item\":\"https:\/\/portaltela.pt\/\"},{\"@type\":\"ListItem\",\"position\":2,\"name\":\"Sofia Ara\u00fajo e Claudia Fern\u00e1ndez garantem vagas nas meias-finais em Bruxelas\"}]},{\"@type\":\"WebSite\",\"@id\":\"https:\/\/portaltela.pt\/#website\",\"url\":\"https:\/\/portaltela.pt\/\",\"name\":\"Portal Tela Portugal\",\"description\":\"\",\"potentialAction\":[{\"@type\":\"SearchAction\",\"target\":{\"@type\":\"EntryPoint\",\"urlTemplate\":\"https:\/\/portaltela.pt\/?s={search_term_string}\"},\"query-input\":{\"@type\":\"PropertyValueSpecification\",\"valueRequired\":true,\"valueName\":\"search_term_string\"}}],\"inLanguage\":\"pt-PT\"},{\"@type\":\"Person\",\"@id\":\"https:\/\/portaltela.pt\/#\/schema\/person\/c4278d4a6028830caff9ee44b42d32ed\",\"name\":\"Telinha\",\"image\":{\"@type\":\"ImageObject\",\"inLanguage\":\"pt-PT\",\"@id\":\"https:\/\/portaltela.pt\/s.01k8rhncp4jt1\/2025\/11\/talking-bot-125x125.png\",\"url\":\"https:\/\/portaltela.pt\/s.01k8rhncp4jt1\/2025\/11\/talking-bot-125x125.png\",\"contentUrl\":\"https:\/\/portaltela.pt\/s.01k8rhncp4jt1\/2025\/11\/talking-bot-125x125.png\",\"caption\":\"Telinha\"},\"sameAs\":[\"https:\/\/portaltela.pt\/\"],\"url\":\"https:\/\/portaltela.pt\/por\/367410592786\/\"}]}<\/script>\n<!-- \/ Yoast SEO plugin. -->","yoast_head_json":{"title":"Sofia Ara\u00fajo e Claudia Fern\u00e1ndez garantem vagas nas meias-finais em Bruxelas - Portal Tela Portugal","robots":{"index":"index","follow":"follow","max-snippet":"max-snippet:-1","max-image-preview":"max-image-preview:large","max-video-preview":"max-video-preview:-1"},"og_locale":"pt_PT","og_type":"article","og_title":"Sofia Ara\u00fajo e Claudia Fern\u00e1ndez garantem vagas nas meias-finais em Bruxelas - Portal Tela Portugal","og_description":"Sofia Ara\u00fajo e Claudia Fern\u00e1ndez qualificaram-se para as meias-finais do Bruxelas P2 ao vencerem Jessica Castell\u00f3 e Lorena Rufo por 6-2, 7-5. A dupla luso-espanhola chega \u00e0s meias-finais pela terceira vez nesta temporada em torneios do circuito Premier Padel, depois de Riade e Miami. O primeiro set assentou-lhes bem, com dois breaks e vantagem de 4-0, que acabou por se traduzir em 6-2. No segundo parcial, Castell\u00f3 e Rufo adiantaram-se 5-3, mas Ara\u00fajo e Fern\u00e1ndez responderam com quatro jogos consecutivos e fecharam em 7-5. Nas meias-finais v\u00e3o defrontar Bea Gonz\u00e1lez e Paula Josemar\u00eda, atuais n\u00famero dois do mundo e vencedoras dos dois \u00faltimos torneios.","og_url":"https:\/\/portaltela.pt\/noticias\/2026\/04\/24\/sofia-araujo-e-claudia-fernandez-garantem-vagas-nas-meias-finais-em-bruxelas\/","og_site_name":"Portal Tela Portugal","article_published_time":"2026-04-24T14:03:12+00:00","author":"Telinha","twitter_card":"summary_large_image","twitter_misc":{"Escrito por":"Telinha","Tempo estimado de leitura":"1 minuto"},"schema":{"@context":"https:\/\/schema.org","@graph":[{"@type":"Article","@id":"https:\/\/portaltela.pt\/noticias\/2026\/04\/24\/sofia-araujo-e-claudia-fernandez-garantem-vagas-nas-meias-finais-em-bruxelas\/#article","isPartOf":{"@id":"https:\/\/portaltela.pt\/noticias\/2026\/04\/24\/sofia-araujo-e-claudia-fernandez-garantem-vagas-nas-meias-finais-em-bruxelas\/"},"author":{"name":"Telinha","@id":"https:\/\/portaltela.pt\/#\/schema\/person\/c4278d4a6028830caff9ee44b42d32ed"},"headline":"Sofia Ara\u00fajo e Claudia Fern\u00e1ndez garantem vagas nas meias-finais em Bruxelas","datePublished":"2026-04-24T14:03:12+00:00","mainEntityOfPage":{"@id":"https:\/\/portaltela.pt\/noticias\/2026\/04\/24\/sofia-araujo-e-claudia-fernandez-garantem-vagas-nas-meias-finais-em-bruxelas\/"},"wordCount":176,"image":{"@id":"https:\/\/portaltela.pt\/noticias\/2026\/04\/24\/sofia-araujo-e-claudia-fernandez-garantem-vagas-nas-meias-finais-em-bruxelas\/#primaryimage"},"thumbnailUrl":"https:\/\/portaltela.pt\/s.01k8rhncp4jt1\/2026\/04\/img_920x518uu2026-04-24-15-00-13-2435037.jpg","keywords":["Bruxelas","desporto","desporto internacional","duplas","Riade","t\u00eanis"],"articleSection":["Desporto","Futebol"],"inLanguage":"pt-PT"},{"@type":"WebPage","@id":"https:\/\/portaltela.pt\/noticias\/2026\/04\/24\/sofia-araujo-e-claudia-fernandez-garantem-vagas-nas-meias-finais-em-bruxelas\/","url":"https:\/\/portaltela.pt\/noticias\/2026\/04\/24\/sofia-araujo-e-claudia-fernandez-garantem-vagas-nas-meias-finais-em-bruxelas\/","name":"Sofia Ara\u00fajo e Claudia Fern\u00e1ndez garantem vagas nas meias-finais em Bruxelas - Portal Tela Portugal","isPartOf":{"@id":"https:\/\/portaltela.pt\/#website"},"primaryImageOfPage":{"@id":"https:\/\/portaltela.pt\/noticias\/2026\/04\/24\/sofia-araujo-e-claudia-fernandez-garantem-vagas-nas-meias-finais-em-bruxelas\/#primaryimage"},"image":{"@id":"https:\/\/portaltela.pt\/noticias\/2026\/04\/24\/sofia-araujo-e-claudia-fernandez-garantem-vagas-nas-meias-finais-em-bruxelas\/#primaryimage"},"thumbnailUrl":"https:\/\/portaltela.pt\/s.01k8rhncp4jt1\/2026\/04\/img_920x518uu2026-04-24-15-00-13-2435037.jpg","datePublished":"2026-04-24T14:03:12+00:00","author":{"@id":"https:\/\/portaltela.pt\/#\/schema\/person\/c4278d4a6028830caff9ee44b42d32ed"},"breadcrumb":{"@id":"https:\/\/portaltela.pt\/noticias\/2026\/04\/24\/sofia-araujo-e-claudia-fernandez-garantem-vagas-nas-meias-finais-em-bruxelas\/#breadcrumb"},"inLanguage":"pt-PT","potentialAction":[{"@type":"ReadAction","target":["https:\/\/portaltela.pt\/noticias\/2026\/04\/24\/sofia-araujo-e-claudia-fernandez-garantem-vagas-nas-meias-finais-em-bruxelas\/"]}]},{"@type":"ImageObject","inLanguage":"pt-PT","@id":"https:\/\/portaltela.pt\/noticias\/2026\/04\/24\/sofia-araujo-e-claudia-fernandez-garantem-vagas-nas-meias-finais-em-bruxelas\/#primaryimage","url":"https:\/\/portaltela.pt\/s.01k8rhncp4jt1\/2026\/04\/img_920x518uu2026-04-24-15-00-13-2435037.jpg","contentUrl":"https:\/\/portaltela.pt\/s.01k8rhncp4jt1\/2026\/04\/img_920x518uu2026-04-24-15-00-13-2435037.jpg","width":796,"height":448,"caption":"Sofia Ara\u00fajo e Claudia Fern\u00e1ndez nas meias-finais em Bruxelas"},{"@type":"BreadcrumbList","@id":"https:\/\/portaltela.pt\/noticias\/2026\/04\/24\/sofia-araujo-e-claudia-fernandez-garantem-vagas-nas-meias-finais-em-bruxelas\/#breadcrumb","itemListElement":[{"@type":"ListItem","position":1,"name":"In\u00edcio","item":"https:\/\/portaltela.pt\/"},{"@type":"ListItem","position":2,"name":"Sofia Ara\u00fajo e Claudia Fern\u00e1ndez garantem vagas nas meias-finais em Bruxelas"}]},{"@type":"WebSite","@id":"https:\/\/portaltela.pt\/#website","url":"https:\/\/portaltela.pt\/","name":"Portal Tela Portugal","description":"","potentialAction":[{"@type":"SearchAction","target":{"@type":"EntryPoint","urlTemplate":"https:\/\/portaltela.pt\/?s={search_term_string}"},"query-input":{"@type":"PropertyValueSpecification","valueRequired":true,"valueName":"search_term_string"}}],"inLanguage":"pt-PT"},{"@type":"Person","@id":"https:\/\/portaltela.pt\/#\/schema\/person\/c4278d4a6028830caff9ee44b42d32ed","name":"Telinha","image":{"@type":"ImageObject","inLanguage":"pt-PT","@id":"https:\/\/portaltela.pt\/s.01k8rhncp4jt1\/2025\/11\/talking-bot-125x125.png","url":"https:\/\/portaltela.pt\/s.01k8rhncp4jt1\/2025\/11\/talking-bot-125x125.png","contentUrl":"https:\/\/portaltela.pt\/s.01k8rhncp4jt1\/2025\/11\/talking-bot-125x125.png","caption":"Telinha"},"sameAs":["https:\/\/portaltela.pt\/"],"url":"https:\/\/portaltela.pt\/por\/367410592786\/"}]}},"_links":{"self":[{"href":"https:\/\/portaltela.pt\/api\/wp\/v2\/posts\/457789","targetHints":{"allow":["GET"]}}],"collection":[{"href":"https:\/\/portaltela.pt\/api\/wp\/v2\/posts"}],"about":[{"href":"https:\/\/portaltela.pt\/api\/wp\/v2\/types\/post"}],"author":[{"embeddable":true,"href":"https:\/\/portaltela.pt\/api\/wp\/v2\/users\/2"}],"replies":[{"embeddable":true,"href":"https:\/\/portaltela.pt\/api\/wp\/v2\/comments?post=457789"}],"version-history":[{"count":0,"href":"https:\/\/portaltela.pt\/api\/wp\/v2\/posts\/457789\/revisions"}],"wp:featuredmedia":[{"embeddable":true,"href":"https:\/\/portaltela.pt\/api\/wp\/v2\/media\/457792"}],"wp:attachment":[{"href":"https:\/\/portaltela.pt\/api\/wp\/v2\/media?parent=457789"}],"wp:term":[{"taxonomy":"category","embeddable":true,"href":"https:\/\/portaltela.pt\/api\/wp\/v2\/categories?post=457789"},{"taxonomy":"post_tag","embeddable":true,"href":"https:\/\/portaltela.pt\/api\/wp\/v2\/tags?post=457789"}],"curies":[{"name":"wp","href":"https:\/\/api.w.org\/{rel}","templated":true}]}}