{"id":457759,"date":"2026-04-24T10:33:14","date_gmt":"2026-04-24T13:33:14","guid":{"rendered":"https:\/\/portaltela.pt\/noticias\/2026\/04\/24\/presidente-do-nantes-acusa-luis-castro-de-afundar-dois-clubes-no-mesmo-ano\/"},"modified":"2026-04-24T10:33:14","modified_gmt":"2026-04-24T13:33:14","slug":"presidente-do-nantes-acusa-luis-castro-de-afundar-dois-clubes-no-mesmo-ano","status":"publish","type":"post","link":"https:\/\/portaltela.pt\/desporto\/futebol\/2026\/04\/24\/presidente-do-nantes-acusa-luis-castro-de-afundar-dois-clubes-no-mesmo-ano\/","title":{"rendered":"Presidente do Nantes acusa Lu\u00eds Castro de afundar dois clubes no mesmo ano"},"content":{"rendered":"<p>Waldemar Kita, presidente do Nantes, criticou fortemente Lu\u00eds Castro numa entrevista \u00e0 Eurosport de Fran\u00e7a. O dirigente afirmou que devia ter despedido o treinador logo no in\u00edcio da temporada e que Castro n\u00e3o tinha experi\u00eancia suficiente para orientar uma equipa da Ligue 1.<\/p>\n<p>Kita assegura ter dito v\u00e1rias vezes que Castro n\u00e3o seria a solu\u00e7\u00e3o e critica a derrota de aposta. O presidente alega que o t\u00e9cnico portugu\u00eas, vindo do USL Dunkerque (Ligue 2), pode conduzir dois clubes \u00e0 despromo\u00e7\u00e3o no mesmo ano.<\/p>\n<p>Lu\u00eds Castro terminou o v\u00ednculo com o Nantes em dezembro, depois de ter sido substitu\u00eddo. Atualmente dirige o Levante, equipa que ocupa o pen\u00faltimo lugar na La Liga, enquanto o Nantes se mant\u00e9m numa posi\u00e7\u00e3o de despromo\u00e7\u00e3o na Ligue 1.<\/p>\n<h3>Situa\u00e7\u00e3o atual de Lu\u00eds Castro<\/h3>\n<p>O Levante encontra-se no pen\u00faltimo lugar da La Liga, com v\u00e1rias derrotas recentes a influenciar o discurso p\u00fablico sobre a persist\u00eancia do t\u00e9cnico. O Nantes, por seu turno, continua a lutar pela manuten\u00e7\u00e3o na primeira divis\u00e3o francesa.<\/p>\n","protected":false},"excerpt":{"rendered":"<ul>\n<li>Waldemar Kita, presidente do Nantes, criticou Lu\u00eds Castro numa entrevista \u00e0 Eurosport de Fran\u00e7a, dizendo que devia ter sido despedido no in\u00edcio da temporada.<\/li>\n<li>Afirmou que o treinador portugu\u00eas vai fazer descer dois clubes no mesmo ano, referindo-se a Nantes e Levante.<\/li>\n<li>Questionou como Castro conseguiu outro clube em 24 horas, sugerindo que houve um golpe na sa\u00edda de Nantes em dezembro.<\/li>\n<li>Castro \u00e9, atualmente, treinador do Levante, que ocupa o pen\u00faltimo lugar da La Liga, e o Nantes est\u00e1 em posi\u00e7\u00e3o de despromo\u00e7\u00e3o na Ligue 1.<\/li>\n<li>O caso envolve a sa\u00edda de Castro de Nantes a 11 de dezembro e a contrata\u00e7\u00e3o pelo Levante no dia 20 de dezembro.<\/li>\n<\/ul>\n","protected":false},"author":2,"featured_media":457769,"comment_status":"closed","ping_status":"closed","sticky":false,"template":"","format":"standard","meta":{"footnotes":""},"categories":[21,24],"tags":[8071,7755,7907,9161,9075,6793],"class_list":["post-457759","post","type-post","status-publish","format-standard","has-post-thumbnail","hentry","category-desporto","category-futebol","tag-_despromocao","tag-_futebol","tag-_futebol-internacional","tag-_la-liga","tag-_ligue","tag-luis-castro"],"yoast_head":"<!-- This site is optimized with the Yoast SEO plugin v27.2 - https:\/\/yoast.com\/product\/yoast-seo-wordpress\/ -->\n<title>Presidente do Nantes acusa Lu\u00eds Castro de afundar dois clubes no mesmo ano - Portal Tela Portugal<\/title>\n<meta name=\"robots\" content=\"index, follow, max-snippet:-1, max-image-preview:large, max-video-preview:-1\" \/>\n<meta property=\"og:locale\" content=\"pt_PT\" \/>\n<meta property=\"og:type\" content=\"article\" \/>\n<meta property=\"og:title\" content=\"Presidente do Nantes acusa Lu\u00eds Castro de afundar dois clubes no mesmo ano - Portal Tela Portugal\" \/>\n<meta property=\"og:description\" content=\"Waldemar Kita, presidente do Nantes, criticou Lu\u00eds Castro numa entrevista \u00e0 Eurosport de Fran\u00e7a, dizendo que devia ter sido despedido no in\u00edcio da temporada. Afirmou que o treinador portugu\u00eas vai fazer descer dois clubes no mesmo ano, referindo-se a Nantes e Levante. Questionou como Castro conseguiu outro clube em 24 horas, sugerindo que houve um golpe na sa\u00edda de Nantes em dezembro. Castro \u00e9, atualmente, treinador do Levante, que ocupa o pen\u00faltimo lugar da La Liga, e o Nantes est\u00e1 em posi\u00e7\u00e3o de despromo\u00e7\u00e3o na Ligue 1. O caso envolve a sa\u00edda de Castro de Nantes a 11 de dezembro e a contrata\u00e7\u00e3o pelo Levante no dia 20 de dezembro.\" \/>\n<meta property=\"og:url\" content=\"https:\/\/portaltela.pt\/noticias\/2026\/04\/24\/presidente-do-nantes-acusa-luis-castro-de-afundar-dois-clubes-no-mesmo-ano\/\" \/>\n<meta property=\"og:site_name\" content=\"Portal Tela Portugal\" \/>\n<meta property=\"article:published_time\" content=\"2026-04-24T13:33:14+00:00\" \/>\n<meta name=\"author\" content=\"Telinha\" \/>\n<meta name=\"twitter:card\" content=\"summary_large_image\" \/>\n<meta name=\"twitter:label1\" content=\"Escrito por\" \/>\n\t<meta name=\"twitter:data1\" content=\"Telinha\" \/>\n\t<meta name=\"twitter:label2\" content=\"Tempo estimado de leitura\" \/>\n\t<meta name=\"twitter:data2\" content=\"1 minuto\" \/>\n<script type=\"application\/ld+json\" class=\"yoast-schema-graph\">{\"@context\":\"https:\/\/schema.org\",\"@graph\":[{\"@type\":\"Article\",\"@id\":\"https:\/\/portaltela.pt\/noticias\/2026\/04\/24\/presidente-do-nantes-acusa-luis-castro-de-afundar-dois-clubes-no-mesmo-ano\/#article\",\"isPartOf\":{\"@id\":\"https:\/\/portaltela.pt\/noticias\/2026\/04\/24\/presidente-do-nantes-acusa-luis-castro-de-afundar-dois-clubes-no-mesmo-ano\/\"},\"author\":{\"name\":\"Telinha\",\"@id\":\"https:\/\/portaltela.pt\/#\/schema\/person\/c4278d4a6028830caff9ee44b42d32ed\"},\"headline\":\"Presidente do Nantes acusa Lu\u00eds Castro de afundar dois clubes no mesmo ano\",\"datePublished\":\"2026-04-24T13:33:14+00:00\",\"mainEntityOfPage\":{\"@id\":\"https:\/\/portaltela.pt\/noticias\/2026\/04\/24\/presidente-do-nantes-acusa-luis-castro-de-afundar-dois-clubes-no-mesmo-ano\/\"},\"wordCount\":201,\"image\":{\"@id\":\"https:\/\/portaltela.pt\/noticias\/2026\/04\/24\/presidente-do-nantes-acusa-luis-castro-de-afundar-dois-clubes-no-mesmo-ano\/#primaryimage\"},\"thumbnailUrl\":\"https:\/\/portaltela.pt\/s.01k8rhncp4jt1\/2026\/04\/img_920x518uu2026-04-24-14-23-15-2435033.jpg\",\"keywords\":[\"_despromo\u00e7\u00e3o\",\"_futebol\",\"_futebol internacional\",\"_La Liga\",\"_Ligue\",\"Lu\u00eds Castro\"],\"articleSection\":[\"Desporto\",\"Futebol\"],\"inLanguage\":\"pt-PT\"},{\"@type\":\"WebPage\",\"@id\":\"https:\/\/portaltela.pt\/noticias\/2026\/04\/24\/presidente-do-nantes-acusa-luis-castro-de-afundar-dois-clubes-no-mesmo-ano\/\",\"url\":\"https:\/\/portaltela.pt\/noticias\/2026\/04\/24\/presidente-do-nantes-acusa-luis-castro-de-afundar-dois-clubes-no-mesmo-ano\/\",\"name\":\"Presidente do Nantes acusa Lu\u00eds Castro de afundar dois clubes no mesmo ano - Portal Tela Portugal\",\"isPartOf\":{\"@id\":\"https:\/\/portaltela.pt\/#website\"},\"primaryImageOfPage\":{\"@id\":\"https:\/\/portaltela.pt\/noticias\/2026\/04\/24\/presidente-do-nantes-acusa-luis-castro-de-afundar-dois-clubes-no-mesmo-ano\/#primaryimage\"},\"image\":{\"@id\":\"https:\/\/portaltela.pt\/noticias\/2026\/04\/24\/presidente-do-nantes-acusa-luis-castro-de-afundar-dois-clubes-no-mesmo-ano\/#primaryimage\"},\"thumbnailUrl\":\"https:\/\/portaltela.pt\/s.01k8rhncp4jt1\/2026\/04\/img_920x518uu2026-04-24-14-23-15-2435033.jpg\",\"datePublished\":\"2026-04-24T13:33:14+00:00\",\"author\":{\"@id\":\"https:\/\/portaltela.pt\/#\/schema\/person\/c4278d4a6028830caff9ee44b42d32ed\"},\"breadcrumb\":{\"@id\":\"https:\/\/portaltela.pt\/noticias\/2026\/04\/24\/presidente-do-nantes-acusa-luis-castro-de-afundar-dois-clubes-no-mesmo-ano\/#breadcrumb\"},\"inLanguage\":\"pt-PT\",\"potentialAction\":[{\"@type\":\"ReadAction\",\"target\":[\"https:\/\/portaltela.pt\/noticias\/2026\/04\/24\/presidente-do-nantes-acusa-luis-castro-de-afundar-dois-clubes-no-mesmo-ano\/\"]}]},{\"@type\":\"ImageObject\",\"inLanguage\":\"pt-PT\",\"@id\":\"https:\/\/portaltela.pt\/noticias\/2026\/04\/24\/presidente-do-nantes-acusa-luis-castro-de-afundar-dois-clubes-no-mesmo-ano\/#primaryimage\",\"url\":\"https:\/\/portaltela.pt\/s.01k8rhncp4jt1\/2026\/04\/img_920x518uu2026-04-24-14-23-15-2435033.jpg\",\"contentUrl\":\"https:\/\/portaltela.pt\/s.01k8rhncp4jt1\/2026\/04\/img_920x518uu2026-04-24-14-23-15-2435033.jpg\",\"width\":796,\"height\":448,\"caption\":\"Lu\u00eds Castro\"},{\"@type\":\"BreadcrumbList\",\"@id\":\"https:\/\/portaltela.pt\/noticias\/2026\/04\/24\/presidente-do-nantes-acusa-luis-castro-de-afundar-dois-clubes-no-mesmo-ano\/#breadcrumb\",\"itemListElement\":[{\"@type\":\"ListItem\",\"position\":1,\"name\":\"In\u00edcio\",\"item\":\"https:\/\/portaltela.pt\/\"},{\"@type\":\"ListItem\",\"position\":2,\"name\":\"Presidente do Nantes acusa Lu\u00eds Castro de afundar dois clubes no mesmo ano\"}]},{\"@type\":\"WebSite\",\"@id\":\"https:\/\/portaltela.pt\/#website\",\"url\":\"https:\/\/portaltela.pt\/\",\"name\":\"Portal Tela Portugal\",\"description\":\"\",\"potentialAction\":[{\"@type\":\"SearchAction\",\"target\":{\"@type\":\"EntryPoint\",\"urlTemplate\":\"https:\/\/portaltela.pt\/?s={search_term_string}\"},\"query-input\":{\"@type\":\"PropertyValueSpecification\",\"valueRequired\":true,\"valueName\":\"search_term_string\"}}],\"inLanguage\":\"pt-PT\"},{\"@type\":\"Person\",\"@id\":\"https:\/\/portaltela.pt\/#\/schema\/person\/c4278d4a6028830caff9ee44b42d32ed\",\"name\":\"Telinha\",\"image\":{\"@type\":\"ImageObject\",\"inLanguage\":\"pt-PT\",\"@id\":\"https:\/\/portaltela.pt\/s.01k8rhncp4jt1\/2025\/11\/talking-bot-125x125.png\",\"url\":\"https:\/\/portaltela.pt\/s.01k8rhncp4jt1\/2025\/11\/talking-bot-125x125.png\",\"contentUrl\":\"https:\/\/portaltela.pt\/s.01k8rhncp4jt1\/2025\/11\/talking-bot-125x125.png\",\"caption\":\"Telinha\"},\"sameAs\":[\"https:\/\/portaltela.pt\/\"],\"url\":\"https:\/\/portaltela.pt\/por\/367410592786\/\"}]}<\/script>\n<!-- \/ Yoast SEO plugin. -->","yoast_head_json":{"title":"Presidente do Nantes acusa Lu\u00eds Castro de afundar dois clubes no mesmo ano - Portal Tela Portugal","robots":{"index":"index","follow":"follow","max-snippet":"max-snippet:-1","max-image-preview":"max-image-preview:large","max-video-preview":"max-video-preview:-1"},"og_locale":"pt_PT","og_type":"article","og_title":"Presidente do Nantes acusa Lu\u00eds Castro de afundar dois clubes no mesmo ano - Portal Tela Portugal","og_description":"Waldemar Kita, presidente do Nantes, criticou Lu\u00eds Castro numa entrevista \u00e0 Eurosport de Fran\u00e7a, dizendo que devia ter sido despedido no in\u00edcio da temporada. Afirmou que o treinador portugu\u00eas vai fazer descer dois clubes no mesmo ano, referindo-se a Nantes e Levante. Questionou como Castro conseguiu outro clube em 24 horas, sugerindo que houve um golpe na sa\u00edda de Nantes em dezembro. Castro \u00e9, atualmente, treinador do Levante, que ocupa o pen\u00faltimo lugar da La Liga, e o Nantes est\u00e1 em posi\u00e7\u00e3o de despromo\u00e7\u00e3o na Ligue 1. O caso envolve a sa\u00edda de Castro de Nantes a 11 de dezembro e a contrata\u00e7\u00e3o pelo Levante no dia 20 de dezembro.","og_url":"https:\/\/portaltela.pt\/noticias\/2026\/04\/24\/presidente-do-nantes-acusa-luis-castro-de-afundar-dois-clubes-no-mesmo-ano\/","og_site_name":"Portal Tela Portugal","article_published_time":"2026-04-24T13:33:14+00:00","author":"Telinha","twitter_card":"summary_large_image","twitter_misc":{"Escrito por":"Telinha","Tempo estimado de leitura":"1 minuto"},"schema":{"@context":"https:\/\/schema.org","@graph":[{"@type":"Article","@id":"https:\/\/portaltela.pt\/noticias\/2026\/04\/24\/presidente-do-nantes-acusa-luis-castro-de-afundar-dois-clubes-no-mesmo-ano\/#article","isPartOf":{"@id":"https:\/\/portaltela.pt\/noticias\/2026\/04\/24\/presidente-do-nantes-acusa-luis-castro-de-afundar-dois-clubes-no-mesmo-ano\/"},"author":{"name":"Telinha","@id":"https:\/\/portaltela.pt\/#\/schema\/person\/c4278d4a6028830caff9ee44b42d32ed"},"headline":"Presidente do Nantes acusa Lu\u00eds Castro de afundar dois clubes no mesmo ano","datePublished":"2026-04-24T13:33:14+00:00","mainEntityOfPage":{"@id":"https:\/\/portaltela.pt\/noticias\/2026\/04\/24\/presidente-do-nantes-acusa-luis-castro-de-afundar-dois-clubes-no-mesmo-ano\/"},"wordCount":201,"image":{"@id":"https:\/\/portaltela.pt\/noticias\/2026\/04\/24\/presidente-do-nantes-acusa-luis-castro-de-afundar-dois-clubes-no-mesmo-ano\/#primaryimage"},"thumbnailUrl":"https:\/\/portaltela.pt\/s.01k8rhncp4jt1\/2026\/04\/img_920x518uu2026-04-24-14-23-15-2435033.jpg","keywords":["_despromo\u00e7\u00e3o","_futebol","_futebol internacional","_La Liga","_Ligue","Lu\u00eds Castro"],"articleSection":["Desporto","Futebol"],"inLanguage":"pt-PT"},{"@type":"WebPage","@id":"https:\/\/portaltela.pt\/noticias\/2026\/04\/24\/presidente-do-nantes-acusa-luis-castro-de-afundar-dois-clubes-no-mesmo-ano\/","url":"https:\/\/portaltela.pt\/noticias\/2026\/04\/24\/presidente-do-nantes-acusa-luis-castro-de-afundar-dois-clubes-no-mesmo-ano\/","name":"Presidente do Nantes acusa Lu\u00eds Castro de afundar dois clubes no mesmo ano - Portal Tela Portugal","isPartOf":{"@id":"https:\/\/portaltela.pt\/#website"},"primaryImageOfPage":{"@id":"https:\/\/portaltela.pt\/noticias\/2026\/04\/24\/presidente-do-nantes-acusa-luis-castro-de-afundar-dois-clubes-no-mesmo-ano\/#primaryimage"},"image":{"@id":"https:\/\/portaltela.pt\/noticias\/2026\/04\/24\/presidente-do-nantes-acusa-luis-castro-de-afundar-dois-clubes-no-mesmo-ano\/#primaryimage"},"thumbnailUrl":"https:\/\/portaltela.pt\/s.01k8rhncp4jt1\/2026\/04\/img_920x518uu2026-04-24-14-23-15-2435033.jpg","datePublished":"2026-04-24T13:33:14+00:00","author":{"@id":"https:\/\/portaltela.pt\/#\/schema\/person\/c4278d4a6028830caff9ee44b42d32ed"},"breadcrumb":{"@id":"https:\/\/portaltela.pt\/noticias\/2026\/04\/24\/presidente-do-nantes-acusa-luis-castro-de-afundar-dois-clubes-no-mesmo-ano\/#breadcrumb"},"inLanguage":"pt-PT","potentialAction":[{"@type":"ReadAction","target":["https:\/\/portaltela.pt\/noticias\/2026\/04\/24\/presidente-do-nantes-acusa-luis-castro-de-afundar-dois-clubes-no-mesmo-ano\/"]}]},{"@type":"ImageObject","inLanguage":"pt-PT","@id":"https:\/\/portaltela.pt\/noticias\/2026\/04\/24\/presidente-do-nantes-acusa-luis-castro-de-afundar-dois-clubes-no-mesmo-ano\/#primaryimage","url":"https:\/\/portaltela.pt\/s.01k8rhncp4jt1\/2026\/04\/img_920x518uu2026-04-24-14-23-15-2435033.jpg","contentUrl":"https:\/\/portaltela.pt\/s.01k8rhncp4jt1\/2026\/04\/img_920x518uu2026-04-24-14-23-15-2435033.jpg","width":796,"height":448,"caption":"Lu\u00eds Castro"},{"@type":"BreadcrumbList","@id":"https:\/\/portaltela.pt\/noticias\/2026\/04\/24\/presidente-do-nantes-acusa-luis-castro-de-afundar-dois-clubes-no-mesmo-ano\/#breadcrumb","itemListElement":[{"@type":"ListItem","position":1,"name":"In\u00edcio","item":"https:\/\/portaltela.pt\/"},{"@type":"ListItem","position":2,"name":"Presidente do Nantes acusa Lu\u00eds Castro de afundar dois clubes no mesmo ano"}]},{"@type":"WebSite","@id":"https:\/\/portaltela.pt\/#website","url":"https:\/\/portaltela.pt\/","name":"Portal Tela Portugal","description":"","potentialAction":[{"@type":"SearchAction","target":{"@type":"EntryPoint","urlTemplate":"https:\/\/portaltela.pt\/?s={search_term_string}"},"query-input":{"@type":"PropertyValueSpecification","valueRequired":true,"valueName":"search_term_string"}}],"inLanguage":"pt-PT"},{"@type":"Person","@id":"https:\/\/portaltela.pt\/#\/schema\/person\/c4278d4a6028830caff9ee44b42d32ed","name":"Telinha","image":{"@type":"ImageObject","inLanguage":"pt-PT","@id":"https:\/\/portaltela.pt\/s.01k8rhncp4jt1\/2025\/11\/talking-bot-125x125.png","url":"https:\/\/portaltela.pt\/s.01k8rhncp4jt1\/2025\/11\/talking-bot-125x125.png","contentUrl":"https:\/\/portaltela.pt\/s.01k8rhncp4jt1\/2025\/11\/talking-bot-125x125.png","caption":"Telinha"},"sameAs":["https:\/\/portaltela.pt\/"],"url":"https:\/\/portaltela.pt\/por\/367410592786\/"}]}},"_links":{"self":[{"href":"https:\/\/portaltela.pt\/api\/wp\/v2\/posts\/457759","targetHints":{"allow":["GET"]}}],"collection":[{"href":"https:\/\/portaltela.pt\/api\/wp\/v2\/posts"}],"about":[{"href":"https:\/\/portaltela.pt\/api\/wp\/v2\/types\/post"}],"author":[{"embeddable":true,"href":"https:\/\/portaltela.pt\/api\/wp\/v2\/users\/2"}],"replies":[{"embeddable":true,"href":"https:\/\/portaltela.pt\/api\/wp\/v2\/comments?post=457759"}],"version-history":[{"count":0,"href":"https:\/\/portaltela.pt\/api\/wp\/v2\/posts\/457759\/revisions"}],"wp:featuredmedia":[{"embeddable":true,"href":"https:\/\/portaltela.pt\/api\/wp\/v2\/media\/457769"}],"wp:attachment":[{"href":"https:\/\/portaltela.pt\/api\/wp\/v2\/media?parent=457759"}],"wp:term":[{"taxonomy":"category","embeddable":true,"href":"https:\/\/portaltela.pt\/api\/wp\/v2\/categories?post=457759"},{"taxonomy":"post_tag","embeddable":true,"href":"https:\/\/portaltela.pt\/api\/wp\/v2\/tags?post=457759"}],"curies":[{"name":"wp","href":"https:\/\/api.w.org\/{rel}","templated":true}]}}