{"id":457743,"date":"2026-04-24T10:33:00","date_gmt":"2026-04-24T13:33:00","guid":{"rendered":"https:\/\/portaltela.pt\/noticias\/2026\/04\/24\/brisa-diz-que-crise-dos-combustiveis-ainda-nao-se-nota-nas-autoestradas\/"},"modified":"2026-04-24T10:33:00","modified_gmt":"2026-04-24T13:33:00","slug":"brisa-diz-que-crise-dos-combustiveis-ainda-nao-se-nota-nas-autoestradas","status":"publish","type":"post","link":"https:\/\/portaltela.pt\/noticias\/economia\/2026\/04\/24\/brisa-diz-que-crise-dos-combustiveis-ainda-nao-se-nota-nas-autoestradas\/","title":{"rendered":"Brisa diz que crise dos combust\u00edveis ainda n\u00e3o se nota nas autoestradas"},"content":{"rendered":"<p>A Brisa afirmou n\u00e3o ter sentido, at\u00e9 ao momento, o impacto da crise dos combust\u00edveis na circula\u00e7\u00e3o nas suas autoestradas. A declara\u00e7\u00e3o foi feita esta sexta-feira pelo presidente executivo durante a cerim\u00f3nia de celebra\u00e7\u00e3o dos 35 anos da Via Verde, em Cascais.<\/p>\n<p>O respons\u00e1vel explicou que, neste momento, o principal fator que afeta a mobilidade dos portugueses \u00e9 o clima, em especial as tempestades que atingiram o pa\u00eds nos \u00faltimos meses.<\/p>\n<p>Questionado sobre efeitos nos resultados anuais do grupo e da Via Verde, o presidente da Comiss\u00e3o Executiva reiterou que n\u00e3o h\u00e1, ainda, impacto significativo na circula\u00e7\u00e3o, destacando que as intemp\u00e9ries de janeiro e fevereiro reduziram a mobilidade durante esse per\u00edodo.<\/p>\n<p>A Brisa opera em Portugal e em mais de 15 pa\u00edses, apresentando uma posi\u00e7\u00e3o de lideran\u00e7a no setor de concess\u00f5es rodovi\u00e1rias e de mobilidade, com a Via Verde como principal solu\u00e7\u00e3o de pagamento autom\u00e1tico.<\/p>\n","protected":false},"excerpt":{"rendered":"<ul>\n<li>A Brisa disse que ainda n\u00e3o sente o impacto da crise dos combust\u00edveis na circula\u00e7\u00e3o das autoestradas em Portugal.<\/li>\n<li>O presidente executivo, Ant\u00f3nio Pires de Lima, fez as declara\u00e7\u00f5es \u00e0 margem das celebra\u00e7\u00f5es dos 35 anos da Via Verde, na sede do grupo, em Cascais.<\/li>\n<li>afirmou que o que mais afeta a mobilidade \u00e9 o clima, referindo-se \u00e0s tempestades que assolaram o Pa\u00eds em janeiro e fevereiro.<\/li>\n<li>A Brisa tem concess\u00e3o de autoestradas em Portugal e atividade em mais de quinze pa\u00edses.<\/li>\n<li>Questionado sobre os resultados anuais, o presidente reiterou que o clima, e n\u00e3o a crise energ\u00e9tica, tem maior influ\u00eancia na circula\u00e7\u00e3o, ainda que as tempestades tenham tido impacto nesses meses.<\/li>\n<\/ul>\n","protected":false},"author":2,"featured_media":457757,"comment_status":"closed","ping_status":"closed","sticky":false,"template":"","format":"standard","meta":{"footnotes":""},"categories":[2,6735],"tags":[9148,8020,1111,1014,192,6008],"class_list":["post-457743","post","type-post","status-publish","format-standard","has-post-thumbnail","hentry","category-economia","category-negocios","tag-_autoestradas","tag-_mobilidade","tag-cascais","tag-portugal","tag-transporte","tag-via-verde"],"yoast_head":"<!-- This site is optimized with the Yoast SEO plugin v27.2 - https:\/\/yoast.com\/product\/yoast-seo-wordpress\/ -->\n<title>Brisa diz que crise dos combust\u00edveis ainda n\u00e3o se nota nas autoestradas - Portal Tela Portugal<\/title>\n<meta name=\"robots\" content=\"index, follow, max-snippet:-1, max-image-preview:large, max-video-preview:-1\" \/>\n<meta property=\"og:locale\" content=\"pt_PT\" \/>\n<meta property=\"og:type\" content=\"article\" \/>\n<meta property=\"og:title\" content=\"Brisa diz que crise dos combust\u00edveis ainda n\u00e3o se nota nas autoestradas - Portal Tela Portugal\" \/>\n<meta property=\"og:description\" content=\"A Brisa disse que ainda n\u00e3o sente o impacto da crise dos combust\u00edveis na circula\u00e7\u00e3o das autoestradas em Portugal. O presidente executivo, Ant\u00f3nio Pires de Lima, fez as declara\u00e7\u00f5es \u00e0 margem das celebra\u00e7\u00f5es dos 35 anos da Via Verde, na sede do grupo, em Cascais. afirmou que o que mais afeta a mobilidade \u00e9 o clima, referindo-se \u00e0s tempestades que assolaram o Pa\u00eds em janeiro e fevereiro. A Brisa tem concess\u00e3o de autoestradas em Portugal e atividade em mais de quinze pa\u00edses. Questionado sobre os resultados anuais, o presidente reiterou que o clima, e n\u00e3o a crise energ\u00e9tica, tem maior influ\u00eancia na circula\u00e7\u00e3o, ainda que as tempestades tenham tido impacto nesses meses.\" \/>\n<meta property=\"og:url\" content=\"https:\/\/portaltela.pt\/noticias\/2026\/04\/24\/brisa-diz-que-crise-dos-combustiveis-ainda-nao-se-nota-nas-autoestradas\/\" \/>\n<meta property=\"og:site_name\" content=\"Portal Tela Portugal\" \/>\n<meta property=\"article:published_time\" content=\"2026-04-24T13:33:00+00:00\" \/>\n<meta name=\"author\" content=\"Telinha\" \/>\n<meta name=\"twitter:card\" content=\"summary_large_image\" \/>\n<meta name=\"twitter:label1\" content=\"Escrito por\" \/>\n\t<meta name=\"twitter:data1\" content=\"Telinha\" \/>\n\t<meta name=\"twitter:label2\" content=\"Tempo estimado de leitura\" \/>\n\t<meta name=\"twitter:data2\" content=\"1 minuto\" \/>\n<script type=\"application\/ld+json\" class=\"yoast-schema-graph\">{\"@context\":\"https:\/\/schema.org\",\"@graph\":[{\"@type\":\"Article\",\"@id\":\"https:\/\/portaltela.pt\/noticias\/2026\/04\/24\/brisa-diz-que-crise-dos-combustiveis-ainda-nao-se-nota-nas-autoestradas\/#article\",\"isPartOf\":{\"@id\":\"https:\/\/portaltela.pt\/noticias\/2026\/04\/24\/brisa-diz-que-crise-dos-combustiveis-ainda-nao-se-nota-nas-autoestradas\/\"},\"author\":{\"name\":\"Telinha\",\"@id\":\"https:\/\/portaltela.pt\/#\/schema\/person\/c4278d4a6028830caff9ee44b42d32ed\"},\"headline\":\"Brisa diz que crise dos combust\u00edveis ainda n\u00e3o se nota nas autoestradas\",\"datePublished\":\"2026-04-24T13:33:00+00:00\",\"mainEntityOfPage\":{\"@id\":\"https:\/\/portaltela.pt\/noticias\/2026\/04\/24\/brisa-diz-que-crise-dos-combustiveis-ainda-nao-se-nota-nas-autoestradas\/\"},\"wordCount\":176,\"image\":{\"@id\":\"https:\/\/portaltela.pt\/noticias\/2026\/04\/24\/brisa-diz-que-crise-dos-combustiveis-ainda-nao-se-nota-nas-autoestradas\/#primaryimage\"},\"thumbnailUrl\":\"https:\/\/portaltela.pt\/s.01k8rhncp4jt1\/2026\/04\/img_1500x1000uu2013-08-28-22-42-00-116085.jpg\",\"keywords\":[\"_autoestradas\",\"_mobilidade\",\"Cascais\",\"Portugal\",\"transporte\",\"Via Verde\"],\"articleSection\":[\"Economia\",\"Neg\u00f3cios\"],\"inLanguage\":\"pt-PT\"},{\"@type\":\"WebPage\",\"@id\":\"https:\/\/portaltela.pt\/noticias\/2026\/04\/24\/brisa-diz-que-crise-dos-combustiveis-ainda-nao-se-nota-nas-autoestradas\/\",\"url\":\"https:\/\/portaltela.pt\/noticias\/2026\/04\/24\/brisa-diz-que-crise-dos-combustiveis-ainda-nao-se-nota-nas-autoestradas\/\",\"name\":\"Brisa diz que crise dos combust\u00edveis ainda n\u00e3o se nota nas autoestradas - Portal Tela Portugal\",\"isPartOf\":{\"@id\":\"https:\/\/portaltela.pt\/#website\"},\"primaryImageOfPage\":{\"@id\":\"https:\/\/portaltela.pt\/noticias\/2026\/04\/24\/brisa-diz-que-crise-dos-combustiveis-ainda-nao-se-nota-nas-autoestradas\/#primaryimage\"},\"image\":{\"@id\":\"https:\/\/portaltela.pt\/noticias\/2026\/04\/24\/brisa-diz-que-crise-dos-combustiveis-ainda-nao-se-nota-nas-autoestradas\/#primaryimage\"},\"thumbnailUrl\":\"https:\/\/portaltela.pt\/s.01k8rhncp4jt1\/2026\/04\/img_1500x1000uu2013-08-28-22-42-00-116085.jpg\",\"datePublished\":\"2026-04-24T13:33:00+00:00\",\"author\":{\"@id\":\"https:\/\/portaltela.pt\/#\/schema\/person\/c4278d4a6028830caff9ee44b42d32ed\"},\"breadcrumb\":{\"@id\":\"https:\/\/portaltela.pt\/noticias\/2026\/04\/24\/brisa-diz-que-crise-dos-combustiveis-ainda-nao-se-nota-nas-autoestradas\/#breadcrumb\"},\"inLanguage\":\"pt-PT\",\"potentialAction\":[{\"@type\":\"ReadAction\",\"target\":[\"https:\/\/portaltela.pt\/noticias\/2026\/04\/24\/brisa-diz-que-crise-dos-combustiveis-ainda-nao-se-nota-nas-autoestradas\/\"]}]},{\"@type\":\"ImageObject\",\"inLanguage\":\"pt-PT\",\"@id\":\"https:\/\/portaltela.pt\/noticias\/2026\/04\/24\/brisa-diz-que-crise-dos-combustiveis-ainda-nao-se-nota-nas-autoestradas\/#primaryimage\",\"url\":\"https:\/\/portaltela.pt\/s.01k8rhncp4jt1\/2026\/04\/img_1500x1000uu2013-08-28-22-42-00-116085.jpg\",\"contentUrl\":\"https:\/\/portaltela.pt\/s.01k8rhncp4jt1\/2026\/04\/img_1500x1000uu2013-08-28-22-42-00-116085.jpg\",\"width\":796,\"height\":448,\"caption\":\"Brisa, autoestradas, tr\u00e2nsito\"},{\"@type\":\"BreadcrumbList\",\"@id\":\"https:\/\/portaltela.pt\/noticias\/2026\/04\/24\/brisa-diz-que-crise-dos-combustiveis-ainda-nao-se-nota-nas-autoestradas\/#breadcrumb\",\"itemListElement\":[{\"@type\":\"ListItem\",\"position\":1,\"name\":\"In\u00edcio\",\"item\":\"https:\/\/portaltela.pt\/\"},{\"@type\":\"ListItem\",\"position\":2,\"name\":\"Brisa diz que crise dos combust\u00edveis ainda n\u00e3o se nota nas autoestradas\"}]},{\"@type\":\"WebSite\",\"@id\":\"https:\/\/portaltela.pt\/#website\",\"url\":\"https:\/\/portaltela.pt\/\",\"name\":\"Portal Tela Portugal\",\"description\":\"\",\"potentialAction\":[{\"@type\":\"SearchAction\",\"target\":{\"@type\":\"EntryPoint\",\"urlTemplate\":\"https:\/\/portaltela.pt\/?s={search_term_string}\"},\"query-input\":{\"@type\":\"PropertyValueSpecification\",\"valueRequired\":true,\"valueName\":\"search_term_string\"}}],\"inLanguage\":\"pt-PT\"},{\"@type\":\"Person\",\"@id\":\"https:\/\/portaltela.pt\/#\/schema\/person\/c4278d4a6028830caff9ee44b42d32ed\",\"name\":\"Telinha\",\"image\":{\"@type\":\"ImageObject\",\"inLanguage\":\"pt-PT\",\"@id\":\"https:\/\/portaltela.pt\/s.01k8rhncp4jt1\/2025\/11\/talking-bot-125x125.png\",\"url\":\"https:\/\/portaltela.pt\/s.01k8rhncp4jt1\/2025\/11\/talking-bot-125x125.png\",\"contentUrl\":\"https:\/\/portaltela.pt\/s.01k8rhncp4jt1\/2025\/11\/talking-bot-125x125.png\",\"caption\":\"Telinha\"},\"sameAs\":[\"https:\/\/portaltela.pt\/\"],\"url\":\"https:\/\/portaltela.pt\/por\/367410592786\/\"}]}<\/script>\n<!-- \/ Yoast SEO plugin. -->","yoast_head_json":{"title":"Brisa diz que crise dos combust\u00edveis ainda n\u00e3o se nota nas autoestradas - Portal Tela Portugal","robots":{"index":"index","follow":"follow","max-snippet":"max-snippet:-1","max-image-preview":"max-image-preview:large","max-video-preview":"max-video-preview:-1"},"og_locale":"pt_PT","og_type":"article","og_title":"Brisa diz que crise dos combust\u00edveis ainda n\u00e3o se nota nas autoestradas - Portal Tela Portugal","og_description":"A Brisa disse que ainda n\u00e3o sente o impacto da crise dos combust\u00edveis na circula\u00e7\u00e3o das autoestradas em Portugal. O presidente executivo, Ant\u00f3nio Pires de Lima, fez as declara\u00e7\u00f5es \u00e0 margem das celebra\u00e7\u00f5es dos 35 anos da Via Verde, na sede do grupo, em Cascais. afirmou que o que mais afeta a mobilidade \u00e9 o clima, referindo-se \u00e0s tempestades que assolaram o Pa\u00eds em janeiro e fevereiro. A Brisa tem concess\u00e3o de autoestradas em Portugal e atividade em mais de quinze pa\u00edses. Questionado sobre os resultados anuais, o presidente reiterou que o clima, e n\u00e3o a crise energ\u00e9tica, tem maior influ\u00eancia na circula\u00e7\u00e3o, ainda que as tempestades tenham tido impacto nesses meses.","og_url":"https:\/\/portaltela.pt\/noticias\/2026\/04\/24\/brisa-diz-que-crise-dos-combustiveis-ainda-nao-se-nota-nas-autoestradas\/","og_site_name":"Portal Tela Portugal","article_published_time":"2026-04-24T13:33:00+00:00","author":"Telinha","twitter_card":"summary_large_image","twitter_misc":{"Escrito por":"Telinha","Tempo estimado de leitura":"1 minuto"},"schema":{"@context":"https:\/\/schema.org","@graph":[{"@type":"Article","@id":"https:\/\/portaltela.pt\/noticias\/2026\/04\/24\/brisa-diz-que-crise-dos-combustiveis-ainda-nao-se-nota-nas-autoestradas\/#article","isPartOf":{"@id":"https:\/\/portaltela.pt\/noticias\/2026\/04\/24\/brisa-diz-que-crise-dos-combustiveis-ainda-nao-se-nota-nas-autoestradas\/"},"author":{"name":"Telinha","@id":"https:\/\/portaltela.pt\/#\/schema\/person\/c4278d4a6028830caff9ee44b42d32ed"},"headline":"Brisa diz que crise dos combust\u00edveis ainda n\u00e3o se nota nas autoestradas","datePublished":"2026-04-24T13:33:00+00:00","mainEntityOfPage":{"@id":"https:\/\/portaltela.pt\/noticias\/2026\/04\/24\/brisa-diz-que-crise-dos-combustiveis-ainda-nao-se-nota-nas-autoestradas\/"},"wordCount":176,"image":{"@id":"https:\/\/portaltela.pt\/noticias\/2026\/04\/24\/brisa-diz-que-crise-dos-combustiveis-ainda-nao-se-nota-nas-autoestradas\/#primaryimage"},"thumbnailUrl":"https:\/\/portaltela.pt\/s.01k8rhncp4jt1\/2026\/04\/img_1500x1000uu2013-08-28-22-42-00-116085.jpg","keywords":["_autoestradas","_mobilidade","Cascais","Portugal","transporte","Via Verde"],"articleSection":["Economia","Neg\u00f3cios"],"inLanguage":"pt-PT"},{"@type":"WebPage","@id":"https:\/\/portaltela.pt\/noticias\/2026\/04\/24\/brisa-diz-que-crise-dos-combustiveis-ainda-nao-se-nota-nas-autoestradas\/","url":"https:\/\/portaltela.pt\/noticias\/2026\/04\/24\/brisa-diz-que-crise-dos-combustiveis-ainda-nao-se-nota-nas-autoestradas\/","name":"Brisa diz que crise dos combust\u00edveis ainda n\u00e3o se nota nas autoestradas - Portal Tela Portugal","isPartOf":{"@id":"https:\/\/portaltela.pt\/#website"},"primaryImageOfPage":{"@id":"https:\/\/portaltela.pt\/noticias\/2026\/04\/24\/brisa-diz-que-crise-dos-combustiveis-ainda-nao-se-nota-nas-autoestradas\/#primaryimage"},"image":{"@id":"https:\/\/portaltela.pt\/noticias\/2026\/04\/24\/brisa-diz-que-crise-dos-combustiveis-ainda-nao-se-nota-nas-autoestradas\/#primaryimage"},"thumbnailUrl":"https:\/\/portaltela.pt\/s.01k8rhncp4jt1\/2026\/04\/img_1500x1000uu2013-08-28-22-42-00-116085.jpg","datePublished":"2026-04-24T13:33:00+00:00","author":{"@id":"https:\/\/portaltela.pt\/#\/schema\/person\/c4278d4a6028830caff9ee44b42d32ed"},"breadcrumb":{"@id":"https:\/\/portaltela.pt\/noticias\/2026\/04\/24\/brisa-diz-que-crise-dos-combustiveis-ainda-nao-se-nota-nas-autoestradas\/#breadcrumb"},"inLanguage":"pt-PT","potentialAction":[{"@type":"ReadAction","target":["https:\/\/portaltela.pt\/noticias\/2026\/04\/24\/brisa-diz-que-crise-dos-combustiveis-ainda-nao-se-nota-nas-autoestradas\/"]}]},{"@type":"ImageObject","inLanguage":"pt-PT","@id":"https:\/\/portaltela.pt\/noticias\/2026\/04\/24\/brisa-diz-que-crise-dos-combustiveis-ainda-nao-se-nota-nas-autoestradas\/#primaryimage","url":"https:\/\/portaltela.pt\/s.01k8rhncp4jt1\/2026\/04\/img_1500x1000uu2013-08-28-22-42-00-116085.jpg","contentUrl":"https:\/\/portaltela.pt\/s.01k8rhncp4jt1\/2026\/04\/img_1500x1000uu2013-08-28-22-42-00-116085.jpg","width":796,"height":448,"caption":"Brisa, autoestradas, tr\u00e2nsito"},{"@type":"BreadcrumbList","@id":"https:\/\/portaltela.pt\/noticias\/2026\/04\/24\/brisa-diz-que-crise-dos-combustiveis-ainda-nao-se-nota-nas-autoestradas\/#breadcrumb","itemListElement":[{"@type":"ListItem","position":1,"name":"In\u00edcio","item":"https:\/\/portaltela.pt\/"},{"@type":"ListItem","position":2,"name":"Brisa diz que crise dos combust\u00edveis ainda n\u00e3o se nota nas autoestradas"}]},{"@type":"WebSite","@id":"https:\/\/portaltela.pt\/#website","url":"https:\/\/portaltela.pt\/","name":"Portal Tela Portugal","description":"","potentialAction":[{"@type":"SearchAction","target":{"@type":"EntryPoint","urlTemplate":"https:\/\/portaltela.pt\/?s={search_term_string}"},"query-input":{"@type":"PropertyValueSpecification","valueRequired":true,"valueName":"search_term_string"}}],"inLanguage":"pt-PT"},{"@type":"Person","@id":"https:\/\/portaltela.pt\/#\/schema\/person\/c4278d4a6028830caff9ee44b42d32ed","name":"Telinha","image":{"@type":"ImageObject","inLanguage":"pt-PT","@id":"https:\/\/portaltela.pt\/s.01k8rhncp4jt1\/2025\/11\/talking-bot-125x125.png","url":"https:\/\/portaltela.pt\/s.01k8rhncp4jt1\/2025\/11\/talking-bot-125x125.png","contentUrl":"https:\/\/portaltela.pt\/s.01k8rhncp4jt1\/2025\/11\/talking-bot-125x125.png","caption":"Telinha"},"sameAs":["https:\/\/portaltela.pt\/"],"url":"https:\/\/portaltela.pt\/por\/367410592786\/"}]}},"_links":{"self":[{"href":"https:\/\/portaltela.pt\/api\/wp\/v2\/posts\/457743","targetHints":{"allow":["GET"]}}],"collection":[{"href":"https:\/\/portaltela.pt\/api\/wp\/v2\/posts"}],"about":[{"href":"https:\/\/portaltela.pt\/api\/wp\/v2\/types\/post"}],"author":[{"embeddable":true,"href":"https:\/\/portaltela.pt\/api\/wp\/v2\/users\/2"}],"replies":[{"embeddable":true,"href":"https:\/\/portaltela.pt\/api\/wp\/v2\/comments?post=457743"}],"version-history":[{"count":0,"href":"https:\/\/portaltela.pt\/api\/wp\/v2\/posts\/457743\/revisions"}],"wp:featuredmedia":[{"embeddable":true,"href":"https:\/\/portaltela.pt\/api\/wp\/v2\/media\/457757"}],"wp:attachment":[{"href":"https:\/\/portaltela.pt\/api\/wp\/v2\/media?parent=457743"}],"wp:term":[{"taxonomy":"category","embeddable":true,"href":"https:\/\/portaltela.pt\/api\/wp\/v2\/categories?post=457743"},{"taxonomy":"post_tag","embeddable":true,"href":"https:\/\/portaltela.pt\/api\/wp\/v2\/tags?post=457743"}],"curies":[{"name":"wp","href":"https:\/\/api.w.org\/{rel}","templated":true}]}}