{"id":457710,"date":"2026-04-24T10:03:29","date_gmt":"2026-04-24T13:03:29","guid":{"rendered":"https:\/\/portaltela.pt\/noticias\/2026\/04\/24\/mourinho-critica-rui-costa-por-nao-receber-emblema-de-25-anos-de-socio\/"},"modified":"2026-04-24T10:03:29","modified_gmt":"2026-04-24T13:03:29","slug":"mourinho-critica-rui-costa-por-nao-receber-emblema-de-25-anos-de-socio","status":"publish","type":"post","link":"https:\/\/portaltela.pt\/desporto\/futebol\/2026\/04\/24\/mourinho-critica-rui-costa-por-nao-receber-emblema-de-25-anos-de-socio\/","title":{"rendered":"Mourinho critica Rui Costa por n\u00e3o receber emblema de 25 anos de s\u00f3cio"},"content":{"rendered":"<p>O treinador do Benfica, Jos\u00e9 Mourinho, comentou a derrota e a prepara\u00e7\u00e3o para o pr\u00f3ximo jogo contra o Moreirense, marcado para s\u00e1bado \u00e0s 18 horas no Est\u00e1dio da Luz. O t\u00e9cnico explicou que o advers\u00e1rio obrigou a uma adapta\u00e7\u00e3o de treino devido \u00e0 sua organiza\u00e7\u00e3o de jogo.<\/p>\n<p>Mourinho destacou que o Moreirense tem v\u00e1rias formas de ocupar o espa\u00e7o e exige uma defesa bem estruturada. O treinador referiu ainda que apenas Tom\u00e1s Ara\u00fajo falhou o treino, aludindo \u00e0 capacidade do advers\u00e1rio de criar problemas \u00e0 equipa.<\/p>\n<h3>Treino e sele\u00e7\u00e3o para o d\u00e9rbi<\/h3>\n<p>O t\u00e9cnico comentou a op\u00e7\u00e3o do observador Ivanovic sobre Pavlidis no d\u00e9rbi disputado em Alvalade. Sem entrar em conflitos, Mourinho descreveu Pavlidis como inteligente, capaz de ler o jogo e compreender o que \u00e9 pedido ao plantel. Disse que o jogador percebeu cedo que n\u00e3o seria titular num jogo espec\u00edfico.<\/p>\n<p>Ainda sobre o d\u00e9rbi, o treinador explicou que Pavlidis n\u00e3o seria titular num lance estrat\u00e9gico da equipa advers\u00e1ria, enquanto Ivanovic aproveitou a oportunidade contra o Sporting, com boa leitura do momento de jogo. O relato enfatizou a gest\u00e3o de op\u00e7\u00f5es durante a semana.<\/p>\n<h3>Caso pessoal com Rui Costa<\/h3>\n<p>Mourinho abordou rumores sobre estar chateado com o presidente Rui Costa. O t\u00e9cnico afirmou estar apenas descontente por n\u00e3o ter recebido o emblema de 25 anos de s\u00f3cio, alegando que houve esquecimento da sua inclus\u00e3o. Reiterou que, fora deste ponto, n\u00e3o h\u00e1 problemas entre as partes. A temporada pode ter continuidade ou terminar, com dez dias para decidir.<\/p>\n","protected":false},"excerpt":{"rendered":"<ul>\n<li>Jos\u00e9 Mourinho, treinador do Benfica, disse estar chateado com o presidente Rui Costa por n\u00e3o lhe terem dado o emblema de 25 anos de s\u00f3cio.<\/li>\n<li>Analisou o jogo com o Moreirense, que \u00e9 disputado no s\u00e1bado \u00e0s 18h, no Est\u00e1dio da Luz, destacando a complexidade da organiza\u00e7\u00e3o de jogo advers\u00e1ria.<\/li>\n<li>Sobre Pavlidis e o d\u00e9rbi, afirmou que n\u00e3o houve conversa especial: Pavlidis percebeu a estrat\u00e9gia e n\u00e3o seria titular frente ao Sporting; Ivanovic aproveitou a oportunidade em Alvalade.<\/li>\n<li>O treino foi condicionado pelo Moreirense, considerado uma equipa que obriga a defender bem; apenas Tom\u00e1s Ara\u00fajo n\u00e3o treinou.<\/li>\n<li>O t\u00e9cnico referiu ainda que, para al\u00e9m da situa\u00e7\u00e3o do emblema, \u201ctoda a gente sabe da situa\u00e7\u00e3o\u201d e que, no fim da \u00e9poca, haver\u00e1 dez dias para decidir continuar ou separar.<\/li>\n<\/ul>\n","protected":false},"author":2,"featured_media":457717,"comment_status":"closed","ping_status":"closed","sticky":false,"template":"","format":"standard","meta":{"footnotes":""},"categories":[21,24],"tags":[7902,7755,1946,5579,3310,2139],"class_list":["post-457710","post","type-post","status-publish","format-standard","has-post-thumbnail","hentry","category-desporto","category-futebol","tag-_desporto","tag-_futebol","tag-benfica","tag-moreirense","tag-mourinho","tag-rui-costa"],"yoast_head":"<!-- This site is optimized with the Yoast SEO plugin v27.2 - https:\/\/yoast.com\/product\/yoast-seo-wordpress\/ -->\n<title>Mourinho critica Rui Costa por n\u00e3o receber emblema de 25 anos de s\u00f3cio - Portal Tela Portugal<\/title>\n<meta name=\"robots\" content=\"index, follow, max-snippet:-1, max-image-preview:large, max-video-preview:-1\" \/>\n<meta property=\"og:locale\" content=\"pt_PT\" \/>\n<meta property=\"og:type\" content=\"article\" \/>\n<meta property=\"og:title\" content=\"Mourinho critica Rui Costa por n\u00e3o receber emblema de 25 anos de s\u00f3cio - Portal Tela Portugal\" \/>\n<meta property=\"og:description\" content=\"Jos\u00e9 Mourinho, treinador do Benfica, disse estar chateado com o presidente Rui Costa por n\u00e3o lhe terem dado o emblema de 25 anos de s\u00f3cio. Analisou o jogo com o Moreirense, que \u00e9 disputado no s\u00e1bado \u00e0s 18h, no Est\u00e1dio da Luz, destacando a complexidade da organiza\u00e7\u00e3o de jogo advers\u00e1ria. Sobre Pavlidis e o d\u00e9rbi, afirmou que n\u00e3o houve conversa especial: Pavlidis percebeu a estrat\u00e9gia e n\u00e3o seria titular frente ao Sporting; Ivanovic aproveitou a oportunidade em Alvalade. O treino foi condicionado pelo Moreirense, considerado uma equipa que obriga a defender bem; apenas Tom\u00e1s Ara\u00fajo n\u00e3o treinou. O t\u00e9cnico referiu ainda que, para al\u00e9m da situa\u00e7\u00e3o do emblema, \u201ctoda a gente sabe da situa\u00e7\u00e3o\u201d e que, no fim da \u00e9poca, haver\u00e1 dez dias para decidir continuar ou separar.\" \/>\n<meta property=\"og:url\" content=\"https:\/\/portaltela.pt\/noticias\/2026\/04\/24\/mourinho-critica-rui-costa-por-nao-receber-emblema-de-25-anos-de-socio\/\" \/>\n<meta property=\"og:site_name\" content=\"Portal Tela Portugal\" \/>\n<meta property=\"article:published_time\" content=\"2026-04-24T13:03:29+00:00\" \/>\n<meta name=\"author\" content=\"Telinha\" \/>\n<meta name=\"twitter:card\" content=\"summary_large_image\" \/>\n<meta name=\"twitter:label1\" content=\"Escrito por\" \/>\n\t<meta name=\"twitter:data1\" content=\"Telinha\" \/>\n\t<meta name=\"twitter:label2\" content=\"Tempo estimado de leitura\" \/>\n\t<meta name=\"twitter:data2\" content=\"1 minuto\" \/>\n<script type=\"application\/ld+json\" class=\"yoast-schema-graph\">{\"@context\":\"https:\/\/schema.org\",\"@graph\":[{\"@type\":\"Article\",\"@id\":\"https:\/\/portaltela.pt\/noticias\/2026\/04\/24\/mourinho-critica-rui-costa-por-nao-receber-emblema-de-25-anos-de-socio\/#article\",\"isPartOf\":{\"@id\":\"https:\/\/portaltela.pt\/noticias\/2026\/04\/24\/mourinho-critica-rui-costa-por-nao-receber-emblema-de-25-anos-de-socio\/\"},\"author\":{\"name\":\"Telinha\",\"@id\":\"https:\/\/portaltela.pt\/#\/schema\/person\/c4278d4a6028830caff9ee44b42d32ed\"},\"headline\":\"Mourinho critica Rui Costa por n\u00e3o receber emblema de 25 anos de s\u00f3cio\",\"datePublished\":\"2026-04-24T13:03:29+00:00\",\"mainEntityOfPage\":{\"@id\":\"https:\/\/portaltela.pt\/noticias\/2026\/04\/24\/mourinho-critica-rui-costa-por-nao-receber-emblema-de-25-anos-de-socio\/\"},\"wordCount\":287,\"image\":{\"@id\":\"https:\/\/portaltela.pt\/noticias\/2026\/04\/24\/mourinho-critica-rui-costa-por-nao-receber-emblema-de-25-anos-de-socio\/#primaryimage\"},\"thumbnailUrl\":\"https:\/\/portaltela.pt\/s.01k8rhncp4jt1\/2026\/04\/image-1491.jpg\",\"keywords\":[\"_desporto\",\"_futebol\",\"Benfica\",\"Moreirense\",\"Mourinho\",\"Rui Costa\"],\"articleSection\":[\"Desporto\",\"Futebol\"],\"inLanguage\":\"pt-PT\"},{\"@type\":\"WebPage\",\"@id\":\"https:\/\/portaltela.pt\/noticias\/2026\/04\/24\/mourinho-critica-rui-costa-por-nao-receber-emblema-de-25-anos-de-socio\/\",\"url\":\"https:\/\/portaltela.pt\/noticias\/2026\/04\/24\/mourinho-critica-rui-costa-por-nao-receber-emblema-de-25-anos-de-socio\/\",\"name\":\"Mourinho critica Rui Costa por n\u00e3o receber emblema de 25 anos de s\u00f3cio - Portal Tela Portugal\",\"isPartOf\":{\"@id\":\"https:\/\/portaltela.pt\/#website\"},\"primaryImageOfPage\":{\"@id\":\"https:\/\/portaltela.pt\/noticias\/2026\/04\/24\/mourinho-critica-rui-costa-por-nao-receber-emblema-de-25-anos-de-socio\/#primaryimage\"},\"image\":{\"@id\":\"https:\/\/portaltela.pt\/noticias\/2026\/04\/24\/mourinho-critica-rui-costa-por-nao-receber-emblema-de-25-anos-de-socio\/#primaryimage\"},\"thumbnailUrl\":\"https:\/\/portaltela.pt\/s.01k8rhncp4jt1\/2026\/04\/image-1491.jpg\",\"datePublished\":\"2026-04-24T13:03:29+00:00\",\"author\":{\"@id\":\"https:\/\/portaltela.pt\/#\/schema\/person\/c4278d4a6028830caff9ee44b42d32ed\"},\"breadcrumb\":{\"@id\":\"https:\/\/portaltela.pt\/noticias\/2026\/04\/24\/mourinho-critica-rui-costa-por-nao-receber-emblema-de-25-anos-de-socio\/#breadcrumb\"},\"inLanguage\":\"pt-PT\",\"potentialAction\":[{\"@type\":\"ReadAction\",\"target\":[\"https:\/\/portaltela.pt\/noticias\/2026\/04\/24\/mourinho-critica-rui-costa-por-nao-receber-emblema-de-25-anos-de-socio\/\"]}]},{\"@type\":\"ImageObject\",\"inLanguage\":\"pt-PT\",\"@id\":\"https:\/\/portaltela.pt\/noticias\/2026\/04\/24\/mourinho-critica-rui-costa-por-nao-receber-emblema-de-25-anos-de-socio\/#primaryimage\",\"url\":\"https:\/\/portaltela.pt\/s.01k8rhncp4jt1\/2026\/04\/image-1491.jpg\",\"contentUrl\":\"https:\/\/portaltela.pt\/s.01k8rhncp4jt1\/2026\/04\/image-1491.jpg\",\"width\":796,\"height\":448,\"caption\":\"Jos\u00e9 Mourinho, treinador do Benfica\"},{\"@type\":\"BreadcrumbList\",\"@id\":\"https:\/\/portaltela.pt\/noticias\/2026\/04\/24\/mourinho-critica-rui-costa-por-nao-receber-emblema-de-25-anos-de-socio\/#breadcrumb\",\"itemListElement\":[{\"@type\":\"ListItem\",\"position\":1,\"name\":\"In\u00edcio\",\"item\":\"https:\/\/portaltela.pt\/\"},{\"@type\":\"ListItem\",\"position\":2,\"name\":\"Mourinho critica Rui Costa por n\u00e3o receber emblema de 25 anos de s\u00f3cio\"}]},{\"@type\":\"WebSite\",\"@id\":\"https:\/\/portaltela.pt\/#website\",\"url\":\"https:\/\/portaltela.pt\/\",\"name\":\"Portal Tela Portugal\",\"description\":\"\",\"potentialAction\":[{\"@type\":\"SearchAction\",\"target\":{\"@type\":\"EntryPoint\",\"urlTemplate\":\"https:\/\/portaltela.pt\/?s={search_term_string}\"},\"query-input\":{\"@type\":\"PropertyValueSpecification\",\"valueRequired\":true,\"valueName\":\"search_term_string\"}}],\"inLanguage\":\"pt-PT\"},{\"@type\":\"Person\",\"@id\":\"https:\/\/portaltela.pt\/#\/schema\/person\/c4278d4a6028830caff9ee44b42d32ed\",\"name\":\"Telinha\",\"image\":{\"@type\":\"ImageObject\",\"inLanguage\":\"pt-PT\",\"@id\":\"https:\/\/portaltela.pt\/s.01k8rhncp4jt1\/2025\/11\/talking-bot-125x125.png\",\"url\":\"https:\/\/portaltela.pt\/s.01k8rhncp4jt1\/2025\/11\/talking-bot-125x125.png\",\"contentUrl\":\"https:\/\/portaltela.pt\/s.01k8rhncp4jt1\/2025\/11\/talking-bot-125x125.png\",\"caption\":\"Telinha\"},\"sameAs\":[\"https:\/\/portaltela.pt\/\"],\"url\":\"https:\/\/portaltela.pt\/por\/367410592786\/\"}]}<\/script>\n<!-- \/ Yoast SEO plugin. -->","yoast_head_json":{"title":"Mourinho critica Rui Costa por n\u00e3o receber emblema de 25 anos de s\u00f3cio - Portal Tela Portugal","robots":{"index":"index","follow":"follow","max-snippet":"max-snippet:-1","max-image-preview":"max-image-preview:large","max-video-preview":"max-video-preview:-1"},"og_locale":"pt_PT","og_type":"article","og_title":"Mourinho critica Rui Costa por n\u00e3o receber emblema de 25 anos de s\u00f3cio - Portal Tela Portugal","og_description":"Jos\u00e9 Mourinho, treinador do Benfica, disse estar chateado com o presidente Rui Costa por n\u00e3o lhe terem dado o emblema de 25 anos de s\u00f3cio. Analisou o jogo com o Moreirense, que \u00e9 disputado no s\u00e1bado \u00e0s 18h, no Est\u00e1dio da Luz, destacando a complexidade da organiza\u00e7\u00e3o de jogo advers\u00e1ria. Sobre Pavlidis e o d\u00e9rbi, afirmou que n\u00e3o houve conversa especial: Pavlidis percebeu a estrat\u00e9gia e n\u00e3o seria titular frente ao Sporting; Ivanovic aproveitou a oportunidade em Alvalade. O treino foi condicionado pelo Moreirense, considerado uma equipa que obriga a defender bem; apenas Tom\u00e1s Ara\u00fajo n\u00e3o treinou. O t\u00e9cnico referiu ainda que, para al\u00e9m da situa\u00e7\u00e3o do emblema, \u201ctoda a gente sabe da situa\u00e7\u00e3o\u201d e que, no fim da \u00e9poca, haver\u00e1 dez dias para decidir continuar ou separar.","og_url":"https:\/\/portaltela.pt\/noticias\/2026\/04\/24\/mourinho-critica-rui-costa-por-nao-receber-emblema-de-25-anos-de-socio\/","og_site_name":"Portal Tela Portugal","article_published_time":"2026-04-24T13:03:29+00:00","author":"Telinha","twitter_card":"summary_large_image","twitter_misc":{"Escrito por":"Telinha","Tempo estimado de leitura":"1 minuto"},"schema":{"@context":"https:\/\/schema.org","@graph":[{"@type":"Article","@id":"https:\/\/portaltela.pt\/noticias\/2026\/04\/24\/mourinho-critica-rui-costa-por-nao-receber-emblema-de-25-anos-de-socio\/#article","isPartOf":{"@id":"https:\/\/portaltela.pt\/noticias\/2026\/04\/24\/mourinho-critica-rui-costa-por-nao-receber-emblema-de-25-anos-de-socio\/"},"author":{"name":"Telinha","@id":"https:\/\/portaltela.pt\/#\/schema\/person\/c4278d4a6028830caff9ee44b42d32ed"},"headline":"Mourinho critica Rui Costa por n\u00e3o receber emblema de 25 anos de s\u00f3cio","datePublished":"2026-04-24T13:03:29+00:00","mainEntityOfPage":{"@id":"https:\/\/portaltela.pt\/noticias\/2026\/04\/24\/mourinho-critica-rui-costa-por-nao-receber-emblema-de-25-anos-de-socio\/"},"wordCount":287,"image":{"@id":"https:\/\/portaltela.pt\/noticias\/2026\/04\/24\/mourinho-critica-rui-costa-por-nao-receber-emblema-de-25-anos-de-socio\/#primaryimage"},"thumbnailUrl":"https:\/\/portaltela.pt\/s.01k8rhncp4jt1\/2026\/04\/image-1491.jpg","keywords":["_desporto","_futebol","Benfica","Moreirense","Mourinho","Rui Costa"],"articleSection":["Desporto","Futebol"],"inLanguage":"pt-PT"},{"@type":"WebPage","@id":"https:\/\/portaltela.pt\/noticias\/2026\/04\/24\/mourinho-critica-rui-costa-por-nao-receber-emblema-de-25-anos-de-socio\/","url":"https:\/\/portaltela.pt\/noticias\/2026\/04\/24\/mourinho-critica-rui-costa-por-nao-receber-emblema-de-25-anos-de-socio\/","name":"Mourinho critica Rui Costa por n\u00e3o receber emblema de 25 anos de s\u00f3cio - Portal Tela Portugal","isPartOf":{"@id":"https:\/\/portaltela.pt\/#website"},"primaryImageOfPage":{"@id":"https:\/\/portaltela.pt\/noticias\/2026\/04\/24\/mourinho-critica-rui-costa-por-nao-receber-emblema-de-25-anos-de-socio\/#primaryimage"},"image":{"@id":"https:\/\/portaltela.pt\/noticias\/2026\/04\/24\/mourinho-critica-rui-costa-por-nao-receber-emblema-de-25-anos-de-socio\/#primaryimage"},"thumbnailUrl":"https:\/\/portaltela.pt\/s.01k8rhncp4jt1\/2026\/04\/image-1491.jpg","datePublished":"2026-04-24T13:03:29+00:00","author":{"@id":"https:\/\/portaltela.pt\/#\/schema\/person\/c4278d4a6028830caff9ee44b42d32ed"},"breadcrumb":{"@id":"https:\/\/portaltela.pt\/noticias\/2026\/04\/24\/mourinho-critica-rui-costa-por-nao-receber-emblema-de-25-anos-de-socio\/#breadcrumb"},"inLanguage":"pt-PT","potentialAction":[{"@type":"ReadAction","target":["https:\/\/portaltela.pt\/noticias\/2026\/04\/24\/mourinho-critica-rui-costa-por-nao-receber-emblema-de-25-anos-de-socio\/"]}]},{"@type":"ImageObject","inLanguage":"pt-PT","@id":"https:\/\/portaltela.pt\/noticias\/2026\/04\/24\/mourinho-critica-rui-costa-por-nao-receber-emblema-de-25-anos-de-socio\/#primaryimage","url":"https:\/\/portaltela.pt\/s.01k8rhncp4jt1\/2026\/04\/image-1491.jpg","contentUrl":"https:\/\/portaltela.pt\/s.01k8rhncp4jt1\/2026\/04\/image-1491.jpg","width":796,"height":448,"caption":"Jos\u00e9 Mourinho, treinador do Benfica"},{"@type":"BreadcrumbList","@id":"https:\/\/portaltela.pt\/noticias\/2026\/04\/24\/mourinho-critica-rui-costa-por-nao-receber-emblema-de-25-anos-de-socio\/#breadcrumb","itemListElement":[{"@type":"ListItem","position":1,"name":"In\u00edcio","item":"https:\/\/portaltela.pt\/"},{"@type":"ListItem","position":2,"name":"Mourinho critica Rui Costa por n\u00e3o receber emblema de 25 anos de s\u00f3cio"}]},{"@type":"WebSite","@id":"https:\/\/portaltela.pt\/#website","url":"https:\/\/portaltela.pt\/","name":"Portal Tela Portugal","description":"","potentialAction":[{"@type":"SearchAction","target":{"@type":"EntryPoint","urlTemplate":"https:\/\/portaltela.pt\/?s={search_term_string}"},"query-input":{"@type":"PropertyValueSpecification","valueRequired":true,"valueName":"search_term_string"}}],"inLanguage":"pt-PT"},{"@type":"Person","@id":"https:\/\/portaltela.pt\/#\/schema\/person\/c4278d4a6028830caff9ee44b42d32ed","name":"Telinha","image":{"@type":"ImageObject","inLanguage":"pt-PT","@id":"https:\/\/portaltela.pt\/s.01k8rhncp4jt1\/2025\/11\/talking-bot-125x125.png","url":"https:\/\/portaltela.pt\/s.01k8rhncp4jt1\/2025\/11\/talking-bot-125x125.png","contentUrl":"https:\/\/portaltela.pt\/s.01k8rhncp4jt1\/2025\/11\/talking-bot-125x125.png","caption":"Telinha"},"sameAs":["https:\/\/portaltela.pt\/"],"url":"https:\/\/portaltela.pt\/por\/367410592786\/"}]}},"_links":{"self":[{"href":"https:\/\/portaltela.pt\/api\/wp\/v2\/posts\/457710","targetHints":{"allow":["GET"]}}],"collection":[{"href":"https:\/\/portaltela.pt\/api\/wp\/v2\/posts"}],"about":[{"href":"https:\/\/portaltela.pt\/api\/wp\/v2\/types\/post"}],"author":[{"embeddable":true,"href":"https:\/\/portaltela.pt\/api\/wp\/v2\/users\/2"}],"replies":[{"embeddable":true,"href":"https:\/\/portaltela.pt\/api\/wp\/v2\/comments?post=457710"}],"version-history":[{"count":0,"href":"https:\/\/portaltela.pt\/api\/wp\/v2\/posts\/457710\/revisions"}],"wp:featuredmedia":[{"embeddable":true,"href":"https:\/\/portaltela.pt\/api\/wp\/v2\/media\/457717"}],"wp:attachment":[{"href":"https:\/\/portaltela.pt\/api\/wp\/v2\/media?parent=457710"}],"wp:term":[{"taxonomy":"category","embeddable":true,"href":"https:\/\/portaltela.pt\/api\/wp\/v2\/categories?post=457710"},{"taxonomy":"post_tag","embeddable":true,"href":"https:\/\/portaltela.pt\/api\/wp\/v2\/tags?post=457710"}],"curies":[{"name":"wp","href":"https:\/\/api.w.org\/{rel}","templated":true}]}}