{"id":457708,"date":"2026-04-24T10:03:25","date_gmt":"2026-04-24T13:03:25","guid":{"rendered":"https:\/\/portaltela.pt\/noticias\/2026\/04\/24\/mourinho-10-dias-apos-a-epoca-para-decidir-entre-continuar-ou-separar\/"},"modified":"2026-04-24T10:03:25","modified_gmt":"2026-04-24T13:03:25","slug":"mourinho-10-dias-apos-a-epoca-para-decidir-entre-continuar-ou-separar","status":"publish","type":"post","link":"https:\/\/portaltela.pt\/desporto\/futebol\/2026\/04\/24\/mourinho-10-dias-apos-a-epoca-para-decidir-entre-continuar-ou-separar\/","title":{"rendered":"Mourinho: 10 dias ap\u00f3s a \u00e9poca para decidir entre continuar ou separar"},"content":{"rendered":"<p>Jos\u00e9 Mourinho abordou o futuro do seu v\u00ednculo com o Benfica durante a confer\u00eancia de imprensa de antevis\u00e3o ao jogo contra o Moreirense, marcado para s\u00e1bado \u00e0s 18h. O treinador n\u00e3o descreveu o timing, mas afirmou que, no final da \u00e9poca, haver\u00e1 um per\u00edodo de 10 dias para decidir se continua ou parte.<\/p>\n<p>O foco do tema foi o que o est\u00e1 a chatear, indicando que a irrita\u00e7\u00e3o n\u00e3o resulta do contrato nem de quest\u00f5es salariais. Mourinho referiu uma raz\u00e3o ligada a uma rela\u00e7\u00e3o com Rui Costa, sem entrar em detalhes.<\/p>\n<p>Quem est\u00e1 envolvido s\u00e3o Mourinho, o t\u00e9cnico, Rui Costa, como figura da dire\u00e7\u00e3o, e o clube Benfica. O encontro de hoje teve lugar na prepara\u00e7\u00e3o para o duelo com o Moreirense, ap\u00f3s uma semana de declara\u00e7\u00f5es sobre o futuro.<\/p>\n<p>A mensagem central \u00e9 a de que o treinador pretende definir o pr\u00f3ximo passo ao terminar a \u00e9poca, dentro do espa\u00e7o temporal permitido, sem adiantar condi\u00e7\u00f5es ou etapas adicionais. N\u00e3o houve confirma\u00e7\u00e3o sobre novas mudan\u00e7as contratuais.<\/p>\n","protected":false},"excerpt":{"rendered":"<ul>\n<li>Jos\u00e9 Mourinho revelou que, no fim da \u00e9poca, ter\u00e1 dez dias para decidir se continua ou parte do projeto.<\/li>\n<li>O treinador do Benfica explica que a ansiedade pelo futuro n\u00e3o est\u00e1 relacionada com o contrato, mas com outros motivos que o t\u00eam chateado.<\/li>\n<li>A resposta foi dada na confer\u00eancia de imprensa de antevis\u00e3o ao jogo frente ao Moreirense, agendado para s\u00e1bado \u00e0s 18h.<\/li>\n<li>Questionado sobre o motivo de desagrado, Mourinho referiu que o motivo envolve aspetos que v\u00e3o al\u00e9m do v\u00ednculo contratual.<\/li>\n<li>O foco do dia \u00e9 preparar o encontro com o Moreirense, mantendo o tom informativo e sem revelar detalhes adicionais sobre o desbloqueio do futuro.<\/li>\n<\/ul>\n","protected":false},"author":2,"featured_media":457715,"comment_status":"closed","ping_status":"closed","sticky":false,"template":"","format":"standard","meta":{"footnotes":""},"categories":[21,24],"tags":[4143,1946,32,5579,3310,2139],"class_list":["post-457708","post","type-post","status-publish","format-standard","has-post-thumbnail","hentry","category-desporto","category-futebol","tag-1-liga","tag-benfica","tag-futebol","tag-moreirense","tag-mourinho","tag-rui-costa"],"yoast_head":"<!-- This site is optimized with the Yoast SEO plugin v27.2 - https:\/\/yoast.com\/product\/yoast-seo-wordpress\/ -->\n<title>Mourinho: 10 dias ap\u00f3s a \u00e9poca para decidir entre continuar ou separar - Portal Tela Portugal<\/title>\n<meta name=\"robots\" content=\"index, follow, max-snippet:-1, max-image-preview:large, max-video-preview:-1\" \/>\n<meta property=\"og:locale\" content=\"pt_PT\" \/>\n<meta property=\"og:type\" content=\"article\" \/>\n<meta property=\"og:title\" content=\"Mourinho: 10 dias ap\u00f3s a \u00e9poca para decidir entre continuar ou separar - Portal Tela Portugal\" \/>\n<meta property=\"og:description\" content=\"Jos\u00e9 Mourinho revelou que, no fim da \u00e9poca, ter\u00e1 dez dias para decidir se continua ou parte do projeto. O treinador do Benfica explica que a ansiedade pelo futuro n\u00e3o est\u00e1 relacionada com o contrato, mas com outros motivos que o t\u00eam chateado. A resposta foi dada na confer\u00eancia de imprensa de antevis\u00e3o ao jogo frente ao Moreirense, agendado para s\u00e1bado \u00e0s 18h. Questionado sobre o motivo de desagrado, Mourinho referiu que o motivo envolve aspetos que v\u00e3o al\u00e9m do v\u00ednculo contratual. O foco do dia \u00e9 preparar o encontro com o Moreirense, mantendo o tom informativo e sem revelar detalhes adicionais sobre o desbloqueio do futuro.\" \/>\n<meta property=\"og:url\" content=\"https:\/\/portaltela.pt\/noticias\/2026\/04\/24\/mourinho-10-dias-apos-a-epoca-para-decidir-entre-continuar-ou-separar\/\" \/>\n<meta property=\"og:site_name\" content=\"Portal Tela Portugal\" \/>\n<meta property=\"article:published_time\" content=\"2026-04-24T13:03:25+00:00\" \/>\n<meta name=\"author\" content=\"Telinha\" \/>\n<meta name=\"twitter:card\" content=\"summary_large_image\" \/>\n<meta name=\"twitter:label1\" content=\"Escrito por\" \/>\n\t<meta name=\"twitter:data1\" content=\"Telinha\" \/>\n\t<meta name=\"twitter:label2\" content=\"Tempo estimado de leitura\" \/>\n\t<meta name=\"twitter:data2\" content=\"1 minuto\" \/>\n<script type=\"application\/ld+json\" class=\"yoast-schema-graph\">{\"@context\":\"https:\/\/schema.org\",\"@graph\":[{\"@type\":\"Article\",\"@id\":\"https:\/\/portaltela.pt\/noticias\/2026\/04\/24\/mourinho-10-dias-apos-a-epoca-para-decidir-entre-continuar-ou-separar\/#article\",\"isPartOf\":{\"@id\":\"https:\/\/portaltela.pt\/noticias\/2026\/04\/24\/mourinho-10-dias-apos-a-epoca-para-decidir-entre-continuar-ou-separar\/\"},\"author\":{\"name\":\"Telinha\",\"@id\":\"https:\/\/portaltela.pt\/#\/schema\/person\/c4278d4a6028830caff9ee44b42d32ed\"},\"headline\":\"Mourinho: 10 dias ap\u00f3s a \u00e9poca para decidir entre continuar ou separar\",\"datePublished\":\"2026-04-24T13:03:25+00:00\",\"mainEntityOfPage\":{\"@id\":\"https:\/\/portaltela.pt\/noticias\/2026\/04\/24\/mourinho-10-dias-apos-a-epoca-para-decidir-entre-continuar-ou-separar\/\"},\"wordCount\":199,\"image\":{\"@id\":\"https:\/\/portaltela.pt\/noticias\/2026\/04\/24\/mourinho-10-dias-apos-a-epoca-para-decidir-entre-continuar-ou-separar\/#primaryimage\"},\"thumbnailUrl\":\"https:\/\/portaltela.pt\/s.01k8rhncp4jt1\/2026\/04\/img_1200x721uu2026-04-24-13-48-27-2435030.jpg\",\"keywords\":[\"1. Liga\",\"Benfica\",\"futebol\",\"Moreirense\",\"Mourinho\",\"Rui Costa\"],\"articleSection\":[\"Desporto\",\"Futebol\"],\"inLanguage\":\"pt-PT\"},{\"@type\":\"WebPage\",\"@id\":\"https:\/\/portaltela.pt\/noticias\/2026\/04\/24\/mourinho-10-dias-apos-a-epoca-para-decidir-entre-continuar-ou-separar\/\",\"url\":\"https:\/\/portaltela.pt\/noticias\/2026\/04\/24\/mourinho-10-dias-apos-a-epoca-para-decidir-entre-continuar-ou-separar\/\",\"name\":\"Mourinho: 10 dias ap\u00f3s a \u00e9poca para decidir entre continuar ou separar - Portal Tela Portugal\",\"isPartOf\":{\"@id\":\"https:\/\/portaltela.pt\/#website\"},\"primaryImageOfPage\":{\"@id\":\"https:\/\/portaltela.pt\/noticias\/2026\/04\/24\/mourinho-10-dias-apos-a-epoca-para-decidir-entre-continuar-ou-separar\/#primaryimage\"},\"image\":{\"@id\":\"https:\/\/portaltela.pt\/noticias\/2026\/04\/24\/mourinho-10-dias-apos-a-epoca-para-decidir-entre-continuar-ou-separar\/#primaryimage\"},\"thumbnailUrl\":\"https:\/\/portaltela.pt\/s.01k8rhncp4jt1\/2026\/04\/img_1200x721uu2026-04-24-13-48-27-2435030.jpg\",\"datePublished\":\"2026-04-24T13:03:25+00:00\",\"author\":{\"@id\":\"https:\/\/portaltela.pt\/#\/schema\/person\/c4278d4a6028830caff9ee44b42d32ed\"},\"breadcrumb\":{\"@id\":\"https:\/\/portaltela.pt\/noticias\/2026\/04\/24\/mourinho-10-dias-apos-a-epoca-para-decidir-entre-continuar-ou-separar\/#breadcrumb\"},\"inLanguage\":\"pt-PT\",\"potentialAction\":[{\"@type\":\"ReadAction\",\"target\":[\"https:\/\/portaltela.pt\/noticias\/2026\/04\/24\/mourinho-10-dias-apos-a-epoca-para-decidir-entre-continuar-ou-separar\/\"]}]},{\"@type\":\"ImageObject\",\"inLanguage\":\"pt-PT\",\"@id\":\"https:\/\/portaltela.pt\/noticias\/2026\/04\/24\/mourinho-10-dias-apos-a-epoca-para-decidir-entre-continuar-ou-separar\/#primaryimage\",\"url\":\"https:\/\/portaltela.pt\/s.01k8rhncp4jt1\/2026\/04\/img_1200x721uu2026-04-24-13-48-27-2435030.jpg\",\"contentUrl\":\"https:\/\/portaltela.pt\/s.01k8rhncp4jt1\/2026\/04\/img_1200x721uu2026-04-24-13-48-27-2435030.jpg\",\"width\":796,\"height\":448,\"caption\":\"Photo\"},{\"@type\":\"BreadcrumbList\",\"@id\":\"https:\/\/portaltela.pt\/noticias\/2026\/04\/24\/mourinho-10-dias-apos-a-epoca-para-decidir-entre-continuar-ou-separar\/#breadcrumb\",\"itemListElement\":[{\"@type\":\"ListItem\",\"position\":1,\"name\":\"In\u00edcio\",\"item\":\"https:\/\/portaltela.pt\/\"},{\"@type\":\"ListItem\",\"position\":2,\"name\":\"Mourinho: 10 dias ap\u00f3s a \u00e9poca para decidir entre continuar ou separar\"}]},{\"@type\":\"WebSite\",\"@id\":\"https:\/\/portaltela.pt\/#website\",\"url\":\"https:\/\/portaltela.pt\/\",\"name\":\"Portal Tela Portugal\",\"description\":\"\",\"potentialAction\":[{\"@type\":\"SearchAction\",\"target\":{\"@type\":\"EntryPoint\",\"urlTemplate\":\"https:\/\/portaltela.pt\/?s={search_term_string}\"},\"query-input\":{\"@type\":\"PropertyValueSpecification\",\"valueRequired\":true,\"valueName\":\"search_term_string\"}}],\"inLanguage\":\"pt-PT\"},{\"@type\":\"Person\",\"@id\":\"https:\/\/portaltela.pt\/#\/schema\/person\/c4278d4a6028830caff9ee44b42d32ed\",\"name\":\"Telinha\",\"image\":{\"@type\":\"ImageObject\",\"inLanguage\":\"pt-PT\",\"@id\":\"https:\/\/portaltela.pt\/s.01k8rhncp4jt1\/2025\/11\/talking-bot-125x125.png\",\"url\":\"https:\/\/portaltela.pt\/s.01k8rhncp4jt1\/2025\/11\/talking-bot-125x125.png\",\"contentUrl\":\"https:\/\/portaltela.pt\/s.01k8rhncp4jt1\/2025\/11\/talking-bot-125x125.png\",\"caption\":\"Telinha\"},\"sameAs\":[\"https:\/\/portaltela.pt\/\"],\"url\":\"https:\/\/portaltela.pt\/por\/367410592786\/\"}]}<\/script>\n<!-- \/ Yoast SEO plugin. -->","yoast_head_json":{"title":"Mourinho: 10 dias ap\u00f3s a \u00e9poca para decidir entre continuar ou separar - Portal Tela Portugal","robots":{"index":"index","follow":"follow","max-snippet":"max-snippet:-1","max-image-preview":"max-image-preview:large","max-video-preview":"max-video-preview:-1"},"og_locale":"pt_PT","og_type":"article","og_title":"Mourinho: 10 dias ap\u00f3s a \u00e9poca para decidir entre continuar ou separar - Portal Tela Portugal","og_description":"Jos\u00e9 Mourinho revelou que, no fim da \u00e9poca, ter\u00e1 dez dias para decidir se continua ou parte do projeto. O treinador do Benfica explica que a ansiedade pelo futuro n\u00e3o est\u00e1 relacionada com o contrato, mas com outros motivos que o t\u00eam chateado. A resposta foi dada na confer\u00eancia de imprensa de antevis\u00e3o ao jogo frente ao Moreirense, agendado para s\u00e1bado \u00e0s 18h. Questionado sobre o motivo de desagrado, Mourinho referiu que o motivo envolve aspetos que v\u00e3o al\u00e9m do v\u00ednculo contratual. O foco do dia \u00e9 preparar o encontro com o Moreirense, mantendo o tom informativo e sem revelar detalhes adicionais sobre o desbloqueio do futuro.","og_url":"https:\/\/portaltela.pt\/noticias\/2026\/04\/24\/mourinho-10-dias-apos-a-epoca-para-decidir-entre-continuar-ou-separar\/","og_site_name":"Portal Tela Portugal","article_published_time":"2026-04-24T13:03:25+00:00","author":"Telinha","twitter_card":"summary_large_image","twitter_misc":{"Escrito por":"Telinha","Tempo estimado de leitura":"1 minuto"},"schema":{"@context":"https:\/\/schema.org","@graph":[{"@type":"Article","@id":"https:\/\/portaltela.pt\/noticias\/2026\/04\/24\/mourinho-10-dias-apos-a-epoca-para-decidir-entre-continuar-ou-separar\/#article","isPartOf":{"@id":"https:\/\/portaltela.pt\/noticias\/2026\/04\/24\/mourinho-10-dias-apos-a-epoca-para-decidir-entre-continuar-ou-separar\/"},"author":{"name":"Telinha","@id":"https:\/\/portaltela.pt\/#\/schema\/person\/c4278d4a6028830caff9ee44b42d32ed"},"headline":"Mourinho: 10 dias ap\u00f3s a \u00e9poca para decidir entre continuar ou separar","datePublished":"2026-04-24T13:03:25+00:00","mainEntityOfPage":{"@id":"https:\/\/portaltela.pt\/noticias\/2026\/04\/24\/mourinho-10-dias-apos-a-epoca-para-decidir-entre-continuar-ou-separar\/"},"wordCount":199,"image":{"@id":"https:\/\/portaltela.pt\/noticias\/2026\/04\/24\/mourinho-10-dias-apos-a-epoca-para-decidir-entre-continuar-ou-separar\/#primaryimage"},"thumbnailUrl":"https:\/\/portaltela.pt\/s.01k8rhncp4jt1\/2026\/04\/img_1200x721uu2026-04-24-13-48-27-2435030.jpg","keywords":["1. Liga","Benfica","futebol","Moreirense","Mourinho","Rui Costa"],"articleSection":["Desporto","Futebol"],"inLanguage":"pt-PT"},{"@type":"WebPage","@id":"https:\/\/portaltela.pt\/noticias\/2026\/04\/24\/mourinho-10-dias-apos-a-epoca-para-decidir-entre-continuar-ou-separar\/","url":"https:\/\/portaltela.pt\/noticias\/2026\/04\/24\/mourinho-10-dias-apos-a-epoca-para-decidir-entre-continuar-ou-separar\/","name":"Mourinho: 10 dias ap\u00f3s a \u00e9poca para decidir entre continuar ou separar - Portal Tela Portugal","isPartOf":{"@id":"https:\/\/portaltela.pt\/#website"},"primaryImageOfPage":{"@id":"https:\/\/portaltela.pt\/noticias\/2026\/04\/24\/mourinho-10-dias-apos-a-epoca-para-decidir-entre-continuar-ou-separar\/#primaryimage"},"image":{"@id":"https:\/\/portaltela.pt\/noticias\/2026\/04\/24\/mourinho-10-dias-apos-a-epoca-para-decidir-entre-continuar-ou-separar\/#primaryimage"},"thumbnailUrl":"https:\/\/portaltela.pt\/s.01k8rhncp4jt1\/2026\/04\/img_1200x721uu2026-04-24-13-48-27-2435030.jpg","datePublished":"2026-04-24T13:03:25+00:00","author":{"@id":"https:\/\/portaltela.pt\/#\/schema\/person\/c4278d4a6028830caff9ee44b42d32ed"},"breadcrumb":{"@id":"https:\/\/portaltela.pt\/noticias\/2026\/04\/24\/mourinho-10-dias-apos-a-epoca-para-decidir-entre-continuar-ou-separar\/#breadcrumb"},"inLanguage":"pt-PT","potentialAction":[{"@type":"ReadAction","target":["https:\/\/portaltela.pt\/noticias\/2026\/04\/24\/mourinho-10-dias-apos-a-epoca-para-decidir-entre-continuar-ou-separar\/"]}]},{"@type":"ImageObject","inLanguage":"pt-PT","@id":"https:\/\/portaltela.pt\/noticias\/2026\/04\/24\/mourinho-10-dias-apos-a-epoca-para-decidir-entre-continuar-ou-separar\/#primaryimage","url":"https:\/\/portaltela.pt\/s.01k8rhncp4jt1\/2026\/04\/img_1200x721uu2026-04-24-13-48-27-2435030.jpg","contentUrl":"https:\/\/portaltela.pt\/s.01k8rhncp4jt1\/2026\/04\/img_1200x721uu2026-04-24-13-48-27-2435030.jpg","width":796,"height":448,"caption":"Photo"},{"@type":"BreadcrumbList","@id":"https:\/\/portaltela.pt\/noticias\/2026\/04\/24\/mourinho-10-dias-apos-a-epoca-para-decidir-entre-continuar-ou-separar\/#breadcrumb","itemListElement":[{"@type":"ListItem","position":1,"name":"In\u00edcio","item":"https:\/\/portaltela.pt\/"},{"@type":"ListItem","position":2,"name":"Mourinho: 10 dias ap\u00f3s a \u00e9poca para decidir entre continuar ou separar"}]},{"@type":"WebSite","@id":"https:\/\/portaltela.pt\/#website","url":"https:\/\/portaltela.pt\/","name":"Portal Tela Portugal","description":"","potentialAction":[{"@type":"SearchAction","target":{"@type":"EntryPoint","urlTemplate":"https:\/\/portaltela.pt\/?s={search_term_string}"},"query-input":{"@type":"PropertyValueSpecification","valueRequired":true,"valueName":"search_term_string"}}],"inLanguage":"pt-PT"},{"@type":"Person","@id":"https:\/\/portaltela.pt\/#\/schema\/person\/c4278d4a6028830caff9ee44b42d32ed","name":"Telinha","image":{"@type":"ImageObject","inLanguage":"pt-PT","@id":"https:\/\/portaltela.pt\/s.01k8rhncp4jt1\/2025\/11\/talking-bot-125x125.png","url":"https:\/\/portaltela.pt\/s.01k8rhncp4jt1\/2025\/11\/talking-bot-125x125.png","contentUrl":"https:\/\/portaltela.pt\/s.01k8rhncp4jt1\/2025\/11\/talking-bot-125x125.png","caption":"Telinha"},"sameAs":["https:\/\/portaltela.pt\/"],"url":"https:\/\/portaltela.pt\/por\/367410592786\/"}]}},"_links":{"self":[{"href":"https:\/\/portaltela.pt\/api\/wp\/v2\/posts\/457708","targetHints":{"allow":["GET"]}}],"collection":[{"href":"https:\/\/portaltela.pt\/api\/wp\/v2\/posts"}],"about":[{"href":"https:\/\/portaltela.pt\/api\/wp\/v2\/types\/post"}],"author":[{"embeddable":true,"href":"https:\/\/portaltela.pt\/api\/wp\/v2\/users\/2"}],"replies":[{"embeddable":true,"href":"https:\/\/portaltela.pt\/api\/wp\/v2\/comments?post=457708"}],"version-history":[{"count":0,"href":"https:\/\/portaltela.pt\/api\/wp\/v2\/posts\/457708\/revisions"}],"wp:featuredmedia":[{"embeddable":true,"href":"https:\/\/portaltela.pt\/api\/wp\/v2\/media\/457715"}],"wp:attachment":[{"href":"https:\/\/portaltela.pt\/api\/wp\/v2\/media?parent=457708"}],"wp:term":[{"taxonomy":"category","embeddable":true,"href":"https:\/\/portaltela.pt\/api\/wp\/v2\/categories?post=457708"},{"taxonomy":"post_tag","embeddable":true,"href":"https:\/\/portaltela.pt\/api\/wp\/v2\/tags?post=457708"}],"curies":[{"name":"wp","href":"https:\/\/api.w.org\/{rel}","templated":true}]}}