{"id":457705,"date":"2026-04-24T10:03:20","date_gmt":"2026-04-24T13:03:20","guid":{"rendered":"https:\/\/portaltela.pt\/noticias\/2026\/04\/24\/torres-vedras-reconhece-que-torreense-na-final-da-taca-promove-o-concelho\/"},"modified":"2026-04-24T10:03:20","modified_gmt":"2026-04-24T13:03:20","slug":"torres-vedras-reconhece-que-torreense-na-final-da-taca-promove-o-concelho","status":"publish","type":"post","link":"https:\/\/portaltela.pt\/desporto\/futebol\/2026\/04\/24\/torres-vedras-reconhece-que-torreense-na-final-da-taca-promove-o-concelho\/","title":{"rendered":"Torres Vedras reconhece que Torreense na final da Ta\u00e7a promove o concelho"},"content":{"rendered":"<p>A qualifica\u00e7\u00e3o do Torreense para a final da Ta\u00e7a de Portugal, ap\u00f3s eliminar o Fafe na segunda m\u00e3o das meias-finais, acontece a 2-0. O jogo ocorreu na quinta-feira, com o conjunto de Torres Vedras a vencer por dois golos sem resposta no confronto decisivo.<\/p>\n<p>A vit\u00f3ria foi garantida com golos de David Bruno aos 85 minutos e de Stopira aos 90+13, numa grande penalidade. Seguiu-se uma caminhada de v\u00e1rios anos de trabalho que culminou nesta presen\u00e7a in\u00e9dita na final da Ta\u00e7a.<\/p>\n<p>A C\u00e2mara Municipal de Torres Vedras destaca a visibilidade para a cidade e o concelho, pelo facto de o Torreense ir ao Jamor 70 anos depois enfrentar o Sporting CP. O autarca S\u00e9rgio Galv\u00e3o sublinha o impacto nacional do feito.<\/p>\n<p>Investimentos municipais contribu\u00edram para melhorar as condi\u00e7\u00f5es do est\u00e1dio e dos campos, incluindo obras de recupera\u00e7\u00e3o e relvados. O presidente da c\u00e2mara garante continuidade do apoio para assegurar condi\u00e7\u00f5es para a pr\u00e1tica desportiva no recinto.<\/p>\n<p>A final da Ta\u00e7a de Portugal est\u00e1 marcada para 24 de maio, no Est\u00e1dio Nacional, em Oeiras, frente ao atual bicampe\u00e3o nacional e detentor do trof\u00e9u. Pelas proximidades a Lisboa, o autarca acredita que os torrienses v\u00e3o encher o Jamor.<\/p>\n<h3>Contribui\u00e7\u00e3o e perspetivas para o Torreense<\/h3>\n<p>Segundo a autarquia, o projeto desportivo, resultado de investimento p\u00fablico, fortalece a pr\u00e1tica no concelho e projeta Torres Vedras a n\u00edvel nacional, com o desfecho ainda a depender da final.<\/p>\n","protected":false},"excerpt":{"rendered":"<ul>\n<li>O Torreense qualificou-se para a final da Ta\u00e7a de Portugal ao vencer o Fafe por 2-0 na segunda m\u00e3o das meias-finais, ap\u00f3s o empate 1-1 no Minho.<\/li>\n<li>Os golos foram apontados por David Bruno, aos 85 minutos, e Stopira, aos 90+13, de grande penalidade.<\/li>\n<li>A C\u00e2mara Municipal de Torres Vedras destacou que a progress\u00e3o para a final d\u00e1 visibilidade \u00e0 cidade e ao concelho, 70 anos depois de uma participa\u00e7\u00e3o no Jamor.<\/li>\n<li>O presidente da c\u00e2mara, S\u00e9rgio Galv\u00e3o, sublinhou que o projeto tem m\u00e9rito e que o munic\u00edpio investiu na recupera\u00e7\u00e3o do est\u00e1dio e em relvados e campos sint\u00e9ticos; garante apoio cont\u00ednuo ao Torreense.<\/li>\n<li>A final da Ta\u00e7a de Portugal est\u00e1 marcada para dia 24 de maio, no Est\u00e1dio Nacional, em Oeiras, frente ao Sporting Clube de Portugal, com expectativa de boa ades\u00e3o dos torrienses devido \u00e0 proximidade a Lisboa.<\/li>\n<\/ul>\n","protected":false},"author":2,"featured_media":457713,"comment_status":"closed","ping_status":"closed","sticky":false,"template":"","format":"standard","meta":{"footnotes":""},"categories":[21,24],"tags":[152,32,1014,1377,3226,1835],"class_list":["post-457705","post","type-post","status-publish","format-standard","has-post-thumbnail","hentry","category-desporto","category-futebol","tag-desporto","tag-futebol","tag-portugal","tag-taca-da-portugal","tag-torreense","tag-torres-vedras"],"yoast_head":"<!-- This site is optimized with the Yoast SEO plugin v27.2 - https:\/\/yoast.com\/product\/yoast-seo-wordpress\/ -->\n<title>Torres Vedras reconhece que Torreense na final da Ta\u00e7a promove o concelho - Portal Tela Portugal<\/title>\n<meta name=\"robots\" content=\"index, follow, max-snippet:-1, max-image-preview:large, max-video-preview:-1\" \/>\n<meta property=\"og:locale\" content=\"pt_PT\" \/>\n<meta property=\"og:type\" content=\"article\" \/>\n<meta property=\"og:title\" content=\"Torres Vedras reconhece que Torreense na final da Ta\u00e7a promove o concelho - Portal Tela Portugal\" \/>\n<meta property=\"og:description\" content=\"O Torreense qualificou-se para a final da Ta\u00e7a de Portugal ao vencer o Fafe por 2-0 na segunda m\u00e3o das meias-finais, ap\u00f3s o empate 1-1 no Minho. Os golos foram apontados por David Bruno, aos 85 minutos, e Stopira, aos 90+13, de grande penalidade. A C\u00e2mara Municipal de Torres Vedras destacou que a progress\u00e3o para a final d\u00e1 visibilidade \u00e0 cidade e ao concelho, 70 anos depois de uma participa\u00e7\u00e3o no Jamor. O presidente da c\u00e2mara, S\u00e9rgio Galv\u00e3o, sublinhou que o projeto tem m\u00e9rito e que o munic\u00edpio investiu na recupera\u00e7\u00e3o do est\u00e1dio e em relvados e campos sint\u00e9ticos; garante apoio cont\u00ednuo ao Torreense. A final da Ta\u00e7a de Portugal est\u00e1 marcada para dia 24 de maio, no Est\u00e1dio Nacional, em Oeiras, frente ao Sporting Clube de Portugal, com expectativa de boa ades\u00e3o dos torrienses devido \u00e0 proximidade a Lisboa.\" \/>\n<meta property=\"og:url\" content=\"https:\/\/portaltela.pt\/noticias\/2026\/04\/24\/torres-vedras-reconhece-que-torreense-na-final-da-taca-promove-o-concelho\/\" \/>\n<meta property=\"og:site_name\" content=\"Portal Tela Portugal\" \/>\n<meta property=\"article:published_time\" content=\"2026-04-24T13:03:20+00:00\" \/>\n<meta name=\"author\" content=\"Telinha\" \/>\n<meta name=\"twitter:card\" content=\"summary_large_image\" \/>\n<meta name=\"twitter:label1\" content=\"Escrito por\" \/>\n\t<meta name=\"twitter:data1\" content=\"Telinha\" \/>\n\t<meta name=\"twitter:label2\" content=\"Tempo estimado de leitura\" \/>\n\t<meta name=\"twitter:data2\" content=\"1 minuto\" \/>\n<script type=\"application\/ld+json\" class=\"yoast-schema-graph\">{\"@context\":\"https:\/\/schema.org\",\"@graph\":[{\"@type\":\"Article\",\"@id\":\"https:\/\/portaltela.pt\/noticias\/2026\/04\/24\/torres-vedras-reconhece-que-torreense-na-final-da-taca-promove-o-concelho\/#article\",\"isPartOf\":{\"@id\":\"https:\/\/portaltela.pt\/noticias\/2026\/04\/24\/torres-vedras-reconhece-que-torreense-na-final-da-taca-promove-o-concelho\/\"},\"author\":{\"name\":\"Telinha\",\"@id\":\"https:\/\/portaltela.pt\/#\/schema\/person\/c4278d4a6028830caff9ee44b42d32ed\"},\"headline\":\"Torres Vedras reconhece que Torreense na final da Ta\u00e7a promove o concelho\",\"datePublished\":\"2026-04-24T13:03:20+00:00\",\"mainEntityOfPage\":{\"@id\":\"https:\/\/portaltela.pt\/noticias\/2026\/04\/24\/torres-vedras-reconhece-que-torreense-na-final-da-taca-promove-o-concelho\/\"},\"wordCount\":269,\"image\":{\"@id\":\"https:\/\/portaltela.pt\/noticias\/2026\/04\/24\/torres-vedras-reconhece-que-torreense-na-final-da-taca-promove-o-concelho\/#primaryimage\"},\"thumbnailUrl\":\"https:\/\/portaltela.pt\/s.01k8rhncp4jt1\/2026\/04\/img_920x518uu2026-04-24-00-13-31-2434995.jpg\",\"keywords\":[\"desporto\",\"futebol\",\"Portugal\",\"Ta\u00e7a da Portugal\",\"Torreense\",\"Torres Vedras\"],\"articleSection\":[\"Desporto\",\"Futebol\"],\"inLanguage\":\"pt-PT\"},{\"@type\":\"WebPage\",\"@id\":\"https:\/\/portaltela.pt\/noticias\/2026\/04\/24\/torres-vedras-reconhece-que-torreense-na-final-da-taca-promove-o-concelho\/\",\"url\":\"https:\/\/portaltela.pt\/noticias\/2026\/04\/24\/torres-vedras-reconhece-que-torreense-na-final-da-taca-promove-o-concelho\/\",\"name\":\"Torres Vedras reconhece que Torreense na final da Ta\u00e7a promove o concelho - Portal Tela Portugal\",\"isPartOf\":{\"@id\":\"https:\/\/portaltela.pt\/#website\"},\"primaryImageOfPage\":{\"@id\":\"https:\/\/portaltela.pt\/noticias\/2026\/04\/24\/torres-vedras-reconhece-que-torreense-na-final-da-taca-promove-o-concelho\/#primaryimage\"},\"image\":{\"@id\":\"https:\/\/portaltela.pt\/noticias\/2026\/04\/24\/torres-vedras-reconhece-que-torreense-na-final-da-taca-promove-o-concelho\/#primaryimage\"},\"thumbnailUrl\":\"https:\/\/portaltela.pt\/s.01k8rhncp4jt1\/2026\/04\/img_920x518uu2026-04-24-00-13-31-2434995.jpg\",\"datePublished\":\"2026-04-24T13:03:20+00:00\",\"author\":{\"@id\":\"https:\/\/portaltela.pt\/#\/schema\/person\/c4278d4a6028830caff9ee44b42d32ed\"},\"breadcrumb\":{\"@id\":\"https:\/\/portaltela.pt\/noticias\/2026\/04\/24\/torres-vedras-reconhece-que-torreense-na-final-da-taca-promove-o-concelho\/#breadcrumb\"},\"inLanguage\":\"pt-PT\",\"potentialAction\":[{\"@type\":\"ReadAction\",\"target\":[\"https:\/\/portaltela.pt\/noticias\/2026\/04\/24\/torres-vedras-reconhece-que-torreense-na-final-da-taca-promove-o-concelho\/\"]}]},{\"@type\":\"ImageObject\",\"inLanguage\":\"pt-PT\",\"@id\":\"https:\/\/portaltela.pt\/noticias\/2026\/04\/24\/torres-vedras-reconhece-que-torreense-na-final-da-taca-promove-o-concelho\/#primaryimage\",\"url\":\"https:\/\/portaltela.pt\/s.01k8rhncp4jt1\/2026\/04\/img_920x518uu2026-04-24-00-13-31-2434995.jpg\",\"contentUrl\":\"https:\/\/portaltela.pt\/s.01k8rhncp4jt1\/2026\/04\/img_920x518uu2026-04-24-00-13-31-2434995.jpg\",\"width\":796,\"height\":448,\"caption\":\"Jogadores e equipa t\u00e9cnica celebram apuramento junto dos adeptos do Torreense\"},{\"@type\":\"BreadcrumbList\",\"@id\":\"https:\/\/portaltela.pt\/noticias\/2026\/04\/24\/torres-vedras-reconhece-que-torreense-na-final-da-taca-promove-o-concelho\/#breadcrumb\",\"itemListElement\":[{\"@type\":\"ListItem\",\"position\":1,\"name\":\"In\u00edcio\",\"item\":\"https:\/\/portaltela.pt\/\"},{\"@type\":\"ListItem\",\"position\":2,\"name\":\"Torres Vedras reconhece que Torreense na final da Ta\u00e7a promove o concelho\"}]},{\"@type\":\"WebSite\",\"@id\":\"https:\/\/portaltela.pt\/#website\",\"url\":\"https:\/\/portaltela.pt\/\",\"name\":\"Portal Tela Portugal\",\"description\":\"\",\"potentialAction\":[{\"@type\":\"SearchAction\",\"target\":{\"@type\":\"EntryPoint\",\"urlTemplate\":\"https:\/\/portaltela.pt\/?s={search_term_string}\"},\"query-input\":{\"@type\":\"PropertyValueSpecification\",\"valueRequired\":true,\"valueName\":\"search_term_string\"}}],\"inLanguage\":\"pt-PT\"},{\"@type\":\"Person\",\"@id\":\"https:\/\/portaltela.pt\/#\/schema\/person\/c4278d4a6028830caff9ee44b42d32ed\",\"name\":\"Telinha\",\"image\":{\"@type\":\"ImageObject\",\"inLanguage\":\"pt-PT\",\"@id\":\"https:\/\/portaltela.pt\/s.01k8rhncp4jt1\/2025\/11\/talking-bot-125x125.png\",\"url\":\"https:\/\/portaltela.pt\/s.01k8rhncp4jt1\/2025\/11\/talking-bot-125x125.png\",\"contentUrl\":\"https:\/\/portaltela.pt\/s.01k8rhncp4jt1\/2025\/11\/talking-bot-125x125.png\",\"caption\":\"Telinha\"},\"sameAs\":[\"https:\/\/portaltela.pt\/\"],\"url\":\"https:\/\/portaltela.pt\/por\/367410592786\/\"}]}<\/script>\n<!-- \/ Yoast SEO plugin. -->","yoast_head_json":{"title":"Torres Vedras reconhece que Torreense na final da Ta\u00e7a promove o concelho - Portal Tela Portugal","robots":{"index":"index","follow":"follow","max-snippet":"max-snippet:-1","max-image-preview":"max-image-preview:large","max-video-preview":"max-video-preview:-1"},"og_locale":"pt_PT","og_type":"article","og_title":"Torres Vedras reconhece que Torreense na final da Ta\u00e7a promove o concelho - Portal Tela Portugal","og_description":"O Torreense qualificou-se para a final da Ta\u00e7a de Portugal ao vencer o Fafe por 2-0 na segunda m\u00e3o das meias-finais, ap\u00f3s o empate 1-1 no Minho. Os golos foram apontados por David Bruno, aos 85 minutos, e Stopira, aos 90+13, de grande penalidade. A C\u00e2mara Municipal de Torres Vedras destacou que a progress\u00e3o para a final d\u00e1 visibilidade \u00e0 cidade e ao concelho, 70 anos depois de uma participa\u00e7\u00e3o no Jamor. O presidente da c\u00e2mara, S\u00e9rgio Galv\u00e3o, sublinhou que o projeto tem m\u00e9rito e que o munic\u00edpio investiu na recupera\u00e7\u00e3o do est\u00e1dio e em relvados e campos sint\u00e9ticos; garante apoio cont\u00ednuo ao Torreense. A final da Ta\u00e7a de Portugal est\u00e1 marcada para dia 24 de maio, no Est\u00e1dio Nacional, em Oeiras, frente ao Sporting Clube de Portugal, com expectativa de boa ades\u00e3o dos torrienses devido \u00e0 proximidade a Lisboa.","og_url":"https:\/\/portaltela.pt\/noticias\/2026\/04\/24\/torres-vedras-reconhece-que-torreense-na-final-da-taca-promove-o-concelho\/","og_site_name":"Portal Tela Portugal","article_published_time":"2026-04-24T13:03:20+00:00","author":"Telinha","twitter_card":"summary_large_image","twitter_misc":{"Escrito por":"Telinha","Tempo estimado de leitura":"1 minuto"},"schema":{"@context":"https:\/\/schema.org","@graph":[{"@type":"Article","@id":"https:\/\/portaltela.pt\/noticias\/2026\/04\/24\/torres-vedras-reconhece-que-torreense-na-final-da-taca-promove-o-concelho\/#article","isPartOf":{"@id":"https:\/\/portaltela.pt\/noticias\/2026\/04\/24\/torres-vedras-reconhece-que-torreense-na-final-da-taca-promove-o-concelho\/"},"author":{"name":"Telinha","@id":"https:\/\/portaltela.pt\/#\/schema\/person\/c4278d4a6028830caff9ee44b42d32ed"},"headline":"Torres Vedras reconhece que Torreense na final da Ta\u00e7a promove o concelho","datePublished":"2026-04-24T13:03:20+00:00","mainEntityOfPage":{"@id":"https:\/\/portaltela.pt\/noticias\/2026\/04\/24\/torres-vedras-reconhece-que-torreense-na-final-da-taca-promove-o-concelho\/"},"wordCount":269,"image":{"@id":"https:\/\/portaltela.pt\/noticias\/2026\/04\/24\/torres-vedras-reconhece-que-torreense-na-final-da-taca-promove-o-concelho\/#primaryimage"},"thumbnailUrl":"https:\/\/portaltela.pt\/s.01k8rhncp4jt1\/2026\/04\/img_920x518uu2026-04-24-00-13-31-2434995.jpg","keywords":["desporto","futebol","Portugal","Ta\u00e7a da Portugal","Torreense","Torres Vedras"],"articleSection":["Desporto","Futebol"],"inLanguage":"pt-PT"},{"@type":"WebPage","@id":"https:\/\/portaltela.pt\/noticias\/2026\/04\/24\/torres-vedras-reconhece-que-torreense-na-final-da-taca-promove-o-concelho\/","url":"https:\/\/portaltela.pt\/noticias\/2026\/04\/24\/torres-vedras-reconhece-que-torreense-na-final-da-taca-promove-o-concelho\/","name":"Torres Vedras reconhece que Torreense na final da Ta\u00e7a promove o concelho - Portal Tela Portugal","isPartOf":{"@id":"https:\/\/portaltela.pt\/#website"},"primaryImageOfPage":{"@id":"https:\/\/portaltela.pt\/noticias\/2026\/04\/24\/torres-vedras-reconhece-que-torreense-na-final-da-taca-promove-o-concelho\/#primaryimage"},"image":{"@id":"https:\/\/portaltela.pt\/noticias\/2026\/04\/24\/torres-vedras-reconhece-que-torreense-na-final-da-taca-promove-o-concelho\/#primaryimage"},"thumbnailUrl":"https:\/\/portaltela.pt\/s.01k8rhncp4jt1\/2026\/04\/img_920x518uu2026-04-24-00-13-31-2434995.jpg","datePublished":"2026-04-24T13:03:20+00:00","author":{"@id":"https:\/\/portaltela.pt\/#\/schema\/person\/c4278d4a6028830caff9ee44b42d32ed"},"breadcrumb":{"@id":"https:\/\/portaltela.pt\/noticias\/2026\/04\/24\/torres-vedras-reconhece-que-torreense-na-final-da-taca-promove-o-concelho\/#breadcrumb"},"inLanguage":"pt-PT","potentialAction":[{"@type":"ReadAction","target":["https:\/\/portaltela.pt\/noticias\/2026\/04\/24\/torres-vedras-reconhece-que-torreense-na-final-da-taca-promove-o-concelho\/"]}]},{"@type":"ImageObject","inLanguage":"pt-PT","@id":"https:\/\/portaltela.pt\/noticias\/2026\/04\/24\/torres-vedras-reconhece-que-torreense-na-final-da-taca-promove-o-concelho\/#primaryimage","url":"https:\/\/portaltela.pt\/s.01k8rhncp4jt1\/2026\/04\/img_920x518uu2026-04-24-00-13-31-2434995.jpg","contentUrl":"https:\/\/portaltela.pt\/s.01k8rhncp4jt1\/2026\/04\/img_920x518uu2026-04-24-00-13-31-2434995.jpg","width":796,"height":448,"caption":"Jogadores e equipa t\u00e9cnica celebram apuramento junto dos adeptos do Torreense"},{"@type":"BreadcrumbList","@id":"https:\/\/portaltela.pt\/noticias\/2026\/04\/24\/torres-vedras-reconhece-que-torreense-na-final-da-taca-promove-o-concelho\/#breadcrumb","itemListElement":[{"@type":"ListItem","position":1,"name":"In\u00edcio","item":"https:\/\/portaltela.pt\/"},{"@type":"ListItem","position":2,"name":"Torres Vedras reconhece que Torreense na final da Ta\u00e7a promove o concelho"}]},{"@type":"WebSite","@id":"https:\/\/portaltela.pt\/#website","url":"https:\/\/portaltela.pt\/","name":"Portal Tela Portugal","description":"","potentialAction":[{"@type":"SearchAction","target":{"@type":"EntryPoint","urlTemplate":"https:\/\/portaltela.pt\/?s={search_term_string}"},"query-input":{"@type":"PropertyValueSpecification","valueRequired":true,"valueName":"search_term_string"}}],"inLanguage":"pt-PT"},{"@type":"Person","@id":"https:\/\/portaltela.pt\/#\/schema\/person\/c4278d4a6028830caff9ee44b42d32ed","name":"Telinha","image":{"@type":"ImageObject","inLanguage":"pt-PT","@id":"https:\/\/portaltela.pt\/s.01k8rhncp4jt1\/2025\/11\/talking-bot-125x125.png","url":"https:\/\/portaltela.pt\/s.01k8rhncp4jt1\/2025\/11\/talking-bot-125x125.png","contentUrl":"https:\/\/portaltela.pt\/s.01k8rhncp4jt1\/2025\/11\/talking-bot-125x125.png","caption":"Telinha"},"sameAs":["https:\/\/portaltela.pt\/"],"url":"https:\/\/portaltela.pt\/por\/367410592786\/"}]}},"_links":{"self":[{"href":"https:\/\/portaltela.pt\/api\/wp\/v2\/posts\/457705","targetHints":{"allow":["GET"]}}],"collection":[{"href":"https:\/\/portaltela.pt\/api\/wp\/v2\/posts"}],"about":[{"href":"https:\/\/portaltela.pt\/api\/wp\/v2\/types\/post"}],"author":[{"embeddable":true,"href":"https:\/\/portaltela.pt\/api\/wp\/v2\/users\/2"}],"replies":[{"embeddable":true,"href":"https:\/\/portaltela.pt\/api\/wp\/v2\/comments?post=457705"}],"version-history":[{"count":0,"href":"https:\/\/portaltela.pt\/api\/wp\/v2\/posts\/457705\/revisions"}],"wp:featuredmedia":[{"embeddable":true,"href":"https:\/\/portaltela.pt\/api\/wp\/v2\/media\/457713"}],"wp:attachment":[{"href":"https:\/\/portaltela.pt\/api\/wp\/v2\/media?parent=457705"}],"wp:term":[{"taxonomy":"category","embeddable":true,"href":"https:\/\/portaltela.pt\/api\/wp\/v2\/categories?post=457705"},{"taxonomy":"post_tag","embeddable":true,"href":"https:\/\/portaltela.pt\/api\/wp\/v2\/tags?post=457705"}],"curies":[{"name":"wp","href":"https:\/\/api.w.org\/{rel}","templated":true}]}}