{"id":457684,"date":"2026-04-24T09:48:38","date_gmt":"2026-04-24T12:48:38","guid":{"rendered":"https:\/\/portaltela.pt\/noticias\/2026\/04\/24\/uefa-suspende-prestianni-por-insultos-homofobicos-a-vinicius-junior\/"},"modified":"2026-04-24T09:48:38","modified_gmt":"2026-04-24T12:48:38","slug":"uefa-suspende-prestianni-por-insultos-homofobicos-a-vinicius-junior","status":"publish","type":"post","link":"https:\/\/portaltela.pt\/desporto\/futebol\/2026\/04\/24\/uefa-suspende-prestianni-por-insultos-homofobicos-a-vinicius-junior\/","title":{"rendered":"UEFA suspende Prestianni por insultos homof\u00f3bicos a Vin\u00edcius J\u00fanior"},"content":{"rendered":"<p>A UEFA anunciou a suspens\u00e3o de seis jogos a Gianluca Prestianni, jogador do Benfica, por conduta discriminat\u00f3ria ap\u00f3s o jogo frente ao Real Madrid, na Liga dos Campe\u00f5es. A san\u00e7\u00e3o envolve insultos homof\u00f3bicos proferidos contra Vin\u00edcius J\u00fanior, segundo o comunicado do organismo. Os jogos contam-se apenas em competi\u00e7\u00f5es da UEFA ou em jogos da sele\u00e7\u00e3o argentina.<\/p>\n<p>Tr\u00eas jogos da san\u00e7\u00e3o s\u00e3o de cumprimento efetivo, com uma pena suspensa de dois anos a partir da data da decis\u00e3o. J\u00e1 um jogo foi cumprido na segunda m\u00e3o da eliminat\u00f3ria entre Benfica e Real Madrid. O Benfica n\u00e3o disputar\u00e1 mais provas europeias nesta \u00e9poca, o que transfere a maior parte da pena para a sele\u00e7\u00e3o argentina, caso Prestianni seja convocado para o Mundial 2026.<\/p>\n<h3>Desdobramentos<\/h3>\n<p>Caso Prestianni seja chamado para o Mundial 2026, os dois jogos adicionais de suspens\u00e3o devem ocorrer ao servi\u00e7o da Argentina. Se n\u00e3o for convocado, os dois jogos dever\u00e3o cumprir-se ao servi\u00e7o do Benfica, nas competi\u00e7\u00f5es europeias da temporada 2026\/27.<\/p>\n","protected":false},"excerpt":{"rendered":"<ul>\n<li>A UEFA puniu Gianluca Prestianni, do Benfica, com seis jogos por conduta discriminat\u00f3ria ap\u00f3s o jogo frente ao Real Madrid na Liga dos Campe\u00f5es, incluindo insultos homof\u00f3bicos a Vin\u00edcius J\u00fanior.<\/li>\n<li>A suspens\u00e3o inclui tr\u00eas jogos com pena suspensa de dois anos; j\u00e1 cumpriu um, na segunda m\u00e3o Benfica\u2013Real Madrid.<\/li>\n<li>Como o Benfica n\u00e3o disputar\u00e1 mais competi\u00e7\u00f5es europeias nesta temporada, Prestianni cumprir\u00e1 os dois jogos de castigo ao servi\u00e7o da sele\u00e7\u00e3o argentina, caso seja convocado para o Mundial de 2026.<\/li>\n<li>Se n\u00e3o for convocado, os dois jogos ser\u00e3o cumpridos pelo Benfica na \u00e9poca 2026\/27, em jogos das competi\u00e7\u00f5es europeias.<\/li>\n<\/ul>\n","protected":false},"author":2,"featured_media":457686,"comment_status":"closed","ping_status":"closed","sticky":false,"template":"","format":"standard","meta":{"footnotes":""},"categories":[21,24],"tags":[1946,1695,32,242,79,2265],"class_list":["post-457684","post","type-post","status-publish","format-standard","has-post-thumbnail","hentry","category-desporto","category-futebol","tag-benfica","tag-discriminacao","tag-futebol","tag-jogadores","tag-uefa-champions-league","tag-vinicius-junior"],"yoast_head":"<!-- This site is optimized with the Yoast SEO plugin v27.2 - https:\/\/yoast.com\/product\/yoast-seo-wordpress\/ -->\n<title>UEFA suspende Prestianni por insultos homof\u00f3bicos a Vin\u00edcius J\u00fanior - Portal Tela Portugal<\/title>\n<meta name=\"robots\" content=\"index, follow, max-snippet:-1, max-image-preview:large, max-video-preview:-1\" \/>\n<meta property=\"og:locale\" content=\"pt_PT\" \/>\n<meta property=\"og:type\" content=\"article\" \/>\n<meta property=\"og:title\" content=\"UEFA suspende Prestianni por insultos homof\u00f3bicos a Vin\u00edcius J\u00fanior - Portal Tela Portugal\" \/>\n<meta property=\"og:description\" content=\"A UEFA puniu Gianluca Prestianni, do Benfica, com seis jogos por conduta discriminat\u00f3ria ap\u00f3s o jogo frente ao Real Madrid na Liga dos Campe\u00f5es, incluindo insultos homof\u00f3bicos a Vin\u00edcius J\u00fanior. A suspens\u00e3o inclui tr\u00eas jogos com pena suspensa de dois anos; j\u00e1 cumpriu um, na segunda m\u00e3o Benfica\u2013Real Madrid. Como o Benfica n\u00e3o disputar\u00e1 mais competi\u00e7\u00f5es europeias nesta temporada, Prestianni cumprir\u00e1 os dois jogos de castigo ao servi\u00e7o da sele\u00e7\u00e3o argentina, caso seja convocado para o Mundial de 2026. Se n\u00e3o for convocado, os dois jogos ser\u00e3o cumpridos pelo Benfica na \u00e9poca 2026\/27, em jogos das competi\u00e7\u00f5es europeias.\" \/>\n<meta property=\"og:url\" content=\"https:\/\/portaltela.pt\/noticias\/2026\/04\/24\/uefa-suspende-prestianni-por-insultos-homofobicos-a-vinicius-junior\/\" \/>\n<meta property=\"og:site_name\" content=\"Portal Tela Portugal\" \/>\n<meta property=\"article:published_time\" content=\"2026-04-24T12:48:38+00:00\" \/>\n<meta name=\"author\" content=\"Telinha\" \/>\n<meta name=\"twitter:card\" content=\"summary_large_image\" \/>\n<meta name=\"twitter:label1\" content=\"Escrito por\" \/>\n\t<meta name=\"twitter:data1\" content=\"Telinha\" \/>\n\t<meta name=\"twitter:label2\" content=\"Tempo estimado de leitura\" \/>\n\t<meta name=\"twitter:data2\" content=\"1 minuto\" \/>\n<script type=\"application\/ld+json\" class=\"yoast-schema-graph\">{\"@context\":\"https:\/\/schema.org\",\"@graph\":[{\"@type\":\"Article\",\"@id\":\"https:\/\/portaltela.pt\/noticias\/2026\/04\/24\/uefa-suspende-prestianni-por-insultos-homofobicos-a-vinicius-junior\/#article\",\"isPartOf\":{\"@id\":\"https:\/\/portaltela.pt\/noticias\/2026\/04\/24\/uefa-suspende-prestianni-por-insultos-homofobicos-a-vinicius-junior\/\"},\"author\":{\"name\":\"Telinha\",\"@id\":\"https:\/\/portaltela.pt\/#\/schema\/person\/c4278d4a6028830caff9ee44b42d32ed\"},\"headline\":\"UEFA suspende Prestianni por insultos homof\u00f3bicos a Vin\u00edcius J\u00fanior\",\"datePublished\":\"2026-04-24T12:48:38+00:00\",\"mainEntityOfPage\":{\"@id\":\"https:\/\/portaltela.pt\/noticias\/2026\/04\/24\/uefa-suspende-prestianni-por-insultos-homofobicos-a-vinicius-junior\/\"},\"wordCount\":194,\"image\":{\"@id\":\"https:\/\/portaltela.pt\/noticias\/2026\/04\/24\/uefa-suspende-prestianni-por-insultos-homofobicos-a-vinicius-junior\/#primaryimage\"},\"thumbnailUrl\":\"https:\/\/portaltela.pt\/s.01k8rhncp4jt1\/2026\/04\/img_920x518uu2026-02-18-09-11-32-2422288.jpg\",\"keywords\":[\"Benfica\",\"discrimina\u00e7\u00e3o\",\"futebol\",\"jogadores\",\"uefa champions league\",\"Vin\u00edcius J\u00fanior\"],\"articleSection\":[\"Desporto\",\"Futebol\"],\"inLanguage\":\"pt-PT\"},{\"@type\":\"WebPage\",\"@id\":\"https:\/\/portaltela.pt\/noticias\/2026\/04\/24\/uefa-suspende-prestianni-por-insultos-homofobicos-a-vinicius-junior\/\",\"url\":\"https:\/\/portaltela.pt\/noticias\/2026\/04\/24\/uefa-suspende-prestianni-por-insultos-homofobicos-a-vinicius-junior\/\",\"name\":\"UEFA suspende Prestianni por insultos homof\u00f3bicos a Vin\u00edcius J\u00fanior - Portal Tela Portugal\",\"isPartOf\":{\"@id\":\"https:\/\/portaltela.pt\/#website\"},\"primaryImageOfPage\":{\"@id\":\"https:\/\/portaltela.pt\/noticias\/2026\/04\/24\/uefa-suspende-prestianni-por-insultos-homofobicos-a-vinicius-junior\/#primaryimage\"},\"image\":{\"@id\":\"https:\/\/portaltela.pt\/noticias\/2026\/04\/24\/uefa-suspende-prestianni-por-insultos-homofobicos-a-vinicius-junior\/#primaryimage\"},\"thumbnailUrl\":\"https:\/\/portaltela.pt\/s.01k8rhncp4jt1\/2026\/04\/img_920x518uu2026-02-18-09-11-32-2422288.jpg\",\"datePublished\":\"2026-04-24T12:48:38+00:00\",\"author\":{\"@id\":\"https:\/\/portaltela.pt\/#\/schema\/person\/c4278d4a6028830caff9ee44b42d32ed\"},\"breadcrumb\":{\"@id\":\"https:\/\/portaltela.pt\/noticias\/2026\/04\/24\/uefa-suspende-prestianni-por-insultos-homofobicos-a-vinicius-junior\/#breadcrumb\"},\"inLanguage\":\"pt-PT\",\"potentialAction\":[{\"@type\":\"ReadAction\",\"target\":[\"https:\/\/portaltela.pt\/noticias\/2026\/04\/24\/uefa-suspende-prestianni-por-insultos-homofobicos-a-vinicius-junior\/\"]}]},{\"@type\":\"ImageObject\",\"inLanguage\":\"pt-PT\",\"@id\":\"https:\/\/portaltela.pt\/noticias\/2026\/04\/24\/uefa-suspende-prestianni-por-insultos-homofobicos-a-vinicius-junior\/#primaryimage\",\"url\":\"https:\/\/portaltela.pt\/s.01k8rhncp4jt1\/2026\/04\/img_920x518uu2026-02-18-09-11-32-2422288.jpg\",\"contentUrl\":\"https:\/\/portaltela.pt\/s.01k8rhncp4jt1\/2026\/04\/img_920x518uu2026-02-18-09-11-32-2422288.jpg\",\"width\":796,\"height\":448,\"caption\":\"UEFA aplica castigo de seis jogos a Prestianni por \\\"conduta discriminat\u00f3ria\\\" frente ao Real Madrid\"},{\"@type\":\"BreadcrumbList\",\"@id\":\"https:\/\/portaltela.pt\/noticias\/2026\/04\/24\/uefa-suspende-prestianni-por-insultos-homofobicos-a-vinicius-junior\/#breadcrumb\",\"itemListElement\":[{\"@type\":\"ListItem\",\"position\":1,\"name\":\"In\u00edcio\",\"item\":\"https:\/\/portaltela.pt\/\"},{\"@type\":\"ListItem\",\"position\":2,\"name\":\"UEFA suspende Prestianni por insultos homof\u00f3bicos a Vin\u00edcius J\u00fanior\"}]},{\"@type\":\"WebSite\",\"@id\":\"https:\/\/portaltela.pt\/#website\",\"url\":\"https:\/\/portaltela.pt\/\",\"name\":\"Portal Tela Portugal\",\"description\":\"\",\"potentialAction\":[{\"@type\":\"SearchAction\",\"target\":{\"@type\":\"EntryPoint\",\"urlTemplate\":\"https:\/\/portaltela.pt\/?s={search_term_string}\"},\"query-input\":{\"@type\":\"PropertyValueSpecification\",\"valueRequired\":true,\"valueName\":\"search_term_string\"}}],\"inLanguage\":\"pt-PT\"},{\"@type\":\"Person\",\"@id\":\"https:\/\/portaltela.pt\/#\/schema\/person\/c4278d4a6028830caff9ee44b42d32ed\",\"name\":\"Telinha\",\"image\":{\"@type\":\"ImageObject\",\"inLanguage\":\"pt-PT\",\"@id\":\"https:\/\/portaltela.pt\/s.01k8rhncp4jt1\/2025\/11\/talking-bot-125x125.png\",\"url\":\"https:\/\/portaltela.pt\/s.01k8rhncp4jt1\/2025\/11\/talking-bot-125x125.png\",\"contentUrl\":\"https:\/\/portaltela.pt\/s.01k8rhncp4jt1\/2025\/11\/talking-bot-125x125.png\",\"caption\":\"Telinha\"},\"sameAs\":[\"https:\/\/portaltela.pt\/\"],\"url\":\"https:\/\/portaltela.pt\/por\/367410592786\/\"}]}<\/script>\n<!-- \/ Yoast SEO plugin. -->","yoast_head_json":{"title":"UEFA suspende Prestianni por insultos homof\u00f3bicos a Vin\u00edcius J\u00fanior - Portal Tela Portugal","robots":{"index":"index","follow":"follow","max-snippet":"max-snippet:-1","max-image-preview":"max-image-preview:large","max-video-preview":"max-video-preview:-1"},"og_locale":"pt_PT","og_type":"article","og_title":"UEFA suspende Prestianni por insultos homof\u00f3bicos a Vin\u00edcius J\u00fanior - Portal Tela Portugal","og_description":"A UEFA puniu Gianluca Prestianni, do Benfica, com seis jogos por conduta discriminat\u00f3ria ap\u00f3s o jogo frente ao Real Madrid na Liga dos Campe\u00f5es, incluindo insultos homof\u00f3bicos a Vin\u00edcius J\u00fanior. A suspens\u00e3o inclui tr\u00eas jogos com pena suspensa de dois anos; j\u00e1 cumpriu um, na segunda m\u00e3o Benfica\u2013Real Madrid. Como o Benfica n\u00e3o disputar\u00e1 mais competi\u00e7\u00f5es europeias nesta temporada, Prestianni cumprir\u00e1 os dois jogos de castigo ao servi\u00e7o da sele\u00e7\u00e3o argentina, caso seja convocado para o Mundial de 2026. Se n\u00e3o for convocado, os dois jogos ser\u00e3o cumpridos pelo Benfica na \u00e9poca 2026\/27, em jogos das competi\u00e7\u00f5es europeias.","og_url":"https:\/\/portaltela.pt\/noticias\/2026\/04\/24\/uefa-suspende-prestianni-por-insultos-homofobicos-a-vinicius-junior\/","og_site_name":"Portal Tela Portugal","article_published_time":"2026-04-24T12:48:38+00:00","author":"Telinha","twitter_card":"summary_large_image","twitter_misc":{"Escrito por":"Telinha","Tempo estimado de leitura":"1 minuto"},"schema":{"@context":"https:\/\/schema.org","@graph":[{"@type":"Article","@id":"https:\/\/portaltela.pt\/noticias\/2026\/04\/24\/uefa-suspende-prestianni-por-insultos-homofobicos-a-vinicius-junior\/#article","isPartOf":{"@id":"https:\/\/portaltela.pt\/noticias\/2026\/04\/24\/uefa-suspende-prestianni-por-insultos-homofobicos-a-vinicius-junior\/"},"author":{"name":"Telinha","@id":"https:\/\/portaltela.pt\/#\/schema\/person\/c4278d4a6028830caff9ee44b42d32ed"},"headline":"UEFA suspende Prestianni por insultos homof\u00f3bicos a Vin\u00edcius J\u00fanior","datePublished":"2026-04-24T12:48:38+00:00","mainEntityOfPage":{"@id":"https:\/\/portaltela.pt\/noticias\/2026\/04\/24\/uefa-suspende-prestianni-por-insultos-homofobicos-a-vinicius-junior\/"},"wordCount":194,"image":{"@id":"https:\/\/portaltela.pt\/noticias\/2026\/04\/24\/uefa-suspende-prestianni-por-insultos-homofobicos-a-vinicius-junior\/#primaryimage"},"thumbnailUrl":"https:\/\/portaltela.pt\/s.01k8rhncp4jt1\/2026\/04\/img_920x518uu2026-02-18-09-11-32-2422288.jpg","keywords":["Benfica","discrimina\u00e7\u00e3o","futebol","jogadores","uefa champions league","Vin\u00edcius J\u00fanior"],"articleSection":["Desporto","Futebol"],"inLanguage":"pt-PT"},{"@type":"WebPage","@id":"https:\/\/portaltela.pt\/noticias\/2026\/04\/24\/uefa-suspende-prestianni-por-insultos-homofobicos-a-vinicius-junior\/","url":"https:\/\/portaltela.pt\/noticias\/2026\/04\/24\/uefa-suspende-prestianni-por-insultos-homofobicos-a-vinicius-junior\/","name":"UEFA suspende Prestianni por insultos homof\u00f3bicos a Vin\u00edcius J\u00fanior - Portal Tela Portugal","isPartOf":{"@id":"https:\/\/portaltela.pt\/#website"},"primaryImageOfPage":{"@id":"https:\/\/portaltela.pt\/noticias\/2026\/04\/24\/uefa-suspende-prestianni-por-insultos-homofobicos-a-vinicius-junior\/#primaryimage"},"image":{"@id":"https:\/\/portaltela.pt\/noticias\/2026\/04\/24\/uefa-suspende-prestianni-por-insultos-homofobicos-a-vinicius-junior\/#primaryimage"},"thumbnailUrl":"https:\/\/portaltela.pt\/s.01k8rhncp4jt1\/2026\/04\/img_920x518uu2026-02-18-09-11-32-2422288.jpg","datePublished":"2026-04-24T12:48:38+00:00","author":{"@id":"https:\/\/portaltela.pt\/#\/schema\/person\/c4278d4a6028830caff9ee44b42d32ed"},"breadcrumb":{"@id":"https:\/\/portaltela.pt\/noticias\/2026\/04\/24\/uefa-suspende-prestianni-por-insultos-homofobicos-a-vinicius-junior\/#breadcrumb"},"inLanguage":"pt-PT","potentialAction":[{"@type":"ReadAction","target":["https:\/\/portaltela.pt\/noticias\/2026\/04\/24\/uefa-suspende-prestianni-por-insultos-homofobicos-a-vinicius-junior\/"]}]},{"@type":"ImageObject","inLanguage":"pt-PT","@id":"https:\/\/portaltela.pt\/noticias\/2026\/04\/24\/uefa-suspende-prestianni-por-insultos-homofobicos-a-vinicius-junior\/#primaryimage","url":"https:\/\/portaltela.pt\/s.01k8rhncp4jt1\/2026\/04\/img_920x518uu2026-02-18-09-11-32-2422288.jpg","contentUrl":"https:\/\/portaltela.pt\/s.01k8rhncp4jt1\/2026\/04\/img_920x518uu2026-02-18-09-11-32-2422288.jpg","width":796,"height":448,"caption":"UEFA aplica castigo de seis jogos a Prestianni por \"conduta discriminat\u00f3ria\" frente ao Real Madrid"},{"@type":"BreadcrumbList","@id":"https:\/\/portaltela.pt\/noticias\/2026\/04\/24\/uefa-suspende-prestianni-por-insultos-homofobicos-a-vinicius-junior\/#breadcrumb","itemListElement":[{"@type":"ListItem","position":1,"name":"In\u00edcio","item":"https:\/\/portaltela.pt\/"},{"@type":"ListItem","position":2,"name":"UEFA suspende Prestianni por insultos homof\u00f3bicos a Vin\u00edcius J\u00fanior"}]},{"@type":"WebSite","@id":"https:\/\/portaltela.pt\/#website","url":"https:\/\/portaltela.pt\/","name":"Portal Tela Portugal","description":"","potentialAction":[{"@type":"SearchAction","target":{"@type":"EntryPoint","urlTemplate":"https:\/\/portaltela.pt\/?s={search_term_string}"},"query-input":{"@type":"PropertyValueSpecification","valueRequired":true,"valueName":"search_term_string"}}],"inLanguage":"pt-PT"},{"@type":"Person","@id":"https:\/\/portaltela.pt\/#\/schema\/person\/c4278d4a6028830caff9ee44b42d32ed","name":"Telinha","image":{"@type":"ImageObject","inLanguage":"pt-PT","@id":"https:\/\/portaltela.pt\/s.01k8rhncp4jt1\/2025\/11\/talking-bot-125x125.png","url":"https:\/\/portaltela.pt\/s.01k8rhncp4jt1\/2025\/11\/talking-bot-125x125.png","contentUrl":"https:\/\/portaltela.pt\/s.01k8rhncp4jt1\/2025\/11\/talking-bot-125x125.png","caption":"Telinha"},"sameAs":["https:\/\/portaltela.pt\/"],"url":"https:\/\/portaltela.pt\/por\/367410592786\/"}]}},"_links":{"self":[{"href":"https:\/\/portaltela.pt\/api\/wp\/v2\/posts\/457684","targetHints":{"allow":["GET"]}}],"collection":[{"href":"https:\/\/portaltela.pt\/api\/wp\/v2\/posts"}],"about":[{"href":"https:\/\/portaltela.pt\/api\/wp\/v2\/types\/post"}],"author":[{"embeddable":true,"href":"https:\/\/portaltela.pt\/api\/wp\/v2\/users\/2"}],"replies":[{"embeddable":true,"href":"https:\/\/portaltela.pt\/api\/wp\/v2\/comments?post=457684"}],"version-history":[{"count":0,"href":"https:\/\/portaltela.pt\/api\/wp\/v2\/posts\/457684\/revisions"}],"wp:featuredmedia":[{"embeddable":true,"href":"https:\/\/portaltela.pt\/api\/wp\/v2\/media\/457686"}],"wp:attachment":[{"href":"https:\/\/portaltela.pt\/api\/wp\/v2\/media?parent=457684"}],"wp:term":[{"taxonomy":"category","embeddable":true,"href":"https:\/\/portaltela.pt\/api\/wp\/v2\/categories?post=457684"},{"taxonomy":"post_tag","embeddable":true,"href":"https:\/\/portaltela.pt\/api\/wp\/v2\/tags?post=457684"}],"curies":[{"name":"wp","href":"https:\/\/api.w.org\/{rel}","templated":true}]}}