{"id":457678,"date":"2026-04-24T09:48:29","date_gmt":"2026-04-24T12:48:29","guid":{"rendered":"https:\/\/portaltela.pt\/noticias\/2026\/04\/24\/uefa-aplica-castigo-de-seis-jogos-a-prestianni-por-insultos-a-junior\/"},"modified":"2026-04-24T09:48:29","modified_gmt":"2026-04-24T12:48:29","slug":"uefa-aplica-castigo-de-seis-jogos-a-prestianni-por-insultos-a-junior","status":"publish","type":"post","link":"https:\/\/portaltela.pt\/desporto\/futebol\/2026\/04\/24\/uefa-aplica-castigo-de-seis-jogos-a-prestianni-por-insultos-a-junior\/","title":{"rendered":"UEFA aplica castigo de seis jogos a Prestianni por insultos a J\u00fanior"},"content":{"rendered":"<p>A UEFA puniu Gianluca Prestianni, jogador do Benfica, com seis jogos em competi\u00e7\u00f5es europeias por conduta discriminat\u00f3ria durante o jogo frente ao Real Madrid, ao proferir insultos homof\u00f3bicos a Vin\u00edcius J\u00fanior.<\/p>\n<p>Segundo o organismo, os insultos violam normas de integridade e fair play. O castigo entra em vigor na pr\u00f3xima participa\u00e7\u00e3o do jogador em competi\u00e7\u00f5es da UEFA.<\/p>\n<p>O Benfica foi informado da san\u00e7\u00e3o e pode recorrer, de acordo com o regulamento da UEFA. N\u00e3o foram avan\u00e7ados detalhes adicionais sobre multas ou datas espec\u00edficas.<\/p>\n","protected":false},"excerpt":{"rendered":"<ul>\n<li>A UEFA puniu Gianluca Prestianni, jogador do Benfica, com seis jogos nas competi\u00e7\u00f5es europeias.<\/li>\n<li>A san\u00e7\u00e3o resulta de conduta discriminat\u00f3ria durante o jogo frente ao Real Madrid, na Liga dos Campe\u00f5es.<\/li>\n<li>O organismo refere insultos homof\u00f3bicos proferidos pelo jogador argentino.<\/li>\n<li>Prestianni chamou Vin\u00edcius J\u00fanior de &#8220;maricas&#8221; no incidente.<\/li>\n<li>A decis\u00e3o foca em castigo por discrimina\u00e7\u00e3o no \u00e2mbito das competi\u00e7\u00f5es europeias.<\/li>\n<\/ul>\n","protected":false},"author":2,"featured_media":457682,"comment_status":"closed","ping_status":"closed","sticky":false,"template":"","format":"standard","meta":{"footnotes":""},"categories":[21,24],"tags":[1285,1695,32,6371,939],"class_list":["post-457678","post","type-post","status-publish","format-standard","has-post-thumbnail","hentry","category-desporto","category-futebol","tag-competicao","tag-discriminacao","tag-futebol","tag-sancoes","tag-violencia"],"yoast_head":"<!-- This site is optimized with the Yoast SEO plugin v27.2 - https:\/\/yoast.com\/product\/yoast-seo-wordpress\/ -->\n<title>UEFA aplica castigo de seis jogos a Prestianni por insultos a J\u00fanior - Portal Tela Portugal<\/title>\n<meta name=\"robots\" content=\"index, follow, max-snippet:-1, max-image-preview:large, max-video-preview:-1\" \/>\n<meta property=\"og:locale\" content=\"pt_PT\" \/>\n<meta property=\"og:type\" content=\"article\" \/>\n<meta property=\"og:title\" content=\"UEFA aplica castigo de seis jogos a Prestianni por insultos a J\u00fanior - Portal Tela Portugal\" \/>\n<meta property=\"og:description\" content=\"A UEFA puniu Gianluca Prestianni, jogador do Benfica, com seis jogos nas competi\u00e7\u00f5es europeias. A san\u00e7\u00e3o resulta de conduta discriminat\u00f3ria durante o jogo frente ao Real Madrid, na Liga dos Campe\u00f5es. O organismo refere insultos homof\u00f3bicos proferidos pelo jogador argentino. Prestianni chamou Vin\u00edcius J\u00fanior de &quot;maricas&quot; no incidente. A decis\u00e3o foca em castigo por discrimina\u00e7\u00e3o no \u00e2mbito das competi\u00e7\u00f5es europeias.\" \/>\n<meta property=\"og:url\" content=\"https:\/\/portaltela.pt\/noticias\/2026\/04\/24\/uefa-aplica-castigo-de-seis-jogos-a-prestianni-por-insultos-a-junior\/\" \/>\n<meta property=\"og:site_name\" content=\"Portal Tela Portugal\" \/>\n<meta property=\"article:published_time\" content=\"2026-04-24T12:48:29+00:00\" \/>\n<meta name=\"author\" content=\"Telinha\" \/>\n<meta name=\"twitter:card\" content=\"summary_large_image\" \/>\n<meta name=\"twitter:label1\" content=\"Escrito por\" \/>\n\t<meta name=\"twitter:data1\" content=\"Telinha\" \/>\n<script type=\"application\/ld+json\" class=\"yoast-schema-graph\">{\"@context\":\"https:\/\/schema.org\",\"@graph\":[{\"@type\":\"Article\",\"@id\":\"https:\/\/portaltela.pt\/noticias\/2026\/04\/24\/uefa-aplica-castigo-de-seis-jogos-a-prestianni-por-insultos-a-junior\/#article\",\"isPartOf\":{\"@id\":\"https:\/\/portaltela.pt\/noticias\/2026\/04\/24\/uefa-aplica-castigo-de-seis-jogos-a-prestianni-por-insultos-a-junior\/\"},\"author\":{\"name\":\"Telinha\",\"@id\":\"https:\/\/portaltela.pt\/#\/schema\/person\/c4278d4a6028830caff9ee44b42d32ed\"},\"headline\":\"UEFA aplica castigo de seis jogos a Prestianni por insultos a J\u00fanior\",\"datePublished\":\"2026-04-24T12:48:29+00:00\",\"mainEntityOfPage\":{\"@id\":\"https:\/\/portaltela.pt\/noticias\/2026\/04\/24\/uefa-aplica-castigo-de-seis-jogos-a-prestianni-por-insultos-a-junior\/\"},\"wordCount\":108,\"image\":{\"@id\":\"https:\/\/portaltela.pt\/noticias\/2026\/04\/24\/uefa-aplica-castigo-de-seis-jogos-a-prestianni-por-insultos-a-junior\/#primaryimage\"},\"thumbnailUrl\":\"https:\/\/portaltela.pt\/s.01k8rhncp4jt1\/2026\/04\/img_1500x1000uu2026-04-24-13-37-25-2280716.jpg\",\"keywords\":[\"competi\u00e7\u00e3o\",\"discrimina\u00e7\u00e3o\",\"futebol\",\"san\u00e7\u00f5es\",\"viol\u00eancia\"],\"articleSection\":[\"Desporto\",\"Futebol\"],\"inLanguage\":\"pt-PT\"},{\"@type\":\"WebPage\",\"@id\":\"https:\/\/portaltela.pt\/noticias\/2026\/04\/24\/uefa-aplica-castigo-de-seis-jogos-a-prestianni-por-insultos-a-junior\/\",\"url\":\"https:\/\/portaltela.pt\/noticias\/2026\/04\/24\/uefa-aplica-castigo-de-seis-jogos-a-prestianni-por-insultos-a-junior\/\",\"name\":\"UEFA aplica castigo de seis jogos a Prestianni por insultos a J\u00fanior - Portal Tela Portugal\",\"isPartOf\":{\"@id\":\"https:\/\/portaltela.pt\/#website\"},\"primaryImageOfPage\":{\"@id\":\"https:\/\/portaltela.pt\/noticias\/2026\/04\/24\/uefa-aplica-castigo-de-seis-jogos-a-prestianni-por-insultos-a-junior\/#primaryimage\"},\"image\":{\"@id\":\"https:\/\/portaltela.pt\/noticias\/2026\/04\/24\/uefa-aplica-castigo-de-seis-jogos-a-prestianni-por-insultos-a-junior\/#primaryimage\"},\"thumbnailUrl\":\"https:\/\/portaltela.pt\/s.01k8rhncp4jt1\/2026\/04\/img_1500x1000uu2026-04-24-13-37-25-2280716.jpg\",\"datePublished\":\"2026-04-24T12:48:29+00:00\",\"author\":{\"@id\":\"https:\/\/portaltela.pt\/#\/schema\/person\/c4278d4a6028830caff9ee44b42d32ed\"},\"breadcrumb\":{\"@id\":\"https:\/\/portaltela.pt\/noticias\/2026\/04\/24\/uefa-aplica-castigo-de-seis-jogos-a-prestianni-por-insultos-a-junior\/#breadcrumb\"},\"inLanguage\":\"pt-PT\",\"potentialAction\":[{\"@type\":\"ReadAction\",\"target\":[\"https:\/\/portaltela.pt\/noticias\/2026\/04\/24\/uefa-aplica-castigo-de-seis-jogos-a-prestianni-por-insultos-a-junior\/\"]}]},{\"@type\":\"ImageObject\",\"inLanguage\":\"pt-PT\",\"@id\":\"https:\/\/portaltela.pt\/noticias\/2026\/04\/24\/uefa-aplica-castigo-de-seis-jogos-a-prestianni-por-insultos-a-junior\/#primaryimage\",\"url\":\"https:\/\/portaltela.pt\/s.01k8rhncp4jt1\/2026\/04\/img_1500x1000uu2026-04-24-13-37-25-2280716.jpg\",\"contentUrl\":\"https:\/\/portaltela.pt\/s.01k8rhncp4jt1\/2026\/04\/img_1500x1000uu2026-04-24-13-37-25-2280716.jpg\",\"width\":796,\"height\":448,\"caption\":\"Prestianni e Vin\u00edcius Jr. trocam argumentos durante o Benfica-Real Madrid\"},{\"@type\":\"BreadcrumbList\",\"@id\":\"https:\/\/portaltela.pt\/noticias\/2026\/04\/24\/uefa-aplica-castigo-de-seis-jogos-a-prestianni-por-insultos-a-junior\/#breadcrumb\",\"itemListElement\":[{\"@type\":\"ListItem\",\"position\":1,\"name\":\"In\u00edcio\",\"item\":\"https:\/\/portaltela.pt\/\"},{\"@type\":\"ListItem\",\"position\":2,\"name\":\"UEFA aplica castigo de seis jogos a Prestianni por insultos a J\u00fanior\"}]},{\"@type\":\"WebSite\",\"@id\":\"https:\/\/portaltela.pt\/#website\",\"url\":\"https:\/\/portaltela.pt\/\",\"name\":\"Portal Tela Portugal\",\"description\":\"\",\"potentialAction\":[{\"@type\":\"SearchAction\",\"target\":{\"@type\":\"EntryPoint\",\"urlTemplate\":\"https:\/\/portaltela.pt\/?s={search_term_string}\"},\"query-input\":{\"@type\":\"PropertyValueSpecification\",\"valueRequired\":true,\"valueName\":\"search_term_string\"}}],\"inLanguage\":\"pt-PT\"},{\"@type\":\"Person\",\"@id\":\"https:\/\/portaltela.pt\/#\/schema\/person\/c4278d4a6028830caff9ee44b42d32ed\",\"name\":\"Telinha\",\"image\":{\"@type\":\"ImageObject\",\"inLanguage\":\"pt-PT\",\"@id\":\"https:\/\/portaltela.pt\/s.01k8rhncp4jt1\/2025\/11\/talking-bot-125x125.png\",\"url\":\"https:\/\/portaltela.pt\/s.01k8rhncp4jt1\/2025\/11\/talking-bot-125x125.png\",\"contentUrl\":\"https:\/\/portaltela.pt\/s.01k8rhncp4jt1\/2025\/11\/talking-bot-125x125.png\",\"caption\":\"Telinha\"},\"sameAs\":[\"https:\/\/portaltela.pt\/\"],\"url\":\"https:\/\/portaltela.pt\/por\/367410592786\/\"}]}<\/script>\n<!-- \/ Yoast SEO plugin. -->","yoast_head_json":{"title":"UEFA aplica castigo de seis jogos a Prestianni por insultos a J\u00fanior - Portal Tela Portugal","robots":{"index":"index","follow":"follow","max-snippet":"max-snippet:-1","max-image-preview":"max-image-preview:large","max-video-preview":"max-video-preview:-1"},"og_locale":"pt_PT","og_type":"article","og_title":"UEFA aplica castigo de seis jogos a Prestianni por insultos a J\u00fanior - Portal Tela Portugal","og_description":"A UEFA puniu Gianluca Prestianni, jogador do Benfica, com seis jogos nas competi\u00e7\u00f5es europeias. A san\u00e7\u00e3o resulta de conduta discriminat\u00f3ria durante o jogo frente ao Real Madrid, na Liga dos Campe\u00f5es. O organismo refere insultos homof\u00f3bicos proferidos pelo jogador argentino. Prestianni chamou Vin\u00edcius J\u00fanior de \"maricas\" no incidente. A decis\u00e3o foca em castigo por discrimina\u00e7\u00e3o no \u00e2mbito das competi\u00e7\u00f5es europeias.","og_url":"https:\/\/portaltela.pt\/noticias\/2026\/04\/24\/uefa-aplica-castigo-de-seis-jogos-a-prestianni-por-insultos-a-junior\/","og_site_name":"Portal Tela Portugal","article_published_time":"2026-04-24T12:48:29+00:00","author":"Telinha","twitter_card":"summary_large_image","twitter_misc":{"Escrito por":"Telinha"},"schema":{"@context":"https:\/\/schema.org","@graph":[{"@type":"Article","@id":"https:\/\/portaltela.pt\/noticias\/2026\/04\/24\/uefa-aplica-castigo-de-seis-jogos-a-prestianni-por-insultos-a-junior\/#article","isPartOf":{"@id":"https:\/\/portaltela.pt\/noticias\/2026\/04\/24\/uefa-aplica-castigo-de-seis-jogos-a-prestianni-por-insultos-a-junior\/"},"author":{"name":"Telinha","@id":"https:\/\/portaltela.pt\/#\/schema\/person\/c4278d4a6028830caff9ee44b42d32ed"},"headline":"UEFA aplica castigo de seis jogos a Prestianni por insultos a J\u00fanior","datePublished":"2026-04-24T12:48:29+00:00","mainEntityOfPage":{"@id":"https:\/\/portaltela.pt\/noticias\/2026\/04\/24\/uefa-aplica-castigo-de-seis-jogos-a-prestianni-por-insultos-a-junior\/"},"wordCount":108,"image":{"@id":"https:\/\/portaltela.pt\/noticias\/2026\/04\/24\/uefa-aplica-castigo-de-seis-jogos-a-prestianni-por-insultos-a-junior\/#primaryimage"},"thumbnailUrl":"https:\/\/portaltela.pt\/s.01k8rhncp4jt1\/2026\/04\/img_1500x1000uu2026-04-24-13-37-25-2280716.jpg","keywords":["competi\u00e7\u00e3o","discrimina\u00e7\u00e3o","futebol","san\u00e7\u00f5es","viol\u00eancia"],"articleSection":["Desporto","Futebol"],"inLanguage":"pt-PT"},{"@type":"WebPage","@id":"https:\/\/portaltela.pt\/noticias\/2026\/04\/24\/uefa-aplica-castigo-de-seis-jogos-a-prestianni-por-insultos-a-junior\/","url":"https:\/\/portaltela.pt\/noticias\/2026\/04\/24\/uefa-aplica-castigo-de-seis-jogos-a-prestianni-por-insultos-a-junior\/","name":"UEFA aplica castigo de seis jogos a Prestianni por insultos a J\u00fanior - Portal Tela Portugal","isPartOf":{"@id":"https:\/\/portaltela.pt\/#website"},"primaryImageOfPage":{"@id":"https:\/\/portaltela.pt\/noticias\/2026\/04\/24\/uefa-aplica-castigo-de-seis-jogos-a-prestianni-por-insultos-a-junior\/#primaryimage"},"image":{"@id":"https:\/\/portaltela.pt\/noticias\/2026\/04\/24\/uefa-aplica-castigo-de-seis-jogos-a-prestianni-por-insultos-a-junior\/#primaryimage"},"thumbnailUrl":"https:\/\/portaltela.pt\/s.01k8rhncp4jt1\/2026\/04\/img_1500x1000uu2026-04-24-13-37-25-2280716.jpg","datePublished":"2026-04-24T12:48:29+00:00","author":{"@id":"https:\/\/portaltela.pt\/#\/schema\/person\/c4278d4a6028830caff9ee44b42d32ed"},"breadcrumb":{"@id":"https:\/\/portaltela.pt\/noticias\/2026\/04\/24\/uefa-aplica-castigo-de-seis-jogos-a-prestianni-por-insultos-a-junior\/#breadcrumb"},"inLanguage":"pt-PT","potentialAction":[{"@type":"ReadAction","target":["https:\/\/portaltela.pt\/noticias\/2026\/04\/24\/uefa-aplica-castigo-de-seis-jogos-a-prestianni-por-insultos-a-junior\/"]}]},{"@type":"ImageObject","inLanguage":"pt-PT","@id":"https:\/\/portaltela.pt\/noticias\/2026\/04\/24\/uefa-aplica-castigo-de-seis-jogos-a-prestianni-por-insultos-a-junior\/#primaryimage","url":"https:\/\/portaltela.pt\/s.01k8rhncp4jt1\/2026\/04\/img_1500x1000uu2026-04-24-13-37-25-2280716.jpg","contentUrl":"https:\/\/portaltela.pt\/s.01k8rhncp4jt1\/2026\/04\/img_1500x1000uu2026-04-24-13-37-25-2280716.jpg","width":796,"height":448,"caption":"Prestianni e Vin\u00edcius Jr. trocam argumentos durante o Benfica-Real Madrid"},{"@type":"BreadcrumbList","@id":"https:\/\/portaltela.pt\/noticias\/2026\/04\/24\/uefa-aplica-castigo-de-seis-jogos-a-prestianni-por-insultos-a-junior\/#breadcrumb","itemListElement":[{"@type":"ListItem","position":1,"name":"In\u00edcio","item":"https:\/\/portaltela.pt\/"},{"@type":"ListItem","position":2,"name":"UEFA aplica castigo de seis jogos a Prestianni por insultos a J\u00fanior"}]},{"@type":"WebSite","@id":"https:\/\/portaltela.pt\/#website","url":"https:\/\/portaltela.pt\/","name":"Portal Tela Portugal","description":"","potentialAction":[{"@type":"SearchAction","target":{"@type":"EntryPoint","urlTemplate":"https:\/\/portaltela.pt\/?s={search_term_string}"},"query-input":{"@type":"PropertyValueSpecification","valueRequired":true,"valueName":"search_term_string"}}],"inLanguage":"pt-PT"},{"@type":"Person","@id":"https:\/\/portaltela.pt\/#\/schema\/person\/c4278d4a6028830caff9ee44b42d32ed","name":"Telinha","image":{"@type":"ImageObject","inLanguage":"pt-PT","@id":"https:\/\/portaltela.pt\/s.01k8rhncp4jt1\/2025\/11\/talking-bot-125x125.png","url":"https:\/\/portaltela.pt\/s.01k8rhncp4jt1\/2025\/11\/talking-bot-125x125.png","contentUrl":"https:\/\/portaltela.pt\/s.01k8rhncp4jt1\/2025\/11\/talking-bot-125x125.png","caption":"Telinha"},"sameAs":["https:\/\/portaltela.pt\/"],"url":"https:\/\/portaltela.pt\/por\/367410592786\/"}]}},"_links":{"self":[{"href":"https:\/\/portaltela.pt\/api\/wp\/v2\/posts\/457678","targetHints":{"allow":["GET"]}}],"collection":[{"href":"https:\/\/portaltela.pt\/api\/wp\/v2\/posts"}],"about":[{"href":"https:\/\/portaltela.pt\/api\/wp\/v2\/types\/post"}],"author":[{"embeddable":true,"href":"https:\/\/portaltela.pt\/api\/wp\/v2\/users\/2"}],"replies":[{"embeddable":true,"href":"https:\/\/portaltela.pt\/api\/wp\/v2\/comments?post=457678"}],"version-history":[{"count":0,"href":"https:\/\/portaltela.pt\/api\/wp\/v2\/posts\/457678\/revisions"}],"wp:featuredmedia":[{"embeddable":true,"href":"https:\/\/portaltela.pt\/api\/wp\/v2\/media\/457682"}],"wp:attachment":[{"href":"https:\/\/portaltela.pt\/api\/wp\/v2\/media?parent=457678"}],"wp:term":[{"taxonomy":"category","embeddable":true,"href":"https:\/\/portaltela.pt\/api\/wp\/v2\/categories?post=457678"},{"taxonomy":"post_tag","embeddable":true,"href":"https:\/\/portaltela.pt\/api\/wp\/v2\/tags?post=457678"}],"curies":[{"name":"wp","href":"https:\/\/api.w.org\/{rel}","templated":true}]}}