{"id":457661,"date":"2026-04-24T09:33:14","date_gmt":"2026-04-24T12:33:14","guid":{"rendered":"https:\/\/portaltela.pt\/noticias\/2026\/04\/24\/gil-lameiras-representantes-do-v-guimaraes-devem-estar-sempre-no-seu-melhor\/"},"modified":"2026-04-24T09:33:14","modified_gmt":"2026-04-24T12:33:14","slug":"gil-lameiras-representantes-do-v-guimaraes-devem-estar-sempre-no-seu-melhor","status":"publish","type":"post","link":"https:\/\/portaltela.pt\/desporto\/futebol\/2026\/04\/24\/gil-lameiras-representantes-do-v-guimaraes-devem-estar-sempre-no-seu-melhor\/","title":{"rendered":"Gil Lameiras: representantes do V. Guimar\u00e3es devem estar sempre no seu melhor"},"content":{"rendered":"<p>O treinador do V. Guimar\u00e3es, Gil Lameiras, dianteou o encontro da 31.\u00aa jornada da Liga Betclic, frente ao Rio Ave. A partida est\u00e1 marcada para s\u00e1bado, \u00e0s 20h30, no Est\u00e1dio D. Afonso Henriques. O objetivo \u00e9 manter a evolu\u00e7\u00e3o da equipa ap\u00f3s a boa exibi\u00e7\u00e3o frente ao Gil Vicente.<\/p>\n<p>Lameiras aponta para uma equipa em progress\u00e3o, cada vez mais est\u00e1vel, que sabe o que fazer dentro de campo. O t\u00e9cnico refor\u00e7ou que o Vit\u00f3ria s\u00f3 \u00e9 favorito se mostrar a melhor vers\u00e3o na hora de jogar, num duelo considerado dif\u00edcil frente a um advers\u00e1rio competitivo.<\/p>\n<h3>Desempenho e perce\u00e7\u00e3o do advers\u00e1rio<\/h3>\n<p>O treinador destacou que o Rio Ave, ap\u00f3s ajuste de sistema, tem vindo a evoluir no campeonato e a consolidar princ\u00edpios de jogo, com maior conhecimento do treinador. A melhoria \u00e9 vista como consequ\u00eancia do tempo de trabalho.<\/p>\n<p>Sobre a defesa e o registo recente de golos, o t\u00e9cnico n\u00e3o considera a estabilidade garantida at\u00e9 ao final do pr\u00f3ximo jogo. Mant\u00e9m o foco no pr\u00f3ximo compromisso, sublinhando a necessidade de manter concentra\u00e7\u00e3o e qualidade.<\/p>\n<h3>Meta e convocat\u00f3rias<\/h3>\n<p>Lameiras descartou qualquer objetivo de longo prazo, enfatizando o foco no momento: o jogo com o Rio Ave e a conquista dos tr\u00eas pontos. Explicou que a equipa quer dar o seu melhor a cada encontro, com aspira\u00e7\u00f5es de somar pontos nos pr\u00f3ximos duelos.<\/p>\n<p>O regresso de Miguel Maga ao onze no \u00faltimo jogo foi justificado pela capacidade de adicionar valor ao grupo, pela competitividade criada na posi\u00e7\u00e3o e pela resposta positiva do coletivo.<\/p>\n","protected":false},"excerpt":{"rendered":"<ul>\n<li>O Vit\u00f3ria de Guimar\u00e3es recebe o Rio Ave, na 31.\u00aa jornada da Liga Betclic, este s\u00e1bado \u00e0s 20h30, no Est\u00e1dio D. Afonso Henriques.<\/li>\n<li>Gil Lameiras admite que o objetivo \u00e9 o Vit\u00f3ria melhorar e manter uma maior consist\u00eancia em campo, com a equipa a demonstrar progressos.<\/li>\n<li>O treinador diz que, se o Vit\u00f3ria estiver na sua melhor vers\u00e3o, \u00e9 favorito, mas admite que o jogo ser\u00e1 dif\u00edcil frente a um advers\u00e1rio competitivo.<\/li>\n<li>Em compara\u00e7\u00e3o com o encontro com o Gil Vicente, o Rio Ave entra num momento em que est\u00e1 acima ou abaixo da tabela conforme a perspetiva do Vit\u00f3ria, mantendo-se sempre alerta para cada jogo.<\/li>\n<li>O t\u00e9cnico destaca que o Rio Ave tem vindo a crescer desde a mudan\u00e7a no sistema, e refor\u00e7a que a estabilidade defensiva n\u00e3o est\u00e1 garantida at\u00e9 ao final do pr\u00f3ximo duelo.<\/li>\n<li>Lameiras n\u00e3o fixa metas de \u00e9poca, mas aponta a vontade de obter doze pontos nos doze poss\u00edveis nos jogos restantes, centrando-se apenas no jogo com o Rio Ave.<\/li>\n<li>Sobre o regresso de Miguel Maga ao onze, o treinador valoriza a contribui\u00e7\u00e3o do jogador e a competitividade criada na posi\u00e7\u00e3o.<\/li>\n<\/ul>\n","protected":false},"author":2,"featured_media":457662,"comment_status":"closed","ping_status":"closed","sticky":false,"template":"","format":"standard","meta":{"footnotes":""},"categories":[21,24],"tags":[4143,1285,477,32,2190,2428],"class_list":["post-457661","post","type-post","status-publish","format-standard","has-post-thumbnail","hentry","category-desporto","category-futebol","tag-1-liga","tag-competicao","tag-desempenho","tag-futebol","tag-rio-ave","tag-vitoria"],"yoast_head":"<!-- This site is optimized with the Yoast SEO plugin v27.2 - https:\/\/yoast.com\/product\/yoast-seo-wordpress\/ -->\n<title>Gil Lameiras: representantes do V. Guimar\u00e3es devem estar sempre no seu melhor - Portal Tela Portugal<\/title>\n<meta name=\"robots\" content=\"index, follow, max-snippet:-1, max-image-preview:large, max-video-preview:-1\" \/>\n<meta property=\"og:locale\" content=\"pt_PT\" \/>\n<meta property=\"og:type\" content=\"article\" \/>\n<meta property=\"og:title\" content=\"Gil Lameiras: representantes do V. Guimar\u00e3es devem estar sempre no seu melhor - Portal Tela Portugal\" \/>\n<meta property=\"og:description\" content=\"O Vit\u00f3ria de Guimar\u00e3es recebe o Rio Ave, na 31.\u00aa jornada da Liga Betclic, este s\u00e1bado \u00e0s 20h30, no Est\u00e1dio D. Afonso Henriques. Gil Lameiras admite que o objetivo \u00e9 o Vit\u00f3ria melhorar e manter uma maior consist\u00eancia em campo, com a equipa a demonstrar progressos. O treinador diz que, se o Vit\u00f3ria estiver na sua melhor vers\u00e3o, \u00e9 favorito, mas admite que o jogo ser\u00e1 dif\u00edcil frente a um advers\u00e1rio competitivo. Em compara\u00e7\u00e3o com o encontro com o Gil Vicente, o Rio Ave entra num momento em que est\u00e1 acima ou abaixo da tabela conforme a perspetiva do Vit\u00f3ria, mantendo-se sempre alerta para cada jogo. O t\u00e9cnico destaca que o Rio Ave tem vindo a crescer desde a mudan\u00e7a no sistema, e refor\u00e7a que a estabilidade defensiva n\u00e3o est\u00e1 garantida at\u00e9 ao final do pr\u00f3ximo duelo. Lameiras n\u00e3o fixa metas de \u00e9poca, mas aponta a vontade de obter doze pontos nos doze poss\u00edveis nos jogos restantes, centrando-se apenas no jogo com o Rio Ave. Sobre o regresso de Miguel Maga ao onze, o treinador valoriza a contribui\u00e7\u00e3o do jogador e a competitividade criada na posi\u00e7\u00e3o.\" \/>\n<meta property=\"og:url\" content=\"https:\/\/portaltela.pt\/noticias\/2026\/04\/24\/gil-lameiras-representantes-do-v-guimaraes-devem-estar-sempre-no-seu-melhor\/\" \/>\n<meta property=\"og:site_name\" content=\"Portal Tela Portugal\" \/>\n<meta property=\"article:published_time\" content=\"2026-04-24T12:33:14+00:00\" \/>\n<meta name=\"author\" content=\"Telinha\" \/>\n<meta name=\"twitter:card\" content=\"summary_large_image\" \/>\n<meta name=\"twitter:label1\" content=\"Escrito por\" \/>\n\t<meta name=\"twitter:data1\" content=\"Telinha\" \/>\n\t<meta name=\"twitter:label2\" content=\"Tempo estimado de leitura\" \/>\n\t<meta name=\"twitter:data2\" content=\"1 minuto\" \/>\n<script type=\"application\/ld+json\" class=\"yoast-schema-graph\">{\"@context\":\"https:\/\/schema.org\",\"@graph\":[{\"@type\":\"Article\",\"@id\":\"https:\/\/portaltela.pt\/noticias\/2026\/04\/24\/gil-lameiras-representantes-do-v-guimaraes-devem-estar-sempre-no-seu-melhor\/#article\",\"isPartOf\":{\"@id\":\"https:\/\/portaltela.pt\/noticias\/2026\/04\/24\/gil-lameiras-representantes-do-v-guimaraes-devem-estar-sempre-no-seu-melhor\/\"},\"author\":{\"name\":\"Telinha\",\"@id\":\"https:\/\/portaltela.pt\/#\/schema\/person\/c4278d4a6028830caff9ee44b42d32ed\"},\"headline\":\"Gil Lameiras: representantes do V. Guimar\u00e3es devem estar sempre no seu melhor\",\"datePublished\":\"2026-04-24T12:33:14+00:00\",\"mainEntityOfPage\":{\"@id\":\"https:\/\/portaltela.pt\/noticias\/2026\/04\/24\/gil-lameiras-representantes-do-v-guimaraes-devem-estar-sempre-no-seu-melhor\/\"},\"wordCount\":290,\"image\":{\"@id\":\"https:\/\/portaltela.pt\/noticias\/2026\/04\/24\/gil-lameiras-representantes-do-v-guimaraes-devem-estar-sempre-no-seu-melhor\/#primaryimage\"},\"thumbnailUrl\":\"https:\/\/portaltela.pt\/s.01k8rhncp4jt1\/2026\/04\/img_920x518uu2026-04-24-13-23-01-2435024.jpg\",\"keywords\":[\"1. Liga\",\"competi\u00e7\u00e3o\",\"desempenho\",\"futebol\",\"Rio Ave\",\"Vit\u00f3ria\"],\"articleSection\":[\"Desporto\",\"Futebol\"],\"inLanguage\":\"pt-PT\"},{\"@type\":\"WebPage\",\"@id\":\"https:\/\/portaltela.pt\/noticias\/2026\/04\/24\/gil-lameiras-representantes-do-v-guimaraes-devem-estar-sempre-no-seu-melhor\/\",\"url\":\"https:\/\/portaltela.pt\/noticias\/2026\/04\/24\/gil-lameiras-representantes-do-v-guimaraes-devem-estar-sempre-no-seu-melhor\/\",\"name\":\"Gil Lameiras: representantes do V. Guimar\u00e3es devem estar sempre no seu melhor - Portal Tela Portugal\",\"isPartOf\":{\"@id\":\"https:\/\/portaltela.pt\/#website\"},\"primaryImageOfPage\":{\"@id\":\"https:\/\/portaltela.pt\/noticias\/2026\/04\/24\/gil-lameiras-representantes-do-v-guimaraes-devem-estar-sempre-no-seu-melhor\/#primaryimage\"},\"image\":{\"@id\":\"https:\/\/portaltela.pt\/noticias\/2026\/04\/24\/gil-lameiras-representantes-do-v-guimaraes-devem-estar-sempre-no-seu-melhor\/#primaryimage\"},\"thumbnailUrl\":\"https:\/\/portaltela.pt\/s.01k8rhncp4jt1\/2026\/04\/img_920x518uu2026-04-24-13-23-01-2435024.jpg\",\"datePublished\":\"2026-04-24T12:33:14+00:00\",\"author\":{\"@id\":\"https:\/\/portaltela.pt\/#\/schema\/person\/c4278d4a6028830caff9ee44b42d32ed\"},\"breadcrumb\":{\"@id\":\"https:\/\/portaltela.pt\/noticias\/2026\/04\/24\/gil-lameiras-representantes-do-v-guimaraes-devem-estar-sempre-no-seu-melhor\/#breadcrumb\"},\"inLanguage\":\"pt-PT\",\"potentialAction\":[{\"@type\":\"ReadAction\",\"target\":[\"https:\/\/portaltela.pt\/noticias\/2026\/04\/24\/gil-lameiras-representantes-do-v-guimaraes-devem-estar-sempre-no-seu-melhor\/\"]}]},{\"@type\":\"ImageObject\",\"inLanguage\":\"pt-PT\",\"@id\":\"https:\/\/portaltela.pt\/noticias\/2026\/04\/24\/gil-lameiras-representantes-do-v-guimaraes-devem-estar-sempre-no-seu-melhor\/#primaryimage\",\"url\":\"https:\/\/portaltela.pt\/s.01k8rhncp4jt1\/2026\/04\/img_920x518uu2026-04-24-13-23-01-2435024.jpg\",\"contentUrl\":\"https:\/\/portaltela.pt\/s.01k8rhncp4jt1\/2026\/04\/img_920x518uu2026-04-24-13-23-01-2435024.jpg\",\"width\":796,\"height\":448,\"caption\":\"Gil Lameiras confiante para a rece\u00e7\u00e3o do V. Guimar\u00e3es ao Rio Ave\"},{\"@type\":\"BreadcrumbList\",\"@id\":\"https:\/\/portaltela.pt\/noticias\/2026\/04\/24\/gil-lameiras-representantes-do-v-guimaraes-devem-estar-sempre-no-seu-melhor\/#breadcrumb\",\"itemListElement\":[{\"@type\":\"ListItem\",\"position\":1,\"name\":\"In\u00edcio\",\"item\":\"https:\/\/portaltela.pt\/\"},{\"@type\":\"ListItem\",\"position\":2,\"name\":\"Gil Lameiras: representantes do V. Guimar\u00e3es devem estar sempre no seu melhor\"}]},{\"@type\":\"WebSite\",\"@id\":\"https:\/\/portaltela.pt\/#website\",\"url\":\"https:\/\/portaltela.pt\/\",\"name\":\"Portal Tela Portugal\",\"description\":\"\",\"potentialAction\":[{\"@type\":\"SearchAction\",\"target\":{\"@type\":\"EntryPoint\",\"urlTemplate\":\"https:\/\/portaltela.pt\/?s={search_term_string}\"},\"query-input\":{\"@type\":\"PropertyValueSpecification\",\"valueRequired\":true,\"valueName\":\"search_term_string\"}}],\"inLanguage\":\"pt-PT\"},{\"@type\":\"Person\",\"@id\":\"https:\/\/portaltela.pt\/#\/schema\/person\/c4278d4a6028830caff9ee44b42d32ed\",\"name\":\"Telinha\",\"image\":{\"@type\":\"ImageObject\",\"inLanguage\":\"pt-PT\",\"@id\":\"https:\/\/portaltela.pt\/s.01k8rhncp4jt1\/2025\/11\/talking-bot-125x125.png\",\"url\":\"https:\/\/portaltela.pt\/s.01k8rhncp4jt1\/2025\/11\/talking-bot-125x125.png\",\"contentUrl\":\"https:\/\/portaltela.pt\/s.01k8rhncp4jt1\/2025\/11\/talking-bot-125x125.png\",\"caption\":\"Telinha\"},\"sameAs\":[\"https:\/\/portaltela.pt\/\"],\"url\":\"https:\/\/portaltela.pt\/por\/367410592786\/\"}]}<\/script>\n<!-- \/ Yoast SEO plugin. -->","yoast_head_json":{"title":"Gil Lameiras: representantes do V. Guimar\u00e3es devem estar sempre no seu melhor - Portal Tela Portugal","robots":{"index":"index","follow":"follow","max-snippet":"max-snippet:-1","max-image-preview":"max-image-preview:large","max-video-preview":"max-video-preview:-1"},"og_locale":"pt_PT","og_type":"article","og_title":"Gil Lameiras: representantes do V. Guimar\u00e3es devem estar sempre no seu melhor - Portal Tela Portugal","og_description":"O Vit\u00f3ria de Guimar\u00e3es recebe o Rio Ave, na 31.\u00aa jornada da Liga Betclic, este s\u00e1bado \u00e0s 20h30, no Est\u00e1dio D. Afonso Henriques. Gil Lameiras admite que o objetivo \u00e9 o Vit\u00f3ria melhorar e manter uma maior consist\u00eancia em campo, com a equipa a demonstrar progressos. O treinador diz que, se o Vit\u00f3ria estiver na sua melhor vers\u00e3o, \u00e9 favorito, mas admite que o jogo ser\u00e1 dif\u00edcil frente a um advers\u00e1rio competitivo. Em compara\u00e7\u00e3o com o encontro com o Gil Vicente, o Rio Ave entra num momento em que est\u00e1 acima ou abaixo da tabela conforme a perspetiva do Vit\u00f3ria, mantendo-se sempre alerta para cada jogo. O t\u00e9cnico destaca que o Rio Ave tem vindo a crescer desde a mudan\u00e7a no sistema, e refor\u00e7a que a estabilidade defensiva n\u00e3o est\u00e1 garantida at\u00e9 ao final do pr\u00f3ximo duelo. Lameiras n\u00e3o fixa metas de \u00e9poca, mas aponta a vontade de obter doze pontos nos doze poss\u00edveis nos jogos restantes, centrando-se apenas no jogo com o Rio Ave. Sobre o regresso de Miguel Maga ao onze, o treinador valoriza a contribui\u00e7\u00e3o do jogador e a competitividade criada na posi\u00e7\u00e3o.","og_url":"https:\/\/portaltela.pt\/noticias\/2026\/04\/24\/gil-lameiras-representantes-do-v-guimaraes-devem-estar-sempre-no-seu-melhor\/","og_site_name":"Portal Tela Portugal","article_published_time":"2026-04-24T12:33:14+00:00","author":"Telinha","twitter_card":"summary_large_image","twitter_misc":{"Escrito por":"Telinha","Tempo estimado de leitura":"1 minuto"},"schema":{"@context":"https:\/\/schema.org","@graph":[{"@type":"Article","@id":"https:\/\/portaltela.pt\/noticias\/2026\/04\/24\/gil-lameiras-representantes-do-v-guimaraes-devem-estar-sempre-no-seu-melhor\/#article","isPartOf":{"@id":"https:\/\/portaltela.pt\/noticias\/2026\/04\/24\/gil-lameiras-representantes-do-v-guimaraes-devem-estar-sempre-no-seu-melhor\/"},"author":{"name":"Telinha","@id":"https:\/\/portaltela.pt\/#\/schema\/person\/c4278d4a6028830caff9ee44b42d32ed"},"headline":"Gil Lameiras: representantes do V. Guimar\u00e3es devem estar sempre no seu melhor","datePublished":"2026-04-24T12:33:14+00:00","mainEntityOfPage":{"@id":"https:\/\/portaltela.pt\/noticias\/2026\/04\/24\/gil-lameiras-representantes-do-v-guimaraes-devem-estar-sempre-no-seu-melhor\/"},"wordCount":290,"image":{"@id":"https:\/\/portaltela.pt\/noticias\/2026\/04\/24\/gil-lameiras-representantes-do-v-guimaraes-devem-estar-sempre-no-seu-melhor\/#primaryimage"},"thumbnailUrl":"https:\/\/portaltela.pt\/s.01k8rhncp4jt1\/2026\/04\/img_920x518uu2026-04-24-13-23-01-2435024.jpg","keywords":["1. Liga","competi\u00e7\u00e3o","desempenho","futebol","Rio Ave","Vit\u00f3ria"],"articleSection":["Desporto","Futebol"],"inLanguage":"pt-PT"},{"@type":"WebPage","@id":"https:\/\/portaltela.pt\/noticias\/2026\/04\/24\/gil-lameiras-representantes-do-v-guimaraes-devem-estar-sempre-no-seu-melhor\/","url":"https:\/\/portaltela.pt\/noticias\/2026\/04\/24\/gil-lameiras-representantes-do-v-guimaraes-devem-estar-sempre-no-seu-melhor\/","name":"Gil Lameiras: representantes do V. Guimar\u00e3es devem estar sempre no seu melhor - Portal Tela Portugal","isPartOf":{"@id":"https:\/\/portaltela.pt\/#website"},"primaryImageOfPage":{"@id":"https:\/\/portaltela.pt\/noticias\/2026\/04\/24\/gil-lameiras-representantes-do-v-guimaraes-devem-estar-sempre-no-seu-melhor\/#primaryimage"},"image":{"@id":"https:\/\/portaltela.pt\/noticias\/2026\/04\/24\/gil-lameiras-representantes-do-v-guimaraes-devem-estar-sempre-no-seu-melhor\/#primaryimage"},"thumbnailUrl":"https:\/\/portaltela.pt\/s.01k8rhncp4jt1\/2026\/04\/img_920x518uu2026-04-24-13-23-01-2435024.jpg","datePublished":"2026-04-24T12:33:14+00:00","author":{"@id":"https:\/\/portaltela.pt\/#\/schema\/person\/c4278d4a6028830caff9ee44b42d32ed"},"breadcrumb":{"@id":"https:\/\/portaltela.pt\/noticias\/2026\/04\/24\/gil-lameiras-representantes-do-v-guimaraes-devem-estar-sempre-no-seu-melhor\/#breadcrumb"},"inLanguage":"pt-PT","potentialAction":[{"@type":"ReadAction","target":["https:\/\/portaltela.pt\/noticias\/2026\/04\/24\/gil-lameiras-representantes-do-v-guimaraes-devem-estar-sempre-no-seu-melhor\/"]}]},{"@type":"ImageObject","inLanguage":"pt-PT","@id":"https:\/\/portaltela.pt\/noticias\/2026\/04\/24\/gil-lameiras-representantes-do-v-guimaraes-devem-estar-sempre-no-seu-melhor\/#primaryimage","url":"https:\/\/portaltela.pt\/s.01k8rhncp4jt1\/2026\/04\/img_920x518uu2026-04-24-13-23-01-2435024.jpg","contentUrl":"https:\/\/portaltela.pt\/s.01k8rhncp4jt1\/2026\/04\/img_920x518uu2026-04-24-13-23-01-2435024.jpg","width":796,"height":448,"caption":"Gil Lameiras confiante para a rece\u00e7\u00e3o do V. Guimar\u00e3es ao Rio Ave"},{"@type":"BreadcrumbList","@id":"https:\/\/portaltela.pt\/noticias\/2026\/04\/24\/gil-lameiras-representantes-do-v-guimaraes-devem-estar-sempre-no-seu-melhor\/#breadcrumb","itemListElement":[{"@type":"ListItem","position":1,"name":"In\u00edcio","item":"https:\/\/portaltela.pt\/"},{"@type":"ListItem","position":2,"name":"Gil Lameiras: representantes do V. Guimar\u00e3es devem estar sempre no seu melhor"}]},{"@type":"WebSite","@id":"https:\/\/portaltela.pt\/#website","url":"https:\/\/portaltela.pt\/","name":"Portal Tela Portugal","description":"","potentialAction":[{"@type":"SearchAction","target":{"@type":"EntryPoint","urlTemplate":"https:\/\/portaltela.pt\/?s={search_term_string}"},"query-input":{"@type":"PropertyValueSpecification","valueRequired":true,"valueName":"search_term_string"}}],"inLanguage":"pt-PT"},{"@type":"Person","@id":"https:\/\/portaltela.pt\/#\/schema\/person\/c4278d4a6028830caff9ee44b42d32ed","name":"Telinha","image":{"@type":"ImageObject","inLanguage":"pt-PT","@id":"https:\/\/portaltela.pt\/s.01k8rhncp4jt1\/2025\/11\/talking-bot-125x125.png","url":"https:\/\/portaltela.pt\/s.01k8rhncp4jt1\/2025\/11\/talking-bot-125x125.png","contentUrl":"https:\/\/portaltela.pt\/s.01k8rhncp4jt1\/2025\/11\/talking-bot-125x125.png","caption":"Telinha"},"sameAs":["https:\/\/portaltela.pt\/"],"url":"https:\/\/portaltela.pt\/por\/367410592786\/"}]}},"_links":{"self":[{"href":"https:\/\/portaltela.pt\/api\/wp\/v2\/posts\/457661","targetHints":{"allow":["GET"]}}],"collection":[{"href":"https:\/\/portaltela.pt\/api\/wp\/v2\/posts"}],"about":[{"href":"https:\/\/portaltela.pt\/api\/wp\/v2\/types\/post"}],"author":[{"embeddable":true,"href":"https:\/\/portaltela.pt\/api\/wp\/v2\/users\/2"}],"replies":[{"embeddable":true,"href":"https:\/\/portaltela.pt\/api\/wp\/v2\/comments?post=457661"}],"version-history":[{"count":0,"href":"https:\/\/portaltela.pt\/api\/wp\/v2\/posts\/457661\/revisions"}],"wp:featuredmedia":[{"embeddable":true,"href":"https:\/\/portaltela.pt\/api\/wp\/v2\/media\/457662"}],"wp:attachment":[{"href":"https:\/\/portaltela.pt\/api\/wp\/v2\/media?parent=457661"}],"wp:term":[{"taxonomy":"category","embeddable":true,"href":"https:\/\/portaltela.pt\/api\/wp\/v2\/categories?post=457661"},{"taxonomy":"post_tag","embeddable":true,"href":"https:\/\/portaltela.pt\/api\/wp\/v2\/tags?post=457661"}],"curies":[{"name":"wp","href":"https:\/\/api.w.org\/{rel}","templated":true}]}}