{"id":457659,"date":"2026-04-24T09:33:13","date_gmt":"2026-04-24T12:33:13","guid":{"rendered":"https:\/\/portaltela.pt\/noticias\/2026\/04\/24\/refinaria-de-sines-e-essencial-governo-pode-torna-la-mais-competitiva-diz-ministra\/"},"modified":"2026-04-24T09:33:13","modified_gmt":"2026-04-24T12:33:13","slug":"refinaria-de-sines-e-essencial-governo-pode-torna-la-mais-competitiva-diz-ministra","status":"publish","type":"post","link":"https:\/\/portaltela.pt\/energia\/2026\/04\/24\/refinaria-de-sines-e-essencial-governo-pode-torna-la-mais-competitiva-diz-ministra\/","title":{"rendered":"Refinaria de Sines \u00e9 essencial; Governo pode torn\u00e1-la mais competitiva, diz ministra"},"content":{"rendered":"<p>A refinaria de Sines \u00e9 considerada essencial pela ministra respons\u00e1vel pelo setor, mas o Governo pode apenas ajudar a torn\u00e1-la mais competitiva. Esta posi\u00e7\u00e3o foi partilhada em declara\u00e7\u00f5es recentes, sem avan\u00e7ar com novas medidas espec\u00edficas.<\/p>\n<p>Segundo o discurso da ministra, o apoio p\u00fablico funciona como complemento \u00e0s a\u00e7\u00f5es da pr\u00f3pria empresa, com foco em melhorar competitividade, efici\u00eancia e sustentabilidade da instala\u00e7\u00e3o. O objetivo \u00e9 manter a produ\u00e7\u00e3o est\u00e1vel e evitar impactos na cadeia energ\u00e9tica nacional.<\/p>\n<p>A informa\u00e7\u00e3o foi recuperada pela ag\u00eancia Lusa a partir das declara\u00e7\u00f5es oficiais, que n\u00e3o detalharam planos concretos nem cronogramas. A reuni\u00e3o de coment\u00e1rios ocorreu num contexto de revis\u00e3o de pol\u00edticas energ\u00e9ticas e industriais.<\/p>\n","protected":false},"excerpt":{"rendered":"<ul>\n<li>A refinaria de Sines \u00e9 considerada essencial, segundo a ministra.<\/li>\n<li>O Governo afirma que s\u00f3 pode ajudar a torn\u00e1-la mais competitiva.<\/li>\n<li>A posi\u00e7\u00e3o foi comunicada pela ministra mencionada no t\u00edtulo da not\u00edcia.<\/li>\n<li>O conte\u00fado completo est\u00e1 dispon\u00edvel apenas para subscritores.<\/li>\n<li>O tema centra-se na melhoria da competitividade da refinaria dentro do contexto econ\u00f3mico nacional.<\/li>\n<\/ul>\n","protected":false},"author":2,"featured_media":457664,"comment_status":"closed","ping_status":"closed","sticky":false,"template":"","format":"standard","meta":{"footnotes":""},"categories":[6806],"tags":[8557,3603,34,255,2832,1014],"class_list":["post-457659","post","type-post","status-publish","format-standard","has-post-thumbnail","hentry","category-energia","tag-_abastecimento-de-energia","tag-energias-renovaveis","tag-governo","tag-industria","tag-politica","tag-portugal"],"yoast_head":"<!-- This site is optimized with the Yoast SEO plugin v27.2 - https:\/\/yoast.com\/product\/yoast-seo-wordpress\/ -->\n<title>Refinaria de Sines \u00e9 essencial; Governo pode torn\u00e1-la mais competitiva, diz ministra - Portal Tela Portugal<\/title>\n<meta name=\"robots\" content=\"index, follow, max-snippet:-1, max-image-preview:large, max-video-preview:-1\" \/>\n<meta property=\"og:locale\" content=\"pt_PT\" \/>\n<meta property=\"og:type\" content=\"article\" \/>\n<meta property=\"og:title\" content=\"Refinaria de Sines \u00e9 essencial; Governo pode torn\u00e1-la mais competitiva, diz ministra - Portal Tela Portugal\" \/>\n<meta property=\"og:description\" content=\"A refinaria de Sines \u00e9 considerada essencial, segundo a ministra. O Governo afirma que s\u00f3 pode ajudar a torn\u00e1-la mais competitiva. A posi\u00e7\u00e3o foi comunicada pela ministra mencionada no t\u00edtulo da not\u00edcia. O conte\u00fado completo est\u00e1 dispon\u00edvel apenas para subscritores. O tema centra-se na melhoria da competitividade da refinaria dentro do contexto econ\u00f3mico nacional.\" \/>\n<meta property=\"og:url\" content=\"https:\/\/portaltela.pt\/noticias\/2026\/04\/24\/refinaria-de-sines-e-essencial-governo-pode-torna-la-mais-competitiva-diz-ministra\/\" \/>\n<meta property=\"og:site_name\" content=\"Portal Tela Portugal\" \/>\n<meta property=\"article:published_time\" content=\"2026-04-24T12:33:13+00:00\" \/>\n<meta name=\"author\" content=\"Telinha\" \/>\n<meta name=\"twitter:card\" content=\"summary_large_image\" \/>\n<meta name=\"twitter:label1\" content=\"Escrito por\" \/>\n\t<meta name=\"twitter:data1\" content=\"Telinha\" \/>\n\t<meta name=\"twitter:label2\" content=\"Tempo estimado de leitura\" \/>\n\t<meta name=\"twitter:data2\" content=\"1 minuto\" \/>\n<script type=\"application\/ld+json\" class=\"yoast-schema-graph\">{\"@context\":\"https:\/\/schema.org\",\"@graph\":[{\"@type\":\"Article\",\"@id\":\"https:\/\/portaltela.pt\/noticias\/2026\/04\/24\/refinaria-de-sines-e-essencial-governo-pode-torna-la-mais-competitiva-diz-ministra\/#article\",\"isPartOf\":{\"@id\":\"https:\/\/portaltela.pt\/noticias\/2026\/04\/24\/refinaria-de-sines-e-essencial-governo-pode-torna-la-mais-competitiva-diz-ministra\/\"},\"author\":{\"name\":\"Telinha\",\"@id\":\"https:\/\/portaltela.pt\/#\/schema\/person\/c4278d4a6028830caff9ee44b42d32ed\"},\"headline\":\"Refinaria de Sines \u00e9 essencial; Governo pode torn\u00e1-la mais competitiva, diz ministra\",\"datePublished\":\"2026-04-24T12:33:13+00:00\",\"mainEntityOfPage\":{\"@id\":\"https:\/\/portaltela.pt\/noticias\/2026\/04\/24\/refinaria-de-sines-e-essencial-governo-pode-torna-la-mais-competitiva-diz-ministra\/\"},\"wordCount\":141,\"image\":{\"@id\":\"https:\/\/portaltela.pt\/noticias\/2026\/04\/24\/refinaria-de-sines-e-essencial-governo-pode-torna-la-mais-competitiva-diz-ministra\/#primaryimage\"},\"thumbnailUrl\":\"https:\/\/portaltela.pt\/s.01k8rhncp4jt1\/2026\/04\/CACHE_780X1200_ANALOG_WATERMARKED_46987543_2202455_24042026111601.jpg\",\"keywords\":[\"_abastecimento de energia\",\"energias renov\u00e1veis\",\"governo\",\"ind\u00fastria\",\"pol\u00edtica\",\"Portugal\"],\"articleSection\":[\"Energia\"],\"inLanguage\":\"pt-PT\"},{\"@type\":\"WebPage\",\"@id\":\"https:\/\/portaltela.pt\/noticias\/2026\/04\/24\/refinaria-de-sines-e-essencial-governo-pode-torna-la-mais-competitiva-diz-ministra\/\",\"url\":\"https:\/\/portaltela.pt\/noticias\/2026\/04\/24\/refinaria-de-sines-e-essencial-governo-pode-torna-la-mais-competitiva-diz-ministra\/\",\"name\":\"Refinaria de Sines \u00e9 essencial; Governo pode torn\u00e1-la mais competitiva, diz ministra - Portal Tela Portugal\",\"isPartOf\":{\"@id\":\"https:\/\/portaltela.pt\/#website\"},\"primaryImageOfPage\":{\"@id\":\"https:\/\/portaltela.pt\/noticias\/2026\/04\/24\/refinaria-de-sines-e-essencial-governo-pode-torna-la-mais-competitiva-diz-ministra\/#primaryimage\"},\"image\":{\"@id\":\"https:\/\/portaltela.pt\/noticias\/2026\/04\/24\/refinaria-de-sines-e-essencial-governo-pode-torna-la-mais-competitiva-diz-ministra\/#primaryimage\"},\"thumbnailUrl\":\"https:\/\/portaltela.pt\/s.01k8rhncp4jt1\/2026\/04\/CACHE_780X1200_ANALOG_WATERMARKED_46987543_2202455_24042026111601.jpg\",\"datePublished\":\"2026-04-24T12:33:13+00:00\",\"author\":{\"@id\":\"https:\/\/portaltela.pt\/#\/schema\/person\/c4278d4a6028830caff9ee44b42d32ed\"},\"breadcrumb\":{\"@id\":\"https:\/\/portaltela.pt\/noticias\/2026\/04\/24\/refinaria-de-sines-e-essencial-governo-pode-torna-la-mais-competitiva-diz-ministra\/#breadcrumb\"},\"inLanguage\":\"pt-PT\",\"potentialAction\":[{\"@type\":\"ReadAction\",\"target\":[\"https:\/\/portaltela.pt\/noticias\/2026\/04\/24\/refinaria-de-sines-e-essencial-governo-pode-torna-la-mais-competitiva-diz-ministra\/\"]}]},{\"@type\":\"ImageObject\",\"inLanguage\":\"pt-PT\",\"@id\":\"https:\/\/portaltela.pt\/noticias\/2026\/04\/24\/refinaria-de-sines-e-essencial-governo-pode-torna-la-mais-competitiva-diz-ministra\/#primaryimage\",\"url\":\"https:\/\/portaltela.pt\/s.01k8rhncp4jt1\/2026\/04\/CACHE_780X1200_ANALOG_WATERMARKED_46987543_2202455_24042026111601.jpg\",\"contentUrl\":\"https:\/\/portaltela.pt\/s.01k8rhncp4jt1\/2026\/04\/CACHE_780X1200_ANALOG_WATERMARKED_46987543_2202455_24042026111601.jpg\",\"width\":768,\"height\":512,\"caption\":\"Refinaria de Sines \u00e9 \u201cessencial\u201d mas Governo s\u00f3 pode ajudar a torn\u00e1-la mais competitiva - ministra\"},{\"@type\":\"BreadcrumbList\",\"@id\":\"https:\/\/portaltela.pt\/noticias\/2026\/04\/24\/refinaria-de-sines-e-essencial-governo-pode-torna-la-mais-competitiva-diz-ministra\/#breadcrumb\",\"itemListElement\":[{\"@type\":\"ListItem\",\"position\":1,\"name\":\"In\u00edcio\",\"item\":\"https:\/\/portaltela.pt\/\"},{\"@type\":\"ListItem\",\"position\":2,\"name\":\"Refinaria de Sines \u00e9 essencial; Governo pode torn\u00e1-la mais competitiva, diz ministra\"}]},{\"@type\":\"WebSite\",\"@id\":\"https:\/\/portaltela.pt\/#website\",\"url\":\"https:\/\/portaltela.pt\/\",\"name\":\"Portal Tela Portugal\",\"description\":\"\",\"potentialAction\":[{\"@type\":\"SearchAction\",\"target\":{\"@type\":\"EntryPoint\",\"urlTemplate\":\"https:\/\/portaltela.pt\/?s={search_term_string}\"},\"query-input\":{\"@type\":\"PropertyValueSpecification\",\"valueRequired\":true,\"valueName\":\"search_term_string\"}}],\"inLanguage\":\"pt-PT\"},{\"@type\":\"Person\",\"@id\":\"https:\/\/portaltela.pt\/#\/schema\/person\/c4278d4a6028830caff9ee44b42d32ed\",\"name\":\"Telinha\",\"image\":{\"@type\":\"ImageObject\",\"inLanguage\":\"pt-PT\",\"@id\":\"https:\/\/portaltela.pt\/s.01k8rhncp4jt1\/2025\/11\/talking-bot-125x125.png\",\"url\":\"https:\/\/portaltela.pt\/s.01k8rhncp4jt1\/2025\/11\/talking-bot-125x125.png\",\"contentUrl\":\"https:\/\/portaltela.pt\/s.01k8rhncp4jt1\/2025\/11\/talking-bot-125x125.png\",\"caption\":\"Telinha\"},\"sameAs\":[\"https:\/\/portaltela.pt\/\"],\"url\":\"https:\/\/portaltela.pt\/por\/367410592786\/\"}]}<\/script>\n<!-- \/ Yoast SEO plugin. -->","yoast_head_json":{"title":"Refinaria de Sines \u00e9 essencial; Governo pode torn\u00e1-la mais competitiva, diz ministra - Portal Tela Portugal","robots":{"index":"index","follow":"follow","max-snippet":"max-snippet:-1","max-image-preview":"max-image-preview:large","max-video-preview":"max-video-preview:-1"},"og_locale":"pt_PT","og_type":"article","og_title":"Refinaria de Sines \u00e9 essencial; Governo pode torn\u00e1-la mais competitiva, diz ministra - Portal Tela Portugal","og_description":"A refinaria de Sines \u00e9 considerada essencial, segundo a ministra. O Governo afirma que s\u00f3 pode ajudar a torn\u00e1-la mais competitiva. A posi\u00e7\u00e3o foi comunicada pela ministra mencionada no t\u00edtulo da not\u00edcia. O conte\u00fado completo est\u00e1 dispon\u00edvel apenas para subscritores. O tema centra-se na melhoria da competitividade da refinaria dentro do contexto econ\u00f3mico nacional.","og_url":"https:\/\/portaltela.pt\/noticias\/2026\/04\/24\/refinaria-de-sines-e-essencial-governo-pode-torna-la-mais-competitiva-diz-ministra\/","og_site_name":"Portal Tela Portugal","article_published_time":"2026-04-24T12:33:13+00:00","author":"Telinha","twitter_card":"summary_large_image","twitter_misc":{"Escrito por":"Telinha","Tempo estimado de leitura":"1 minuto"},"schema":{"@context":"https:\/\/schema.org","@graph":[{"@type":"Article","@id":"https:\/\/portaltela.pt\/noticias\/2026\/04\/24\/refinaria-de-sines-e-essencial-governo-pode-torna-la-mais-competitiva-diz-ministra\/#article","isPartOf":{"@id":"https:\/\/portaltela.pt\/noticias\/2026\/04\/24\/refinaria-de-sines-e-essencial-governo-pode-torna-la-mais-competitiva-diz-ministra\/"},"author":{"name":"Telinha","@id":"https:\/\/portaltela.pt\/#\/schema\/person\/c4278d4a6028830caff9ee44b42d32ed"},"headline":"Refinaria de Sines \u00e9 essencial; Governo pode torn\u00e1-la mais competitiva, diz ministra","datePublished":"2026-04-24T12:33:13+00:00","mainEntityOfPage":{"@id":"https:\/\/portaltela.pt\/noticias\/2026\/04\/24\/refinaria-de-sines-e-essencial-governo-pode-torna-la-mais-competitiva-diz-ministra\/"},"wordCount":141,"image":{"@id":"https:\/\/portaltela.pt\/noticias\/2026\/04\/24\/refinaria-de-sines-e-essencial-governo-pode-torna-la-mais-competitiva-diz-ministra\/#primaryimage"},"thumbnailUrl":"https:\/\/portaltela.pt\/s.01k8rhncp4jt1\/2026\/04\/CACHE_780X1200_ANALOG_WATERMARKED_46987543_2202455_24042026111601.jpg","keywords":["_abastecimento de energia","energias renov\u00e1veis","governo","ind\u00fastria","pol\u00edtica","Portugal"],"articleSection":["Energia"],"inLanguage":"pt-PT"},{"@type":"WebPage","@id":"https:\/\/portaltela.pt\/noticias\/2026\/04\/24\/refinaria-de-sines-e-essencial-governo-pode-torna-la-mais-competitiva-diz-ministra\/","url":"https:\/\/portaltela.pt\/noticias\/2026\/04\/24\/refinaria-de-sines-e-essencial-governo-pode-torna-la-mais-competitiva-diz-ministra\/","name":"Refinaria de Sines \u00e9 essencial; Governo pode torn\u00e1-la mais competitiva, diz ministra - Portal Tela Portugal","isPartOf":{"@id":"https:\/\/portaltela.pt\/#website"},"primaryImageOfPage":{"@id":"https:\/\/portaltela.pt\/noticias\/2026\/04\/24\/refinaria-de-sines-e-essencial-governo-pode-torna-la-mais-competitiva-diz-ministra\/#primaryimage"},"image":{"@id":"https:\/\/portaltela.pt\/noticias\/2026\/04\/24\/refinaria-de-sines-e-essencial-governo-pode-torna-la-mais-competitiva-diz-ministra\/#primaryimage"},"thumbnailUrl":"https:\/\/portaltela.pt\/s.01k8rhncp4jt1\/2026\/04\/CACHE_780X1200_ANALOG_WATERMARKED_46987543_2202455_24042026111601.jpg","datePublished":"2026-04-24T12:33:13+00:00","author":{"@id":"https:\/\/portaltela.pt\/#\/schema\/person\/c4278d4a6028830caff9ee44b42d32ed"},"breadcrumb":{"@id":"https:\/\/portaltela.pt\/noticias\/2026\/04\/24\/refinaria-de-sines-e-essencial-governo-pode-torna-la-mais-competitiva-diz-ministra\/#breadcrumb"},"inLanguage":"pt-PT","potentialAction":[{"@type":"ReadAction","target":["https:\/\/portaltela.pt\/noticias\/2026\/04\/24\/refinaria-de-sines-e-essencial-governo-pode-torna-la-mais-competitiva-diz-ministra\/"]}]},{"@type":"ImageObject","inLanguage":"pt-PT","@id":"https:\/\/portaltela.pt\/noticias\/2026\/04\/24\/refinaria-de-sines-e-essencial-governo-pode-torna-la-mais-competitiva-diz-ministra\/#primaryimage","url":"https:\/\/portaltela.pt\/s.01k8rhncp4jt1\/2026\/04\/CACHE_780X1200_ANALOG_WATERMARKED_46987543_2202455_24042026111601.jpg","contentUrl":"https:\/\/portaltela.pt\/s.01k8rhncp4jt1\/2026\/04\/CACHE_780X1200_ANALOG_WATERMARKED_46987543_2202455_24042026111601.jpg","width":768,"height":512,"caption":"Refinaria de Sines \u00e9 \u201cessencial\u201d mas Governo s\u00f3 pode ajudar a torn\u00e1-la mais competitiva - ministra"},{"@type":"BreadcrumbList","@id":"https:\/\/portaltela.pt\/noticias\/2026\/04\/24\/refinaria-de-sines-e-essencial-governo-pode-torna-la-mais-competitiva-diz-ministra\/#breadcrumb","itemListElement":[{"@type":"ListItem","position":1,"name":"In\u00edcio","item":"https:\/\/portaltela.pt\/"},{"@type":"ListItem","position":2,"name":"Refinaria de Sines \u00e9 essencial; Governo pode torn\u00e1-la mais competitiva, diz ministra"}]},{"@type":"WebSite","@id":"https:\/\/portaltela.pt\/#website","url":"https:\/\/portaltela.pt\/","name":"Portal Tela Portugal","description":"","potentialAction":[{"@type":"SearchAction","target":{"@type":"EntryPoint","urlTemplate":"https:\/\/portaltela.pt\/?s={search_term_string}"},"query-input":{"@type":"PropertyValueSpecification","valueRequired":true,"valueName":"search_term_string"}}],"inLanguage":"pt-PT"},{"@type":"Person","@id":"https:\/\/portaltela.pt\/#\/schema\/person\/c4278d4a6028830caff9ee44b42d32ed","name":"Telinha","image":{"@type":"ImageObject","inLanguage":"pt-PT","@id":"https:\/\/portaltela.pt\/s.01k8rhncp4jt1\/2025\/11\/talking-bot-125x125.png","url":"https:\/\/portaltela.pt\/s.01k8rhncp4jt1\/2025\/11\/talking-bot-125x125.png","contentUrl":"https:\/\/portaltela.pt\/s.01k8rhncp4jt1\/2025\/11\/talking-bot-125x125.png","caption":"Telinha"},"sameAs":["https:\/\/portaltela.pt\/"],"url":"https:\/\/portaltela.pt\/por\/367410592786\/"}]}},"_links":{"self":[{"href":"https:\/\/portaltela.pt\/api\/wp\/v2\/posts\/457659","targetHints":{"allow":["GET"]}}],"collection":[{"href":"https:\/\/portaltela.pt\/api\/wp\/v2\/posts"}],"about":[{"href":"https:\/\/portaltela.pt\/api\/wp\/v2\/types\/post"}],"author":[{"embeddable":true,"href":"https:\/\/portaltela.pt\/api\/wp\/v2\/users\/2"}],"replies":[{"embeddable":true,"href":"https:\/\/portaltela.pt\/api\/wp\/v2\/comments?post=457659"}],"version-history":[{"count":0,"href":"https:\/\/portaltela.pt\/api\/wp\/v2\/posts\/457659\/revisions"}],"wp:featuredmedia":[{"embeddable":true,"href":"https:\/\/portaltela.pt\/api\/wp\/v2\/media\/457664"}],"wp:attachment":[{"href":"https:\/\/portaltela.pt\/api\/wp\/v2\/media?parent=457659"}],"wp:term":[{"taxonomy":"category","embeddable":true,"href":"https:\/\/portaltela.pt\/api\/wp\/v2\/categories?post=457659"},{"taxonomy":"post_tag","embeddable":true,"href":"https:\/\/portaltela.pt\/api\/wp\/v2\/tags?post=457659"}],"curies":[{"name":"wp","href":"https:\/\/api.w.org\/{rel}","templated":true}]}}