{"id":457658,"date":"2026-04-24T09:33:12","date_gmt":"2026-04-24T12:33:12","guid":{"rendered":"https:\/\/portaltela.pt\/noticias\/2026\/04\/24\/kuwait-reabre-espaco-aereo-pela-primeira-vez-desde-o-inicio-da-guerra-com-o-irao\/"},"modified":"2026-04-24T09:33:12","modified_gmt":"2026-04-24T12:33:12","slug":"kuwait-reabre-espaco-aereo-pela-primeira-vez-desde-o-inicio-da-guerra-com-o-irao","status":"publish","type":"post","link":"https:\/\/portaltela.pt\/noticias\/politica\/2026\/04\/24\/kuwait-reabre-espaco-aereo-pela-primeira-vez-desde-o-inicio-da-guerra-com-o-irao\/","title":{"rendered":"Kuwait reabre espa\u00e7o a\u00e9reo pela primeira vez desde o in\u00edcio da guerra com o Ir\u00e3o"},"content":{"rendered":"<p>O espa\u00e7o a\u00e9reo do Kuwait foi reaberto na noite de 23 de abril, pela primeira vez desde o in\u00edcio do conflito na regi\u00e3o. Os voos comerciais tendem a come\u00e7ar apenas no dia 26 de abril, num plano faseado para retomar o tr\u00e1fego.<\/p>\n<p>A Kuwait Airways e a Jazeera Airways anunciaram a retoma gradual das opera\u00e7\u00f5es a partir do Aeroporto Internacional do Kuwait. O an\u00fancio foi feito pela autoridade de avia\u00e7\u00e3o civil no site da Ag\u00eancia de Not\u00edcias do Kuwait.<\/p>\n<h3>Plano de retoma gradual<\/h3>\n<p>Segundo a autoridade, o objetivo \u00e9 restaurar progressivamente as opera\u00e7\u00f5es, preparando o terreno para o funcionamento pleno do aeroporto nos pr\u00f3ximos tempos. A reabertura parcial permite ainda manuten\u00e7\u00e3o e repara\u00e7\u00e3o de infraestruturas afetadas.<\/p>\n<p>Quase todos os voos devem iniciar a 26 de abril, com a Kuwait Airways a planear voos para cerca de 17 destinos. Destinos anunciados incluem Londres, Istambul, Mumbai, Cairo e Manila. A Jazeera Airways abrir\u00e1 rotas para nove destinos, entre os quais Istambul, Beirute, Damasco, Dubai, Cairo, Am\u00e3, Kochi, Mumbai e Delhi.<\/p>\n<h3>Situa\u00e7\u00e3o das opera\u00e7\u00f5es nacionais<\/h3>\n<p>Ambas as companhias j\u00e1 vinham a operar a partir de Dammam, na Ar\u00e1bia Saudita, devido \u00e0 interrup\u00e7\u00e3o. Continuar\u00e3o a manter alguns voos a partir de Dammam at\u00e9 a normaliza\u00e7\u00e3o das opera\u00e7\u00f5es no Kuwait.<\/p>\n<p>At\u00e9 ao momento, nenhuma outra transportadora confirmou a reinicializa\u00e7\u00e3o de voos para o Kuwait. A reabertura do espa\u00e7o a\u00e9reo surge num contexto regional de altera\u00e7\u00f5es de servi\u00e7os a\u00e9reos, com outros pa\u00edses a ajustarem rotas e hor\u00e1rios.<\/p>\n","protected":false},"excerpt":{"rendered":"<ul>\n<li>O espa\u00e7o a\u00e9reo do Kuwait foi reaberto na quinta-feira, 23 de abril, com voos comerciais agendados para come\u00e7ar no domingo, 26 de abril.<\/li>\n<li>A Kuwait Airways retoma servi\u00e7os para cerca de 17 destinos, incluindo Londres e Istambul; a Jazeera Airways abre rotas para nove destinos, como Dubai e Mumbai.<\/li>\n<li>O restabelecimento \u00e9 gradual para permitir manuten\u00e7\u00e3o ap\u00f3s ataques aos Terminais e aos tanques de combust\u00edvel do aeroporto.<\/li>\n<li>At\u00e9 ao momento, n\u00e3o h\u00e1 an\u00fancios de rein\u00edcio de voos de outras companhias para o Kuwait.<\/li>\n<li>No contexto regional, h\u00e1 aberturas progressivas de espa\u00e7os a\u00e9reos, com Doha e outros a retomar opera\u00e7\u00f5es desde o in\u00edcio do m\u00eas.<\/li>\n<\/ul>\n","protected":false},"author":2,"featured_media":457665,"comment_status":"closed","ping_status":"closed","sticky":false,"template":"","format":"standard","meta":{"footnotes":""},"categories":[6912,5],"tags":[7891,7890,8502,8552,1821,2376],"class_list":["post-457658","post","type-post","status-publish","format-standard","has-post-thumbnail","hentry","category-internacionais","category-politica","tag-_aeronautica","tag-_aeroportos","tag-_aviacao","tag-_avioes","tag-istambul","tag-londres"],"yoast_head":"<!-- This site is optimized with the Yoast SEO plugin v27.2 - https:\/\/yoast.com\/product\/yoast-seo-wordpress\/ -->\n<title>Kuwait reabre espa\u00e7o a\u00e9reo pela primeira vez desde o in\u00edcio da guerra com o Ir\u00e3o - Portal Tela Portugal<\/title>\n<meta name=\"robots\" content=\"index, follow, max-snippet:-1, max-image-preview:large, max-video-preview:-1\" \/>\n<meta property=\"og:locale\" content=\"pt_PT\" \/>\n<meta property=\"og:type\" content=\"article\" \/>\n<meta property=\"og:title\" content=\"Kuwait reabre espa\u00e7o a\u00e9reo pela primeira vez desde o in\u00edcio da guerra com o Ir\u00e3o - Portal Tela Portugal\" \/>\n<meta property=\"og:description\" content=\"O espa\u00e7o a\u00e9reo do Kuwait foi reaberto na quinta-feira, 23 de abril, com voos comerciais agendados para come\u00e7ar no domingo, 26 de abril. A Kuwait Airways retoma servi\u00e7os para cerca de 17 destinos, incluindo Londres e Istambul; a Jazeera Airways abre rotas para nove destinos, como Dubai e Mumbai. O restabelecimento \u00e9 gradual para permitir manuten\u00e7\u00e3o ap\u00f3s ataques aos Terminais e aos tanques de combust\u00edvel do aeroporto. At\u00e9 ao momento, n\u00e3o h\u00e1 an\u00fancios de rein\u00edcio de voos de outras companhias para o Kuwait. No contexto regional, h\u00e1 aberturas progressivas de espa\u00e7os a\u00e9reos, com Doha e outros a retomar opera\u00e7\u00f5es desde o in\u00edcio do m\u00eas.\" \/>\n<meta property=\"og:url\" content=\"https:\/\/portaltela.pt\/noticias\/2026\/04\/24\/kuwait-reabre-espaco-aereo-pela-primeira-vez-desde-o-inicio-da-guerra-com-o-irao\/\" \/>\n<meta property=\"og:site_name\" content=\"Portal Tela Portugal\" \/>\n<meta property=\"article:published_time\" content=\"2026-04-24T12:33:12+00:00\" \/>\n<meta name=\"author\" content=\"Telinha\" \/>\n<meta name=\"twitter:card\" content=\"summary_large_image\" \/>\n<meta name=\"twitter:label1\" content=\"Escrito por\" \/>\n\t<meta name=\"twitter:data1\" content=\"Telinha\" \/>\n\t<meta name=\"twitter:label2\" content=\"Tempo estimado de leitura\" \/>\n\t<meta name=\"twitter:data2\" content=\"1 minuto\" \/>\n<script type=\"application\/ld+json\" class=\"yoast-schema-graph\">{\"@context\":\"https:\/\/schema.org\",\"@graph\":[{\"@type\":\"Article\",\"@id\":\"https:\/\/portaltela.pt\/noticias\/2026\/04\/24\/kuwait-reabre-espaco-aereo-pela-primeira-vez-desde-o-inicio-da-guerra-com-o-irao\/#article\",\"isPartOf\":{\"@id\":\"https:\/\/portaltela.pt\/noticias\/2026\/04\/24\/kuwait-reabre-espaco-aereo-pela-primeira-vez-desde-o-inicio-da-guerra-com-o-irao\/\"},\"author\":{\"name\":\"Telinha\",\"@id\":\"https:\/\/portaltela.pt\/#\/schema\/person\/c4278d4a6028830caff9ee44b42d32ed\"},\"headline\":\"Kuwait reabre espa\u00e7o a\u00e9reo pela primeira vez desde o in\u00edcio da guerra com o Ir\u00e3o\",\"datePublished\":\"2026-04-24T12:33:12+00:00\",\"mainEntityOfPage\":{\"@id\":\"https:\/\/portaltela.pt\/noticias\/2026\/04\/24\/kuwait-reabre-espaco-aereo-pela-primeira-vez-desde-o-inicio-da-guerra-com-o-irao\/\"},\"wordCount\":284,\"image\":{\"@id\":\"https:\/\/portaltela.pt\/noticias\/2026\/04\/24\/kuwait-reabre-espaco-aereo-pela-primeira-vez-desde-o-inicio-da-guerra-com-o-irao\/#primaryimage\"},\"thumbnailUrl\":\"https:\/\/portaltela.pt\/s.01k8rhncp4jt1\/2026\/04\/1536x864_cmsv2_1c1965b8-0196-5f07-a113-108fc647b6a4-9734889.jpg\",\"keywords\":[\"_aeron\u00e1utica\",\"_aeroportos\",\"_avia\u00e7\u00e3o\",\"_avi\u00f5es\",\"Istambul\",\"Londres\"],\"articleSection\":[\"Internacionais\",\"Pol\u00edtica\"],\"inLanguage\":\"pt-PT\"},{\"@type\":\"WebPage\",\"@id\":\"https:\/\/portaltela.pt\/noticias\/2026\/04\/24\/kuwait-reabre-espaco-aereo-pela-primeira-vez-desde-o-inicio-da-guerra-com-o-irao\/\",\"url\":\"https:\/\/portaltela.pt\/noticias\/2026\/04\/24\/kuwait-reabre-espaco-aereo-pela-primeira-vez-desde-o-inicio-da-guerra-com-o-irao\/\",\"name\":\"Kuwait reabre espa\u00e7o a\u00e9reo pela primeira vez desde o in\u00edcio da guerra com o Ir\u00e3o - Portal Tela Portugal\",\"isPartOf\":{\"@id\":\"https:\/\/portaltela.pt\/#website\"},\"primaryImageOfPage\":{\"@id\":\"https:\/\/portaltela.pt\/noticias\/2026\/04\/24\/kuwait-reabre-espaco-aereo-pela-primeira-vez-desde-o-inicio-da-guerra-com-o-irao\/#primaryimage\"},\"image\":{\"@id\":\"https:\/\/portaltela.pt\/noticias\/2026\/04\/24\/kuwait-reabre-espaco-aereo-pela-primeira-vez-desde-o-inicio-da-guerra-com-o-irao\/#primaryimage\"},\"thumbnailUrl\":\"https:\/\/portaltela.pt\/s.01k8rhncp4jt1\/2026\/04\/1536x864_cmsv2_1c1965b8-0196-5f07-a113-108fc647b6a4-9734889.jpg\",\"datePublished\":\"2026-04-24T12:33:12+00:00\",\"author\":{\"@id\":\"https:\/\/portaltela.pt\/#\/schema\/person\/c4278d4a6028830caff9ee44b42d32ed\"},\"breadcrumb\":{\"@id\":\"https:\/\/portaltela.pt\/noticias\/2026\/04\/24\/kuwait-reabre-espaco-aereo-pela-primeira-vez-desde-o-inicio-da-guerra-com-o-irao\/#breadcrumb\"},\"inLanguage\":\"pt-PT\",\"potentialAction\":[{\"@type\":\"ReadAction\",\"target\":[\"https:\/\/portaltela.pt\/noticias\/2026\/04\/24\/kuwait-reabre-espaco-aereo-pela-primeira-vez-desde-o-inicio-da-guerra-com-o-irao\/\"]}]},{\"@type\":\"ImageObject\",\"inLanguage\":\"pt-PT\",\"@id\":\"https:\/\/portaltela.pt\/noticias\/2026\/04\/24\/kuwait-reabre-espaco-aereo-pela-primeira-vez-desde-o-inicio-da-guerra-com-o-irao\/#primaryimage\",\"url\":\"https:\/\/portaltela.pt\/s.01k8rhncp4jt1\/2026\/04\/1536x864_cmsv2_1c1965b8-0196-5f07-a113-108fc647b6a4-9734889.jpg\",\"contentUrl\":\"https:\/\/portaltela.pt\/s.01k8rhncp4jt1\/2026\/04\/1536x864_cmsv2_1c1965b8-0196-5f07-a113-108fc647b6a4-9734889.jpg\",\"width\":1536,\"height\":864,\"caption\":\"A Kuwait Airways retomar\u00e1 os voos a partir do Aeroporto Internacional do Kuwait no domingo, 26 de abril\"},{\"@type\":\"BreadcrumbList\",\"@id\":\"https:\/\/portaltela.pt\/noticias\/2026\/04\/24\/kuwait-reabre-espaco-aereo-pela-primeira-vez-desde-o-inicio-da-guerra-com-o-irao\/#breadcrumb\",\"itemListElement\":[{\"@type\":\"ListItem\",\"position\":1,\"name\":\"In\u00edcio\",\"item\":\"https:\/\/portaltela.pt\/\"},{\"@type\":\"ListItem\",\"position\":2,\"name\":\"Kuwait reabre espa\u00e7o a\u00e9reo pela primeira vez desde o in\u00edcio da guerra com o Ir\u00e3o\"}]},{\"@type\":\"WebSite\",\"@id\":\"https:\/\/portaltela.pt\/#website\",\"url\":\"https:\/\/portaltela.pt\/\",\"name\":\"Portal Tela Portugal\",\"description\":\"\",\"potentialAction\":[{\"@type\":\"SearchAction\",\"target\":{\"@type\":\"EntryPoint\",\"urlTemplate\":\"https:\/\/portaltela.pt\/?s={search_term_string}\"},\"query-input\":{\"@type\":\"PropertyValueSpecification\",\"valueRequired\":true,\"valueName\":\"search_term_string\"}}],\"inLanguage\":\"pt-PT\"},{\"@type\":\"Person\",\"@id\":\"https:\/\/portaltela.pt\/#\/schema\/person\/c4278d4a6028830caff9ee44b42d32ed\",\"name\":\"Telinha\",\"image\":{\"@type\":\"ImageObject\",\"inLanguage\":\"pt-PT\",\"@id\":\"https:\/\/portaltela.pt\/s.01k8rhncp4jt1\/2025\/11\/talking-bot-125x125.png\",\"url\":\"https:\/\/portaltela.pt\/s.01k8rhncp4jt1\/2025\/11\/talking-bot-125x125.png\",\"contentUrl\":\"https:\/\/portaltela.pt\/s.01k8rhncp4jt1\/2025\/11\/talking-bot-125x125.png\",\"caption\":\"Telinha\"},\"sameAs\":[\"https:\/\/portaltela.pt\/\"],\"url\":\"https:\/\/portaltela.pt\/por\/367410592786\/\"}]}<\/script>\n<!-- \/ Yoast SEO plugin. -->","yoast_head_json":{"title":"Kuwait reabre espa\u00e7o a\u00e9reo pela primeira vez desde o in\u00edcio da guerra com o Ir\u00e3o - Portal Tela Portugal","robots":{"index":"index","follow":"follow","max-snippet":"max-snippet:-1","max-image-preview":"max-image-preview:large","max-video-preview":"max-video-preview:-1"},"og_locale":"pt_PT","og_type":"article","og_title":"Kuwait reabre espa\u00e7o a\u00e9reo pela primeira vez desde o in\u00edcio da guerra com o Ir\u00e3o - Portal Tela Portugal","og_description":"O espa\u00e7o a\u00e9reo do Kuwait foi reaberto na quinta-feira, 23 de abril, com voos comerciais agendados para come\u00e7ar no domingo, 26 de abril. A Kuwait Airways retoma servi\u00e7os para cerca de 17 destinos, incluindo Londres e Istambul; a Jazeera Airways abre rotas para nove destinos, como Dubai e Mumbai. O restabelecimento \u00e9 gradual para permitir manuten\u00e7\u00e3o ap\u00f3s ataques aos Terminais e aos tanques de combust\u00edvel do aeroporto. At\u00e9 ao momento, n\u00e3o h\u00e1 an\u00fancios de rein\u00edcio de voos de outras companhias para o Kuwait. No contexto regional, h\u00e1 aberturas progressivas de espa\u00e7os a\u00e9reos, com Doha e outros a retomar opera\u00e7\u00f5es desde o in\u00edcio do m\u00eas.","og_url":"https:\/\/portaltela.pt\/noticias\/2026\/04\/24\/kuwait-reabre-espaco-aereo-pela-primeira-vez-desde-o-inicio-da-guerra-com-o-irao\/","og_site_name":"Portal Tela Portugal","article_published_time":"2026-04-24T12:33:12+00:00","author":"Telinha","twitter_card":"summary_large_image","twitter_misc":{"Escrito por":"Telinha","Tempo estimado de leitura":"1 minuto"},"schema":{"@context":"https:\/\/schema.org","@graph":[{"@type":"Article","@id":"https:\/\/portaltela.pt\/noticias\/2026\/04\/24\/kuwait-reabre-espaco-aereo-pela-primeira-vez-desde-o-inicio-da-guerra-com-o-irao\/#article","isPartOf":{"@id":"https:\/\/portaltela.pt\/noticias\/2026\/04\/24\/kuwait-reabre-espaco-aereo-pela-primeira-vez-desde-o-inicio-da-guerra-com-o-irao\/"},"author":{"name":"Telinha","@id":"https:\/\/portaltela.pt\/#\/schema\/person\/c4278d4a6028830caff9ee44b42d32ed"},"headline":"Kuwait reabre espa\u00e7o a\u00e9reo pela primeira vez desde o in\u00edcio da guerra com o Ir\u00e3o","datePublished":"2026-04-24T12:33:12+00:00","mainEntityOfPage":{"@id":"https:\/\/portaltela.pt\/noticias\/2026\/04\/24\/kuwait-reabre-espaco-aereo-pela-primeira-vez-desde-o-inicio-da-guerra-com-o-irao\/"},"wordCount":284,"image":{"@id":"https:\/\/portaltela.pt\/noticias\/2026\/04\/24\/kuwait-reabre-espaco-aereo-pela-primeira-vez-desde-o-inicio-da-guerra-com-o-irao\/#primaryimage"},"thumbnailUrl":"https:\/\/portaltela.pt\/s.01k8rhncp4jt1\/2026\/04\/1536x864_cmsv2_1c1965b8-0196-5f07-a113-108fc647b6a4-9734889.jpg","keywords":["_aeron\u00e1utica","_aeroportos","_avia\u00e7\u00e3o","_avi\u00f5es","Istambul","Londres"],"articleSection":["Internacionais","Pol\u00edtica"],"inLanguage":"pt-PT"},{"@type":"WebPage","@id":"https:\/\/portaltela.pt\/noticias\/2026\/04\/24\/kuwait-reabre-espaco-aereo-pela-primeira-vez-desde-o-inicio-da-guerra-com-o-irao\/","url":"https:\/\/portaltela.pt\/noticias\/2026\/04\/24\/kuwait-reabre-espaco-aereo-pela-primeira-vez-desde-o-inicio-da-guerra-com-o-irao\/","name":"Kuwait reabre espa\u00e7o a\u00e9reo pela primeira vez desde o in\u00edcio da guerra com o Ir\u00e3o - Portal Tela Portugal","isPartOf":{"@id":"https:\/\/portaltela.pt\/#website"},"primaryImageOfPage":{"@id":"https:\/\/portaltela.pt\/noticias\/2026\/04\/24\/kuwait-reabre-espaco-aereo-pela-primeira-vez-desde-o-inicio-da-guerra-com-o-irao\/#primaryimage"},"image":{"@id":"https:\/\/portaltela.pt\/noticias\/2026\/04\/24\/kuwait-reabre-espaco-aereo-pela-primeira-vez-desde-o-inicio-da-guerra-com-o-irao\/#primaryimage"},"thumbnailUrl":"https:\/\/portaltela.pt\/s.01k8rhncp4jt1\/2026\/04\/1536x864_cmsv2_1c1965b8-0196-5f07-a113-108fc647b6a4-9734889.jpg","datePublished":"2026-04-24T12:33:12+00:00","author":{"@id":"https:\/\/portaltela.pt\/#\/schema\/person\/c4278d4a6028830caff9ee44b42d32ed"},"breadcrumb":{"@id":"https:\/\/portaltela.pt\/noticias\/2026\/04\/24\/kuwait-reabre-espaco-aereo-pela-primeira-vez-desde-o-inicio-da-guerra-com-o-irao\/#breadcrumb"},"inLanguage":"pt-PT","potentialAction":[{"@type":"ReadAction","target":["https:\/\/portaltela.pt\/noticias\/2026\/04\/24\/kuwait-reabre-espaco-aereo-pela-primeira-vez-desde-o-inicio-da-guerra-com-o-irao\/"]}]},{"@type":"ImageObject","inLanguage":"pt-PT","@id":"https:\/\/portaltela.pt\/noticias\/2026\/04\/24\/kuwait-reabre-espaco-aereo-pela-primeira-vez-desde-o-inicio-da-guerra-com-o-irao\/#primaryimage","url":"https:\/\/portaltela.pt\/s.01k8rhncp4jt1\/2026\/04\/1536x864_cmsv2_1c1965b8-0196-5f07-a113-108fc647b6a4-9734889.jpg","contentUrl":"https:\/\/portaltela.pt\/s.01k8rhncp4jt1\/2026\/04\/1536x864_cmsv2_1c1965b8-0196-5f07-a113-108fc647b6a4-9734889.jpg","width":1536,"height":864,"caption":"A Kuwait Airways retomar\u00e1 os voos a partir do Aeroporto Internacional do Kuwait no domingo, 26 de abril"},{"@type":"BreadcrumbList","@id":"https:\/\/portaltela.pt\/noticias\/2026\/04\/24\/kuwait-reabre-espaco-aereo-pela-primeira-vez-desde-o-inicio-da-guerra-com-o-irao\/#breadcrumb","itemListElement":[{"@type":"ListItem","position":1,"name":"In\u00edcio","item":"https:\/\/portaltela.pt\/"},{"@type":"ListItem","position":2,"name":"Kuwait reabre espa\u00e7o a\u00e9reo pela primeira vez desde o in\u00edcio da guerra com o Ir\u00e3o"}]},{"@type":"WebSite","@id":"https:\/\/portaltela.pt\/#website","url":"https:\/\/portaltela.pt\/","name":"Portal Tela Portugal","description":"","potentialAction":[{"@type":"SearchAction","target":{"@type":"EntryPoint","urlTemplate":"https:\/\/portaltela.pt\/?s={search_term_string}"},"query-input":{"@type":"PropertyValueSpecification","valueRequired":true,"valueName":"search_term_string"}}],"inLanguage":"pt-PT"},{"@type":"Person","@id":"https:\/\/portaltela.pt\/#\/schema\/person\/c4278d4a6028830caff9ee44b42d32ed","name":"Telinha","image":{"@type":"ImageObject","inLanguage":"pt-PT","@id":"https:\/\/portaltela.pt\/s.01k8rhncp4jt1\/2025\/11\/talking-bot-125x125.png","url":"https:\/\/portaltela.pt\/s.01k8rhncp4jt1\/2025\/11\/talking-bot-125x125.png","contentUrl":"https:\/\/portaltela.pt\/s.01k8rhncp4jt1\/2025\/11\/talking-bot-125x125.png","caption":"Telinha"},"sameAs":["https:\/\/portaltela.pt\/"],"url":"https:\/\/portaltela.pt\/por\/367410592786\/"}]}},"_links":{"self":[{"href":"https:\/\/portaltela.pt\/api\/wp\/v2\/posts\/457658","targetHints":{"allow":["GET"]}}],"collection":[{"href":"https:\/\/portaltela.pt\/api\/wp\/v2\/posts"}],"about":[{"href":"https:\/\/portaltela.pt\/api\/wp\/v2\/types\/post"}],"author":[{"embeddable":true,"href":"https:\/\/portaltela.pt\/api\/wp\/v2\/users\/2"}],"replies":[{"embeddable":true,"href":"https:\/\/portaltela.pt\/api\/wp\/v2\/comments?post=457658"}],"version-history":[{"count":0,"href":"https:\/\/portaltela.pt\/api\/wp\/v2\/posts\/457658\/revisions"}],"wp:featuredmedia":[{"embeddable":true,"href":"https:\/\/portaltela.pt\/api\/wp\/v2\/media\/457665"}],"wp:attachment":[{"href":"https:\/\/portaltela.pt\/api\/wp\/v2\/media?parent=457658"}],"wp:term":[{"taxonomy":"category","embeddable":true,"href":"https:\/\/portaltela.pt\/api\/wp\/v2\/categories?post=457658"},{"taxonomy":"post_tag","embeddable":true,"href":"https:\/\/portaltela.pt\/api\/wp\/v2\/tags?post=457658"}],"curies":[{"name":"wp","href":"https:\/\/api.w.org\/{rel}","templated":true}]}}