{"id":457600,"date":"2026-04-24T09:03:54","date_gmt":"2026-04-24T12:03:54","guid":{"rendered":"https:\/\/portaltela.pt\/noticias\/2026\/04\/24\/dialogar-planear-e-simplificar-o-essencial-para-o-pais-avancar\/"},"modified":"2026-04-24T09:03:54","modified_gmt":"2026-04-24T12:03:54","slug":"dialogar-planear-e-simplificar-o-essencial-para-o-pais-avancar","status":"publish","type":"post","link":"https:\/\/portaltela.pt\/noticias\/politica\/2026\/04\/24\/dialogar-planear-e-simplificar-o-essencial-para-o-pais-avancar\/","title":{"rendered":"Dialogar, planear e simplificar: o essencial para o pa\u00eds avan\u00e7ar"},"content":{"rendered":"<p>Num momento em que o pa\u00eds terminou um ciclo eleitoral e avan\u00e7ou para fases adicionais, a proposta central \u00e9 enfatizar tr\u00eas din\u00e2micas transformadoras: dialogar, planear e simplificar. A ideia \u00e9 recuperar princ\u00edpios elementares que podem ter impacto estrutural na pol\u00edtica p\u00fablica e na coes\u00e3o social.<\/p>\n<p>O texto defende que o di\u00e1logo n\u00e3o enfraquece a autonomia pol\u00edtico-partid\u00e1ria, antes aumenta a maturidade democr\u00e1tica. A capacidade de construir consensos entre partidos, institui\u00e7\u00f5es, parceiros sociais e cidad\u00e3os \u00e9 apresentada como essencial para estabilidade e previsibilidade.<\/p>\n<p>Longe de propostas disruptivas, o foco \u00e9 planeamento estrat\u00e9gico e simplifica\u00e7\u00e3o administrativa, visando pol\u00edticas p\u00fablicas sustent\u00e1veis em \u00e1reas cr\u00edticas. Refere-se \u00e0 necessidade de decis\u00f5es baseadas em evid\u00eancia e de uma gest\u00e3o de recursos orientada para o longo prazo.<\/p>\n<h3>Di\u00e1logo como pilar central<\/h3>\n<p>O documento sustenta que um pa\u00eds que dialoga ouve-se a si pr\u00f3prio e valoriza a diversidade de perspetivas. A busca de compromissos n\u00e3o belisca a autonomia, defendendo que a tens\u00e3o entre vis\u00f5es diferentes pode gerar pol\u00edticas p\u00fablicas melhores.<\/p>\n<p>Defende-se a reabertura de debate sobre o c\u00f3digo do trabalho e a procura de entendimentos entre partidos para a organiza\u00e7\u00e3o de \u00f3rg\u00e3os externos do Parlamento. A ideia \u00e9 preservar a responsabilidade pol\u00edtica enquanto se dinamiza o debate p\u00fablico.<\/p>\n<h3>Planear como eixo estrat\u00e9gico<\/h3>\n<p>O texto rejeita a ideia de agir apenas por rea\u00e7\u00f5es imediatas. Planeamento estrat\u00e9gico implica antecipar cen\u00e1rios, definir prioridades claras e articular melhor os diferentes n\u00edveis de decis\u00e3o. O objetivo \u00e9 que recursos sejam alocados com base em evid\u00eancia e objetivos de longo prazo.<\/p>\n<p>Sugere-se a elabora\u00e7\u00e3o de relat\u00f3rios s\u00edntese de diagn\u00f3stico e a\u00e7\u00e3o, diferenciando-os de atas para Bruxelas. Promove tamb\u00e9m a participa\u00e7\u00e3o de especialistas e a apresenta\u00e7\u00e3o de cen\u00e1rios desafiantes para preparar o futuro e envolver os cidad\u00e3os.<\/p>\n<h3>Simplificar para acelerar<\/h3>\n<p>A simplifica\u00e7\u00e3o \u00e9 apresentada como prioridade para reduzir a complexidade administrativa que ainda freia o desenvolvimento. Eliminar burocracias, tornar processos transparentes e cortar redund\u00e2ncias s\u00e3o apontados como formas de melhorar efici\u00eancia, justi\u00e7a e competitividade.<\/p>\n<p>Prop\u00f5e-se testar na pr\u00e1tica as inten\u00e7\u00f5es anunciadas, reduzindo prazos de implementa\u00e7\u00e3o de pol\u00edticas e mobilizando a sociedade civil. A ideia \u00e9 que simplifica\u00e7\u00e3o aumente a confian\u00e7a no funcionamento da administra\u00e7\u00e3o p\u00fablica.<\/p>\n<h3>Interdepend\u00eancia e responsabilidade<\/h3>\n<p>O texto sustenta que di\u00e1logo, planeamento e simplifica\u00e7\u00e3o s\u00e3o din\u00e2micas interdependentes. O di\u00e1logo gera melhores planos, o planeamento facilita a simplifica\u00e7\u00e3o e a simplifica\u00e7\u00e3o fortalece a confian\u00e7a necess\u00e1ria ao di\u00e1logo.<\/p>\n<p>Refor\u00e7a ainda que a responsabiliza\u00e7\u00e3o dos actores p\u00fablicos \u00e9 fundamental para transpar\u00eancia, confian\u00e7a e qualidade da a\u00e7\u00e3o p\u00fablica. Institui\u00e7\u00f5es escrutinadas s\u00e3o consideradas mais fortes e cred\u00edveis.<\/p>\n<h3>Contexto e objetivos<\/h3>\n<p>O momento atual \u00e9 descrito como favor\u00e1vel a uma abordagem centrada na consist\u00eancia, abertura e mobiliza\u00e7\u00e3o social. Em vez de reformas ret\u00f3ricas, o documento defende uma atua\u00e7\u00e3o est\u00e1vel que traduza as din\u00e2micas propostas em resultados concretos.<\/p>\n","protected":false},"excerpt":{"rendered":"<ul>\n<li>O texto aponta tr\u00eas din\u00e2micas essenciais para o pa\u00eds avan\u00e7ar: dialogar, planear e simplificar.<\/li>\n<li>Dialogar \u00e9 ouvir a diversidade de perspetivas, construir consensos entre partidos, institui\u00e7\u00f5es, parceiros sociais e cidad\u00e3os, sem p\u00f4r em causa a autonomia pol\u00edtico-partid\u00e1ria.<\/li>\n<li>Planear implica antecipar prioridades, olhar para al\u00e9m das urg\u00eancias e articular melhor os n\u00edveis de decis\u00e3o com base em evid\u00eancia e objetivos de longo prazo.<\/li>\n<li>Simplificar significa reduzir burocracias, tornar processos mais transparentes e r\u00e1pidos, eliminando redund\u00e2ncias para melhorar efici\u00eancia, justi\u00e7a e competitividade.<\/li>\n<li>A responsabiliza\u00e7\u00e3o das institui\u00e7\u00f5es \u00e9 fundamental para transpar\u00eancia e confian\u00e7a, e o momento atual pode favorecer uma abordagem consistente, aberta e mobilizadora.<\/li>\n<\/ul>\n","protected":false},"author":2,"featured_media":457604,"comment_status":"closed","ping_status":"closed","sticky":false,"template":"","format":"standard","meta":{"footnotes":""},"categories":[5,6871],"tags":[168,1323,34,1249,2832,332],"class_list":["post-457600","post","type-post","status-publish","format-standard","has-post-thumbnail","hentry","category-politica","category-sociedade","tag-administracao-publica","tag-coesao-social","tag-governo","tag-participacao","tag-politica","tag-transparencia"],"yoast_head":"<!-- This site is optimized with the Yoast SEO plugin v27.2 - https:\/\/yoast.com\/product\/yoast-seo-wordpress\/ -->\n<title>Dialogar, planear e simplificar: o essencial para o pa\u00eds avan\u00e7ar - Portal Tela Portugal<\/title>\n<meta name=\"robots\" content=\"index, follow, max-snippet:-1, max-image-preview:large, max-video-preview:-1\" \/>\n<meta property=\"og:locale\" content=\"pt_PT\" \/>\n<meta property=\"og:type\" content=\"article\" \/>\n<meta property=\"og:title\" content=\"Dialogar, planear e simplificar: o essencial para o pa\u00eds avan\u00e7ar - Portal Tela Portugal\" \/>\n<meta property=\"og:description\" content=\"O texto aponta tr\u00eas din\u00e2micas essenciais para o pa\u00eds avan\u00e7ar: dialogar, planear e simplificar. Dialogar \u00e9 ouvir a diversidade de perspetivas, construir consensos entre partidos, institui\u00e7\u00f5es, parceiros sociais e cidad\u00e3os, sem p\u00f4r em causa a autonomia pol\u00edtico-partid\u00e1ria. Planear implica antecipar prioridades, olhar para al\u00e9m das urg\u00eancias e articular melhor os n\u00edveis de decis\u00e3o com base em evid\u00eancia e objetivos de longo prazo. Simplificar significa reduzir burocracias, tornar processos mais transparentes e r\u00e1pidos, eliminando redund\u00e2ncias para melhorar efici\u00eancia, justi\u00e7a e competitividade. A responsabiliza\u00e7\u00e3o das institui\u00e7\u00f5es \u00e9 fundamental para transpar\u00eancia e confian\u00e7a, e o momento atual pode favorecer uma abordagem consistente, aberta e mobilizadora.\" \/>\n<meta property=\"og:url\" content=\"https:\/\/portaltela.pt\/noticias\/2026\/04\/24\/dialogar-planear-e-simplificar-o-essencial-para-o-pais-avancar\/\" \/>\n<meta property=\"og:site_name\" content=\"Portal Tela Portugal\" \/>\n<meta property=\"article:published_time\" content=\"2026-04-24T12:03:54+00:00\" \/>\n<meta name=\"author\" content=\"Telinha\" \/>\n<meta name=\"twitter:card\" content=\"summary_large_image\" \/>\n<meta name=\"twitter:label1\" content=\"Escrito por\" \/>\n\t<meta name=\"twitter:data1\" content=\"Telinha\" \/>\n\t<meta name=\"twitter:label2\" content=\"Tempo estimado de leitura\" \/>\n\t<meta name=\"twitter:data2\" content=\"3 minutos\" \/>\n<script type=\"application\/ld+json\" class=\"yoast-schema-graph\">{\"@context\":\"https:\/\/schema.org\",\"@graph\":[{\"@type\":\"Article\",\"@id\":\"https:\/\/portaltela.pt\/noticias\/2026\/04\/24\/dialogar-planear-e-simplificar-o-essencial-para-o-pais-avancar\/#article\",\"isPartOf\":{\"@id\":\"https:\/\/portaltela.pt\/noticias\/2026\/04\/24\/dialogar-planear-e-simplificar-o-essencial-para-o-pais-avancar\/\"},\"author\":{\"name\":\"Telinha\",\"@id\":\"https:\/\/portaltela.pt\/#\/schema\/person\/c4278d4a6028830caff9ee44b42d32ed\"},\"headline\":\"Dialogar, planear e simplificar: o essencial para o pa\u00eds avan\u00e7ar\",\"datePublished\":\"2026-04-24T12:03:54+00:00\",\"mainEntityOfPage\":{\"@id\":\"https:\/\/portaltela.pt\/noticias\/2026\/04\/24\/dialogar-planear-e-simplificar-o-essencial-para-o-pais-avancar\/\"},\"wordCount\":544,\"image\":{\"@id\":\"https:\/\/portaltela.pt\/noticias\/2026\/04\/24\/dialogar-planear-e-simplificar-o-essencial-para-o-pais-avancar\/#primaryimage\"},\"thumbnailUrl\":\"https:\/\/portaltela.pt\/s.01k8rhncp4jt1\/2026\/04\/4bc7e982-4ea4-4cb2-b4cf-b418099ad82b_1200x675.jpg\",\"keywords\":[\"administra\u00e7\u00e3o p\u00fablica\",\"Coes\u00e3o social\",\"governo\",\"participa\u00e7\u00e3o\",\"pol\u00edtica\",\"transpar\u00eancia\"],\"articleSection\":[\"Pol\u00edtica\",\"Sociedade\"],\"inLanguage\":\"pt-PT\"},{\"@type\":\"WebPage\",\"@id\":\"https:\/\/portaltela.pt\/noticias\/2026\/04\/24\/dialogar-planear-e-simplificar-o-essencial-para-o-pais-avancar\/\",\"url\":\"https:\/\/portaltela.pt\/noticias\/2026\/04\/24\/dialogar-planear-e-simplificar-o-essencial-para-o-pais-avancar\/\",\"name\":\"Dialogar, planear e simplificar: o essencial para o pa\u00eds avan\u00e7ar - Portal Tela Portugal\",\"isPartOf\":{\"@id\":\"https:\/\/portaltela.pt\/#website\"},\"primaryImageOfPage\":{\"@id\":\"https:\/\/portaltela.pt\/noticias\/2026\/04\/24\/dialogar-planear-e-simplificar-o-essencial-para-o-pais-avancar\/#primaryimage\"},\"image\":{\"@id\":\"https:\/\/portaltela.pt\/noticias\/2026\/04\/24\/dialogar-planear-e-simplificar-o-essencial-para-o-pais-avancar\/#primaryimage\"},\"thumbnailUrl\":\"https:\/\/portaltela.pt\/s.01k8rhncp4jt1\/2026\/04\/4bc7e982-4ea4-4cb2-b4cf-b418099ad82b_1200x675.jpg\",\"datePublished\":\"2026-04-24T12:03:54+00:00\",\"author\":{\"@id\":\"https:\/\/portaltela.pt\/#\/schema\/person\/c4278d4a6028830caff9ee44b42d32ed\"},\"breadcrumb\":{\"@id\":\"https:\/\/portaltela.pt\/noticias\/2026\/04\/24\/dialogar-planear-e-simplificar-o-essencial-para-o-pais-avancar\/#breadcrumb\"},\"inLanguage\":\"pt-PT\",\"potentialAction\":[{\"@type\":\"ReadAction\",\"target\":[\"https:\/\/portaltela.pt\/noticias\/2026\/04\/24\/dialogar-planear-e-simplificar-o-essencial-para-o-pais-avancar\/\"]}]},{\"@type\":\"ImageObject\",\"inLanguage\":\"pt-PT\",\"@id\":\"https:\/\/portaltela.pt\/noticias\/2026\/04\/24\/dialogar-planear-e-simplificar-o-essencial-para-o-pais-avancar\/#primaryimage\",\"url\":\"https:\/\/portaltela.pt\/s.01k8rhncp4jt1\/2026\/04\/4bc7e982-4ea4-4cb2-b4cf-b418099ad82b_1200x675.jpg\",\"contentUrl\":\"https:\/\/portaltela.pt\/s.01k8rhncp4jt1\/2026\/04\/4bc7e982-4ea4-4cb2-b4cf-b418099ad82b_1200x675.jpg\",\"width\":796,\"height\":448,\"caption\":\"Photo\"},{\"@type\":\"BreadcrumbList\",\"@id\":\"https:\/\/portaltela.pt\/noticias\/2026\/04\/24\/dialogar-planear-e-simplificar-o-essencial-para-o-pais-avancar\/#breadcrumb\",\"itemListElement\":[{\"@type\":\"ListItem\",\"position\":1,\"name\":\"In\u00edcio\",\"item\":\"https:\/\/portaltela.pt\/\"},{\"@type\":\"ListItem\",\"position\":2,\"name\":\"Dialogar, planear e simplificar: o essencial para o pa\u00eds avan\u00e7ar\"}]},{\"@type\":\"WebSite\",\"@id\":\"https:\/\/portaltela.pt\/#website\",\"url\":\"https:\/\/portaltela.pt\/\",\"name\":\"Portal Tela Portugal\",\"description\":\"\",\"potentialAction\":[{\"@type\":\"SearchAction\",\"target\":{\"@type\":\"EntryPoint\",\"urlTemplate\":\"https:\/\/portaltela.pt\/?s={search_term_string}\"},\"query-input\":{\"@type\":\"PropertyValueSpecification\",\"valueRequired\":true,\"valueName\":\"search_term_string\"}}],\"inLanguage\":\"pt-PT\"},{\"@type\":\"Person\",\"@id\":\"https:\/\/portaltela.pt\/#\/schema\/person\/c4278d4a6028830caff9ee44b42d32ed\",\"name\":\"Telinha\",\"image\":{\"@type\":\"ImageObject\",\"inLanguage\":\"pt-PT\",\"@id\":\"https:\/\/portaltela.pt\/s.01k8rhncp4jt1\/2025\/11\/talking-bot-125x125.png\",\"url\":\"https:\/\/portaltela.pt\/s.01k8rhncp4jt1\/2025\/11\/talking-bot-125x125.png\",\"contentUrl\":\"https:\/\/portaltela.pt\/s.01k8rhncp4jt1\/2025\/11\/talking-bot-125x125.png\",\"caption\":\"Telinha\"},\"sameAs\":[\"https:\/\/portaltela.pt\/\"],\"url\":\"https:\/\/portaltela.pt\/por\/367410592786\/\"}]}<\/script>\n<!-- \/ Yoast SEO plugin. -->","yoast_head_json":{"title":"Dialogar, planear e simplificar: o essencial para o pa\u00eds avan\u00e7ar - Portal Tela Portugal","robots":{"index":"index","follow":"follow","max-snippet":"max-snippet:-1","max-image-preview":"max-image-preview:large","max-video-preview":"max-video-preview:-1"},"og_locale":"pt_PT","og_type":"article","og_title":"Dialogar, planear e simplificar: o essencial para o pa\u00eds avan\u00e7ar - Portal Tela Portugal","og_description":"O texto aponta tr\u00eas din\u00e2micas essenciais para o pa\u00eds avan\u00e7ar: dialogar, planear e simplificar. Dialogar \u00e9 ouvir a diversidade de perspetivas, construir consensos entre partidos, institui\u00e7\u00f5es, parceiros sociais e cidad\u00e3os, sem p\u00f4r em causa a autonomia pol\u00edtico-partid\u00e1ria. Planear implica antecipar prioridades, olhar para al\u00e9m das urg\u00eancias e articular melhor os n\u00edveis de decis\u00e3o com base em evid\u00eancia e objetivos de longo prazo. Simplificar significa reduzir burocracias, tornar processos mais transparentes e r\u00e1pidos, eliminando redund\u00e2ncias para melhorar efici\u00eancia, justi\u00e7a e competitividade. A responsabiliza\u00e7\u00e3o das institui\u00e7\u00f5es \u00e9 fundamental para transpar\u00eancia e confian\u00e7a, e o momento atual pode favorecer uma abordagem consistente, aberta e mobilizadora.","og_url":"https:\/\/portaltela.pt\/noticias\/2026\/04\/24\/dialogar-planear-e-simplificar-o-essencial-para-o-pais-avancar\/","og_site_name":"Portal Tela Portugal","article_published_time":"2026-04-24T12:03:54+00:00","author":"Telinha","twitter_card":"summary_large_image","twitter_misc":{"Escrito por":"Telinha","Tempo estimado de leitura":"3 minutos"},"schema":{"@context":"https:\/\/schema.org","@graph":[{"@type":"Article","@id":"https:\/\/portaltela.pt\/noticias\/2026\/04\/24\/dialogar-planear-e-simplificar-o-essencial-para-o-pais-avancar\/#article","isPartOf":{"@id":"https:\/\/portaltela.pt\/noticias\/2026\/04\/24\/dialogar-planear-e-simplificar-o-essencial-para-o-pais-avancar\/"},"author":{"name":"Telinha","@id":"https:\/\/portaltela.pt\/#\/schema\/person\/c4278d4a6028830caff9ee44b42d32ed"},"headline":"Dialogar, planear e simplificar: o essencial para o pa\u00eds avan\u00e7ar","datePublished":"2026-04-24T12:03:54+00:00","mainEntityOfPage":{"@id":"https:\/\/portaltela.pt\/noticias\/2026\/04\/24\/dialogar-planear-e-simplificar-o-essencial-para-o-pais-avancar\/"},"wordCount":544,"image":{"@id":"https:\/\/portaltela.pt\/noticias\/2026\/04\/24\/dialogar-planear-e-simplificar-o-essencial-para-o-pais-avancar\/#primaryimage"},"thumbnailUrl":"https:\/\/portaltela.pt\/s.01k8rhncp4jt1\/2026\/04\/4bc7e982-4ea4-4cb2-b4cf-b418099ad82b_1200x675.jpg","keywords":["administra\u00e7\u00e3o p\u00fablica","Coes\u00e3o social","governo","participa\u00e7\u00e3o","pol\u00edtica","transpar\u00eancia"],"articleSection":["Pol\u00edtica","Sociedade"],"inLanguage":"pt-PT"},{"@type":"WebPage","@id":"https:\/\/portaltela.pt\/noticias\/2026\/04\/24\/dialogar-planear-e-simplificar-o-essencial-para-o-pais-avancar\/","url":"https:\/\/portaltela.pt\/noticias\/2026\/04\/24\/dialogar-planear-e-simplificar-o-essencial-para-o-pais-avancar\/","name":"Dialogar, planear e simplificar: o essencial para o pa\u00eds avan\u00e7ar - Portal Tela Portugal","isPartOf":{"@id":"https:\/\/portaltela.pt\/#website"},"primaryImageOfPage":{"@id":"https:\/\/portaltela.pt\/noticias\/2026\/04\/24\/dialogar-planear-e-simplificar-o-essencial-para-o-pais-avancar\/#primaryimage"},"image":{"@id":"https:\/\/portaltela.pt\/noticias\/2026\/04\/24\/dialogar-planear-e-simplificar-o-essencial-para-o-pais-avancar\/#primaryimage"},"thumbnailUrl":"https:\/\/portaltela.pt\/s.01k8rhncp4jt1\/2026\/04\/4bc7e982-4ea4-4cb2-b4cf-b418099ad82b_1200x675.jpg","datePublished":"2026-04-24T12:03:54+00:00","author":{"@id":"https:\/\/portaltela.pt\/#\/schema\/person\/c4278d4a6028830caff9ee44b42d32ed"},"breadcrumb":{"@id":"https:\/\/portaltela.pt\/noticias\/2026\/04\/24\/dialogar-planear-e-simplificar-o-essencial-para-o-pais-avancar\/#breadcrumb"},"inLanguage":"pt-PT","potentialAction":[{"@type":"ReadAction","target":["https:\/\/portaltela.pt\/noticias\/2026\/04\/24\/dialogar-planear-e-simplificar-o-essencial-para-o-pais-avancar\/"]}]},{"@type":"ImageObject","inLanguage":"pt-PT","@id":"https:\/\/portaltela.pt\/noticias\/2026\/04\/24\/dialogar-planear-e-simplificar-o-essencial-para-o-pais-avancar\/#primaryimage","url":"https:\/\/portaltela.pt\/s.01k8rhncp4jt1\/2026\/04\/4bc7e982-4ea4-4cb2-b4cf-b418099ad82b_1200x675.jpg","contentUrl":"https:\/\/portaltela.pt\/s.01k8rhncp4jt1\/2026\/04\/4bc7e982-4ea4-4cb2-b4cf-b418099ad82b_1200x675.jpg","width":796,"height":448,"caption":"Photo"},{"@type":"BreadcrumbList","@id":"https:\/\/portaltela.pt\/noticias\/2026\/04\/24\/dialogar-planear-e-simplificar-o-essencial-para-o-pais-avancar\/#breadcrumb","itemListElement":[{"@type":"ListItem","position":1,"name":"In\u00edcio","item":"https:\/\/portaltela.pt\/"},{"@type":"ListItem","position":2,"name":"Dialogar, planear e simplificar: o essencial para o pa\u00eds avan\u00e7ar"}]},{"@type":"WebSite","@id":"https:\/\/portaltela.pt\/#website","url":"https:\/\/portaltela.pt\/","name":"Portal Tela Portugal","description":"","potentialAction":[{"@type":"SearchAction","target":{"@type":"EntryPoint","urlTemplate":"https:\/\/portaltela.pt\/?s={search_term_string}"},"query-input":{"@type":"PropertyValueSpecification","valueRequired":true,"valueName":"search_term_string"}}],"inLanguage":"pt-PT"},{"@type":"Person","@id":"https:\/\/portaltela.pt\/#\/schema\/person\/c4278d4a6028830caff9ee44b42d32ed","name":"Telinha","image":{"@type":"ImageObject","inLanguage":"pt-PT","@id":"https:\/\/portaltela.pt\/s.01k8rhncp4jt1\/2025\/11\/talking-bot-125x125.png","url":"https:\/\/portaltela.pt\/s.01k8rhncp4jt1\/2025\/11\/talking-bot-125x125.png","contentUrl":"https:\/\/portaltela.pt\/s.01k8rhncp4jt1\/2025\/11\/talking-bot-125x125.png","caption":"Telinha"},"sameAs":["https:\/\/portaltela.pt\/"],"url":"https:\/\/portaltela.pt\/por\/367410592786\/"}]}},"_links":{"self":[{"href":"https:\/\/portaltela.pt\/api\/wp\/v2\/posts\/457600","targetHints":{"allow":["GET"]}}],"collection":[{"href":"https:\/\/portaltela.pt\/api\/wp\/v2\/posts"}],"about":[{"href":"https:\/\/portaltela.pt\/api\/wp\/v2\/types\/post"}],"author":[{"embeddable":true,"href":"https:\/\/portaltela.pt\/api\/wp\/v2\/users\/2"}],"replies":[{"embeddable":true,"href":"https:\/\/portaltela.pt\/api\/wp\/v2\/comments?post=457600"}],"version-history":[{"count":0,"href":"https:\/\/portaltela.pt\/api\/wp\/v2\/posts\/457600\/revisions"}],"wp:featuredmedia":[{"embeddable":true,"href":"https:\/\/portaltela.pt\/api\/wp\/v2\/media\/457604"}],"wp:attachment":[{"href":"https:\/\/portaltela.pt\/api\/wp\/v2\/media?parent=457600"}],"wp:term":[{"taxonomy":"category","embeddable":true,"href":"https:\/\/portaltela.pt\/api\/wp\/v2\/categories?post=457600"},{"taxonomy":"post_tag","embeddable":true,"href":"https:\/\/portaltela.pt\/api\/wp\/v2\/tags?post=457600"}],"curies":[{"name":"wp","href":"https:\/\/api.w.org\/{rel}","templated":true}]}}