{"id":457586,"date":"2026-04-24T09:03:38","date_gmt":"2026-04-24T12:03:38","guid":{"rendered":"https:\/\/portaltela.pt\/noticias\/2026\/04\/24\/foo-fighters-regressam-com-critica-ao-album-your-favorite-toy-e-discos-essenciais\/"},"modified":"2026-04-24T09:03:38","modified_gmt":"2026-04-24T12:03:38","slug":"foo-fighters-regressam-com-critica-ao-album-your-favorite-toy-e-discos-essenciais","status":"publish","type":"post","link":"https:\/\/portaltela.pt\/musica\/2026\/04\/24\/foo-fighters-regressam-com-critica-ao-album-your-favorite-toy-e-discos-essenciais\/","title":{"rendered":"Foo Fighters regressam com cr\u00edtica ao \u00e1lbum Your Favorite Toy e discos essenciais"},"content":{"rendered":"<p>Os Foo Fighters regressam com o 12.\u00ba \u00e1lbum, intitulado Your Favorite Toy. O lan\u00e7amento chega ap\u00f3s But Here We Are (2023), marcado pela morte de Taylor Hawkins e pela m\u00e3e de Dave Grohl. A banda mant\u00e9m a energia, mas o disco parece menos surpreendente que o anterior.<\/p>\n<p>Your Favorite Toy mostra a banda a soar a novo apenas pela crueza do som, ainda que o esp\u00edrito permanece familiar. O baterista Ilan Rubin (ex-Nine Inch Nails) \u00e9 destaque, especialmente em Spit Shine. O \u00e1lbum tem dura\u00e7\u00e3o curta, perto de 36 minutos.<\/p>\n<p>A abertura devolve o rugido da forma\u00e7\u00e3o original, com riffs potentes emCaught In The Echo e um toque punk em Of All People. No entanto, o lirismo de confiss\u00e3o parece menos certeiro, com versos que soam mais superficiais do que autoan\u00e1lise profunda.<\/p>\n<p>Apesar das pol\u00e9micas que acompanharam a discografia recente, o grupo entrega uma inje\u00e7\u00e3o de energia. Your Favorite Toy funciona como pe\u00e7a de transi\u00e7\u00e3o, \u00fatil para o imediato, mas n\u00e3o garante a mesma longevidade de anteriores.<\/p>\n<h2>\u00c1lbuns essenciais dos Foo Fighters<\/h2>\n<p>A seguir, uma sele\u00e7\u00e3o de \u00e1lbuns que definem a banda, ordenados por relev\u00e2ncia hist\u00f3rica e impacto.<\/p>\n<h3>The Colour And The Shape (1997)<\/h3>\n<p>The Colour And The Shape consolidou o som da banda com riffs ic\u00f3nicos e hinos. \u00c9 o segundo disco e \u00e9 citado como um marco dos anos 90. O equil\u00edbrio entre energia, sentimento e melodia permanece influente.<\/p>\n<h3>There Is Nothing Left To Lose (1999)<\/h3>\n<p>There Is Nothing Left To Lose traz uma vertente mais pop-rock sem perder densidade sonora. Faixas como Learn To Fly e Breakout equilibram o conjunto, mantendo a for\u00e7a das faixas mais roqueiras.<\/p>\n<h3>Wasting Light (2011)<\/h3>\n<p>Wasting Light representa um retorno ao rock mais cru, gravado em formato anal\u00f3gico. Destaques como Rope, White Limo e Walk ganharam aclama\u00e7\u00e3o e renderam nomea\u00e7\u00f5es de Grammy, incluindo \u00c1lbum do Ano.<\/p>\n<h3>Foo Fighters (1995)<\/h3>\n<p>O \u00e1lbum de estreia, embora integrado num projeto quase solo de Grohl, \u00e9 seminal. Mostra a transi\u00e7\u00e3o de Nirvana para os Foo Fighters, com faixas energ\u00e9ticas que sinalizam o novo caminho da banda.<\/p>\n<h3>But Here We Are (2023)<\/h3>\n<p>But Here We Are nasce da dor e da perda de Hawkins, refletindo o luto em can\u00e7\u00f5es de peso emocional. Embora n\u00e3o seja perfeito, destaca-se pela import\u00e2ncia emocional no percurso da banda.<\/p>\n","protected":false},"excerpt":{"rendered":"<ul>\n<li>Foo Fighters lan\u00e7am o 12.\u00ba \u00e1lbum, Your Favorite Toy, ap\u00f3s But Here We Are (2023).<\/li>\n<li>O grupo tem Ilan Rubin (ex-Nine Inch Nails) na bateria, com destaque para Spit Shine.<\/li>\n<li>O disco tenta soar a novidade, mas parece menos surpreendente que o anterior e mant\u00e9m energia intensa.<\/li>\n<li>As letras abordam confiss\u00e3o e auto-flagela\u00e7\u00e3o, em meio \u00e0s pol\u00e9micas recentes sobre Grohl e a sa\u00edda de Josh Freese.<\/li>\n<li>Your Favorite Toy j\u00e1 est\u00e1 dispon\u00edvel, inserindo-se na din\u00e2mica de mais de tr\u00eas d\u00e9cadas de carreira da banda.<\/li>\n<\/ul>\n","protected":false},"author":2,"featured_media":457599,"comment_status":"closed","ping_status":"closed","sticky":false,"template":"","format":"standard","meta":{"footnotes":""},"categories":[6676],"tags":[76,145,6598,122,7908],"class_list":["post-457586","post","type-post","status-publish","format-standard","has-post-thumbnail","hentry","category-musica","tag-celebridades","tag-cultura","tag-entretenimento","tag-musica","tag-musica-internacional"],"yoast_head":"<!-- This site is optimized with the Yoast SEO plugin v27.2 - https:\/\/yoast.com\/product\/yoast-seo-wordpress\/ -->\n<title>Foo Fighters regressam com cr\u00edtica ao \u00e1lbum Your Favorite Toy e discos essenciais - Portal Tela Portugal<\/title>\n<meta name=\"robots\" content=\"index, follow, max-snippet:-1, max-image-preview:large, max-video-preview:-1\" \/>\n<meta property=\"og:locale\" content=\"pt_PT\" \/>\n<meta property=\"og:type\" content=\"article\" \/>\n<meta property=\"og:title\" content=\"Foo Fighters regressam com cr\u00edtica ao \u00e1lbum Your Favorite Toy e discos essenciais - Portal Tela Portugal\" \/>\n<meta property=\"og:description\" content=\"Foo Fighters lan\u00e7am o 12.\u00ba \u00e1lbum, Your Favorite Toy, ap\u00f3s But Here We Are (2023). O grupo tem Ilan Rubin (ex-Nine Inch Nails) na bateria, com destaque para Spit Shine. O disco tenta soar a novidade, mas parece menos surpreendente que o anterior e mant\u00e9m energia intensa. As letras abordam confiss\u00e3o e auto-flagela\u00e7\u00e3o, em meio \u00e0s pol\u00e9micas recentes sobre Grohl e a sa\u00edda de Josh Freese. Your Favorite Toy j\u00e1 est\u00e1 dispon\u00edvel, inserindo-se na din\u00e2mica de mais de tr\u00eas d\u00e9cadas de carreira da banda.\" \/>\n<meta property=\"og:url\" content=\"https:\/\/portaltela.pt\/noticias\/2026\/04\/24\/foo-fighters-regressam-com-critica-ao-album-your-favorite-toy-e-discos-essenciais\/\" \/>\n<meta property=\"og:site_name\" content=\"Portal Tela Portugal\" \/>\n<meta property=\"article:published_time\" content=\"2026-04-24T12:03:38+00:00\" \/>\n<meta name=\"author\" content=\"Telinha\" \/>\n<meta name=\"twitter:card\" content=\"summary_large_image\" \/>\n<meta name=\"twitter:label1\" content=\"Escrito por\" \/>\n\t<meta name=\"twitter:data1\" content=\"Telinha\" \/>\n\t<meta name=\"twitter:label2\" content=\"Tempo estimado de leitura\" \/>\n\t<meta name=\"twitter:data2\" content=\"2 minutos\" \/>\n<script type=\"application\/ld+json\" class=\"yoast-schema-graph\">{\"@context\":\"https:\/\/schema.org\",\"@graph\":[{\"@type\":\"Article\",\"@id\":\"https:\/\/portaltela.pt\/noticias\/2026\/04\/24\/foo-fighters-regressam-com-critica-ao-album-your-favorite-toy-e-discos-essenciais\/#article\",\"isPartOf\":{\"@id\":\"https:\/\/portaltela.pt\/noticias\/2026\/04\/24\/foo-fighters-regressam-com-critica-ao-album-your-favorite-toy-e-discos-essenciais\/\"},\"author\":{\"name\":\"Telinha\",\"@id\":\"https:\/\/portaltela.pt\/#\/schema\/person\/c4278d4a6028830caff9ee44b42d32ed\"},\"headline\":\"Foo Fighters regressam com cr\u00edtica ao \u00e1lbum Your Favorite Toy e discos essenciais\",\"datePublished\":\"2026-04-24T12:03:38+00:00\",\"mainEntityOfPage\":{\"@id\":\"https:\/\/portaltela.pt\/noticias\/2026\/04\/24\/foo-fighters-regressam-com-critica-ao-album-your-favorite-toy-e-discos-essenciais\/\"},\"wordCount\":406,\"image\":{\"@id\":\"https:\/\/portaltela.pt\/noticias\/2026\/04\/24\/foo-fighters-regressam-com-critica-ao-album-your-favorite-toy-e-discos-essenciais\/#primaryimage\"},\"thumbnailUrl\":\"https:\/\/portaltela.pt\/s.01k8rhncp4jt1\/2026\/04\/1536x864_cmsv2_3d15df9f-5064-5f02-bbbe-eedaead41733-9734565.jpg\",\"keywords\":[\"celebridades\",\"cultura\",\"entretenimento\",\"m\u00fasica\",\"m\u00fasica internacional\"],\"articleSection\":[\"M\u00fasica\"],\"inLanguage\":\"pt-PT\"},{\"@type\":\"WebPage\",\"@id\":\"https:\/\/portaltela.pt\/noticias\/2026\/04\/24\/foo-fighters-regressam-com-critica-ao-album-your-favorite-toy-e-discos-essenciais\/\",\"url\":\"https:\/\/portaltela.pt\/noticias\/2026\/04\/24\/foo-fighters-regressam-com-critica-ao-album-your-favorite-toy-e-discos-essenciais\/\",\"name\":\"Foo Fighters regressam com cr\u00edtica ao \u00e1lbum Your Favorite Toy e discos essenciais - Portal Tela Portugal\",\"isPartOf\":{\"@id\":\"https:\/\/portaltela.pt\/#website\"},\"primaryImageOfPage\":{\"@id\":\"https:\/\/portaltela.pt\/noticias\/2026\/04\/24\/foo-fighters-regressam-com-critica-ao-album-your-favorite-toy-e-discos-essenciais\/#primaryimage\"},\"image\":{\"@id\":\"https:\/\/portaltela.pt\/noticias\/2026\/04\/24\/foo-fighters-regressam-com-critica-ao-album-your-favorite-toy-e-discos-essenciais\/#primaryimage\"},\"thumbnailUrl\":\"https:\/\/portaltela.pt\/s.01k8rhncp4jt1\/2026\/04\/1536x864_cmsv2_3d15df9f-5064-5f02-bbbe-eedaead41733-9734565.jpg\",\"datePublished\":\"2026-04-24T12:03:38+00:00\",\"author\":{\"@id\":\"https:\/\/portaltela.pt\/#\/schema\/person\/c4278d4a6028830caff9ee44b42d32ed\"},\"breadcrumb\":{\"@id\":\"https:\/\/portaltela.pt\/noticias\/2026\/04\/24\/foo-fighters-regressam-com-critica-ao-album-your-favorite-toy-e-discos-essenciais\/#breadcrumb\"},\"inLanguage\":\"pt-PT\",\"potentialAction\":[{\"@type\":\"ReadAction\",\"target\":[\"https:\/\/portaltela.pt\/noticias\/2026\/04\/24\/foo-fighters-regressam-com-critica-ao-album-your-favorite-toy-e-discos-essenciais\/\"]}]},{\"@type\":\"ImageObject\",\"inLanguage\":\"pt-PT\",\"@id\":\"https:\/\/portaltela.pt\/noticias\/2026\/04\/24\/foo-fighters-regressam-com-critica-ao-album-your-favorite-toy-e-discos-essenciais\/#primaryimage\",\"url\":\"https:\/\/portaltela.pt\/s.01k8rhncp4jt1\/2026\/04\/1536x864_cmsv2_3d15df9f-5064-5f02-bbbe-eedaead41733-9734565.jpg\",\"contentUrl\":\"https:\/\/portaltela.pt\/s.01k8rhncp4jt1\/2026\/04\/1536x864_cmsv2_3d15df9f-5064-5f02-bbbe-eedaead41733-9734565.jpg\",\"width\":796,\"height\":448,\"caption\":\"Veredicto da Euronews Culture sobre 'Your Favorite Toy' dos Foo Fighters: discos essenciais a ter\"},{\"@type\":\"BreadcrumbList\",\"@id\":\"https:\/\/portaltela.pt\/noticias\/2026\/04\/24\/foo-fighters-regressam-com-critica-ao-album-your-favorite-toy-e-discos-essenciais\/#breadcrumb\",\"itemListElement\":[{\"@type\":\"ListItem\",\"position\":1,\"name\":\"In\u00edcio\",\"item\":\"https:\/\/portaltela.pt\/\"},{\"@type\":\"ListItem\",\"position\":2,\"name\":\"Foo Fighters regressam com cr\u00edtica ao \u00e1lbum Your Favorite Toy e discos essenciais\"}]},{\"@type\":\"WebSite\",\"@id\":\"https:\/\/portaltela.pt\/#website\",\"url\":\"https:\/\/portaltela.pt\/\",\"name\":\"Portal Tela Portugal\",\"description\":\"\",\"potentialAction\":[{\"@type\":\"SearchAction\",\"target\":{\"@type\":\"EntryPoint\",\"urlTemplate\":\"https:\/\/portaltela.pt\/?s={search_term_string}\"},\"query-input\":{\"@type\":\"PropertyValueSpecification\",\"valueRequired\":true,\"valueName\":\"search_term_string\"}}],\"inLanguage\":\"pt-PT\"},{\"@type\":\"Person\",\"@id\":\"https:\/\/portaltela.pt\/#\/schema\/person\/c4278d4a6028830caff9ee44b42d32ed\",\"name\":\"Telinha\",\"image\":{\"@type\":\"ImageObject\",\"inLanguage\":\"pt-PT\",\"@id\":\"https:\/\/portaltela.pt\/s.01k8rhncp4jt1\/2025\/11\/talking-bot-125x125.png\",\"url\":\"https:\/\/portaltela.pt\/s.01k8rhncp4jt1\/2025\/11\/talking-bot-125x125.png\",\"contentUrl\":\"https:\/\/portaltela.pt\/s.01k8rhncp4jt1\/2025\/11\/talking-bot-125x125.png\",\"caption\":\"Telinha\"},\"sameAs\":[\"https:\/\/portaltela.pt\/\"],\"url\":\"https:\/\/portaltela.pt\/por\/367410592786\/\"}]}<\/script>\n<!-- \/ Yoast SEO plugin. -->","yoast_head_json":{"title":"Foo Fighters regressam com cr\u00edtica ao \u00e1lbum Your Favorite Toy e discos essenciais - Portal Tela Portugal","robots":{"index":"index","follow":"follow","max-snippet":"max-snippet:-1","max-image-preview":"max-image-preview:large","max-video-preview":"max-video-preview:-1"},"og_locale":"pt_PT","og_type":"article","og_title":"Foo Fighters regressam com cr\u00edtica ao \u00e1lbum Your Favorite Toy e discos essenciais - Portal Tela Portugal","og_description":"Foo Fighters lan\u00e7am o 12.\u00ba \u00e1lbum, Your Favorite Toy, ap\u00f3s But Here We Are (2023). O grupo tem Ilan Rubin (ex-Nine Inch Nails) na bateria, com destaque para Spit Shine. O disco tenta soar a novidade, mas parece menos surpreendente que o anterior e mant\u00e9m energia intensa. As letras abordam confiss\u00e3o e auto-flagela\u00e7\u00e3o, em meio \u00e0s pol\u00e9micas recentes sobre Grohl e a sa\u00edda de Josh Freese. Your Favorite Toy j\u00e1 est\u00e1 dispon\u00edvel, inserindo-se na din\u00e2mica de mais de tr\u00eas d\u00e9cadas de carreira da banda.","og_url":"https:\/\/portaltela.pt\/noticias\/2026\/04\/24\/foo-fighters-regressam-com-critica-ao-album-your-favorite-toy-e-discos-essenciais\/","og_site_name":"Portal Tela Portugal","article_published_time":"2026-04-24T12:03:38+00:00","author":"Telinha","twitter_card":"summary_large_image","twitter_misc":{"Escrito por":"Telinha","Tempo estimado de leitura":"2 minutos"},"schema":{"@context":"https:\/\/schema.org","@graph":[{"@type":"Article","@id":"https:\/\/portaltela.pt\/noticias\/2026\/04\/24\/foo-fighters-regressam-com-critica-ao-album-your-favorite-toy-e-discos-essenciais\/#article","isPartOf":{"@id":"https:\/\/portaltela.pt\/noticias\/2026\/04\/24\/foo-fighters-regressam-com-critica-ao-album-your-favorite-toy-e-discos-essenciais\/"},"author":{"name":"Telinha","@id":"https:\/\/portaltela.pt\/#\/schema\/person\/c4278d4a6028830caff9ee44b42d32ed"},"headline":"Foo Fighters regressam com cr\u00edtica ao \u00e1lbum Your Favorite Toy e discos essenciais","datePublished":"2026-04-24T12:03:38+00:00","mainEntityOfPage":{"@id":"https:\/\/portaltela.pt\/noticias\/2026\/04\/24\/foo-fighters-regressam-com-critica-ao-album-your-favorite-toy-e-discos-essenciais\/"},"wordCount":406,"image":{"@id":"https:\/\/portaltela.pt\/noticias\/2026\/04\/24\/foo-fighters-regressam-com-critica-ao-album-your-favorite-toy-e-discos-essenciais\/#primaryimage"},"thumbnailUrl":"https:\/\/portaltela.pt\/s.01k8rhncp4jt1\/2026\/04\/1536x864_cmsv2_3d15df9f-5064-5f02-bbbe-eedaead41733-9734565.jpg","keywords":["celebridades","cultura","entretenimento","m\u00fasica","m\u00fasica internacional"],"articleSection":["M\u00fasica"],"inLanguage":"pt-PT"},{"@type":"WebPage","@id":"https:\/\/portaltela.pt\/noticias\/2026\/04\/24\/foo-fighters-regressam-com-critica-ao-album-your-favorite-toy-e-discos-essenciais\/","url":"https:\/\/portaltela.pt\/noticias\/2026\/04\/24\/foo-fighters-regressam-com-critica-ao-album-your-favorite-toy-e-discos-essenciais\/","name":"Foo Fighters regressam com cr\u00edtica ao \u00e1lbum Your Favorite Toy e discos essenciais - Portal Tela Portugal","isPartOf":{"@id":"https:\/\/portaltela.pt\/#website"},"primaryImageOfPage":{"@id":"https:\/\/portaltela.pt\/noticias\/2026\/04\/24\/foo-fighters-regressam-com-critica-ao-album-your-favorite-toy-e-discos-essenciais\/#primaryimage"},"image":{"@id":"https:\/\/portaltela.pt\/noticias\/2026\/04\/24\/foo-fighters-regressam-com-critica-ao-album-your-favorite-toy-e-discos-essenciais\/#primaryimage"},"thumbnailUrl":"https:\/\/portaltela.pt\/s.01k8rhncp4jt1\/2026\/04\/1536x864_cmsv2_3d15df9f-5064-5f02-bbbe-eedaead41733-9734565.jpg","datePublished":"2026-04-24T12:03:38+00:00","author":{"@id":"https:\/\/portaltela.pt\/#\/schema\/person\/c4278d4a6028830caff9ee44b42d32ed"},"breadcrumb":{"@id":"https:\/\/portaltela.pt\/noticias\/2026\/04\/24\/foo-fighters-regressam-com-critica-ao-album-your-favorite-toy-e-discos-essenciais\/#breadcrumb"},"inLanguage":"pt-PT","potentialAction":[{"@type":"ReadAction","target":["https:\/\/portaltela.pt\/noticias\/2026\/04\/24\/foo-fighters-regressam-com-critica-ao-album-your-favorite-toy-e-discos-essenciais\/"]}]},{"@type":"ImageObject","inLanguage":"pt-PT","@id":"https:\/\/portaltela.pt\/noticias\/2026\/04\/24\/foo-fighters-regressam-com-critica-ao-album-your-favorite-toy-e-discos-essenciais\/#primaryimage","url":"https:\/\/portaltela.pt\/s.01k8rhncp4jt1\/2026\/04\/1536x864_cmsv2_3d15df9f-5064-5f02-bbbe-eedaead41733-9734565.jpg","contentUrl":"https:\/\/portaltela.pt\/s.01k8rhncp4jt1\/2026\/04\/1536x864_cmsv2_3d15df9f-5064-5f02-bbbe-eedaead41733-9734565.jpg","width":796,"height":448,"caption":"Veredicto da Euronews Culture sobre 'Your Favorite Toy' dos Foo Fighters: discos essenciais a ter"},{"@type":"BreadcrumbList","@id":"https:\/\/portaltela.pt\/noticias\/2026\/04\/24\/foo-fighters-regressam-com-critica-ao-album-your-favorite-toy-e-discos-essenciais\/#breadcrumb","itemListElement":[{"@type":"ListItem","position":1,"name":"In\u00edcio","item":"https:\/\/portaltela.pt\/"},{"@type":"ListItem","position":2,"name":"Foo Fighters regressam com cr\u00edtica ao \u00e1lbum Your Favorite Toy e discos essenciais"}]},{"@type":"WebSite","@id":"https:\/\/portaltela.pt\/#website","url":"https:\/\/portaltela.pt\/","name":"Portal Tela Portugal","description":"","potentialAction":[{"@type":"SearchAction","target":{"@type":"EntryPoint","urlTemplate":"https:\/\/portaltela.pt\/?s={search_term_string}"},"query-input":{"@type":"PropertyValueSpecification","valueRequired":true,"valueName":"search_term_string"}}],"inLanguage":"pt-PT"},{"@type":"Person","@id":"https:\/\/portaltela.pt\/#\/schema\/person\/c4278d4a6028830caff9ee44b42d32ed","name":"Telinha","image":{"@type":"ImageObject","inLanguage":"pt-PT","@id":"https:\/\/portaltela.pt\/s.01k8rhncp4jt1\/2025\/11\/talking-bot-125x125.png","url":"https:\/\/portaltela.pt\/s.01k8rhncp4jt1\/2025\/11\/talking-bot-125x125.png","contentUrl":"https:\/\/portaltela.pt\/s.01k8rhncp4jt1\/2025\/11\/talking-bot-125x125.png","caption":"Telinha"},"sameAs":["https:\/\/portaltela.pt\/"],"url":"https:\/\/portaltela.pt\/por\/367410592786\/"}]}},"_links":{"self":[{"href":"https:\/\/portaltela.pt\/api\/wp\/v2\/posts\/457586","targetHints":{"allow":["GET"]}}],"collection":[{"href":"https:\/\/portaltela.pt\/api\/wp\/v2\/posts"}],"about":[{"href":"https:\/\/portaltela.pt\/api\/wp\/v2\/types\/post"}],"author":[{"embeddable":true,"href":"https:\/\/portaltela.pt\/api\/wp\/v2\/users\/2"}],"replies":[{"embeddable":true,"href":"https:\/\/portaltela.pt\/api\/wp\/v2\/comments?post=457586"}],"version-history":[{"count":0,"href":"https:\/\/portaltela.pt\/api\/wp\/v2\/posts\/457586\/revisions"}],"wp:featuredmedia":[{"embeddable":true,"href":"https:\/\/portaltela.pt\/api\/wp\/v2\/media\/457599"}],"wp:attachment":[{"href":"https:\/\/portaltela.pt\/api\/wp\/v2\/media?parent=457586"}],"wp:term":[{"taxonomy":"category","embeddable":true,"href":"https:\/\/portaltela.pt\/api\/wp\/v2\/categories?post=457586"},{"taxonomy":"post_tag","embeddable":true,"href":"https:\/\/portaltela.pt\/api\/wp\/v2\/tags?post=457586"}],"curies":[{"name":"wp","href":"https:\/\/api.w.org\/{rel}","templated":true}]}}