{"id":457575,"date":"2026-04-24T08:48:35","date_gmt":"2026-04-24T11:48:35","guid":{"rendered":"https:\/\/portaltela.pt\/noticias\/2026\/04\/24\/benfica-precisa-de-vencer-na-luz-para-manter-objetivos-em-aberto\/"},"modified":"2026-04-24T08:48:35","modified_gmt":"2026-04-24T11:48:35","slug":"benfica-precisa-de-vencer-na-luz-para-manter-objetivos-em-aberto","status":"publish","type":"post","link":"https:\/\/portaltela.pt\/desporto\/futebol\/2026\/04\/24\/benfica-precisa-de-vencer-na-luz-para-manter-objetivos-em-aberto\/","title":{"rendered":"Benfica precisa de vencer na Luz para manter objetivos em aberto"},"content":{"rendered":"<p>O Moreirense enfrenta o Benfica no Est\u00e1dio da Luz neste s\u00e1bado, \u00e0s 18h, em partida da jornada em quest\u00e3o. A equipa viajar\u00e1 com o objetivo de surpreender o advers\u00e1rio, apesar do obst\u00e1culo que representa enfrentar um conjunto de elite. A an\u00e1lise do treinador Vasco Botelho da Costa aponta para um desafio exigente, com o Benfica sob press\u00e3o para manter os objetivos em aberto.<\/p>\n<p>O t\u00e9cnico destaca a qualidade do plantel encarnado, com extremos que jogam por dentro, laterais que avan\u00e7am e m\u00e9dios que desequilibram. A equipa de Jorge Mendes, perd\u00e3o, Jos\u00e9 Mourinho \u2014 corrigiremos: Benfica \u2014 \u00e9 vista como poderosa e capaz de v\u00e1rias caracter\u00edsticas t\u00e1ticas. A prepara\u00e7\u00e3o passa por defender bem, manter solidariedade e explorar o momento certo para atacar.<\/p>\n<p>O Moreirense tem como tra\u00e7o marcante a juventude e a ambi\u00e7\u00e3o, com hist\u00f3rico de dificuldades frente a clubes do topo. O grupo trabalha para manter o foco no processo, aprendendo com cada desafio e buscando resultados concretos nas pr\u00f3ximas partidas. A equipa reconhece a necessidade de manter equil\u00edbrio interno para evoluir.<\/p>\n<p>Dificuldades esperadas s\u00e3o antecipadas pelo treinador: o Benfica entra em casa, com est\u00e1dio cheio, e com sete dias de prepara\u00e7\u00e3o para o encontro, o que aumenta o n\u00edvel de exig\u00eancia. O advers\u00e1rio \u00e9 descrito como estrat\u00e9gico, capaz de pressionar rapidamente, especialmente ao recuperar a bola.<\/p>\n<p>Os objetivos para a temporada passam por terminar o campeonato mais acima poss\u00edvel na tabela. O foco atual n\u00e3o \u00e9 nos tr\u00eas duelos seguintes, mas no desafio com o Benfica. A gest\u00e3o de les\u00f5es e suspens\u00f5es obriga a mudan\u00e7as, com o clube a procurar solu\u00e7\u00f5es que mantenham a equipa competitiva e preparada para o que surgir.<\/p>\n","protected":false},"excerpt":{"rendered":"<ul>\n<li>O Moreirense joga no Est\u00e1dio da Luz este s\u00e1bado \u00e0s 18h frente ao Benfica, com o objetivo de surpreender.<\/li>\n<li>Vasco Botelho da Costa admite que ser\u00e1 muito dif\u00edcil e que o Benfica entra em campo sem press\u00e3o adicional, apenas com a motiva\u00e7\u00e3o de manter os objetivos em aberto.<\/li>\n<li>O treinador real\u00e7a a qualidade do plantel do Benfica, com extremos que jogam por dentro, laterais que se projetam e m\u00e9dios desequilibradores, e alerta para muitos momentos de defesa do seu grupo.<\/li>\n<li>Benfica aparece motivado, com est\u00e1dio cheio e sete dias para preparar o jogo, o que exige muita aten\u00e7\u00e3o e uma atua\u00e7\u00e3o s\u00f3lida por parte do Moreirense.<\/li>\n<li>Em face de les\u00f5es e castigos, o grupo procura solu\u00e7\u00f5es e aposta no processo, refor\u00e7ando a responsabilidade dos jogadores e a aprendizagem para alcan\u00e7ar pontos.<\/li>\n<\/ul>\n","protected":false},"author":2,"featured_media":457580,"comment_status":"closed","ping_status":"closed","sticky":false,"template":"","format":"standard","meta":{"footnotes":""},"categories":[21,24],"tags":[4059,1946,152,6220,32],"class_list":["post-457575","post","type-post","status-publish","format-standard","has-post-thumbnail","hentry","category-desporto","category-futebol","tag-1-a-liga","tag-benfica","tag-desporto","tag-desporto-federado","tag-futebol"],"yoast_head":"<!-- This site is optimized with the Yoast SEO plugin v27.2 - https:\/\/yoast.com\/product\/yoast-seo-wordpress\/ -->\n<title>Benfica precisa de vencer na Luz para manter objetivos em aberto - Portal Tela Portugal<\/title>\n<meta name=\"robots\" content=\"index, follow, max-snippet:-1, max-image-preview:large, max-video-preview:-1\" \/>\n<meta property=\"og:locale\" content=\"pt_PT\" \/>\n<meta property=\"og:type\" content=\"article\" \/>\n<meta property=\"og:title\" content=\"Benfica precisa de vencer na Luz para manter objetivos em aberto - Portal Tela Portugal\" \/>\n<meta property=\"og:description\" content=\"O Moreirense joga no Est\u00e1dio da Luz este s\u00e1bado \u00e0s 18h frente ao Benfica, com o objetivo de surpreender. Vasco Botelho da Costa admite que ser\u00e1 muito dif\u00edcil e que o Benfica entra em campo sem press\u00e3o adicional, apenas com a motiva\u00e7\u00e3o de manter os objetivos em aberto. O treinador real\u00e7a a qualidade do plantel do Benfica, com extremos que jogam por dentro, laterais que se projetam e m\u00e9dios desequilibradores, e alerta para muitos momentos de defesa do seu grupo. Benfica aparece motivado, com est\u00e1dio cheio e sete dias para preparar o jogo, o que exige muita aten\u00e7\u00e3o e uma atua\u00e7\u00e3o s\u00f3lida por parte do Moreirense. Em face de les\u00f5es e castigos, o grupo procura solu\u00e7\u00f5es e aposta no processo, refor\u00e7ando a responsabilidade dos jogadores e a aprendizagem para alcan\u00e7ar pontos.\" \/>\n<meta property=\"og:url\" content=\"https:\/\/portaltela.pt\/noticias\/2026\/04\/24\/benfica-precisa-de-vencer-na-luz-para-manter-objetivos-em-aberto\/\" \/>\n<meta property=\"og:site_name\" content=\"Portal Tela Portugal\" \/>\n<meta property=\"article:published_time\" content=\"2026-04-24T11:48:35+00:00\" \/>\n<meta name=\"author\" content=\"Telinha\" \/>\n<meta name=\"twitter:card\" content=\"summary_large_image\" \/>\n<meta name=\"twitter:label1\" content=\"Escrito por\" \/>\n\t<meta name=\"twitter:data1\" content=\"Telinha\" \/>\n\t<meta name=\"twitter:label2\" content=\"Tempo estimado de leitura\" \/>\n\t<meta name=\"twitter:data2\" content=\"2 minutos\" \/>\n<script type=\"application\/ld+json\" class=\"yoast-schema-graph\">{\"@context\":\"https:\/\/schema.org\",\"@graph\":[{\"@type\":\"Article\",\"@id\":\"https:\/\/portaltela.pt\/noticias\/2026\/04\/24\/benfica-precisa-de-vencer-na-luz-para-manter-objetivos-em-aberto\/#article\",\"isPartOf\":{\"@id\":\"https:\/\/portaltela.pt\/noticias\/2026\/04\/24\/benfica-precisa-de-vencer-na-luz-para-manter-objetivos-em-aberto\/\"},\"author\":{\"name\":\"Telinha\",\"@id\":\"https:\/\/portaltela.pt\/#\/schema\/person\/c4278d4a6028830caff9ee44b42d32ed\"},\"headline\":\"Benfica precisa de vencer na Luz para manter objetivos em aberto\",\"datePublished\":\"2026-04-24T11:48:35+00:00\",\"mainEntityOfPage\":{\"@id\":\"https:\/\/portaltela.pt\/noticias\/2026\/04\/24\/benfica-precisa-de-vencer-na-luz-para-manter-objetivos-em-aberto\/\"},\"wordCount\":314,\"image\":{\"@id\":\"https:\/\/portaltela.pt\/noticias\/2026\/04\/24\/benfica-precisa-de-vencer-na-luz-para-manter-objetivos-em-aberto\/#primaryimage\"},\"thumbnailUrl\":\"https:\/\/portaltela.pt\/s.01k8rhncp4jt1\/2026\/04\/img_920x518uu2026-04-04-20-56-53-2431147-1.jpg\",\"keywords\":[\"1.\u00aa Liga\",\"Benfica\",\"desporto\",\"Desporto Federado\",\"futebol\"],\"articleSection\":[\"Desporto\",\"Futebol\"],\"inLanguage\":\"pt-PT\"},{\"@type\":\"WebPage\",\"@id\":\"https:\/\/portaltela.pt\/noticias\/2026\/04\/24\/benfica-precisa-de-vencer-na-luz-para-manter-objetivos-em-aberto\/\",\"url\":\"https:\/\/portaltela.pt\/noticias\/2026\/04\/24\/benfica-precisa-de-vencer-na-luz-para-manter-objetivos-em-aberto\/\",\"name\":\"Benfica precisa de vencer na Luz para manter objetivos em aberto - Portal Tela Portugal\",\"isPartOf\":{\"@id\":\"https:\/\/portaltela.pt\/#website\"},\"primaryImageOfPage\":{\"@id\":\"https:\/\/portaltela.pt\/noticias\/2026\/04\/24\/benfica-precisa-de-vencer-na-luz-para-manter-objetivos-em-aberto\/#primaryimage\"},\"image\":{\"@id\":\"https:\/\/portaltela.pt\/noticias\/2026\/04\/24\/benfica-precisa-de-vencer-na-luz-para-manter-objetivos-em-aberto\/#primaryimage\"},\"thumbnailUrl\":\"https:\/\/portaltela.pt\/s.01k8rhncp4jt1\/2026\/04\/img_920x518uu2026-04-04-20-56-53-2431147-1.jpg\",\"datePublished\":\"2026-04-24T11:48:35+00:00\",\"author\":{\"@id\":\"https:\/\/portaltela.pt\/#\/schema\/person\/c4278d4a6028830caff9ee44b42d32ed\"},\"breadcrumb\":{\"@id\":\"https:\/\/portaltela.pt\/noticias\/2026\/04\/24\/benfica-precisa-de-vencer-na-luz-para-manter-objetivos-em-aberto\/#breadcrumb\"},\"inLanguage\":\"pt-PT\",\"potentialAction\":[{\"@type\":\"ReadAction\",\"target\":[\"https:\/\/portaltela.pt\/noticias\/2026\/04\/24\/benfica-precisa-de-vencer-na-luz-para-manter-objetivos-em-aberto\/\"]}]},{\"@type\":\"ImageObject\",\"inLanguage\":\"pt-PT\",\"@id\":\"https:\/\/portaltela.pt\/noticias\/2026\/04\/24\/benfica-precisa-de-vencer-na-luz-para-manter-objetivos-em-aberto\/#primaryimage\",\"url\":\"https:\/\/portaltela.pt\/s.01k8rhncp4jt1\/2026\/04\/img_920x518uu2026-04-04-20-56-53-2431147-1.jpg\",\"contentUrl\":\"https:\/\/portaltela.pt\/s.01k8rhncp4jt1\/2026\/04\/img_920x518uu2026-04-04-20-56-53-2431147-1.jpg\",\"width\":796,\"height\":448,\"caption\":\"Vasco Botelho da Costa, treinador do Moreirense\"},{\"@type\":\"BreadcrumbList\",\"@id\":\"https:\/\/portaltela.pt\/noticias\/2026\/04\/24\/benfica-precisa-de-vencer-na-luz-para-manter-objetivos-em-aberto\/#breadcrumb\",\"itemListElement\":[{\"@type\":\"ListItem\",\"position\":1,\"name\":\"In\u00edcio\",\"item\":\"https:\/\/portaltela.pt\/\"},{\"@type\":\"ListItem\",\"position\":2,\"name\":\"Benfica precisa de vencer na Luz para manter objetivos em aberto\"}]},{\"@type\":\"WebSite\",\"@id\":\"https:\/\/portaltela.pt\/#website\",\"url\":\"https:\/\/portaltela.pt\/\",\"name\":\"Portal Tela Portugal\",\"description\":\"\",\"potentialAction\":[{\"@type\":\"SearchAction\",\"target\":{\"@type\":\"EntryPoint\",\"urlTemplate\":\"https:\/\/portaltela.pt\/?s={search_term_string}\"},\"query-input\":{\"@type\":\"PropertyValueSpecification\",\"valueRequired\":true,\"valueName\":\"search_term_string\"}}],\"inLanguage\":\"pt-PT\"},{\"@type\":\"Person\",\"@id\":\"https:\/\/portaltela.pt\/#\/schema\/person\/c4278d4a6028830caff9ee44b42d32ed\",\"name\":\"Telinha\",\"image\":{\"@type\":\"ImageObject\",\"inLanguage\":\"pt-PT\",\"@id\":\"https:\/\/portaltela.pt\/s.01k8rhncp4jt1\/2025\/11\/talking-bot-125x125.png\",\"url\":\"https:\/\/portaltela.pt\/s.01k8rhncp4jt1\/2025\/11\/talking-bot-125x125.png\",\"contentUrl\":\"https:\/\/portaltela.pt\/s.01k8rhncp4jt1\/2025\/11\/talking-bot-125x125.png\",\"caption\":\"Telinha\"},\"sameAs\":[\"https:\/\/portaltela.pt\/\"],\"url\":\"https:\/\/portaltela.pt\/por\/367410592786\/\"}]}<\/script>\n<!-- \/ Yoast SEO plugin. -->","yoast_head_json":{"title":"Benfica precisa de vencer na Luz para manter objetivos em aberto - Portal Tela Portugal","robots":{"index":"index","follow":"follow","max-snippet":"max-snippet:-1","max-image-preview":"max-image-preview:large","max-video-preview":"max-video-preview:-1"},"og_locale":"pt_PT","og_type":"article","og_title":"Benfica precisa de vencer na Luz para manter objetivos em aberto - Portal Tela Portugal","og_description":"O Moreirense joga no Est\u00e1dio da Luz este s\u00e1bado \u00e0s 18h frente ao Benfica, com o objetivo de surpreender. Vasco Botelho da Costa admite que ser\u00e1 muito dif\u00edcil e que o Benfica entra em campo sem press\u00e3o adicional, apenas com a motiva\u00e7\u00e3o de manter os objetivos em aberto. O treinador real\u00e7a a qualidade do plantel do Benfica, com extremos que jogam por dentro, laterais que se projetam e m\u00e9dios desequilibradores, e alerta para muitos momentos de defesa do seu grupo. Benfica aparece motivado, com est\u00e1dio cheio e sete dias para preparar o jogo, o que exige muita aten\u00e7\u00e3o e uma atua\u00e7\u00e3o s\u00f3lida por parte do Moreirense. Em face de les\u00f5es e castigos, o grupo procura solu\u00e7\u00f5es e aposta no processo, refor\u00e7ando a responsabilidade dos jogadores e a aprendizagem para alcan\u00e7ar pontos.","og_url":"https:\/\/portaltela.pt\/noticias\/2026\/04\/24\/benfica-precisa-de-vencer-na-luz-para-manter-objetivos-em-aberto\/","og_site_name":"Portal Tela Portugal","article_published_time":"2026-04-24T11:48:35+00:00","author":"Telinha","twitter_card":"summary_large_image","twitter_misc":{"Escrito por":"Telinha","Tempo estimado de leitura":"2 minutos"},"schema":{"@context":"https:\/\/schema.org","@graph":[{"@type":"Article","@id":"https:\/\/portaltela.pt\/noticias\/2026\/04\/24\/benfica-precisa-de-vencer-na-luz-para-manter-objetivos-em-aberto\/#article","isPartOf":{"@id":"https:\/\/portaltela.pt\/noticias\/2026\/04\/24\/benfica-precisa-de-vencer-na-luz-para-manter-objetivos-em-aberto\/"},"author":{"name":"Telinha","@id":"https:\/\/portaltela.pt\/#\/schema\/person\/c4278d4a6028830caff9ee44b42d32ed"},"headline":"Benfica precisa de vencer na Luz para manter objetivos em aberto","datePublished":"2026-04-24T11:48:35+00:00","mainEntityOfPage":{"@id":"https:\/\/portaltela.pt\/noticias\/2026\/04\/24\/benfica-precisa-de-vencer-na-luz-para-manter-objetivos-em-aberto\/"},"wordCount":314,"image":{"@id":"https:\/\/portaltela.pt\/noticias\/2026\/04\/24\/benfica-precisa-de-vencer-na-luz-para-manter-objetivos-em-aberto\/#primaryimage"},"thumbnailUrl":"https:\/\/portaltela.pt\/s.01k8rhncp4jt1\/2026\/04\/img_920x518uu2026-04-04-20-56-53-2431147-1.jpg","keywords":["1.\u00aa Liga","Benfica","desporto","Desporto Federado","futebol"],"articleSection":["Desporto","Futebol"],"inLanguage":"pt-PT"},{"@type":"WebPage","@id":"https:\/\/portaltela.pt\/noticias\/2026\/04\/24\/benfica-precisa-de-vencer-na-luz-para-manter-objetivos-em-aberto\/","url":"https:\/\/portaltela.pt\/noticias\/2026\/04\/24\/benfica-precisa-de-vencer-na-luz-para-manter-objetivos-em-aberto\/","name":"Benfica precisa de vencer na Luz para manter objetivos em aberto - Portal Tela Portugal","isPartOf":{"@id":"https:\/\/portaltela.pt\/#website"},"primaryImageOfPage":{"@id":"https:\/\/portaltela.pt\/noticias\/2026\/04\/24\/benfica-precisa-de-vencer-na-luz-para-manter-objetivos-em-aberto\/#primaryimage"},"image":{"@id":"https:\/\/portaltela.pt\/noticias\/2026\/04\/24\/benfica-precisa-de-vencer-na-luz-para-manter-objetivos-em-aberto\/#primaryimage"},"thumbnailUrl":"https:\/\/portaltela.pt\/s.01k8rhncp4jt1\/2026\/04\/img_920x518uu2026-04-04-20-56-53-2431147-1.jpg","datePublished":"2026-04-24T11:48:35+00:00","author":{"@id":"https:\/\/portaltela.pt\/#\/schema\/person\/c4278d4a6028830caff9ee44b42d32ed"},"breadcrumb":{"@id":"https:\/\/portaltela.pt\/noticias\/2026\/04\/24\/benfica-precisa-de-vencer-na-luz-para-manter-objetivos-em-aberto\/#breadcrumb"},"inLanguage":"pt-PT","potentialAction":[{"@type":"ReadAction","target":["https:\/\/portaltela.pt\/noticias\/2026\/04\/24\/benfica-precisa-de-vencer-na-luz-para-manter-objetivos-em-aberto\/"]}]},{"@type":"ImageObject","inLanguage":"pt-PT","@id":"https:\/\/portaltela.pt\/noticias\/2026\/04\/24\/benfica-precisa-de-vencer-na-luz-para-manter-objetivos-em-aberto\/#primaryimage","url":"https:\/\/portaltela.pt\/s.01k8rhncp4jt1\/2026\/04\/img_920x518uu2026-04-04-20-56-53-2431147-1.jpg","contentUrl":"https:\/\/portaltela.pt\/s.01k8rhncp4jt1\/2026\/04\/img_920x518uu2026-04-04-20-56-53-2431147-1.jpg","width":796,"height":448,"caption":"Vasco Botelho da Costa, treinador do Moreirense"},{"@type":"BreadcrumbList","@id":"https:\/\/portaltela.pt\/noticias\/2026\/04\/24\/benfica-precisa-de-vencer-na-luz-para-manter-objetivos-em-aberto\/#breadcrumb","itemListElement":[{"@type":"ListItem","position":1,"name":"In\u00edcio","item":"https:\/\/portaltela.pt\/"},{"@type":"ListItem","position":2,"name":"Benfica precisa de vencer na Luz para manter objetivos em aberto"}]},{"@type":"WebSite","@id":"https:\/\/portaltela.pt\/#website","url":"https:\/\/portaltela.pt\/","name":"Portal Tela Portugal","description":"","potentialAction":[{"@type":"SearchAction","target":{"@type":"EntryPoint","urlTemplate":"https:\/\/portaltela.pt\/?s={search_term_string}"},"query-input":{"@type":"PropertyValueSpecification","valueRequired":true,"valueName":"search_term_string"}}],"inLanguage":"pt-PT"},{"@type":"Person","@id":"https:\/\/portaltela.pt\/#\/schema\/person\/c4278d4a6028830caff9ee44b42d32ed","name":"Telinha","image":{"@type":"ImageObject","inLanguage":"pt-PT","@id":"https:\/\/portaltela.pt\/s.01k8rhncp4jt1\/2025\/11\/talking-bot-125x125.png","url":"https:\/\/portaltela.pt\/s.01k8rhncp4jt1\/2025\/11\/talking-bot-125x125.png","contentUrl":"https:\/\/portaltela.pt\/s.01k8rhncp4jt1\/2025\/11\/talking-bot-125x125.png","caption":"Telinha"},"sameAs":["https:\/\/portaltela.pt\/"],"url":"https:\/\/portaltela.pt\/por\/367410592786\/"}]}},"_links":{"self":[{"href":"https:\/\/portaltela.pt\/api\/wp\/v2\/posts\/457575","targetHints":{"allow":["GET"]}}],"collection":[{"href":"https:\/\/portaltela.pt\/api\/wp\/v2\/posts"}],"about":[{"href":"https:\/\/portaltela.pt\/api\/wp\/v2\/types\/post"}],"author":[{"embeddable":true,"href":"https:\/\/portaltela.pt\/api\/wp\/v2\/users\/2"}],"replies":[{"embeddable":true,"href":"https:\/\/portaltela.pt\/api\/wp\/v2\/comments?post=457575"}],"version-history":[{"count":0,"href":"https:\/\/portaltela.pt\/api\/wp\/v2\/posts\/457575\/revisions"}],"wp:featuredmedia":[{"embeddable":true,"href":"https:\/\/portaltela.pt\/api\/wp\/v2\/media\/457580"}],"wp:attachment":[{"href":"https:\/\/portaltela.pt\/api\/wp\/v2\/media?parent=457575"}],"wp:term":[{"taxonomy":"category","embeddable":true,"href":"https:\/\/portaltela.pt\/api\/wp\/v2\/categories?post=457575"},{"taxonomy":"post_tag","embeddable":true,"href":"https:\/\/portaltela.pt\/api\/wp\/v2\/tags?post=457575"}],"curies":[{"name":"wp","href":"https:\/\/api.w.org\/{rel}","templated":true}]}}