{"id":457524,"date":"2026-04-24T08:33:16","date_gmt":"2026-04-24T11:33:16","guid":{"rendered":"https:\/\/portaltela.pt\/noticias\/2026\/04\/24\/acores-disponibiliza-apoio-tecnico-para-comunidades-de-energia\/"},"modified":"2026-04-24T08:33:16","modified_gmt":"2026-04-24T11:33:16","slug":"acores-disponibiliza-apoio-tecnico-para-comunidades-de-energia","status":"publish","type":"post","link":"https:\/\/portaltela.pt\/energia\/2026\/04\/24\/acores-disponibiliza-apoio-tecnico-para-comunidades-de-energia\/","title":{"rendered":"A\u00e7ores disponibiliza apoio t\u00e9cnico para comunidades de energia"},"content":{"rendered":"<p>A\u00e7ores v\u00e3o receber apoio t\u00e9cnico para promover comunidades de energia renov\u00e1vel, no \u00e2mbito do projeto NESOIPlus. A iniciativa envolve a Secretaria Regional do Turismo, Mobilidade e Infraestruturas e aposta na participa\u00e7\u00e3o de entidades p\u00fablicas e privadas.<\/p>\n<p>O Governo Regional anunciou um financiamento previsto de cerca de 117 mil euros para as a\u00e7\u00f5es previstas nos A\u00e7ores. A convocat\u00f3ria est\u00e1 aberta e decorre at\u00e9 26 de junho de 2026.<\/p>\n<p>NESOIPlus, cofinanciado pelo LIFE e pela CINEA, visa apoiar regi\u00f5es ultraperif\u00e9ricas enfrentando o isolamento geogr\u00e1fico. O objetivo \u00e9 fortalecer solu\u00e7\u00f5es energ\u00e9ticas mais sustent\u00e1veis e inclusivas nos A\u00e7ores, Can\u00e1rias e Martinica.<\/p>\n<h3>O que muda para os A\u00e7ores<\/h3>\n<p>A assist\u00eancia t\u00e9cnica dispon\u00edvel cobre estrutura\u00e7\u00e3o, identifica\u00e7\u00e3o de fontes de financiamento e implementa\u00e7\u00e3o de iniciativas, com foco nas comunidades de energia renov\u00e1vel.<\/p>\n<h3>Quem est\u00e1 envolvido<\/h3>\n<p>O Governo dos A\u00e7ores (PSD\/CDS-PP\/PPM) \u00e9 parceiro do projeto, que envolve entidades p\u00fablicas e privadas da regi\u00e3o, bem como parceiros das Can\u00e1rias e Martinica.<\/p>\n<h3>Como candidatar-se<\/h3>\n<p>As propostas devem ser submetidas na plataforma oficial do NESOIPlus, onde constam crit\u00e9rios de elegibilidade e apoio dispon\u00edvel aos promotores.<\/p>\n","protected":false},"excerpt":{"rendered":"<ul>\n<li>A Secretaria Regional do Turismo, Mobilidade e Infraestruturas abriu a primeira convocat\u00f3ria do NESOIPlus, para apoio t\u00e9cnico a projetos de energia sustent\u00e1vel nos A\u00e7ores, com foco em comunidades de energia renov\u00e1vel.<\/li>\n<li>O financiamento previsto para os A\u00e7ores \u00e9 de cerca de 117 mil euros, destinado \u00e0 execu\u00e7\u00e3o das a\u00e7\u00f5es previstas pelo projeto.<\/li>\n<li>A iniciativa envolve entidades p\u00fablicas e privadas dos A\u00e7ores, Can\u00e1rias e Martinica, com o Governo Regional dos A\u00e7ores como parceiro.<\/li>\n<li>O NESOIPlus, cofinanciado pelo LIFE, tem dura\u00e7\u00e3o de 36 meses e decorre at\u00e9 agosto de 2028, oferecendo assist\u00eancia t\u00e9cnica e apoio estrat\u00e9gico nas fases de estrutura\u00e7\u00e3o, identifica\u00e7\u00e3o de financiamento e implementa\u00e7\u00e3o.<\/li>\n<li>As candidaturas devem ser submetidas at\u00e9 26 de junho de 2026, atrav\u00e9s da plataforma oficial do NESOIPlus, com informa\u00e7\u00f5es sobre elegibilidade e processo de candidatura.<\/li>\n<\/ul>\n","protected":false},"author":2,"featured_media":457530,"comment_status":"closed","ping_status":"closed","sticky":false,"template":"","format":"standard","meta":{"footnotes":""},"categories":[6806],"tags":[8118,8369,8475,7775,8051,4702],"class_list":["post-457524","post","type-post","status-publish","format-standard","has-post-thumbnail","hentry","category-energia","tag-_acores","tag-_apoio-energetico","tag-_comunidade","tag-_energia","tag-_energias-renovaveis","tag-life-assistencia-tecnica"],"yoast_head":"<!-- This site is optimized with the Yoast SEO plugin v27.2 - https:\/\/yoast.com\/product\/yoast-seo-wordpress\/ -->\n<title>A\u00e7ores disponibiliza apoio t\u00e9cnico para comunidades de energia - Portal Tela Portugal<\/title>\n<meta name=\"robots\" content=\"index, follow, max-snippet:-1, max-image-preview:large, max-video-preview:-1\" \/>\n<meta property=\"og:locale\" content=\"pt_PT\" \/>\n<meta property=\"og:type\" content=\"article\" \/>\n<meta property=\"og:title\" content=\"A\u00e7ores disponibiliza apoio t\u00e9cnico para comunidades de energia - Portal Tela Portugal\" \/>\n<meta property=\"og:description\" content=\"A Secretaria Regional do Turismo, Mobilidade e Infraestruturas abriu a primeira convocat\u00f3ria do NESOIPlus, para apoio t\u00e9cnico a projetos de energia sustent\u00e1vel nos A\u00e7ores, com foco em comunidades de energia renov\u00e1vel. O financiamento previsto para os A\u00e7ores \u00e9 de cerca de 117 mil euros, destinado \u00e0 execu\u00e7\u00e3o das a\u00e7\u00f5es previstas pelo projeto. A iniciativa envolve entidades p\u00fablicas e privadas dos A\u00e7ores, Can\u00e1rias e Martinica, com o Governo Regional dos A\u00e7ores como parceiro. O NESOIPlus, cofinanciado pelo LIFE, tem dura\u00e7\u00e3o de 36 meses e decorre at\u00e9 agosto de 2028, oferecendo assist\u00eancia t\u00e9cnica e apoio estrat\u00e9gico nas fases de estrutura\u00e7\u00e3o, identifica\u00e7\u00e3o de financiamento e implementa\u00e7\u00e3o. As candidaturas devem ser submetidas at\u00e9 26 de junho de 2026, atrav\u00e9s da plataforma oficial do NESOIPlus, com informa\u00e7\u00f5es sobre elegibilidade e processo de candidatura.\" \/>\n<meta property=\"og:url\" content=\"https:\/\/portaltela.pt\/noticias\/2026\/04\/24\/acores-disponibiliza-apoio-tecnico-para-comunidades-de-energia\/\" \/>\n<meta property=\"og:site_name\" content=\"Portal Tela Portugal\" \/>\n<meta property=\"article:published_time\" content=\"2026-04-24T11:33:16+00:00\" \/>\n<meta name=\"author\" content=\"Telinha\" \/>\n<meta name=\"twitter:card\" content=\"summary_large_image\" \/>\n<meta name=\"twitter:label1\" content=\"Escrito por\" \/>\n\t<meta name=\"twitter:data1\" content=\"Telinha\" \/>\n\t<meta name=\"twitter:label2\" content=\"Tempo estimado de leitura\" \/>\n\t<meta name=\"twitter:data2\" content=\"1 minuto\" \/>\n<script type=\"application\/ld+json\" class=\"yoast-schema-graph\">{\"@context\":\"https:\/\/schema.org\",\"@graph\":[{\"@type\":\"Article\",\"@id\":\"https:\/\/portaltela.pt\/noticias\/2026\/04\/24\/acores-disponibiliza-apoio-tecnico-para-comunidades-de-energia\/#article\",\"isPartOf\":{\"@id\":\"https:\/\/portaltela.pt\/noticias\/2026\/04\/24\/acores-disponibiliza-apoio-tecnico-para-comunidades-de-energia\/\"},\"author\":{\"name\":\"Telinha\",\"@id\":\"https:\/\/portaltela.pt\/#\/schema\/person\/c4278d4a6028830caff9ee44b42d32ed\"},\"headline\":\"A\u00e7ores disponibiliza apoio t\u00e9cnico para comunidades de energia\",\"datePublished\":\"2026-04-24T11:33:16+00:00\",\"mainEntityOfPage\":{\"@id\":\"https:\/\/portaltela.pt\/noticias\/2026\/04\/24\/acores-disponibiliza-apoio-tecnico-para-comunidades-de-energia\/\"},\"wordCount\":212,\"image\":{\"@id\":\"https:\/\/portaltela.pt\/noticias\/2026\/04\/24\/acores-disponibiliza-apoio-tecnico-para-comunidades-de-energia\/#primaryimage\"},\"thumbnailUrl\":\"https:\/\/portaltela.pt\/s.01k8rhncp4jt1\/2026\/04\/img_1500x1000uu2020-02-13-20-43-54-924581.jpg\",\"keywords\":[\"_A\u00e7ores\",\"_apoio energ\u00e9tico\",\"_comunidade\",\"_energia\",\"_energias renov\u00e1veis\",\"LIFE \u2013 Assist\u00eancia T\u00e9cnica\"],\"articleSection\":[\"Energia\"],\"inLanguage\":\"pt-PT\"},{\"@type\":\"WebPage\",\"@id\":\"https:\/\/portaltela.pt\/noticias\/2026\/04\/24\/acores-disponibiliza-apoio-tecnico-para-comunidades-de-energia\/\",\"url\":\"https:\/\/portaltela.pt\/noticias\/2026\/04\/24\/acores-disponibiliza-apoio-tecnico-para-comunidades-de-energia\/\",\"name\":\"A\u00e7ores disponibiliza apoio t\u00e9cnico para comunidades de energia - Portal Tela Portugal\",\"isPartOf\":{\"@id\":\"https:\/\/portaltela.pt\/#website\"},\"primaryImageOfPage\":{\"@id\":\"https:\/\/portaltela.pt\/noticias\/2026\/04\/24\/acores-disponibiliza-apoio-tecnico-para-comunidades-de-energia\/#primaryimage\"},\"image\":{\"@id\":\"https:\/\/portaltela.pt\/noticias\/2026\/04\/24\/acores-disponibiliza-apoio-tecnico-para-comunidades-de-energia\/#primaryimage\"},\"thumbnailUrl\":\"https:\/\/portaltela.pt\/s.01k8rhncp4jt1\/2026\/04\/img_1500x1000uu2020-02-13-20-43-54-924581.jpg\",\"datePublished\":\"2026-04-24T11:33:16+00:00\",\"author\":{\"@id\":\"https:\/\/portaltela.pt\/#\/schema\/person\/c4278d4a6028830caff9ee44b42d32ed\"},\"breadcrumb\":{\"@id\":\"https:\/\/portaltela.pt\/noticias\/2026\/04\/24\/acores-disponibiliza-apoio-tecnico-para-comunidades-de-energia\/#breadcrumb\"},\"inLanguage\":\"pt-PT\",\"potentialAction\":[{\"@type\":\"ReadAction\",\"target\":[\"https:\/\/portaltela.pt\/noticias\/2026\/04\/24\/acores-disponibiliza-apoio-tecnico-para-comunidades-de-energia\/\"]}]},{\"@type\":\"ImageObject\",\"inLanguage\":\"pt-PT\",\"@id\":\"https:\/\/portaltela.pt\/noticias\/2026\/04\/24\/acores-disponibiliza-apoio-tecnico-para-comunidades-de-energia\/#primaryimage\",\"url\":\"https:\/\/portaltela.pt\/s.01k8rhncp4jt1\/2026\/04\/img_1500x1000uu2020-02-13-20-43-54-924581.jpg\",\"contentUrl\":\"https:\/\/portaltela.pt\/s.01k8rhncp4jt1\/2026\/04\/img_1500x1000uu2020-02-13-20-43-54-924581.jpg\",\"width\":796,\"height\":448,\"caption\":\"Ilha de S\u00e3o Miguel, A\u00e7ores\"},{\"@type\":\"BreadcrumbList\",\"@id\":\"https:\/\/portaltela.pt\/noticias\/2026\/04\/24\/acores-disponibiliza-apoio-tecnico-para-comunidades-de-energia\/#breadcrumb\",\"itemListElement\":[{\"@type\":\"ListItem\",\"position\":1,\"name\":\"In\u00edcio\",\"item\":\"https:\/\/portaltela.pt\/\"},{\"@type\":\"ListItem\",\"position\":2,\"name\":\"A\u00e7ores disponibiliza apoio t\u00e9cnico para comunidades de energia\"}]},{\"@type\":\"WebSite\",\"@id\":\"https:\/\/portaltela.pt\/#website\",\"url\":\"https:\/\/portaltela.pt\/\",\"name\":\"Portal Tela Portugal\",\"description\":\"\",\"potentialAction\":[{\"@type\":\"SearchAction\",\"target\":{\"@type\":\"EntryPoint\",\"urlTemplate\":\"https:\/\/portaltela.pt\/?s={search_term_string}\"},\"query-input\":{\"@type\":\"PropertyValueSpecification\",\"valueRequired\":true,\"valueName\":\"search_term_string\"}}],\"inLanguage\":\"pt-PT\"},{\"@type\":\"Person\",\"@id\":\"https:\/\/portaltela.pt\/#\/schema\/person\/c4278d4a6028830caff9ee44b42d32ed\",\"name\":\"Telinha\",\"image\":{\"@type\":\"ImageObject\",\"inLanguage\":\"pt-PT\",\"@id\":\"https:\/\/portaltela.pt\/s.01k8rhncp4jt1\/2025\/11\/talking-bot-125x125.png\",\"url\":\"https:\/\/portaltela.pt\/s.01k8rhncp4jt1\/2025\/11\/talking-bot-125x125.png\",\"contentUrl\":\"https:\/\/portaltela.pt\/s.01k8rhncp4jt1\/2025\/11\/talking-bot-125x125.png\",\"caption\":\"Telinha\"},\"sameAs\":[\"https:\/\/portaltela.pt\/\"],\"url\":\"https:\/\/portaltela.pt\/por\/367410592786\/\"}]}<\/script>\n<!-- \/ Yoast SEO plugin. -->","yoast_head_json":{"title":"A\u00e7ores disponibiliza apoio t\u00e9cnico para comunidades de energia - Portal Tela Portugal","robots":{"index":"index","follow":"follow","max-snippet":"max-snippet:-1","max-image-preview":"max-image-preview:large","max-video-preview":"max-video-preview:-1"},"og_locale":"pt_PT","og_type":"article","og_title":"A\u00e7ores disponibiliza apoio t\u00e9cnico para comunidades de energia - Portal Tela Portugal","og_description":"A Secretaria Regional do Turismo, Mobilidade e Infraestruturas abriu a primeira convocat\u00f3ria do NESOIPlus, para apoio t\u00e9cnico a projetos de energia sustent\u00e1vel nos A\u00e7ores, com foco em comunidades de energia renov\u00e1vel. O financiamento previsto para os A\u00e7ores \u00e9 de cerca de 117 mil euros, destinado \u00e0 execu\u00e7\u00e3o das a\u00e7\u00f5es previstas pelo projeto. A iniciativa envolve entidades p\u00fablicas e privadas dos A\u00e7ores, Can\u00e1rias e Martinica, com o Governo Regional dos A\u00e7ores como parceiro. O NESOIPlus, cofinanciado pelo LIFE, tem dura\u00e7\u00e3o de 36 meses e decorre at\u00e9 agosto de 2028, oferecendo assist\u00eancia t\u00e9cnica e apoio estrat\u00e9gico nas fases de estrutura\u00e7\u00e3o, identifica\u00e7\u00e3o de financiamento e implementa\u00e7\u00e3o. As candidaturas devem ser submetidas at\u00e9 26 de junho de 2026, atrav\u00e9s da plataforma oficial do NESOIPlus, com informa\u00e7\u00f5es sobre elegibilidade e processo de candidatura.","og_url":"https:\/\/portaltela.pt\/noticias\/2026\/04\/24\/acores-disponibiliza-apoio-tecnico-para-comunidades-de-energia\/","og_site_name":"Portal Tela Portugal","article_published_time":"2026-04-24T11:33:16+00:00","author":"Telinha","twitter_card":"summary_large_image","twitter_misc":{"Escrito por":"Telinha","Tempo estimado de leitura":"1 minuto"},"schema":{"@context":"https:\/\/schema.org","@graph":[{"@type":"Article","@id":"https:\/\/portaltela.pt\/noticias\/2026\/04\/24\/acores-disponibiliza-apoio-tecnico-para-comunidades-de-energia\/#article","isPartOf":{"@id":"https:\/\/portaltela.pt\/noticias\/2026\/04\/24\/acores-disponibiliza-apoio-tecnico-para-comunidades-de-energia\/"},"author":{"name":"Telinha","@id":"https:\/\/portaltela.pt\/#\/schema\/person\/c4278d4a6028830caff9ee44b42d32ed"},"headline":"A\u00e7ores disponibiliza apoio t\u00e9cnico para comunidades de energia","datePublished":"2026-04-24T11:33:16+00:00","mainEntityOfPage":{"@id":"https:\/\/portaltela.pt\/noticias\/2026\/04\/24\/acores-disponibiliza-apoio-tecnico-para-comunidades-de-energia\/"},"wordCount":212,"image":{"@id":"https:\/\/portaltela.pt\/noticias\/2026\/04\/24\/acores-disponibiliza-apoio-tecnico-para-comunidades-de-energia\/#primaryimage"},"thumbnailUrl":"https:\/\/portaltela.pt\/s.01k8rhncp4jt1\/2026\/04\/img_1500x1000uu2020-02-13-20-43-54-924581.jpg","keywords":["_A\u00e7ores","_apoio energ\u00e9tico","_comunidade","_energia","_energias renov\u00e1veis","LIFE \u2013 Assist\u00eancia T\u00e9cnica"],"articleSection":["Energia"],"inLanguage":"pt-PT"},{"@type":"WebPage","@id":"https:\/\/portaltela.pt\/noticias\/2026\/04\/24\/acores-disponibiliza-apoio-tecnico-para-comunidades-de-energia\/","url":"https:\/\/portaltela.pt\/noticias\/2026\/04\/24\/acores-disponibiliza-apoio-tecnico-para-comunidades-de-energia\/","name":"A\u00e7ores disponibiliza apoio t\u00e9cnico para comunidades de energia - Portal Tela Portugal","isPartOf":{"@id":"https:\/\/portaltela.pt\/#website"},"primaryImageOfPage":{"@id":"https:\/\/portaltela.pt\/noticias\/2026\/04\/24\/acores-disponibiliza-apoio-tecnico-para-comunidades-de-energia\/#primaryimage"},"image":{"@id":"https:\/\/portaltela.pt\/noticias\/2026\/04\/24\/acores-disponibiliza-apoio-tecnico-para-comunidades-de-energia\/#primaryimage"},"thumbnailUrl":"https:\/\/portaltela.pt\/s.01k8rhncp4jt1\/2026\/04\/img_1500x1000uu2020-02-13-20-43-54-924581.jpg","datePublished":"2026-04-24T11:33:16+00:00","author":{"@id":"https:\/\/portaltela.pt\/#\/schema\/person\/c4278d4a6028830caff9ee44b42d32ed"},"breadcrumb":{"@id":"https:\/\/portaltela.pt\/noticias\/2026\/04\/24\/acores-disponibiliza-apoio-tecnico-para-comunidades-de-energia\/#breadcrumb"},"inLanguage":"pt-PT","potentialAction":[{"@type":"ReadAction","target":["https:\/\/portaltela.pt\/noticias\/2026\/04\/24\/acores-disponibiliza-apoio-tecnico-para-comunidades-de-energia\/"]}]},{"@type":"ImageObject","inLanguage":"pt-PT","@id":"https:\/\/portaltela.pt\/noticias\/2026\/04\/24\/acores-disponibiliza-apoio-tecnico-para-comunidades-de-energia\/#primaryimage","url":"https:\/\/portaltela.pt\/s.01k8rhncp4jt1\/2026\/04\/img_1500x1000uu2020-02-13-20-43-54-924581.jpg","contentUrl":"https:\/\/portaltela.pt\/s.01k8rhncp4jt1\/2026\/04\/img_1500x1000uu2020-02-13-20-43-54-924581.jpg","width":796,"height":448,"caption":"Ilha de S\u00e3o Miguel, A\u00e7ores"},{"@type":"BreadcrumbList","@id":"https:\/\/portaltela.pt\/noticias\/2026\/04\/24\/acores-disponibiliza-apoio-tecnico-para-comunidades-de-energia\/#breadcrumb","itemListElement":[{"@type":"ListItem","position":1,"name":"In\u00edcio","item":"https:\/\/portaltela.pt\/"},{"@type":"ListItem","position":2,"name":"A\u00e7ores disponibiliza apoio t\u00e9cnico para comunidades de energia"}]},{"@type":"WebSite","@id":"https:\/\/portaltela.pt\/#website","url":"https:\/\/portaltela.pt\/","name":"Portal Tela Portugal","description":"","potentialAction":[{"@type":"SearchAction","target":{"@type":"EntryPoint","urlTemplate":"https:\/\/portaltela.pt\/?s={search_term_string}"},"query-input":{"@type":"PropertyValueSpecification","valueRequired":true,"valueName":"search_term_string"}}],"inLanguage":"pt-PT"},{"@type":"Person","@id":"https:\/\/portaltela.pt\/#\/schema\/person\/c4278d4a6028830caff9ee44b42d32ed","name":"Telinha","image":{"@type":"ImageObject","inLanguage":"pt-PT","@id":"https:\/\/portaltela.pt\/s.01k8rhncp4jt1\/2025\/11\/talking-bot-125x125.png","url":"https:\/\/portaltela.pt\/s.01k8rhncp4jt1\/2025\/11\/talking-bot-125x125.png","contentUrl":"https:\/\/portaltela.pt\/s.01k8rhncp4jt1\/2025\/11\/talking-bot-125x125.png","caption":"Telinha"},"sameAs":["https:\/\/portaltela.pt\/"],"url":"https:\/\/portaltela.pt\/por\/367410592786\/"}]}},"_links":{"self":[{"href":"https:\/\/portaltela.pt\/api\/wp\/v2\/posts\/457524","targetHints":{"allow":["GET"]}}],"collection":[{"href":"https:\/\/portaltela.pt\/api\/wp\/v2\/posts"}],"about":[{"href":"https:\/\/portaltela.pt\/api\/wp\/v2\/types\/post"}],"author":[{"embeddable":true,"href":"https:\/\/portaltela.pt\/api\/wp\/v2\/users\/2"}],"replies":[{"embeddable":true,"href":"https:\/\/portaltela.pt\/api\/wp\/v2\/comments?post=457524"}],"version-history":[{"count":0,"href":"https:\/\/portaltela.pt\/api\/wp\/v2\/posts\/457524\/revisions"}],"wp:featuredmedia":[{"embeddable":true,"href":"https:\/\/portaltela.pt\/api\/wp\/v2\/media\/457530"}],"wp:attachment":[{"href":"https:\/\/portaltela.pt\/api\/wp\/v2\/media?parent=457524"}],"wp:term":[{"taxonomy":"category","embeddable":true,"href":"https:\/\/portaltela.pt\/api\/wp\/v2\/categories?post=457524"},{"taxonomy":"post_tag","embeddable":true,"href":"https:\/\/portaltela.pt\/api\/wp\/v2\/tags?post=457524"}],"curies":[{"name":"wp","href":"https:\/\/api.w.org\/{rel}","templated":true}]}}