{"id":457490,"date":"2026-04-24T08:17:43","date_gmt":"2026-04-24T11:17:43","guid":{"rendered":"https:\/\/portaltela.pt\/noticias\/2026\/04\/24\/zohran-mamdani-recusa-met-gala-o-prefeito-diz-nao-a-anna-wintour\/"},"modified":"2026-04-24T08:17:43","modified_gmt":"2026-04-24T11:17:43","slug":"zohran-mamdani-recusa-met-gala-o-prefeito-diz-nao-a-anna-wintour","status":"publish","type":"post","link":"https:\/\/portaltela.pt\/noticias\/politica\/2026\/04\/24\/zohran-mamdani-recusa-met-gala-o-prefeito-diz-nao-a-anna-wintour\/","title":{"rendered":"Zohran Mamdani recusa Met Gala: o prefeito diz n\u00e3o a Anna Wintour"},"content":{"rendered":"<p>Zohran Mamdani recusou o convite para o Met Gala e desfez uma tradi\u00e7\u00e3o de d\u00e9cadas na C\u00e2mara Municipal de Nova Iorque. O evento de inaugura\u00e7\u00e3o da nova exposi\u00e7\u00e3o do Costume Institute, no Metropolitan Museum of Art, ocorreu na primeira segunda-feira de maio. O presidente da c\u00e2mara n\u00e3o compareceu, apesar de ser um dos anfitri\u00f5es tradicionais.<\/p>\n<p>Em declara\u00e7\u00f5es ao Hell Gate, Mamdani explicou que prefere concentrar esfor\u00e7os em tornar a cidade mais acess\u00edvel, sobretudo face ao custo de vida. A sua mulher, Rama Duwaji, tamb\u00e9m n\u00e3o participou no evento de angaria\u00e7\u00e3o de fundos. A recusa \u00e9 vista como quebra de protocolo, dado o papel habitual dos presidentes da c\u00e2mara.<\/p>\n<h3>Contexto e rea\u00e7\u00f5es<\/h3>\n<p>A imprensa indica que a aus\u00eancia pode estar ligada a diverg\u00eancias com os patrocinadores do gala, incluindo Jeff Bezos, um dos anfitri\u00f5es. O evento tem sido alvo de manifesta\u00e7\u00f5es cr\u00edticas por liga\u00e7\u00f5es com pol\u00edticas de alta renda e com controv\u00e9rsias em torno de patroc\u00ednios.<\/p>\n<p>Separadamente, o Met Gala tem hist\u00f3rico de conte\u00fados e leituras pol\u00edticas. Em 2021, Alexandria Ocasio-Cortez chamou a aten\u00e7\u00e3o com um vestido que dizia Tax The Rich. Em 2018, Lena Waithe levou cores da bandeira LGBT para o palco, associando moda a debates sociais.<\/p>\n<h3>Implica\u00e7\u00f5es pol\u00edticas e econ\u00f3micas<\/h3>\n<p>A cobertura indica que a aus\u00eancia de Mamdani surge numa conjuntura em que se debatem impostos aos mais ricos de Nova Iorque. O tema tem gerado discuss\u00e3o p\u00fablica sobre a rela\u00e7\u00e3o entre cultura, patrocinadores e pol\u00edticas municipais.<\/p>\n<p>O New York Times aponta ainda que cartazes de boicote ao Met Gala t\u00eam ganho presen\u00e7a na cidade, em protesto contra alegadas liga\u00e7\u00f5es entre o evento e interesses empresariais. A dire\u00e7\u00e3o do gala mant\u00e9m o equil\u00edbrio entre tradi\u00e7\u00e3o e controv\u00e9rsia.<\/p>\n<h3>Observa\u00e7\u00f5es finais<\/h3>\n<p>Fontes pr\u00f3ximas citadas pela CBS indicam que a decis\u00e3o de Mamdani responde a uma orienta\u00e7\u00e3o do munic\u00edpio para priorizar pol\u00edticas de acessibilidade econ\u00f4mica. A confer\u00eancia de imprensa oficial n\u00e3o detalhou planos adicionais relativos ao Met Gala ou aos patroc\u00ednios.<\/p>\n","protected":false},"excerpt":{"rendered":"<ul>\n<li>Zohran Mamdani, presidente da C\u00e2mara Municipal de Nova Iorque, recusou o convite para o Met Gala, organizado por Anna Wintour.<\/li>\n<li>Alega que quer concentrar-se em tornar a cidade mais cara dos EUA mais acess\u00edvel aos seus cidad\u00e3os.<\/li>\n<li>A recusa quebra uma tradi\u00e7\u00e3o de d\u00e9cadas de presen\u00e7a dos presidentes da c\u00e2mara no evento; a mulher do autarca, Rama Duwaji, tamb\u00e9m n\u00e3o vai comparecer.<\/li>\n<li>Especula-se que a decis\u00e3o tenha liga\u00e7\u00f5es a Jeff Bezos, um dos anfitri\u00f5es do ser\u00e3o, e ao controlo de financiamento do evento.<\/li>\n<li>o caso insere-se num contexto de pol\u00e9mica sobre patrocinadores do Met Gala e a rela\u00e7\u00e3o entre moda, poder e pol\u00edtica.<\/li>\n<\/ul>\n","protected":false},"author":2,"featured_media":457493,"comment_status":"closed","ping_status":"closed","sticky":false,"template":"","format":"standard","meta":{"footnotes":""},"categories":[1,5],"tags":[145,3613,7537,2783,9644,7892],"class_list":["post-457490","post","type-post","status-publish","format-standard","has-post-thumbnail","hentry","category-noticias","category-politica","tag-cultura","tag-impostos","tag-nova-york","tag-patrocinio","tag-patrocinios","tag-politica-interna"],"yoast_head":"<!-- This site is optimized with the Yoast SEO plugin v27.2 - https:\/\/yoast.com\/product\/yoast-seo-wordpress\/ -->\n<title>Zohran Mamdani recusa Met Gala: o prefeito diz n\u00e3o a Anna Wintour - Portal Tela Portugal<\/title>\n<meta name=\"robots\" content=\"index, follow, max-snippet:-1, max-image-preview:large, max-video-preview:-1\" \/>\n<meta property=\"og:locale\" content=\"pt_PT\" \/>\n<meta property=\"og:type\" content=\"article\" \/>\n<meta property=\"og:title\" content=\"Zohran Mamdani recusa Met Gala: o prefeito diz n\u00e3o a Anna Wintour - Portal Tela Portugal\" \/>\n<meta property=\"og:description\" content=\"Zohran Mamdani, presidente da C\u00e2mara Municipal de Nova Iorque, recusou o convite para o Met Gala, organizado por Anna Wintour. Alega que quer concentrar-se em tornar a cidade mais cara dos EUA mais acess\u00edvel aos seus cidad\u00e3os. A recusa quebra uma tradi\u00e7\u00e3o de d\u00e9cadas de presen\u00e7a dos presidentes da c\u00e2mara no evento; a mulher do autarca, Rama Duwaji, tamb\u00e9m n\u00e3o vai comparecer. Especula-se que a decis\u00e3o tenha liga\u00e7\u00f5es a Jeff Bezos, um dos anfitri\u00f5es do ser\u00e3o, e ao controlo de financiamento do evento. o caso insere-se num contexto de pol\u00e9mica sobre patrocinadores do Met Gala e a rela\u00e7\u00e3o entre moda, poder e pol\u00edtica.\" \/>\n<meta property=\"og:url\" content=\"https:\/\/portaltela.pt\/noticias\/2026\/04\/24\/zohran-mamdani-recusa-met-gala-o-prefeito-diz-nao-a-anna-wintour\/\" \/>\n<meta property=\"og:site_name\" content=\"Portal Tela Portugal\" \/>\n<meta property=\"article:published_time\" content=\"2026-04-24T11:17:43+00:00\" \/>\n<meta name=\"author\" content=\"Telinha\" \/>\n<meta name=\"twitter:card\" content=\"summary_large_image\" \/>\n<meta name=\"twitter:label1\" content=\"Escrito por\" \/>\n\t<meta name=\"twitter:data1\" content=\"Telinha\" \/>\n\t<meta name=\"twitter:label2\" content=\"Tempo estimado de leitura\" \/>\n\t<meta name=\"twitter:data2\" content=\"2 minutos\" \/>\n<script type=\"application\/ld+json\" class=\"yoast-schema-graph\">{\"@context\":\"https:\/\/schema.org\",\"@graph\":[{\"@type\":\"Article\",\"@id\":\"https:\/\/portaltela.pt\/noticias\/2026\/04\/24\/zohran-mamdani-recusa-met-gala-o-prefeito-diz-nao-a-anna-wintour\/#article\",\"isPartOf\":{\"@id\":\"https:\/\/portaltela.pt\/noticias\/2026\/04\/24\/zohran-mamdani-recusa-met-gala-o-prefeito-diz-nao-a-anna-wintour\/\"},\"author\":{\"name\":\"Telinha\",\"@id\":\"https:\/\/portaltela.pt\/#\/schema\/person\/c4278d4a6028830caff9ee44b42d32ed\"},\"headline\":\"Zohran Mamdani recusa Met Gala: o prefeito diz n\u00e3o a Anna Wintour\",\"datePublished\":\"2026-04-24T11:17:43+00:00\",\"mainEntityOfPage\":{\"@id\":\"https:\/\/portaltela.pt\/noticias\/2026\/04\/24\/zohran-mamdani-recusa-met-gala-o-prefeito-diz-nao-a-anna-wintour\/\"},\"wordCount\":385,\"image\":{\"@id\":\"https:\/\/portaltela.pt\/noticias\/2026\/04\/24\/zohran-mamdani-recusa-met-gala-o-prefeito-diz-nao-a-anna-wintour\/#primaryimage\"},\"thumbnailUrl\":\"https:\/\/portaltela.pt\/s.01k8rhncp4jt1\/2026\/04\/2083729.jpg\",\"keywords\":[\"cultura\",\"impostos\",\"Nova York\",\"patroc\u00ednio\",\"patroc\u00ednios\",\"pol\u00edtica interna\"],\"articleSection\":[\"Not\u00edcias\",\"Pol\u00edtica\"],\"inLanguage\":\"pt-PT\"},{\"@type\":\"WebPage\",\"@id\":\"https:\/\/portaltela.pt\/noticias\/2026\/04\/24\/zohran-mamdani-recusa-met-gala-o-prefeito-diz-nao-a-anna-wintour\/\",\"url\":\"https:\/\/portaltela.pt\/noticias\/2026\/04\/24\/zohran-mamdani-recusa-met-gala-o-prefeito-diz-nao-a-anna-wintour\/\",\"name\":\"Zohran Mamdani recusa Met Gala: o prefeito diz n\u00e3o a Anna Wintour - Portal Tela Portugal\",\"isPartOf\":{\"@id\":\"https:\/\/portaltela.pt\/#website\"},\"primaryImageOfPage\":{\"@id\":\"https:\/\/portaltela.pt\/noticias\/2026\/04\/24\/zohran-mamdani-recusa-met-gala-o-prefeito-diz-nao-a-anna-wintour\/#primaryimage\"},\"image\":{\"@id\":\"https:\/\/portaltela.pt\/noticias\/2026\/04\/24\/zohran-mamdani-recusa-met-gala-o-prefeito-diz-nao-a-anna-wintour\/#primaryimage\"},\"thumbnailUrl\":\"https:\/\/portaltela.pt\/s.01k8rhncp4jt1\/2026\/04\/2083729.jpg\",\"datePublished\":\"2026-04-24T11:17:43+00:00\",\"author\":{\"@id\":\"https:\/\/portaltela.pt\/#\/schema\/person\/c4278d4a6028830caff9ee44b42d32ed\"},\"breadcrumb\":{\"@id\":\"https:\/\/portaltela.pt\/noticias\/2026\/04\/24\/zohran-mamdani-recusa-met-gala-o-prefeito-diz-nao-a-anna-wintour\/#breadcrumb\"},\"inLanguage\":\"pt-PT\",\"potentialAction\":[{\"@type\":\"ReadAction\",\"target\":[\"https:\/\/portaltela.pt\/noticias\/2026\/04\/24\/zohran-mamdani-recusa-met-gala-o-prefeito-diz-nao-a-anna-wintour\/\"]}]},{\"@type\":\"ImageObject\",\"inLanguage\":\"pt-PT\",\"@id\":\"https:\/\/portaltela.pt\/noticias\/2026\/04\/24\/zohran-mamdani-recusa-met-gala-o-prefeito-diz-nao-a-anna-wintour\/#primaryimage\",\"url\":\"https:\/\/portaltela.pt\/s.01k8rhncp4jt1\/2026\/04\/2083729.jpg\",\"contentUrl\":\"https:\/\/portaltela.pt\/s.01k8rhncp4jt1\/2026\/04\/2083729.jpg\",\"width\":796,\"height\":448,\"caption\":\"Anna Wintour no Met Gala em 2018\"},{\"@type\":\"BreadcrumbList\",\"@id\":\"https:\/\/portaltela.pt\/noticias\/2026\/04\/24\/zohran-mamdani-recusa-met-gala-o-prefeito-diz-nao-a-anna-wintour\/#breadcrumb\",\"itemListElement\":[{\"@type\":\"ListItem\",\"position\":1,\"name\":\"In\u00edcio\",\"item\":\"https:\/\/portaltela.pt\/\"},{\"@type\":\"ListItem\",\"position\":2,\"name\":\"Zohran Mamdani recusa Met Gala: o prefeito diz n\u00e3o a Anna Wintour\"}]},{\"@type\":\"WebSite\",\"@id\":\"https:\/\/portaltela.pt\/#website\",\"url\":\"https:\/\/portaltela.pt\/\",\"name\":\"Portal Tela Portugal\",\"description\":\"\",\"potentialAction\":[{\"@type\":\"SearchAction\",\"target\":{\"@type\":\"EntryPoint\",\"urlTemplate\":\"https:\/\/portaltela.pt\/?s={search_term_string}\"},\"query-input\":{\"@type\":\"PropertyValueSpecification\",\"valueRequired\":true,\"valueName\":\"search_term_string\"}}],\"inLanguage\":\"pt-PT\"},{\"@type\":\"Person\",\"@id\":\"https:\/\/portaltela.pt\/#\/schema\/person\/c4278d4a6028830caff9ee44b42d32ed\",\"name\":\"Telinha\",\"image\":{\"@type\":\"ImageObject\",\"inLanguage\":\"pt-PT\",\"@id\":\"https:\/\/portaltela.pt\/s.01k8rhncp4jt1\/2025\/11\/talking-bot-125x125.png\",\"url\":\"https:\/\/portaltela.pt\/s.01k8rhncp4jt1\/2025\/11\/talking-bot-125x125.png\",\"contentUrl\":\"https:\/\/portaltela.pt\/s.01k8rhncp4jt1\/2025\/11\/talking-bot-125x125.png\",\"caption\":\"Telinha\"},\"sameAs\":[\"https:\/\/portaltela.pt\/\"],\"url\":\"https:\/\/portaltela.pt\/por\/367410592786\/\"}]}<\/script>\n<!-- \/ Yoast SEO plugin. -->","yoast_head_json":{"title":"Zohran Mamdani recusa Met Gala: o prefeito diz n\u00e3o a Anna Wintour - Portal Tela Portugal","robots":{"index":"index","follow":"follow","max-snippet":"max-snippet:-1","max-image-preview":"max-image-preview:large","max-video-preview":"max-video-preview:-1"},"og_locale":"pt_PT","og_type":"article","og_title":"Zohran Mamdani recusa Met Gala: o prefeito diz n\u00e3o a Anna Wintour - Portal Tela Portugal","og_description":"Zohran Mamdani, presidente da C\u00e2mara Municipal de Nova Iorque, recusou o convite para o Met Gala, organizado por Anna Wintour. Alega que quer concentrar-se em tornar a cidade mais cara dos EUA mais acess\u00edvel aos seus cidad\u00e3os. A recusa quebra uma tradi\u00e7\u00e3o de d\u00e9cadas de presen\u00e7a dos presidentes da c\u00e2mara no evento; a mulher do autarca, Rama Duwaji, tamb\u00e9m n\u00e3o vai comparecer. Especula-se que a decis\u00e3o tenha liga\u00e7\u00f5es a Jeff Bezos, um dos anfitri\u00f5es do ser\u00e3o, e ao controlo de financiamento do evento. o caso insere-se num contexto de pol\u00e9mica sobre patrocinadores do Met Gala e a rela\u00e7\u00e3o entre moda, poder e pol\u00edtica.","og_url":"https:\/\/portaltela.pt\/noticias\/2026\/04\/24\/zohran-mamdani-recusa-met-gala-o-prefeito-diz-nao-a-anna-wintour\/","og_site_name":"Portal Tela Portugal","article_published_time":"2026-04-24T11:17:43+00:00","author":"Telinha","twitter_card":"summary_large_image","twitter_misc":{"Escrito por":"Telinha","Tempo estimado de leitura":"2 minutos"},"schema":{"@context":"https:\/\/schema.org","@graph":[{"@type":"Article","@id":"https:\/\/portaltela.pt\/noticias\/2026\/04\/24\/zohran-mamdani-recusa-met-gala-o-prefeito-diz-nao-a-anna-wintour\/#article","isPartOf":{"@id":"https:\/\/portaltela.pt\/noticias\/2026\/04\/24\/zohran-mamdani-recusa-met-gala-o-prefeito-diz-nao-a-anna-wintour\/"},"author":{"name":"Telinha","@id":"https:\/\/portaltela.pt\/#\/schema\/person\/c4278d4a6028830caff9ee44b42d32ed"},"headline":"Zohran Mamdani recusa Met Gala: o prefeito diz n\u00e3o a Anna Wintour","datePublished":"2026-04-24T11:17:43+00:00","mainEntityOfPage":{"@id":"https:\/\/portaltela.pt\/noticias\/2026\/04\/24\/zohran-mamdani-recusa-met-gala-o-prefeito-diz-nao-a-anna-wintour\/"},"wordCount":385,"image":{"@id":"https:\/\/portaltela.pt\/noticias\/2026\/04\/24\/zohran-mamdani-recusa-met-gala-o-prefeito-diz-nao-a-anna-wintour\/#primaryimage"},"thumbnailUrl":"https:\/\/portaltela.pt\/s.01k8rhncp4jt1\/2026\/04\/2083729.jpg","keywords":["cultura","impostos","Nova York","patroc\u00ednio","patroc\u00ednios","pol\u00edtica interna"],"articleSection":["Not\u00edcias","Pol\u00edtica"],"inLanguage":"pt-PT"},{"@type":"WebPage","@id":"https:\/\/portaltela.pt\/noticias\/2026\/04\/24\/zohran-mamdani-recusa-met-gala-o-prefeito-diz-nao-a-anna-wintour\/","url":"https:\/\/portaltela.pt\/noticias\/2026\/04\/24\/zohran-mamdani-recusa-met-gala-o-prefeito-diz-nao-a-anna-wintour\/","name":"Zohran Mamdani recusa Met Gala: o prefeito diz n\u00e3o a Anna Wintour - Portal Tela Portugal","isPartOf":{"@id":"https:\/\/portaltela.pt\/#website"},"primaryImageOfPage":{"@id":"https:\/\/portaltela.pt\/noticias\/2026\/04\/24\/zohran-mamdani-recusa-met-gala-o-prefeito-diz-nao-a-anna-wintour\/#primaryimage"},"image":{"@id":"https:\/\/portaltela.pt\/noticias\/2026\/04\/24\/zohran-mamdani-recusa-met-gala-o-prefeito-diz-nao-a-anna-wintour\/#primaryimage"},"thumbnailUrl":"https:\/\/portaltela.pt\/s.01k8rhncp4jt1\/2026\/04\/2083729.jpg","datePublished":"2026-04-24T11:17:43+00:00","author":{"@id":"https:\/\/portaltela.pt\/#\/schema\/person\/c4278d4a6028830caff9ee44b42d32ed"},"breadcrumb":{"@id":"https:\/\/portaltela.pt\/noticias\/2026\/04\/24\/zohran-mamdani-recusa-met-gala-o-prefeito-diz-nao-a-anna-wintour\/#breadcrumb"},"inLanguage":"pt-PT","potentialAction":[{"@type":"ReadAction","target":["https:\/\/portaltela.pt\/noticias\/2026\/04\/24\/zohran-mamdani-recusa-met-gala-o-prefeito-diz-nao-a-anna-wintour\/"]}]},{"@type":"ImageObject","inLanguage":"pt-PT","@id":"https:\/\/portaltela.pt\/noticias\/2026\/04\/24\/zohran-mamdani-recusa-met-gala-o-prefeito-diz-nao-a-anna-wintour\/#primaryimage","url":"https:\/\/portaltela.pt\/s.01k8rhncp4jt1\/2026\/04\/2083729.jpg","contentUrl":"https:\/\/portaltela.pt\/s.01k8rhncp4jt1\/2026\/04\/2083729.jpg","width":796,"height":448,"caption":"Anna Wintour no Met Gala em 2018"},{"@type":"BreadcrumbList","@id":"https:\/\/portaltela.pt\/noticias\/2026\/04\/24\/zohran-mamdani-recusa-met-gala-o-prefeito-diz-nao-a-anna-wintour\/#breadcrumb","itemListElement":[{"@type":"ListItem","position":1,"name":"In\u00edcio","item":"https:\/\/portaltela.pt\/"},{"@type":"ListItem","position":2,"name":"Zohran Mamdani recusa Met Gala: o prefeito diz n\u00e3o a Anna Wintour"}]},{"@type":"WebSite","@id":"https:\/\/portaltela.pt\/#website","url":"https:\/\/portaltela.pt\/","name":"Portal Tela Portugal","description":"","potentialAction":[{"@type":"SearchAction","target":{"@type":"EntryPoint","urlTemplate":"https:\/\/portaltela.pt\/?s={search_term_string}"},"query-input":{"@type":"PropertyValueSpecification","valueRequired":true,"valueName":"search_term_string"}}],"inLanguage":"pt-PT"},{"@type":"Person","@id":"https:\/\/portaltela.pt\/#\/schema\/person\/c4278d4a6028830caff9ee44b42d32ed","name":"Telinha","image":{"@type":"ImageObject","inLanguage":"pt-PT","@id":"https:\/\/portaltela.pt\/s.01k8rhncp4jt1\/2025\/11\/talking-bot-125x125.png","url":"https:\/\/portaltela.pt\/s.01k8rhncp4jt1\/2025\/11\/talking-bot-125x125.png","contentUrl":"https:\/\/portaltela.pt\/s.01k8rhncp4jt1\/2025\/11\/talking-bot-125x125.png","caption":"Telinha"},"sameAs":["https:\/\/portaltela.pt\/"],"url":"https:\/\/portaltela.pt\/por\/367410592786\/"}]}},"_links":{"self":[{"href":"https:\/\/portaltela.pt\/api\/wp\/v2\/posts\/457490","targetHints":{"allow":["GET"]}}],"collection":[{"href":"https:\/\/portaltela.pt\/api\/wp\/v2\/posts"}],"about":[{"href":"https:\/\/portaltela.pt\/api\/wp\/v2\/types\/post"}],"author":[{"embeddable":true,"href":"https:\/\/portaltela.pt\/api\/wp\/v2\/users\/2"}],"replies":[{"embeddable":true,"href":"https:\/\/portaltela.pt\/api\/wp\/v2\/comments?post=457490"}],"version-history":[{"count":0,"href":"https:\/\/portaltela.pt\/api\/wp\/v2\/posts\/457490\/revisions"}],"wp:featuredmedia":[{"embeddable":true,"href":"https:\/\/portaltela.pt\/api\/wp\/v2\/media\/457493"}],"wp:attachment":[{"href":"https:\/\/portaltela.pt\/api\/wp\/v2\/media?parent=457490"}],"wp:term":[{"taxonomy":"category","embeddable":true,"href":"https:\/\/portaltela.pt\/api\/wp\/v2\/categories?post=457490"},{"taxonomy":"post_tag","embeddable":true,"href":"https:\/\/portaltela.pt\/api\/wp\/v2\/tags?post=457490"}],"curies":[{"name":"wp","href":"https:\/\/api.w.org\/{rel}","templated":true}]}}