{"id":457474,"date":"2026-04-24T08:03:23","date_gmt":"2026-04-24T11:03:23","guid":{"rendered":"https:\/\/portaltela.pt\/noticias\/2026\/04\/24\/washington-instala-20-mil-peluches-em-homenagem-a-criancas-raptadas-na-ucrania\/"},"modified":"2026-04-24T08:03:23","modified_gmt":"2026-04-24T11:03:23","slug":"washington-instala-20-mil-peluches-em-homenagem-a-criancas-raptadas-na-ucrania","status":"publish","type":"post","link":"https:\/\/portaltela.pt\/geopolitica\/2026\/04\/24\/washington-instala-20-mil-peluches-em-homenagem-a-criancas-raptadas-na-ucrania\/","title":{"rendered":"Washington instala 20 mil peluches em homenagem a crian\u00e7as raptadas na Ucr\u00e2nia"},"content":{"rendered":"<p>A instala\u00e7\u00e3o com 20 mil peluches foi erguida na quinta-feira no Nation Mall, em Washington D.C., para homenagear as crian\u00e7as ucranianas sequestradas pelas for\u00e7as russas desde o in\u00edcio da invas\u00e3o, em 2021. A iniciativa procura chamar a aten\u00e7\u00e3o para o sofrimento infantil durante o conflito.<\/p>\n<p>O projeto re\u00fane milhares de peluches como s\u00edmbolo do impacto da viol\u00eancia sobre crian\u00e7as. A montagem sustenta o objetivo de sensibilizar a opini\u00e3o p\u00fablica e autoridades para a prote\u00e7\u00e3o de menores em zonas de conflito.<\/p>\n<p>A a\u00e7\u00e3o ocorre numa pra\u00e7a p\u00fablica de Washington, onde a instala\u00e7\u00e3o fica exposta temporariamente, segundo informa\u00e7\u00f5es solicitadas pela equipa de imprensa. N\u00e3o foram divulgados detalhes sobre custos ou organizadores.<\/p>\n<h3>Contexto<\/h3>\n<p>A medida insere-se numa s\u00e9rie de iniciativas globais que visam documentar e denunciar viola\u00e7\u00f5es de direitos de crian\u00e7as em conflitos armados. Observadores destacam a import\u00e2ncia de manter a press\u00e3o internacional para assist\u00eancia humanit\u00e1ria.<\/p>\n<ul>\n<li>A mostra pretende manter o foco na condi\u00e7\u00e3o de menores deslocados e v\u00edtimas de viol\u00eancia, incentivando o debate p\u00fablico sobre solu\u00e7\u00f5es para prote\u00e7\u00e3o infantil.<\/li>\n<li>At\u00e9 ao momento, n\u00e3o foram anunciadas datas finais para o encerramento da instala\u00e7\u00e3o nem rea\u00e7\u00f5es oficiais de entidades governamentais.<\/li>\n<\/ul>\n","protected":false},"excerpt":{"rendered":"<ul>\n<li>Instala\u00e7\u00e3o com 20 mil peluches foi erguida no National Mall, em Washington D. C., na quinta-feira.<\/li>\n<li>A homenagem foca crian\u00e7as ucranianas raptadas pelas for\u00e7as russas desde o in\u00edcio da invas\u00e3o, em 2021.<\/li>\n<li>A instala\u00e7\u00e3o ocorreu num local p\u00fablico emblem\u00e1tico de Washington, nos Estados Unidos.<\/li>\n<li>A not\u00edcia foi publicada em 24 de abril de 2026, \u00e0s 11:56.<\/li>\n<\/ul>\n","protected":false},"author":2,"featured_media":457480,"comment_status":"closed","ping_status":"closed","sticky":false,"template":"","format":"standard","meta":{"footnotes":""},"categories":[6790,6814],"tags":[6567,1084,3953,2633,1600,2181],"class_list":["post-457474","post","type-post","status-publish","format-standard","has-post-thumbnail","hentry","category-conflitos","category-geopolitica","tag-acao-humanitaria","tag-acao-social","tag-criancas","tag-direitos-humanos","tag-estados-unidos","tag-protecao-de-menores"],"yoast_head":"<!-- This site is optimized with the Yoast SEO plugin v27.2 - https:\/\/yoast.com\/product\/yoast-seo-wordpress\/ -->\n<title>Washington instala 20 mil peluches em homenagem a crian\u00e7as raptadas na Ucr\u00e2nia - Portal Tela Portugal<\/title>\n<meta name=\"robots\" content=\"index, follow, max-snippet:-1, max-image-preview:large, max-video-preview:-1\" \/>\n<meta property=\"og:locale\" content=\"pt_PT\" \/>\n<meta property=\"og:type\" content=\"article\" \/>\n<meta property=\"og:title\" content=\"Washington instala 20 mil peluches em homenagem a crian\u00e7as raptadas na Ucr\u00e2nia - Portal Tela Portugal\" \/>\n<meta property=\"og:description\" content=\"Instala\u00e7\u00e3o com 20 mil peluches foi erguida no National Mall, em Washington D. C., na quinta-feira. A homenagem foca crian\u00e7as ucranianas raptadas pelas for\u00e7as russas desde o in\u00edcio da invas\u00e3o, em 2021. A instala\u00e7\u00e3o ocorreu num local p\u00fablico emblem\u00e1tico de Washington, nos Estados Unidos. A not\u00edcia foi publicada em 24 de abril de 2026, \u00e0s 11:56.\" \/>\n<meta property=\"og:url\" content=\"https:\/\/portaltela.pt\/noticias\/2026\/04\/24\/washington-instala-20-mil-peluches-em-homenagem-a-criancas-raptadas-na-ucrania\/\" \/>\n<meta property=\"og:site_name\" content=\"Portal Tela Portugal\" \/>\n<meta property=\"article:published_time\" content=\"2026-04-24T11:03:23+00:00\" \/>\n<meta name=\"author\" content=\"Telinha\" \/>\n<meta name=\"twitter:card\" content=\"summary_large_image\" \/>\n<meta name=\"twitter:label1\" content=\"Escrito por\" \/>\n\t<meta name=\"twitter:data1\" content=\"Telinha\" \/>\n\t<meta name=\"twitter:label2\" content=\"Tempo estimado de leitura\" \/>\n\t<meta name=\"twitter:data2\" content=\"1 minuto\" \/>\n<script type=\"application\/ld+json\" class=\"yoast-schema-graph\">{\"@context\":\"https:\/\/schema.org\",\"@graph\":[{\"@type\":\"Article\",\"@id\":\"https:\/\/portaltela.pt\/noticias\/2026\/04\/24\/washington-instala-20-mil-peluches-em-homenagem-a-criancas-raptadas-na-ucrania\/#article\",\"isPartOf\":{\"@id\":\"https:\/\/portaltela.pt\/noticias\/2026\/04\/24\/washington-instala-20-mil-peluches-em-homenagem-a-criancas-raptadas-na-ucrania\/\"},\"author\":{\"name\":\"Telinha\",\"@id\":\"https:\/\/portaltela.pt\/#\/schema\/person\/c4278d4a6028830caff9ee44b42d32ed\"},\"headline\":\"Washington instala 20 mil peluches em homenagem a crian\u00e7as raptadas na Ucr\u00e2nia\",\"datePublished\":\"2026-04-24T11:03:23+00:00\",\"mainEntityOfPage\":{\"@id\":\"https:\/\/portaltela.pt\/noticias\/2026\/04\/24\/washington-instala-20-mil-peluches-em-homenagem-a-criancas-raptadas-na-ucrania\/\"},\"wordCount\":233,\"image\":{\"@id\":\"https:\/\/portaltela.pt\/noticias\/2026\/04\/24\/washington-instala-20-mil-peluches-em-homenagem-a-criancas-raptadas-na-ucrania\/#primaryimage\"},\"thumbnailUrl\":\"https:\/\/portaltela.pt\/s.01k8rhncp4jt1\/2026\/04\/img_1280x722uu2026-04-24-11-54-47-2280684.jpg\",\"keywords\":[\"a\u00e7\u00e3o humanit\u00e1ria\",\"A\u00e7\u00e3o Social\",\"crian\u00e7as\",\"direitos humanos\",\"Estados Unidos\",\"prote\u00e7\u00e3o de menores\"],\"articleSection\":[\"Conflitos\",\"Geopol\u00edtica\"],\"inLanguage\":\"pt-PT\"},{\"@type\":\"WebPage\",\"@id\":\"https:\/\/portaltela.pt\/noticias\/2026\/04\/24\/washington-instala-20-mil-peluches-em-homenagem-a-criancas-raptadas-na-ucrania\/\",\"url\":\"https:\/\/portaltela.pt\/noticias\/2026\/04\/24\/washington-instala-20-mil-peluches-em-homenagem-a-criancas-raptadas-na-ucrania\/\",\"name\":\"Washington instala 20 mil peluches em homenagem a crian\u00e7as raptadas na Ucr\u00e2nia - Portal Tela Portugal\",\"isPartOf\":{\"@id\":\"https:\/\/portaltela.pt\/#website\"},\"primaryImageOfPage\":{\"@id\":\"https:\/\/portaltela.pt\/noticias\/2026\/04\/24\/washington-instala-20-mil-peluches-em-homenagem-a-criancas-raptadas-na-ucrania\/#primaryimage\"},\"image\":{\"@id\":\"https:\/\/portaltela.pt\/noticias\/2026\/04\/24\/washington-instala-20-mil-peluches-em-homenagem-a-criancas-raptadas-na-ucrania\/#primaryimage\"},\"thumbnailUrl\":\"https:\/\/portaltela.pt\/s.01k8rhncp4jt1\/2026\/04\/img_1280x722uu2026-04-24-11-54-47-2280684.jpg\",\"datePublished\":\"2026-04-24T11:03:23+00:00\",\"author\":{\"@id\":\"https:\/\/portaltela.pt\/#\/schema\/person\/c4278d4a6028830caff9ee44b42d32ed\"},\"breadcrumb\":{\"@id\":\"https:\/\/portaltela.pt\/noticias\/2026\/04\/24\/washington-instala-20-mil-peluches-em-homenagem-a-criancas-raptadas-na-ucrania\/#breadcrumb\"},\"inLanguage\":\"pt-PT\",\"potentialAction\":[{\"@type\":\"ReadAction\",\"target\":[\"https:\/\/portaltela.pt\/noticias\/2026\/04\/24\/washington-instala-20-mil-peluches-em-homenagem-a-criancas-raptadas-na-ucrania\/\"]}]},{\"@type\":\"ImageObject\",\"inLanguage\":\"pt-PT\",\"@id\":\"https:\/\/portaltela.pt\/noticias\/2026\/04\/24\/washington-instala-20-mil-peluches-em-homenagem-a-criancas-raptadas-na-ucrania\/#primaryimage\",\"url\":\"https:\/\/portaltela.pt\/s.01k8rhncp4jt1\/2026\/04\/img_1280x722uu2026-04-24-11-54-47-2280684.jpg\",\"contentUrl\":\"https:\/\/portaltela.pt\/s.01k8rhncp4jt1\/2026\/04\/img_1280x722uu2026-04-24-11-54-47-2280684.jpg\",\"width\":1280,\"height\":722,\"caption\":\"Washington \u00e9 palco de instala\u00e7\u00e3o com 20 mil peluches que homenageia crian\u00e7as raptadas na Ucr\u00e2nia\"},{\"@type\":\"BreadcrumbList\",\"@id\":\"https:\/\/portaltela.pt\/noticias\/2026\/04\/24\/washington-instala-20-mil-peluches-em-homenagem-a-criancas-raptadas-na-ucrania\/#breadcrumb\",\"itemListElement\":[{\"@type\":\"ListItem\",\"position\":1,\"name\":\"In\u00edcio\",\"item\":\"https:\/\/portaltela.pt\/\"},{\"@type\":\"ListItem\",\"position\":2,\"name\":\"Washington instala 20 mil peluches em homenagem a crian\u00e7as raptadas na Ucr\u00e2nia\"}]},{\"@type\":\"WebSite\",\"@id\":\"https:\/\/portaltela.pt\/#website\",\"url\":\"https:\/\/portaltela.pt\/\",\"name\":\"Portal Tela Portugal\",\"description\":\"\",\"potentialAction\":[{\"@type\":\"SearchAction\",\"target\":{\"@type\":\"EntryPoint\",\"urlTemplate\":\"https:\/\/portaltela.pt\/?s={search_term_string}\"},\"query-input\":{\"@type\":\"PropertyValueSpecification\",\"valueRequired\":true,\"valueName\":\"search_term_string\"}}],\"inLanguage\":\"pt-PT\"},{\"@type\":\"Person\",\"@id\":\"https:\/\/portaltela.pt\/#\/schema\/person\/c4278d4a6028830caff9ee44b42d32ed\",\"name\":\"Telinha\",\"image\":{\"@type\":\"ImageObject\",\"inLanguage\":\"pt-PT\",\"@id\":\"https:\/\/portaltela.pt\/s.01k8rhncp4jt1\/2025\/11\/talking-bot-125x125.png\",\"url\":\"https:\/\/portaltela.pt\/s.01k8rhncp4jt1\/2025\/11\/talking-bot-125x125.png\",\"contentUrl\":\"https:\/\/portaltela.pt\/s.01k8rhncp4jt1\/2025\/11\/talking-bot-125x125.png\",\"caption\":\"Telinha\"},\"sameAs\":[\"https:\/\/portaltela.pt\/\"],\"url\":\"https:\/\/portaltela.pt\/por\/367410592786\/\"}]}<\/script>\n<!-- \/ Yoast SEO plugin. -->","yoast_head_json":{"title":"Washington instala 20 mil peluches em homenagem a crian\u00e7as raptadas na Ucr\u00e2nia - Portal Tela Portugal","robots":{"index":"index","follow":"follow","max-snippet":"max-snippet:-1","max-image-preview":"max-image-preview:large","max-video-preview":"max-video-preview:-1"},"og_locale":"pt_PT","og_type":"article","og_title":"Washington instala 20 mil peluches em homenagem a crian\u00e7as raptadas na Ucr\u00e2nia - Portal Tela Portugal","og_description":"Instala\u00e7\u00e3o com 20 mil peluches foi erguida no National Mall, em Washington D. C., na quinta-feira. A homenagem foca crian\u00e7as ucranianas raptadas pelas for\u00e7as russas desde o in\u00edcio da invas\u00e3o, em 2021. A instala\u00e7\u00e3o ocorreu num local p\u00fablico emblem\u00e1tico de Washington, nos Estados Unidos. A not\u00edcia foi publicada em 24 de abril de 2026, \u00e0s 11:56.","og_url":"https:\/\/portaltela.pt\/noticias\/2026\/04\/24\/washington-instala-20-mil-peluches-em-homenagem-a-criancas-raptadas-na-ucrania\/","og_site_name":"Portal Tela Portugal","article_published_time":"2026-04-24T11:03:23+00:00","author":"Telinha","twitter_card":"summary_large_image","twitter_misc":{"Escrito por":"Telinha","Tempo estimado de leitura":"1 minuto"},"schema":{"@context":"https:\/\/schema.org","@graph":[{"@type":"Article","@id":"https:\/\/portaltela.pt\/noticias\/2026\/04\/24\/washington-instala-20-mil-peluches-em-homenagem-a-criancas-raptadas-na-ucrania\/#article","isPartOf":{"@id":"https:\/\/portaltela.pt\/noticias\/2026\/04\/24\/washington-instala-20-mil-peluches-em-homenagem-a-criancas-raptadas-na-ucrania\/"},"author":{"name":"Telinha","@id":"https:\/\/portaltela.pt\/#\/schema\/person\/c4278d4a6028830caff9ee44b42d32ed"},"headline":"Washington instala 20 mil peluches em homenagem a crian\u00e7as raptadas na Ucr\u00e2nia","datePublished":"2026-04-24T11:03:23+00:00","mainEntityOfPage":{"@id":"https:\/\/portaltela.pt\/noticias\/2026\/04\/24\/washington-instala-20-mil-peluches-em-homenagem-a-criancas-raptadas-na-ucrania\/"},"wordCount":233,"image":{"@id":"https:\/\/portaltela.pt\/noticias\/2026\/04\/24\/washington-instala-20-mil-peluches-em-homenagem-a-criancas-raptadas-na-ucrania\/#primaryimage"},"thumbnailUrl":"https:\/\/portaltela.pt\/s.01k8rhncp4jt1\/2026\/04\/img_1280x722uu2026-04-24-11-54-47-2280684.jpg","keywords":["a\u00e7\u00e3o humanit\u00e1ria","A\u00e7\u00e3o Social","crian\u00e7as","direitos humanos","Estados Unidos","prote\u00e7\u00e3o de menores"],"articleSection":["Conflitos","Geopol\u00edtica"],"inLanguage":"pt-PT"},{"@type":"WebPage","@id":"https:\/\/portaltela.pt\/noticias\/2026\/04\/24\/washington-instala-20-mil-peluches-em-homenagem-a-criancas-raptadas-na-ucrania\/","url":"https:\/\/portaltela.pt\/noticias\/2026\/04\/24\/washington-instala-20-mil-peluches-em-homenagem-a-criancas-raptadas-na-ucrania\/","name":"Washington instala 20 mil peluches em homenagem a crian\u00e7as raptadas na Ucr\u00e2nia - Portal Tela Portugal","isPartOf":{"@id":"https:\/\/portaltela.pt\/#website"},"primaryImageOfPage":{"@id":"https:\/\/portaltela.pt\/noticias\/2026\/04\/24\/washington-instala-20-mil-peluches-em-homenagem-a-criancas-raptadas-na-ucrania\/#primaryimage"},"image":{"@id":"https:\/\/portaltela.pt\/noticias\/2026\/04\/24\/washington-instala-20-mil-peluches-em-homenagem-a-criancas-raptadas-na-ucrania\/#primaryimage"},"thumbnailUrl":"https:\/\/portaltela.pt\/s.01k8rhncp4jt1\/2026\/04\/img_1280x722uu2026-04-24-11-54-47-2280684.jpg","datePublished":"2026-04-24T11:03:23+00:00","author":{"@id":"https:\/\/portaltela.pt\/#\/schema\/person\/c4278d4a6028830caff9ee44b42d32ed"},"breadcrumb":{"@id":"https:\/\/portaltela.pt\/noticias\/2026\/04\/24\/washington-instala-20-mil-peluches-em-homenagem-a-criancas-raptadas-na-ucrania\/#breadcrumb"},"inLanguage":"pt-PT","potentialAction":[{"@type":"ReadAction","target":["https:\/\/portaltela.pt\/noticias\/2026\/04\/24\/washington-instala-20-mil-peluches-em-homenagem-a-criancas-raptadas-na-ucrania\/"]}]},{"@type":"ImageObject","inLanguage":"pt-PT","@id":"https:\/\/portaltela.pt\/noticias\/2026\/04\/24\/washington-instala-20-mil-peluches-em-homenagem-a-criancas-raptadas-na-ucrania\/#primaryimage","url":"https:\/\/portaltela.pt\/s.01k8rhncp4jt1\/2026\/04\/img_1280x722uu2026-04-24-11-54-47-2280684.jpg","contentUrl":"https:\/\/portaltela.pt\/s.01k8rhncp4jt1\/2026\/04\/img_1280x722uu2026-04-24-11-54-47-2280684.jpg","width":1280,"height":722,"caption":"Washington \u00e9 palco de instala\u00e7\u00e3o com 20 mil peluches que homenageia crian\u00e7as raptadas na Ucr\u00e2nia"},{"@type":"BreadcrumbList","@id":"https:\/\/portaltela.pt\/noticias\/2026\/04\/24\/washington-instala-20-mil-peluches-em-homenagem-a-criancas-raptadas-na-ucrania\/#breadcrumb","itemListElement":[{"@type":"ListItem","position":1,"name":"In\u00edcio","item":"https:\/\/portaltela.pt\/"},{"@type":"ListItem","position":2,"name":"Washington instala 20 mil peluches em homenagem a crian\u00e7as raptadas na Ucr\u00e2nia"}]},{"@type":"WebSite","@id":"https:\/\/portaltela.pt\/#website","url":"https:\/\/portaltela.pt\/","name":"Portal Tela Portugal","description":"","potentialAction":[{"@type":"SearchAction","target":{"@type":"EntryPoint","urlTemplate":"https:\/\/portaltela.pt\/?s={search_term_string}"},"query-input":{"@type":"PropertyValueSpecification","valueRequired":true,"valueName":"search_term_string"}}],"inLanguage":"pt-PT"},{"@type":"Person","@id":"https:\/\/portaltela.pt\/#\/schema\/person\/c4278d4a6028830caff9ee44b42d32ed","name":"Telinha","image":{"@type":"ImageObject","inLanguage":"pt-PT","@id":"https:\/\/portaltela.pt\/s.01k8rhncp4jt1\/2025\/11\/talking-bot-125x125.png","url":"https:\/\/portaltela.pt\/s.01k8rhncp4jt1\/2025\/11\/talking-bot-125x125.png","contentUrl":"https:\/\/portaltela.pt\/s.01k8rhncp4jt1\/2025\/11\/talking-bot-125x125.png","caption":"Telinha"},"sameAs":["https:\/\/portaltela.pt\/"],"url":"https:\/\/portaltela.pt\/por\/367410592786\/"}]}},"_links":{"self":[{"href":"https:\/\/portaltela.pt\/api\/wp\/v2\/posts\/457474","targetHints":{"allow":["GET"]}}],"collection":[{"href":"https:\/\/portaltela.pt\/api\/wp\/v2\/posts"}],"about":[{"href":"https:\/\/portaltela.pt\/api\/wp\/v2\/types\/post"}],"author":[{"embeddable":true,"href":"https:\/\/portaltela.pt\/api\/wp\/v2\/users\/2"}],"replies":[{"embeddable":true,"href":"https:\/\/portaltela.pt\/api\/wp\/v2\/comments?post=457474"}],"version-history":[{"count":0,"href":"https:\/\/portaltela.pt\/api\/wp\/v2\/posts\/457474\/revisions"}],"wp:featuredmedia":[{"embeddable":true,"href":"https:\/\/portaltela.pt\/api\/wp\/v2\/media\/457480"}],"wp:attachment":[{"href":"https:\/\/portaltela.pt\/api\/wp\/v2\/media?parent=457474"}],"wp:term":[{"taxonomy":"category","embeddable":true,"href":"https:\/\/portaltela.pt\/api\/wp\/v2\/categories?post=457474"},{"taxonomy":"post_tag","embeddable":true,"href":"https:\/\/portaltela.pt\/api\/wp\/v2\/tags?post=457474"}],"curies":[{"name":"wp","href":"https:\/\/api.w.org\/{rel}","templated":true}]}}