{"id":457407,"date":"2026-04-24T07:33:04","date_gmt":"2026-04-24T10:33:04","guid":{"rendered":"https:\/\/portaltela.pt\/noticias\/2026\/04\/24\/toy-acusa-netanyahu-de-assassinato-de-criancas-e-zomba-de-trump-em-direto\/"},"modified":"2026-04-24T07:33:04","modified_gmt":"2026-04-24T10:33:04","slug":"toy-acusa-netanyahu-de-assassinato-de-criancas-e-zomba-de-trump-em-direto","status":"publish","type":"post","link":"https:\/\/portaltela.pt\/musica\/2026\/04\/24\/toy-acusa-netanyahu-de-assassinato-de-criancas-e-zomba-de-trump-em-direto\/","title":{"rendered":"Toy acusa Netanyahu de assassinato de crian\u00e7as e zomba de Trump em direto"},"content":{"rendered":"<p>A 8. edi\u00e7\u00e3o dos Play \u2013 Pr\u00e9mios da M\u00fasica Portuguesa 2026, transmitidos na RTP1, ficou marcada por uma interven\u00e7\u00e3o de Toy ao entregar o pr\u00e9mio de Melhor Can\u00e7\u00e3o M\u00fasica Ligeira e Popular no Coliseu dos Recreios. O momento tornou-se viral nas redes.<\/p>\n<p>Acompanhado pelo humorista Eduardo Madeira, o artista defendeu o seu g\u00e9nero musical e lan\u00e7ou uma advert\u00eancia contra o preconceito, destacando que a m\u00fasica popular n\u00e3o deve ser confundida com pessoas sem \u00edndole intelectual. O discurso seguiu com uma reflex\u00e3o sobre a rela\u00e7\u00e3o entre cultura e pol\u00edtica.<\/p>\n<p>No meio da interven\u00e7\u00e3o, Toy afirmou que a cultura pode funcionar como arma contra regimes pol\u00edticos, sugerindo que a cultura e a pol\u00edtica se cruzam de forma inevit\u00e1vel. O artista n\u00e3o poupou cr\u00edticas a figuras internacionais de relevo.<\/p>\n<p>A dada altura, Toy fez refer\u00eancia a dois dos nomes mais medi\u00e1ticos da pol\u00edtica mundial, Benjamin Netanyahu e Donald Trump, apontando cr\u00edticas aos respetivos legados. As palavras geraram rea\u00e7\u00e3o imediata entre quem acompanhava a cerim\u00f3nia.<\/p>\n<p>Leandro Ferr\u00e3o, filho do cantor, partilhou o discurso do pai nas redes sociais, escrevendo que sente orgulho no que ouviu. A atua\u00e7\u00e3o gerou, assim, debate sobre o papel da cultura na atualidade pol\u00edtica. Noticias em desenvolvimento.<\/p>\n","protected":false},"excerpt":{"rendered":"<ul>\n<li>A 8.\u00aa edi\u00e7\u00e3o dos Play \u2013 Pr\u00e9mios da M\u00fasica Portuguesa 2026, transmitida na RTP1, ficou marcada pela participa\u00e7\u00e3o de Toy no Coliseu dos Recreios, ao entregar o pr\u00e9mio de Melhor Can\u00e7\u00e3o M\u00fasica Ligeira e Popular.<\/li>\n<li>Toy aproveitou o momento para defender o seu g\u00e9nero musical e enfrentar o preconceito, dizendo que n\u00e3o se deve confundir m\u00fasica popular com pessoas sem \u00edndole intelectual.<\/li>\n<li>A interven\u00e7\u00e3o\u0997\u09a4 decorreu numa cr\u00edtica \u00e0 rela\u00e7\u00e3o entre cultura e pol\u00edtica, afirmando que &#8220;a cultura \u00e9 a melhor arma&#8221; contra determinados sistemas pol\u00edticos.<\/li>\n<li>Dirigiu cr\u00edticas a Benjamin Netanyahu, a quem chamou &#8220;assassino de crian\u00e7as&#8221;, e a Donald Trump, a quem chamou de &#8220;filho da p***&#8221; (com tradu\u00e7\u00e3o para portugu\u00eas).<\/li>\n<li>Leandro Ferr\u00e3o, filho do cantor, publicou o discurso nas redes sociais com a legenda &#8220;Orgulho pai&#8221;.<\/li>\n<\/ul>\n","protected":false},"author":2,"featured_media":457419,"comment_status":"closed","ping_status":"closed","sticky":false,"template":"","format":"standard","meta":{"footnotes":""},"categories":[7375,6676],"tags":[145,4953,78,3708,7221,2832],"class_list":["post-457407","post","type-post","status-publish","format-standard","has-post-thumbnail","hentry","category-cultura","category-musica","tag-cultura","tag-donald-trump","tag-famosos","tag-israel","tag-noticias","tag-politica"],"yoast_head":"<!-- This site is optimized with the Yoast SEO plugin v27.2 - https:\/\/yoast.com\/product\/yoast-seo-wordpress\/ -->\n<title>Toy acusa Netanyahu de assassinato de crian\u00e7as e zomba de Trump em direto - Portal Tela Portugal<\/title>\n<meta name=\"robots\" content=\"index, follow, max-snippet:-1, max-image-preview:large, max-video-preview:-1\" \/>\n<meta property=\"og:locale\" content=\"pt_PT\" \/>\n<meta property=\"og:type\" content=\"article\" \/>\n<meta property=\"og:title\" content=\"Toy acusa Netanyahu de assassinato de crian\u00e7as e zomba de Trump em direto - Portal Tela Portugal\" \/>\n<meta property=\"og:description\" content=\"A 8.\u00aa edi\u00e7\u00e3o dos Play \u2013 Pr\u00e9mios da M\u00fasica Portuguesa 2026, transmitida na RTP1, ficou marcada pela participa\u00e7\u00e3o de Toy no Coliseu dos Recreios, ao entregar o pr\u00e9mio de Melhor Can\u00e7\u00e3o M\u00fasica Ligeira e Popular. Toy aproveitou o momento para defender o seu g\u00e9nero musical e enfrentar o preconceito, dizendo que n\u00e3o se deve confundir m\u00fasica popular com pessoas sem \u00edndole intelectual. A interven\u00e7\u00e3o\u0997\u09a4 decorreu numa cr\u00edtica \u00e0 rela\u00e7\u00e3o entre cultura e pol\u00edtica, afirmando que &quot;a cultura \u00e9 a melhor arma&quot; contra determinados sistemas pol\u00edticos. Dirigiu cr\u00edticas a Benjamin Netanyahu, a quem chamou &quot;assassino de crian\u00e7as&quot;, e a Donald Trump, a quem chamou de &quot;filho da p***&quot; (com tradu\u00e7\u00e3o para portugu\u00eas). Leandro Ferr\u00e3o, filho do cantor, publicou o discurso nas redes sociais com a legenda &quot;Orgulho pai&quot;.\" \/>\n<meta property=\"og:url\" content=\"https:\/\/portaltela.pt\/noticias\/2026\/04\/24\/toy-acusa-netanyahu-de-assassinato-de-criancas-e-zomba-de-trump-em-direto\/\" \/>\n<meta property=\"og:site_name\" content=\"Portal Tela Portugal\" \/>\n<meta property=\"article:published_time\" content=\"2026-04-24T10:33:04+00:00\" \/>\n<meta name=\"author\" content=\"Telinha\" \/>\n<meta name=\"twitter:card\" content=\"summary_large_image\" \/>\n<meta name=\"twitter:label1\" content=\"Escrito por\" \/>\n\t<meta name=\"twitter:data1\" content=\"Telinha\" \/>\n\t<meta name=\"twitter:label2\" content=\"Tempo estimado de leitura\" \/>\n\t<meta name=\"twitter:data2\" content=\"1 minuto\" \/>\n<script type=\"application\/ld+json\" class=\"yoast-schema-graph\">{\"@context\":\"https:\/\/schema.org\",\"@graph\":[{\"@type\":\"Article\",\"@id\":\"https:\/\/portaltela.pt\/noticias\/2026\/04\/24\/toy-acusa-netanyahu-de-assassinato-de-criancas-e-zomba-de-trump-em-direto\/#article\",\"isPartOf\":{\"@id\":\"https:\/\/portaltela.pt\/noticias\/2026\/04\/24\/toy-acusa-netanyahu-de-assassinato-de-criancas-e-zomba-de-trump-em-direto\/\"},\"author\":{\"name\":\"Telinha\",\"@id\":\"https:\/\/portaltela.pt\/#\/schema\/person\/c4278d4a6028830caff9ee44b42d32ed\"},\"headline\":\"Toy acusa Netanyahu de assassinato de crian\u00e7as e zomba de Trump em direto\",\"datePublished\":\"2026-04-24T10:33:04+00:00\",\"mainEntityOfPage\":{\"@id\":\"https:\/\/portaltela.pt\/noticias\/2026\/04\/24\/toy-acusa-netanyahu-de-assassinato-de-criancas-e-zomba-de-trump-em-direto\/\"},\"wordCount\":238,\"image\":{\"@id\":\"https:\/\/portaltela.pt\/noticias\/2026\/04\/24\/toy-acusa-netanyahu-de-assassinato-de-criancas-e-zomba-de-trump-em-direto\/#primaryimage\"},\"thumbnailUrl\":\"https:\/\/portaltela.pt\/s.01k8rhncp4jt1\/2026\/04\/img_1280x718uu2025-05-04-11-16-53-2206575-im-638819543090995424.jpg\",\"keywords\":[\"cultura\",\"Donald Trump\",\"famosos\",\"Israel\",\"not\u00edcias\",\"pol\u00edtica\"],\"articleSection\":[\"Cultura\",\"M\u00fasica\"],\"inLanguage\":\"pt-PT\"},{\"@type\":\"WebPage\",\"@id\":\"https:\/\/portaltela.pt\/noticias\/2026\/04\/24\/toy-acusa-netanyahu-de-assassinato-de-criancas-e-zomba-de-trump-em-direto\/\",\"url\":\"https:\/\/portaltela.pt\/noticias\/2026\/04\/24\/toy-acusa-netanyahu-de-assassinato-de-criancas-e-zomba-de-trump-em-direto\/\",\"name\":\"Toy acusa Netanyahu de assassinato de crian\u00e7as e zomba de Trump em direto - Portal Tela Portugal\",\"isPartOf\":{\"@id\":\"https:\/\/portaltela.pt\/#website\"},\"primaryImageOfPage\":{\"@id\":\"https:\/\/portaltela.pt\/noticias\/2026\/04\/24\/toy-acusa-netanyahu-de-assassinato-de-criancas-e-zomba-de-trump-em-direto\/#primaryimage\"},\"image\":{\"@id\":\"https:\/\/portaltela.pt\/noticias\/2026\/04\/24\/toy-acusa-netanyahu-de-assassinato-de-criancas-e-zomba-de-trump-em-direto\/#primaryimage\"},\"thumbnailUrl\":\"https:\/\/portaltela.pt\/s.01k8rhncp4jt1\/2026\/04\/img_1280x718uu2025-05-04-11-16-53-2206575-im-638819543090995424.jpg\",\"datePublished\":\"2026-04-24T10:33:04+00:00\",\"author\":{\"@id\":\"https:\/\/portaltela.pt\/#\/schema\/person\/c4278d4a6028830caff9ee44b42d32ed\"},\"breadcrumb\":{\"@id\":\"https:\/\/portaltela.pt\/noticias\/2026\/04\/24\/toy-acusa-netanyahu-de-assassinato-de-criancas-e-zomba-de-trump-em-direto\/#breadcrumb\"},\"inLanguage\":\"pt-PT\",\"potentialAction\":[{\"@type\":\"ReadAction\",\"target\":[\"https:\/\/portaltela.pt\/noticias\/2026\/04\/24\/toy-acusa-netanyahu-de-assassinato-de-criancas-e-zomba-de-trump-em-direto\/\"]}]},{\"@type\":\"ImageObject\",\"inLanguage\":\"pt-PT\",\"@id\":\"https:\/\/portaltela.pt\/noticias\/2026\/04\/24\/toy-acusa-netanyahu-de-assassinato-de-criancas-e-zomba-de-trump-em-direto\/#primaryimage\",\"url\":\"https:\/\/portaltela.pt\/s.01k8rhncp4jt1\/2026\/04\/img_1280x718uu2025-05-04-11-16-53-2206575-im-638819543090995424.jpg\",\"contentUrl\":\"https:\/\/portaltela.pt\/s.01k8rhncp4jt1\/2026\/04\/img_1280x718uu2025-05-04-11-16-53-2206575-im-638819543090995424.jpg\",\"width\":796,\"height\":448,\"caption\":\"Photo\"},{\"@type\":\"BreadcrumbList\",\"@id\":\"https:\/\/portaltela.pt\/noticias\/2026\/04\/24\/toy-acusa-netanyahu-de-assassinato-de-criancas-e-zomba-de-trump-em-direto\/#breadcrumb\",\"itemListElement\":[{\"@type\":\"ListItem\",\"position\":1,\"name\":\"In\u00edcio\",\"item\":\"https:\/\/portaltela.pt\/\"},{\"@type\":\"ListItem\",\"position\":2,\"name\":\"Toy acusa Netanyahu de assassinato de crian\u00e7as e zomba de Trump em direto\"}]},{\"@type\":\"WebSite\",\"@id\":\"https:\/\/portaltela.pt\/#website\",\"url\":\"https:\/\/portaltela.pt\/\",\"name\":\"Portal Tela Portugal\",\"description\":\"\",\"potentialAction\":[{\"@type\":\"SearchAction\",\"target\":{\"@type\":\"EntryPoint\",\"urlTemplate\":\"https:\/\/portaltela.pt\/?s={search_term_string}\"},\"query-input\":{\"@type\":\"PropertyValueSpecification\",\"valueRequired\":true,\"valueName\":\"search_term_string\"}}],\"inLanguage\":\"pt-PT\"},{\"@type\":\"Person\",\"@id\":\"https:\/\/portaltela.pt\/#\/schema\/person\/c4278d4a6028830caff9ee44b42d32ed\",\"name\":\"Telinha\",\"image\":{\"@type\":\"ImageObject\",\"inLanguage\":\"pt-PT\",\"@id\":\"https:\/\/portaltela.pt\/s.01k8rhncp4jt1\/2025\/11\/talking-bot-125x125.png\",\"url\":\"https:\/\/portaltela.pt\/s.01k8rhncp4jt1\/2025\/11\/talking-bot-125x125.png\",\"contentUrl\":\"https:\/\/portaltela.pt\/s.01k8rhncp4jt1\/2025\/11\/talking-bot-125x125.png\",\"caption\":\"Telinha\"},\"sameAs\":[\"https:\/\/portaltela.pt\/\"],\"url\":\"https:\/\/portaltela.pt\/por\/367410592786\/\"}]}<\/script>\n<!-- \/ Yoast SEO plugin. -->","yoast_head_json":{"title":"Toy acusa Netanyahu de assassinato de crian\u00e7as e zomba de Trump em direto - Portal Tela Portugal","robots":{"index":"index","follow":"follow","max-snippet":"max-snippet:-1","max-image-preview":"max-image-preview:large","max-video-preview":"max-video-preview:-1"},"og_locale":"pt_PT","og_type":"article","og_title":"Toy acusa Netanyahu de assassinato de crian\u00e7as e zomba de Trump em direto - Portal Tela Portugal","og_description":"A 8.\u00aa edi\u00e7\u00e3o dos Play \u2013 Pr\u00e9mios da M\u00fasica Portuguesa 2026, transmitida na RTP1, ficou marcada pela participa\u00e7\u00e3o de Toy no Coliseu dos Recreios, ao entregar o pr\u00e9mio de Melhor Can\u00e7\u00e3o M\u00fasica Ligeira e Popular. Toy aproveitou o momento para defender o seu g\u00e9nero musical e enfrentar o preconceito, dizendo que n\u00e3o se deve confundir m\u00fasica popular com pessoas sem \u00edndole intelectual. A interven\u00e7\u00e3o\u0997\u09a4 decorreu numa cr\u00edtica \u00e0 rela\u00e7\u00e3o entre cultura e pol\u00edtica, afirmando que \"a cultura \u00e9 a melhor arma\" contra determinados sistemas pol\u00edticos. Dirigiu cr\u00edticas a Benjamin Netanyahu, a quem chamou \"assassino de crian\u00e7as\", e a Donald Trump, a quem chamou de \"filho da p***\" (com tradu\u00e7\u00e3o para portugu\u00eas). Leandro Ferr\u00e3o, filho do cantor, publicou o discurso nas redes sociais com a legenda \"Orgulho pai\".","og_url":"https:\/\/portaltela.pt\/noticias\/2026\/04\/24\/toy-acusa-netanyahu-de-assassinato-de-criancas-e-zomba-de-trump-em-direto\/","og_site_name":"Portal Tela Portugal","article_published_time":"2026-04-24T10:33:04+00:00","author":"Telinha","twitter_card":"summary_large_image","twitter_misc":{"Escrito por":"Telinha","Tempo estimado de leitura":"1 minuto"},"schema":{"@context":"https:\/\/schema.org","@graph":[{"@type":"Article","@id":"https:\/\/portaltela.pt\/noticias\/2026\/04\/24\/toy-acusa-netanyahu-de-assassinato-de-criancas-e-zomba-de-trump-em-direto\/#article","isPartOf":{"@id":"https:\/\/portaltela.pt\/noticias\/2026\/04\/24\/toy-acusa-netanyahu-de-assassinato-de-criancas-e-zomba-de-trump-em-direto\/"},"author":{"name":"Telinha","@id":"https:\/\/portaltela.pt\/#\/schema\/person\/c4278d4a6028830caff9ee44b42d32ed"},"headline":"Toy acusa Netanyahu de assassinato de crian\u00e7as e zomba de Trump em direto","datePublished":"2026-04-24T10:33:04+00:00","mainEntityOfPage":{"@id":"https:\/\/portaltela.pt\/noticias\/2026\/04\/24\/toy-acusa-netanyahu-de-assassinato-de-criancas-e-zomba-de-trump-em-direto\/"},"wordCount":238,"image":{"@id":"https:\/\/portaltela.pt\/noticias\/2026\/04\/24\/toy-acusa-netanyahu-de-assassinato-de-criancas-e-zomba-de-trump-em-direto\/#primaryimage"},"thumbnailUrl":"https:\/\/portaltela.pt\/s.01k8rhncp4jt1\/2026\/04\/img_1280x718uu2025-05-04-11-16-53-2206575-im-638819543090995424.jpg","keywords":["cultura","Donald Trump","famosos","Israel","not\u00edcias","pol\u00edtica"],"articleSection":["Cultura","M\u00fasica"],"inLanguage":"pt-PT"},{"@type":"WebPage","@id":"https:\/\/portaltela.pt\/noticias\/2026\/04\/24\/toy-acusa-netanyahu-de-assassinato-de-criancas-e-zomba-de-trump-em-direto\/","url":"https:\/\/portaltela.pt\/noticias\/2026\/04\/24\/toy-acusa-netanyahu-de-assassinato-de-criancas-e-zomba-de-trump-em-direto\/","name":"Toy acusa Netanyahu de assassinato de crian\u00e7as e zomba de Trump em direto - Portal Tela Portugal","isPartOf":{"@id":"https:\/\/portaltela.pt\/#website"},"primaryImageOfPage":{"@id":"https:\/\/portaltela.pt\/noticias\/2026\/04\/24\/toy-acusa-netanyahu-de-assassinato-de-criancas-e-zomba-de-trump-em-direto\/#primaryimage"},"image":{"@id":"https:\/\/portaltela.pt\/noticias\/2026\/04\/24\/toy-acusa-netanyahu-de-assassinato-de-criancas-e-zomba-de-trump-em-direto\/#primaryimage"},"thumbnailUrl":"https:\/\/portaltela.pt\/s.01k8rhncp4jt1\/2026\/04\/img_1280x718uu2025-05-04-11-16-53-2206575-im-638819543090995424.jpg","datePublished":"2026-04-24T10:33:04+00:00","author":{"@id":"https:\/\/portaltela.pt\/#\/schema\/person\/c4278d4a6028830caff9ee44b42d32ed"},"breadcrumb":{"@id":"https:\/\/portaltela.pt\/noticias\/2026\/04\/24\/toy-acusa-netanyahu-de-assassinato-de-criancas-e-zomba-de-trump-em-direto\/#breadcrumb"},"inLanguage":"pt-PT","potentialAction":[{"@type":"ReadAction","target":["https:\/\/portaltela.pt\/noticias\/2026\/04\/24\/toy-acusa-netanyahu-de-assassinato-de-criancas-e-zomba-de-trump-em-direto\/"]}]},{"@type":"ImageObject","inLanguage":"pt-PT","@id":"https:\/\/portaltela.pt\/noticias\/2026\/04\/24\/toy-acusa-netanyahu-de-assassinato-de-criancas-e-zomba-de-trump-em-direto\/#primaryimage","url":"https:\/\/portaltela.pt\/s.01k8rhncp4jt1\/2026\/04\/img_1280x718uu2025-05-04-11-16-53-2206575-im-638819543090995424.jpg","contentUrl":"https:\/\/portaltela.pt\/s.01k8rhncp4jt1\/2026\/04\/img_1280x718uu2025-05-04-11-16-53-2206575-im-638819543090995424.jpg","width":796,"height":448,"caption":"Photo"},{"@type":"BreadcrumbList","@id":"https:\/\/portaltela.pt\/noticias\/2026\/04\/24\/toy-acusa-netanyahu-de-assassinato-de-criancas-e-zomba-de-trump-em-direto\/#breadcrumb","itemListElement":[{"@type":"ListItem","position":1,"name":"In\u00edcio","item":"https:\/\/portaltela.pt\/"},{"@type":"ListItem","position":2,"name":"Toy acusa Netanyahu de assassinato de crian\u00e7as e zomba de Trump em direto"}]},{"@type":"WebSite","@id":"https:\/\/portaltela.pt\/#website","url":"https:\/\/portaltela.pt\/","name":"Portal Tela Portugal","description":"","potentialAction":[{"@type":"SearchAction","target":{"@type":"EntryPoint","urlTemplate":"https:\/\/portaltela.pt\/?s={search_term_string}"},"query-input":{"@type":"PropertyValueSpecification","valueRequired":true,"valueName":"search_term_string"}}],"inLanguage":"pt-PT"},{"@type":"Person","@id":"https:\/\/portaltela.pt\/#\/schema\/person\/c4278d4a6028830caff9ee44b42d32ed","name":"Telinha","image":{"@type":"ImageObject","inLanguage":"pt-PT","@id":"https:\/\/portaltela.pt\/s.01k8rhncp4jt1\/2025\/11\/talking-bot-125x125.png","url":"https:\/\/portaltela.pt\/s.01k8rhncp4jt1\/2025\/11\/talking-bot-125x125.png","contentUrl":"https:\/\/portaltela.pt\/s.01k8rhncp4jt1\/2025\/11\/talking-bot-125x125.png","caption":"Telinha"},"sameAs":["https:\/\/portaltela.pt\/"],"url":"https:\/\/portaltela.pt\/por\/367410592786\/"}]}},"_links":{"self":[{"href":"https:\/\/portaltela.pt\/api\/wp\/v2\/posts\/457407","targetHints":{"allow":["GET"]}}],"collection":[{"href":"https:\/\/portaltela.pt\/api\/wp\/v2\/posts"}],"about":[{"href":"https:\/\/portaltela.pt\/api\/wp\/v2\/types\/post"}],"author":[{"embeddable":true,"href":"https:\/\/portaltela.pt\/api\/wp\/v2\/users\/2"}],"replies":[{"embeddable":true,"href":"https:\/\/portaltela.pt\/api\/wp\/v2\/comments?post=457407"}],"version-history":[{"count":0,"href":"https:\/\/portaltela.pt\/api\/wp\/v2\/posts\/457407\/revisions"}],"wp:featuredmedia":[{"embeddable":true,"href":"https:\/\/portaltela.pt\/api\/wp\/v2\/media\/457419"}],"wp:attachment":[{"href":"https:\/\/portaltela.pt\/api\/wp\/v2\/media?parent=457407"}],"wp:term":[{"taxonomy":"category","embeddable":true,"href":"https:\/\/portaltela.pt\/api\/wp\/v2\/categories?post=457407"},{"taxonomy":"post_tag","embeddable":true,"href":"https:\/\/portaltela.pt\/api\/wp\/v2\/tags?post=457407"}],"curies":[{"name":"wp","href":"https:\/\/api.w.org\/{rel}","templated":true}]}}