{"id":457385,"date":"2026-04-24T07:18:15","date_gmt":"2026-04-24T10:18:15","guid":{"rendered":"https:\/\/portaltela.pt\/noticias\/2026\/04\/24\/grande-premio-da-turquia-regressa-ao-mundial-de-formula-1-em-2027\/"},"modified":"2026-04-24T07:18:15","modified_gmt":"2026-04-24T10:18:15","slug":"grande-premio-da-turquia-regressa-ao-mundial-de-formula-1-em-2027","status":"publish","type":"post","link":"https:\/\/portaltela.pt\/desporto\/futebol\/2026\/04\/24\/grande-premio-da-turquia-regressa-ao-mundial-de-formula-1-em-2027\/","title":{"rendered":"Grande Pr\u00e9mio da Turquia regressa ao Mundial de F\u00f3rmula 1 em 2027"},"content":{"rendered":"<p>O Grande Pr\u00e9mio da Turquia regressa ao Calend\u00e1rio do Mundial de F\u00f3rmula 1 em 2027, num contrato de cinco anos, anunciaram hoje as autoridades turcas. A prova volta a realizar-se no circuito de Istanbul Park, onde j\u00e1 ocorreu entre 2005 e 2011, e posteriormente em 2020 e 2021.<\/p>\n<p>Um evento de lan\u00e7amento est\u00e1 marcado para hoje, no Pal\u00e1cio de Dolmabah\u00e7e, em Istambul. Est\u00e3o confirmados o presidente turco, Recep Tayyip Erdo\u011fan, o diretor executivo da F\u00f3rmula 1, Stefano Domenicali, e o presidente da FIA, Mohammed Ben Sulayem.<\/p>\n<p>O Istanbul Park tem 5,34 quil\u00f3metros, com 14 curvas, incluindo a famosa curva 8, uma tripla \u00e0 esquerda de alta velocidade. O hist\u00f3rico de vencedores envolve Felipe Massa (2006, 2007, 2008), Lewis Hamilton (2010, 2020) e Valtteri Bottas (2021).<\/p>\n<p>Paralelamente, Portugal regista tamb\u00e9m o regresso ao Mundial de F\u00f3rmula 1 em 2027, com o Aut\u00f3dromo Internacional do Algarve, em Portim\u00e3o, num contrato de dois anos (2027-2028).<\/p>\n","protected":false},"excerpt":{"rendered":"<ul>\n<li>O Grande Pr\u00e9mio da Turquia regressa ao Mundial de F\u00f3rmula 1 a partir de 2027, com contrato de cinco anos.<\/li>\n<li>A prova ser\u00e1 disputada no circuito de Istambul Park, que tem 5,34 quil\u00f3metros e 14 curvas, incluindo a curva oito, tripla \u00e0 esquerda.<\/li>\n<li>O an\u00fancio foi feito pela presid\u00eancia turca, com lan\u00e7amento previsto para Istambul, na presen\u00e7a do presidente Recep Tayyip Erdogan, do diretor executivo da F\u00f3rmula 1, Stefano Domenicali, e do presidente da Federa\u00e7\u00e3o Internacional do Autom\u00f3vel, Mohammed Ben Sulayem.<\/li>\n<li>O piloto com mais vit\u00f3rias na Turquia \u00e9 Felipe Massa, com tr\u00eas triunfos (2006, 2007 e 2008); Hamilton soma dois (2010 e 2020); o \u00faltimo vencedor foi Valtteri Bottas, em 2021.<\/li>\n<li>Em 2027, Portugal tamb\u00e9m regressa ao calend\u00e1rio com o Aut\u00f3dromo Internacional do Algarve, em Portim\u00e3o, num contrato de dois anos (2027 e 2028).<\/li>\n<\/ul>\n","protected":false},"author":2,"featured_media":457389,"comment_status":"closed","ping_status":"closed","sticky":false,"template":"","format":"standard","meta":{"footnotes":""},"categories":[21,24],"tags":[152,2681,3833,1014],"class_list":["post-457385","post","type-post","status-publish","format-standard","has-post-thumbnail","hentry","category-desporto","category-futebol","tag-desporto","tag-desporto-internacional","tag-f1","tag-portugal"],"yoast_head":"<!-- This site is optimized with the Yoast SEO plugin v27.2 - https:\/\/yoast.com\/product\/yoast-seo-wordpress\/ -->\n<title>Grande Pr\u00e9mio da Turquia regressa ao Mundial de F\u00f3rmula 1 em 2027 - Portal Tela Portugal<\/title>\n<meta name=\"robots\" content=\"index, follow, max-snippet:-1, max-image-preview:large, max-video-preview:-1\" \/>\n<meta property=\"og:locale\" content=\"pt_PT\" \/>\n<meta property=\"og:type\" content=\"article\" \/>\n<meta property=\"og:title\" content=\"Grande Pr\u00e9mio da Turquia regressa ao Mundial de F\u00f3rmula 1 em 2027 - Portal Tela Portugal\" \/>\n<meta property=\"og:description\" content=\"O Grande Pr\u00e9mio da Turquia regressa ao Mundial de F\u00f3rmula 1 a partir de 2027, com contrato de cinco anos. A prova ser\u00e1 disputada no circuito de Istambul Park, que tem 5,34 quil\u00f3metros e 14 curvas, incluindo a curva oito, tripla \u00e0 esquerda. O an\u00fancio foi feito pela presid\u00eancia turca, com lan\u00e7amento previsto para Istambul, na presen\u00e7a do presidente Recep Tayyip Erdogan, do diretor executivo da F\u00f3rmula 1, Stefano Domenicali, e do presidente da Federa\u00e7\u00e3o Internacional do Autom\u00f3vel, Mohammed Ben Sulayem. O piloto com mais vit\u00f3rias na Turquia \u00e9 Felipe Massa, com tr\u00eas triunfos (2006, 2007 e 2008); Hamilton soma dois (2010 e 2020); o \u00faltimo vencedor foi Valtteri Bottas, em 2021. Em 2027, Portugal tamb\u00e9m regressa ao calend\u00e1rio com o Aut\u00f3dromo Internacional do Algarve, em Portim\u00e3o, num contrato de dois anos (2027 e 2028).\" \/>\n<meta property=\"og:url\" content=\"https:\/\/portaltela.pt\/noticias\/2026\/04\/24\/grande-premio-da-turquia-regressa-ao-mundial-de-formula-1-em-2027\/\" \/>\n<meta property=\"og:site_name\" content=\"Portal Tela Portugal\" \/>\n<meta property=\"article:published_time\" content=\"2026-04-24T10:18:15+00:00\" \/>\n<meta name=\"author\" content=\"Telinha\" \/>\n<meta name=\"twitter:card\" content=\"summary_large_image\" \/>\n<meta name=\"twitter:label1\" content=\"Escrito por\" \/>\n\t<meta name=\"twitter:data1\" content=\"Telinha\" \/>\n\t<meta name=\"twitter:label2\" content=\"Tempo estimado de leitura\" \/>\n\t<meta name=\"twitter:data2\" content=\"1 minuto\" \/>\n<script type=\"application\/ld+json\" class=\"yoast-schema-graph\">{\"@context\":\"https:\/\/schema.org\",\"@graph\":[{\"@type\":\"Article\",\"@id\":\"https:\/\/portaltela.pt\/noticias\/2026\/04\/24\/grande-premio-da-turquia-regressa-ao-mundial-de-formula-1-em-2027\/#article\",\"isPartOf\":{\"@id\":\"https:\/\/portaltela.pt\/noticias\/2026\/04\/24\/grande-premio-da-turquia-regressa-ao-mundial-de-formula-1-em-2027\/\"},\"author\":{\"name\":\"Telinha\",\"@id\":\"https:\/\/portaltela.pt\/#\/schema\/person\/c4278d4a6028830caff9ee44b42d32ed\"},\"headline\":\"Grande Pr\u00e9mio da Turquia regressa ao Mundial de F\u00f3rmula 1 em 2027\",\"datePublished\":\"2026-04-24T10:18:15+00:00\",\"mainEntityOfPage\":{\"@id\":\"https:\/\/portaltela.pt\/noticias\/2026\/04\/24\/grande-premio-da-turquia-regressa-ao-mundial-de-formula-1-em-2027\/\"},\"wordCount\":160,\"image\":{\"@id\":\"https:\/\/portaltela.pt\/noticias\/2026\/04\/24\/grande-premio-da-turquia-regressa-ao-mundial-de-formula-1-em-2027\/#primaryimage\"},\"thumbnailUrl\":\"https:\/\/portaltela.pt\/s.01k8rhncp4jt1\/2026\/04\/img_920x518uu2026-03-15-08-45-05-2427012.jpg\",\"keywords\":[\"desporto\",\"desporto internacional\",\"F1\",\"Portugal\"],\"articleSection\":[\"Desporto\",\"Futebol\"],\"inLanguage\":\"pt-PT\"},{\"@type\":\"WebPage\",\"@id\":\"https:\/\/portaltela.pt\/noticias\/2026\/04\/24\/grande-premio-da-turquia-regressa-ao-mundial-de-formula-1-em-2027\/\",\"url\":\"https:\/\/portaltela.pt\/noticias\/2026\/04\/24\/grande-premio-da-turquia-regressa-ao-mundial-de-formula-1-em-2027\/\",\"name\":\"Grande Pr\u00e9mio da Turquia regressa ao Mundial de F\u00f3rmula 1 em 2027 - Portal Tela Portugal\",\"isPartOf\":{\"@id\":\"https:\/\/portaltela.pt\/#website\"},\"primaryImageOfPage\":{\"@id\":\"https:\/\/portaltela.pt\/noticias\/2026\/04\/24\/grande-premio-da-turquia-regressa-ao-mundial-de-formula-1-em-2027\/#primaryimage\"},\"image\":{\"@id\":\"https:\/\/portaltela.pt\/noticias\/2026\/04\/24\/grande-premio-da-turquia-regressa-ao-mundial-de-formula-1-em-2027\/#primaryimage\"},\"thumbnailUrl\":\"https:\/\/portaltela.pt\/s.01k8rhncp4jt1\/2026\/04\/img_920x518uu2026-03-15-08-45-05-2427012.jpg\",\"datePublished\":\"2026-04-24T10:18:15+00:00\",\"author\":{\"@id\":\"https:\/\/portaltela.pt\/#\/schema\/person\/c4278d4a6028830caff9ee44b42d32ed\"},\"breadcrumb\":{\"@id\":\"https:\/\/portaltela.pt\/noticias\/2026\/04\/24\/grande-premio-da-turquia-regressa-ao-mundial-de-formula-1-em-2027\/#breadcrumb\"},\"inLanguage\":\"pt-PT\",\"potentialAction\":[{\"@type\":\"ReadAction\",\"target\":[\"https:\/\/portaltela.pt\/noticias\/2026\/04\/24\/grande-premio-da-turquia-regressa-ao-mundial-de-formula-1-em-2027\/\"]}]},{\"@type\":\"ImageObject\",\"inLanguage\":\"pt-PT\",\"@id\":\"https:\/\/portaltela.pt\/noticias\/2026\/04\/24\/grande-premio-da-turquia-regressa-ao-mundial-de-formula-1-em-2027\/#primaryimage\",\"url\":\"https:\/\/portaltela.pt\/s.01k8rhncp4jt1\/2026\/04\/img_920x518uu2026-03-15-08-45-05-2427012.jpg\",\"contentUrl\":\"https:\/\/portaltela.pt\/s.01k8rhncp4jt1\/2026\/04\/img_920x518uu2026-03-15-08-45-05-2427012.jpg\",\"width\":796,\"height\":448,\"caption\":\"Kimi Antonelli\"},{\"@type\":\"BreadcrumbList\",\"@id\":\"https:\/\/portaltela.pt\/noticias\/2026\/04\/24\/grande-premio-da-turquia-regressa-ao-mundial-de-formula-1-em-2027\/#breadcrumb\",\"itemListElement\":[{\"@type\":\"ListItem\",\"position\":1,\"name\":\"In\u00edcio\",\"item\":\"https:\/\/portaltela.pt\/\"},{\"@type\":\"ListItem\",\"position\":2,\"name\":\"Grande Pr\u00e9mio da Turquia regressa ao Mundial de F\u00f3rmula 1 em 2027\"}]},{\"@type\":\"WebSite\",\"@id\":\"https:\/\/portaltela.pt\/#website\",\"url\":\"https:\/\/portaltela.pt\/\",\"name\":\"Portal Tela Portugal\",\"description\":\"\",\"potentialAction\":[{\"@type\":\"SearchAction\",\"target\":{\"@type\":\"EntryPoint\",\"urlTemplate\":\"https:\/\/portaltela.pt\/?s={search_term_string}\"},\"query-input\":{\"@type\":\"PropertyValueSpecification\",\"valueRequired\":true,\"valueName\":\"search_term_string\"}}],\"inLanguage\":\"pt-PT\"},{\"@type\":\"Person\",\"@id\":\"https:\/\/portaltela.pt\/#\/schema\/person\/c4278d4a6028830caff9ee44b42d32ed\",\"name\":\"Telinha\",\"image\":{\"@type\":\"ImageObject\",\"inLanguage\":\"pt-PT\",\"@id\":\"https:\/\/portaltela.pt\/s.01k8rhncp4jt1\/2025\/11\/talking-bot-125x125.png\",\"url\":\"https:\/\/portaltela.pt\/s.01k8rhncp4jt1\/2025\/11\/talking-bot-125x125.png\",\"contentUrl\":\"https:\/\/portaltela.pt\/s.01k8rhncp4jt1\/2025\/11\/talking-bot-125x125.png\",\"caption\":\"Telinha\"},\"sameAs\":[\"https:\/\/portaltela.pt\/\"],\"url\":\"https:\/\/portaltela.pt\/por\/367410592786\/\"}]}<\/script>\n<!-- \/ Yoast SEO plugin. -->","yoast_head_json":{"title":"Grande Pr\u00e9mio da Turquia regressa ao Mundial de F\u00f3rmula 1 em 2027 - Portal Tela Portugal","robots":{"index":"index","follow":"follow","max-snippet":"max-snippet:-1","max-image-preview":"max-image-preview:large","max-video-preview":"max-video-preview:-1"},"og_locale":"pt_PT","og_type":"article","og_title":"Grande Pr\u00e9mio da Turquia regressa ao Mundial de F\u00f3rmula 1 em 2027 - Portal Tela Portugal","og_description":"O Grande Pr\u00e9mio da Turquia regressa ao Mundial de F\u00f3rmula 1 a partir de 2027, com contrato de cinco anos. A prova ser\u00e1 disputada no circuito de Istambul Park, que tem 5,34 quil\u00f3metros e 14 curvas, incluindo a curva oito, tripla \u00e0 esquerda. O an\u00fancio foi feito pela presid\u00eancia turca, com lan\u00e7amento previsto para Istambul, na presen\u00e7a do presidente Recep Tayyip Erdogan, do diretor executivo da F\u00f3rmula 1, Stefano Domenicali, e do presidente da Federa\u00e7\u00e3o Internacional do Autom\u00f3vel, Mohammed Ben Sulayem. O piloto com mais vit\u00f3rias na Turquia \u00e9 Felipe Massa, com tr\u00eas triunfos (2006, 2007 e 2008); Hamilton soma dois (2010 e 2020); o \u00faltimo vencedor foi Valtteri Bottas, em 2021. Em 2027, Portugal tamb\u00e9m regressa ao calend\u00e1rio com o Aut\u00f3dromo Internacional do Algarve, em Portim\u00e3o, num contrato de dois anos (2027 e 2028).","og_url":"https:\/\/portaltela.pt\/noticias\/2026\/04\/24\/grande-premio-da-turquia-regressa-ao-mundial-de-formula-1-em-2027\/","og_site_name":"Portal Tela Portugal","article_published_time":"2026-04-24T10:18:15+00:00","author":"Telinha","twitter_card":"summary_large_image","twitter_misc":{"Escrito por":"Telinha","Tempo estimado de leitura":"1 minuto"},"schema":{"@context":"https:\/\/schema.org","@graph":[{"@type":"Article","@id":"https:\/\/portaltela.pt\/noticias\/2026\/04\/24\/grande-premio-da-turquia-regressa-ao-mundial-de-formula-1-em-2027\/#article","isPartOf":{"@id":"https:\/\/portaltela.pt\/noticias\/2026\/04\/24\/grande-premio-da-turquia-regressa-ao-mundial-de-formula-1-em-2027\/"},"author":{"name":"Telinha","@id":"https:\/\/portaltela.pt\/#\/schema\/person\/c4278d4a6028830caff9ee44b42d32ed"},"headline":"Grande Pr\u00e9mio da Turquia regressa ao Mundial de F\u00f3rmula 1 em 2027","datePublished":"2026-04-24T10:18:15+00:00","mainEntityOfPage":{"@id":"https:\/\/portaltela.pt\/noticias\/2026\/04\/24\/grande-premio-da-turquia-regressa-ao-mundial-de-formula-1-em-2027\/"},"wordCount":160,"image":{"@id":"https:\/\/portaltela.pt\/noticias\/2026\/04\/24\/grande-premio-da-turquia-regressa-ao-mundial-de-formula-1-em-2027\/#primaryimage"},"thumbnailUrl":"https:\/\/portaltela.pt\/s.01k8rhncp4jt1\/2026\/04\/img_920x518uu2026-03-15-08-45-05-2427012.jpg","keywords":["desporto","desporto internacional","F1","Portugal"],"articleSection":["Desporto","Futebol"],"inLanguage":"pt-PT"},{"@type":"WebPage","@id":"https:\/\/portaltela.pt\/noticias\/2026\/04\/24\/grande-premio-da-turquia-regressa-ao-mundial-de-formula-1-em-2027\/","url":"https:\/\/portaltela.pt\/noticias\/2026\/04\/24\/grande-premio-da-turquia-regressa-ao-mundial-de-formula-1-em-2027\/","name":"Grande Pr\u00e9mio da Turquia regressa ao Mundial de F\u00f3rmula 1 em 2027 - Portal Tela Portugal","isPartOf":{"@id":"https:\/\/portaltela.pt\/#website"},"primaryImageOfPage":{"@id":"https:\/\/portaltela.pt\/noticias\/2026\/04\/24\/grande-premio-da-turquia-regressa-ao-mundial-de-formula-1-em-2027\/#primaryimage"},"image":{"@id":"https:\/\/portaltela.pt\/noticias\/2026\/04\/24\/grande-premio-da-turquia-regressa-ao-mundial-de-formula-1-em-2027\/#primaryimage"},"thumbnailUrl":"https:\/\/portaltela.pt\/s.01k8rhncp4jt1\/2026\/04\/img_920x518uu2026-03-15-08-45-05-2427012.jpg","datePublished":"2026-04-24T10:18:15+00:00","author":{"@id":"https:\/\/portaltela.pt\/#\/schema\/person\/c4278d4a6028830caff9ee44b42d32ed"},"breadcrumb":{"@id":"https:\/\/portaltela.pt\/noticias\/2026\/04\/24\/grande-premio-da-turquia-regressa-ao-mundial-de-formula-1-em-2027\/#breadcrumb"},"inLanguage":"pt-PT","potentialAction":[{"@type":"ReadAction","target":["https:\/\/portaltela.pt\/noticias\/2026\/04\/24\/grande-premio-da-turquia-regressa-ao-mundial-de-formula-1-em-2027\/"]}]},{"@type":"ImageObject","inLanguage":"pt-PT","@id":"https:\/\/portaltela.pt\/noticias\/2026\/04\/24\/grande-premio-da-turquia-regressa-ao-mundial-de-formula-1-em-2027\/#primaryimage","url":"https:\/\/portaltela.pt\/s.01k8rhncp4jt1\/2026\/04\/img_920x518uu2026-03-15-08-45-05-2427012.jpg","contentUrl":"https:\/\/portaltela.pt\/s.01k8rhncp4jt1\/2026\/04\/img_920x518uu2026-03-15-08-45-05-2427012.jpg","width":796,"height":448,"caption":"Kimi Antonelli"},{"@type":"BreadcrumbList","@id":"https:\/\/portaltela.pt\/noticias\/2026\/04\/24\/grande-premio-da-turquia-regressa-ao-mundial-de-formula-1-em-2027\/#breadcrumb","itemListElement":[{"@type":"ListItem","position":1,"name":"In\u00edcio","item":"https:\/\/portaltela.pt\/"},{"@type":"ListItem","position":2,"name":"Grande Pr\u00e9mio da Turquia regressa ao Mundial de F\u00f3rmula 1 em 2027"}]},{"@type":"WebSite","@id":"https:\/\/portaltela.pt\/#website","url":"https:\/\/portaltela.pt\/","name":"Portal Tela Portugal","description":"","potentialAction":[{"@type":"SearchAction","target":{"@type":"EntryPoint","urlTemplate":"https:\/\/portaltela.pt\/?s={search_term_string}"},"query-input":{"@type":"PropertyValueSpecification","valueRequired":true,"valueName":"search_term_string"}}],"inLanguage":"pt-PT"},{"@type":"Person","@id":"https:\/\/portaltela.pt\/#\/schema\/person\/c4278d4a6028830caff9ee44b42d32ed","name":"Telinha","image":{"@type":"ImageObject","inLanguage":"pt-PT","@id":"https:\/\/portaltela.pt\/s.01k8rhncp4jt1\/2025\/11\/talking-bot-125x125.png","url":"https:\/\/portaltela.pt\/s.01k8rhncp4jt1\/2025\/11\/talking-bot-125x125.png","contentUrl":"https:\/\/portaltela.pt\/s.01k8rhncp4jt1\/2025\/11\/talking-bot-125x125.png","caption":"Telinha"},"sameAs":["https:\/\/portaltela.pt\/"],"url":"https:\/\/portaltela.pt\/por\/367410592786\/"}]}},"_links":{"self":[{"href":"https:\/\/portaltela.pt\/api\/wp\/v2\/posts\/457385","targetHints":{"allow":["GET"]}}],"collection":[{"href":"https:\/\/portaltela.pt\/api\/wp\/v2\/posts"}],"about":[{"href":"https:\/\/portaltela.pt\/api\/wp\/v2\/types\/post"}],"author":[{"embeddable":true,"href":"https:\/\/portaltela.pt\/api\/wp\/v2\/users\/2"}],"replies":[{"embeddable":true,"href":"https:\/\/portaltela.pt\/api\/wp\/v2\/comments?post=457385"}],"version-history":[{"count":0,"href":"https:\/\/portaltela.pt\/api\/wp\/v2\/posts\/457385\/revisions"}],"wp:featuredmedia":[{"embeddable":true,"href":"https:\/\/portaltela.pt\/api\/wp\/v2\/media\/457389"}],"wp:attachment":[{"href":"https:\/\/portaltela.pt\/api\/wp\/v2\/media?parent=457385"}],"wp:term":[{"taxonomy":"category","embeddable":true,"href":"https:\/\/portaltela.pt\/api\/wp\/v2\/categories?post=457385"},{"taxonomy":"post_tag","embeddable":true,"href":"https:\/\/portaltela.pt\/api\/wp\/v2\/tags?post=457385"}],"curies":[{"name":"wp","href":"https:\/\/api.w.org\/{rel}","templated":true}]}}