{"id":457383,"date":"2026-04-24T07:18:15","date_gmt":"2026-04-24T10:18:15","guid":{"rendered":"https:\/\/portaltela.pt\/noticias\/2026\/04\/24\/antonio-silva-sem-ofertas-richard-rios-entra-no-mercado\/"},"modified":"2026-04-24T07:18:15","modified_gmt":"2026-04-24T10:18:15","slug":"antonio-silva-sem-ofertas-richard-rios-entra-no-mercado","status":"publish","type":"post","link":"https:\/\/portaltela.pt\/desporto\/futebol\/2026\/04\/24\/antonio-silva-sem-ofertas-richard-rios-entra-no-mercado\/","title":{"rendered":"Ant\u00f3nio Silva sem ofertas; Richard R\u00edos entra no mercado"},"content":{"rendered":"<p>A pr\u00f3xima \u00e9poca j\u00e1 come\u00e7a a ganhar forma no Benfica, com o foco nos jogadores que podem moldar o plantel de 2026\/27. As decis\u00f5es da SAD mant\u00eam-se estrat\u00e9gicas, independentemente do t\u00e9cnico em fun\u00e7\u00e3o, com Ant\u00f3nio Silva e Richard R\u00edos no centro das aten\u00e7\u00f5es.<\/p>\n<p>No caso do central portugu\u00eas, o contrato termina em 2027 e o processo de renova\u00e7\u00e3o continua em suspenso. N\u00e3o h\u00e1 at\u00e9 ao momento qualquer oferta formal para prolongamento para avaliar, deixando o \u00f3nus da decis\u00e3o com a estrutura do clube. Silva poder\u00e1 atuar frente ao Moreirense, amanh\u00e3, \u00e0s 18h, na Luz.<\/p>\n<p>Richard R\u00edos, a contrata\u00e7\u00e3o mais cara do clube, continua no radar de mercado. A SAD admite negocia\u00e7\u00f5es por valores entre 30 e 35 milh\u00f5es de euros, segundo o JN. O m\u00e9dio colombiano soma 44 jogos pelo clube, com cinco golos e cinco assist\u00eancias, ap\u00f3s supera\u00e7\u00e3o de uma les\u00e3o no ombro.<\/p>\n<h3>Ant\u00f3nio Silva: renova\u00e7\u00e3o em aberto<\/h3>\n<p>A borla do neg\u00f3cio envolve a possibilidade de manter o defesa no longo prazo, mas sem proposta formal apresentada. A avalia\u00e7\u00e3o interna do plantel mant\u00e9m Ant\u00f3nio Silva como ativo de valor, em linha com as negocia\u00e7\u00f5es que t\u00eam vindo a decorrer.<\/p>\n<h3>Richard R\u00edos: procura de refor\u00e7os<\/h3>\n<p>O mercado aponta clubes interessados em R\u00edos, com prioridade para solu\u00e7\u00f5es que se ajustem ao or\u00e7amento do clube. A adapta\u00e7\u00e3o do jogador j\u00e1 demonstrou progressos, apesar do in\u00edcio de \u00e9poca marcado por uma les\u00e3o. Fica em aberto o desfecho do processo negocial.<\/p>\n","protected":false},"excerpt":{"rendered":"<ul>\n<li>Ant\u00f3nio Silva tem contrato at\u00e9 2027 e a renova\u00e7\u00e3o continua congelada; ainda n\u00e3o recebeu uma oferta formal para ficar.<\/li>\n<li>A ponte entre o jogador e a SAD mant\u00e9m-se, mas o clube pode avaliar a continuidade do defesa atrav\u00e9s de uma poss\u00edvel extens\u00e3o.<\/li>\n<li>Jorge Mendes ter\u00e1 colocado o nome de Ant\u00f3nio Silva junto da Juventus, segundo fontes divulgadas pelo confronto jornal\u00edstico.<\/li>\n<li>Richard R\u00edos est\u00e1 no mercado; a SAD est\u00e1 aberta a negociar entre 30 e 35 milh\u00f5es de euros pela venda do m\u00e9dio colombiano.<\/li>\n<li>R\u00edos soma 44 jogos pelos encarnados, com cinco golos e cinco assist\u00eancias, depois de uma les\u00e3o que o afastou quase um m\u00eas.<\/li>\n<li>No separador desportivo, o Benfica enfrenta o Moreirense amanh\u00e3 \u00e0s 18h na Luz, com Ant\u00f3nio Silva de titulares devido \u00e0 les\u00e3o de Tom\u00e1s Ara\u00fajo.<\/li>\n<\/ul>\n","protected":false},"author":2,"featured_media":457387,"comment_status":"closed","ping_status":"closed","sticky":false,"template":"","format":"standard","meta":{"footnotes":""},"categories":[21,24],"tags":[1946,3972,1125,32,50,1633],"class_list":["post-457383","post","type-post","status-publish","format-standard","has-post-thumbnail","hentry","category-desporto","category-futebol","tag-benfica","tag-benfica-sad","tag-contratos","tag-futebol","tag-mercado-da-bola","tag-transferencias-internacionais"],"yoast_head":"<!-- This site is optimized with the Yoast SEO plugin v27.2 - https:\/\/yoast.com\/product\/yoast-seo-wordpress\/ -->\n<title>Ant\u00f3nio Silva sem ofertas; Richard R\u00edos entra no mercado - Portal Tela Portugal<\/title>\n<meta name=\"robots\" content=\"index, follow, max-snippet:-1, max-image-preview:large, max-video-preview:-1\" \/>\n<meta property=\"og:locale\" content=\"pt_PT\" \/>\n<meta property=\"og:type\" content=\"article\" \/>\n<meta property=\"og:title\" content=\"Ant\u00f3nio Silva sem ofertas; Richard R\u00edos entra no mercado - Portal Tela Portugal\" \/>\n<meta property=\"og:description\" content=\"Ant\u00f3nio Silva tem contrato at\u00e9 2027 e a renova\u00e7\u00e3o continua congelada; ainda n\u00e3o recebeu uma oferta formal para ficar. A ponte entre o jogador e a SAD mant\u00e9m-se, mas o clube pode avaliar a continuidade do defesa atrav\u00e9s de uma poss\u00edvel extens\u00e3o. Jorge Mendes ter\u00e1 colocado o nome de Ant\u00f3nio Silva junto da Juventus, segundo fontes divulgadas pelo confronto jornal\u00edstico. Richard R\u00edos est\u00e1 no mercado; a SAD est\u00e1 aberta a negociar entre 30 e 35 milh\u00f5es de euros pela venda do m\u00e9dio colombiano. R\u00edos soma 44 jogos pelos encarnados, com cinco golos e cinco assist\u00eancias, depois de uma les\u00e3o que o afastou quase um m\u00eas. No separador desportivo, o Benfica enfrenta o Moreirense amanh\u00e3 \u00e0s 18h na Luz, com Ant\u00f3nio Silva de titulares devido \u00e0 les\u00e3o de Tom\u00e1s Ara\u00fajo.\" \/>\n<meta property=\"og:url\" content=\"https:\/\/portaltela.pt\/noticias\/2026\/04\/24\/antonio-silva-sem-ofertas-richard-rios-entra-no-mercado\/\" \/>\n<meta property=\"og:site_name\" content=\"Portal Tela Portugal\" \/>\n<meta property=\"article:published_time\" content=\"2026-04-24T10:18:15+00:00\" \/>\n<meta name=\"author\" content=\"Telinha\" \/>\n<meta name=\"twitter:card\" content=\"summary_large_image\" \/>\n<meta name=\"twitter:label1\" content=\"Escrito por\" \/>\n\t<meta name=\"twitter:data1\" content=\"Telinha\" \/>\n\t<meta name=\"twitter:label2\" content=\"Tempo estimado de leitura\" \/>\n\t<meta name=\"twitter:data2\" content=\"1 minuto\" \/>\n<script type=\"application\/ld+json\" class=\"yoast-schema-graph\">{\"@context\":\"https:\/\/schema.org\",\"@graph\":[{\"@type\":\"Article\",\"@id\":\"https:\/\/portaltela.pt\/noticias\/2026\/04\/24\/antonio-silva-sem-ofertas-richard-rios-entra-no-mercado\/#article\",\"isPartOf\":{\"@id\":\"https:\/\/portaltela.pt\/noticias\/2026\/04\/24\/antonio-silva-sem-ofertas-richard-rios-entra-no-mercado\/\"},\"author\":{\"name\":\"Telinha\",\"@id\":\"https:\/\/portaltela.pt\/#\/schema\/person\/c4278d4a6028830caff9ee44b42d32ed\"},\"headline\":\"Ant\u00f3nio Silva sem ofertas; Richard R\u00edos entra no mercado\",\"datePublished\":\"2026-04-24T10:18:15+00:00\",\"mainEntityOfPage\":{\"@id\":\"https:\/\/portaltela.pt\/noticias\/2026\/04\/24\/antonio-silva-sem-ofertas-richard-rios-entra-no-mercado\/\"},\"wordCount\":282,\"image\":{\"@id\":\"https:\/\/portaltela.pt\/noticias\/2026\/04\/24\/antonio-silva-sem-ofertas-richard-rios-entra-no-mercado\/#primaryimage\"},\"thumbnailUrl\":\"https:\/\/portaltela.pt\/s.01k8rhncp4jt1\/2026\/04\/deb68504-74bb-4114-a69b-bd5878d93268_1200x675.jpg\",\"keywords\":[\"Benfica\",\"Benfica SAD\",\"contratos\",\"futebol\",\"mercado da bola\",\"transfer\u00eancias internacionais\"],\"articleSection\":[\"Desporto\",\"Futebol\"],\"inLanguage\":\"pt-PT\"},{\"@type\":\"WebPage\",\"@id\":\"https:\/\/portaltela.pt\/noticias\/2026\/04\/24\/antonio-silva-sem-ofertas-richard-rios-entra-no-mercado\/\",\"url\":\"https:\/\/portaltela.pt\/noticias\/2026\/04\/24\/antonio-silva-sem-ofertas-richard-rios-entra-no-mercado\/\",\"name\":\"Ant\u00f3nio Silva sem ofertas; Richard R\u00edos entra no mercado - Portal Tela Portugal\",\"isPartOf\":{\"@id\":\"https:\/\/portaltela.pt\/#website\"},\"primaryImageOfPage\":{\"@id\":\"https:\/\/portaltela.pt\/noticias\/2026\/04\/24\/antonio-silva-sem-ofertas-richard-rios-entra-no-mercado\/#primaryimage\"},\"image\":{\"@id\":\"https:\/\/portaltela.pt\/noticias\/2026\/04\/24\/antonio-silva-sem-ofertas-richard-rios-entra-no-mercado\/#primaryimage\"},\"thumbnailUrl\":\"https:\/\/portaltela.pt\/s.01k8rhncp4jt1\/2026\/04\/deb68504-74bb-4114-a69b-bd5878d93268_1200x675.jpg\",\"datePublished\":\"2026-04-24T10:18:15+00:00\",\"author\":{\"@id\":\"https:\/\/portaltela.pt\/#\/schema\/person\/c4278d4a6028830caff9ee44b42d32ed\"},\"breadcrumb\":{\"@id\":\"https:\/\/portaltela.pt\/noticias\/2026\/04\/24\/antonio-silva-sem-ofertas-richard-rios-entra-no-mercado\/#breadcrumb\"},\"inLanguage\":\"pt-PT\",\"potentialAction\":[{\"@type\":\"ReadAction\",\"target\":[\"https:\/\/portaltela.pt\/noticias\/2026\/04\/24\/antonio-silva-sem-ofertas-richard-rios-entra-no-mercado\/\"]}]},{\"@type\":\"ImageObject\",\"inLanguage\":\"pt-PT\",\"@id\":\"https:\/\/portaltela.pt\/noticias\/2026\/04\/24\/antonio-silva-sem-ofertas-richard-rios-entra-no-mercado\/#primaryimage\",\"url\":\"https:\/\/portaltela.pt\/s.01k8rhncp4jt1\/2026\/04\/deb68504-74bb-4114-a69b-bd5878d93268_1200x675.jpg\",\"contentUrl\":\"https:\/\/portaltela.pt\/s.01k8rhncp4jt1\/2026\/04\/deb68504-74bb-4114-a69b-bd5878d93268_1200x675.jpg\",\"width\":796,\"height\":448,\"caption\":\"Richard R\u00edos foi a aquisi\u00e7\u00e3o mais cara das \u00e1guias - 27 milh\u00f5es de euros\"},{\"@type\":\"BreadcrumbList\",\"@id\":\"https:\/\/portaltela.pt\/noticias\/2026\/04\/24\/antonio-silva-sem-ofertas-richard-rios-entra-no-mercado\/#breadcrumb\",\"itemListElement\":[{\"@type\":\"ListItem\",\"position\":1,\"name\":\"In\u00edcio\",\"item\":\"https:\/\/portaltela.pt\/\"},{\"@type\":\"ListItem\",\"position\":2,\"name\":\"Ant\u00f3nio Silva sem ofertas; Richard R\u00edos entra no mercado\"}]},{\"@type\":\"WebSite\",\"@id\":\"https:\/\/portaltela.pt\/#website\",\"url\":\"https:\/\/portaltela.pt\/\",\"name\":\"Portal Tela Portugal\",\"description\":\"\",\"potentialAction\":[{\"@type\":\"SearchAction\",\"target\":{\"@type\":\"EntryPoint\",\"urlTemplate\":\"https:\/\/portaltela.pt\/?s={search_term_string}\"},\"query-input\":{\"@type\":\"PropertyValueSpecification\",\"valueRequired\":true,\"valueName\":\"search_term_string\"}}],\"inLanguage\":\"pt-PT\"},{\"@type\":\"Person\",\"@id\":\"https:\/\/portaltela.pt\/#\/schema\/person\/c4278d4a6028830caff9ee44b42d32ed\",\"name\":\"Telinha\",\"image\":{\"@type\":\"ImageObject\",\"inLanguage\":\"pt-PT\",\"@id\":\"https:\/\/portaltela.pt\/s.01k8rhncp4jt1\/2025\/11\/talking-bot-125x125.png\",\"url\":\"https:\/\/portaltela.pt\/s.01k8rhncp4jt1\/2025\/11\/talking-bot-125x125.png\",\"contentUrl\":\"https:\/\/portaltela.pt\/s.01k8rhncp4jt1\/2025\/11\/talking-bot-125x125.png\",\"caption\":\"Telinha\"},\"sameAs\":[\"https:\/\/portaltela.pt\/\"],\"url\":\"https:\/\/portaltela.pt\/por\/367410592786\/\"}]}<\/script>\n<!-- \/ Yoast SEO plugin. -->","yoast_head_json":{"title":"Ant\u00f3nio Silva sem ofertas; Richard R\u00edos entra no mercado - Portal Tela Portugal","robots":{"index":"index","follow":"follow","max-snippet":"max-snippet:-1","max-image-preview":"max-image-preview:large","max-video-preview":"max-video-preview:-1"},"og_locale":"pt_PT","og_type":"article","og_title":"Ant\u00f3nio Silva sem ofertas; Richard R\u00edos entra no mercado - Portal Tela Portugal","og_description":"Ant\u00f3nio Silva tem contrato at\u00e9 2027 e a renova\u00e7\u00e3o continua congelada; ainda n\u00e3o recebeu uma oferta formal para ficar. A ponte entre o jogador e a SAD mant\u00e9m-se, mas o clube pode avaliar a continuidade do defesa atrav\u00e9s de uma poss\u00edvel extens\u00e3o. Jorge Mendes ter\u00e1 colocado o nome de Ant\u00f3nio Silva junto da Juventus, segundo fontes divulgadas pelo confronto jornal\u00edstico. Richard R\u00edos est\u00e1 no mercado; a SAD est\u00e1 aberta a negociar entre 30 e 35 milh\u00f5es de euros pela venda do m\u00e9dio colombiano. R\u00edos soma 44 jogos pelos encarnados, com cinco golos e cinco assist\u00eancias, depois de uma les\u00e3o que o afastou quase um m\u00eas. No separador desportivo, o Benfica enfrenta o Moreirense amanh\u00e3 \u00e0s 18h na Luz, com Ant\u00f3nio Silva de titulares devido \u00e0 les\u00e3o de Tom\u00e1s Ara\u00fajo.","og_url":"https:\/\/portaltela.pt\/noticias\/2026\/04\/24\/antonio-silva-sem-ofertas-richard-rios-entra-no-mercado\/","og_site_name":"Portal Tela Portugal","article_published_time":"2026-04-24T10:18:15+00:00","author":"Telinha","twitter_card":"summary_large_image","twitter_misc":{"Escrito por":"Telinha","Tempo estimado de leitura":"1 minuto"},"schema":{"@context":"https:\/\/schema.org","@graph":[{"@type":"Article","@id":"https:\/\/portaltela.pt\/noticias\/2026\/04\/24\/antonio-silva-sem-ofertas-richard-rios-entra-no-mercado\/#article","isPartOf":{"@id":"https:\/\/portaltela.pt\/noticias\/2026\/04\/24\/antonio-silva-sem-ofertas-richard-rios-entra-no-mercado\/"},"author":{"name":"Telinha","@id":"https:\/\/portaltela.pt\/#\/schema\/person\/c4278d4a6028830caff9ee44b42d32ed"},"headline":"Ant\u00f3nio Silva sem ofertas; Richard R\u00edos entra no mercado","datePublished":"2026-04-24T10:18:15+00:00","mainEntityOfPage":{"@id":"https:\/\/portaltela.pt\/noticias\/2026\/04\/24\/antonio-silva-sem-ofertas-richard-rios-entra-no-mercado\/"},"wordCount":282,"image":{"@id":"https:\/\/portaltela.pt\/noticias\/2026\/04\/24\/antonio-silva-sem-ofertas-richard-rios-entra-no-mercado\/#primaryimage"},"thumbnailUrl":"https:\/\/portaltela.pt\/s.01k8rhncp4jt1\/2026\/04\/deb68504-74bb-4114-a69b-bd5878d93268_1200x675.jpg","keywords":["Benfica","Benfica SAD","contratos","futebol","mercado da bola","transfer\u00eancias internacionais"],"articleSection":["Desporto","Futebol"],"inLanguage":"pt-PT"},{"@type":"WebPage","@id":"https:\/\/portaltela.pt\/noticias\/2026\/04\/24\/antonio-silva-sem-ofertas-richard-rios-entra-no-mercado\/","url":"https:\/\/portaltela.pt\/noticias\/2026\/04\/24\/antonio-silva-sem-ofertas-richard-rios-entra-no-mercado\/","name":"Ant\u00f3nio Silva sem ofertas; Richard R\u00edos entra no mercado - Portal Tela Portugal","isPartOf":{"@id":"https:\/\/portaltela.pt\/#website"},"primaryImageOfPage":{"@id":"https:\/\/portaltela.pt\/noticias\/2026\/04\/24\/antonio-silva-sem-ofertas-richard-rios-entra-no-mercado\/#primaryimage"},"image":{"@id":"https:\/\/portaltela.pt\/noticias\/2026\/04\/24\/antonio-silva-sem-ofertas-richard-rios-entra-no-mercado\/#primaryimage"},"thumbnailUrl":"https:\/\/portaltela.pt\/s.01k8rhncp4jt1\/2026\/04\/deb68504-74bb-4114-a69b-bd5878d93268_1200x675.jpg","datePublished":"2026-04-24T10:18:15+00:00","author":{"@id":"https:\/\/portaltela.pt\/#\/schema\/person\/c4278d4a6028830caff9ee44b42d32ed"},"breadcrumb":{"@id":"https:\/\/portaltela.pt\/noticias\/2026\/04\/24\/antonio-silva-sem-ofertas-richard-rios-entra-no-mercado\/#breadcrumb"},"inLanguage":"pt-PT","potentialAction":[{"@type":"ReadAction","target":["https:\/\/portaltela.pt\/noticias\/2026\/04\/24\/antonio-silva-sem-ofertas-richard-rios-entra-no-mercado\/"]}]},{"@type":"ImageObject","inLanguage":"pt-PT","@id":"https:\/\/portaltela.pt\/noticias\/2026\/04\/24\/antonio-silva-sem-ofertas-richard-rios-entra-no-mercado\/#primaryimage","url":"https:\/\/portaltela.pt\/s.01k8rhncp4jt1\/2026\/04\/deb68504-74bb-4114-a69b-bd5878d93268_1200x675.jpg","contentUrl":"https:\/\/portaltela.pt\/s.01k8rhncp4jt1\/2026\/04\/deb68504-74bb-4114-a69b-bd5878d93268_1200x675.jpg","width":796,"height":448,"caption":"Richard R\u00edos foi a aquisi\u00e7\u00e3o mais cara das \u00e1guias - 27 milh\u00f5es de euros"},{"@type":"BreadcrumbList","@id":"https:\/\/portaltela.pt\/noticias\/2026\/04\/24\/antonio-silva-sem-ofertas-richard-rios-entra-no-mercado\/#breadcrumb","itemListElement":[{"@type":"ListItem","position":1,"name":"In\u00edcio","item":"https:\/\/portaltela.pt\/"},{"@type":"ListItem","position":2,"name":"Ant\u00f3nio Silva sem ofertas; Richard R\u00edos entra no mercado"}]},{"@type":"WebSite","@id":"https:\/\/portaltela.pt\/#website","url":"https:\/\/portaltela.pt\/","name":"Portal Tela Portugal","description":"","potentialAction":[{"@type":"SearchAction","target":{"@type":"EntryPoint","urlTemplate":"https:\/\/portaltela.pt\/?s={search_term_string}"},"query-input":{"@type":"PropertyValueSpecification","valueRequired":true,"valueName":"search_term_string"}}],"inLanguage":"pt-PT"},{"@type":"Person","@id":"https:\/\/portaltela.pt\/#\/schema\/person\/c4278d4a6028830caff9ee44b42d32ed","name":"Telinha","image":{"@type":"ImageObject","inLanguage":"pt-PT","@id":"https:\/\/portaltela.pt\/s.01k8rhncp4jt1\/2025\/11\/talking-bot-125x125.png","url":"https:\/\/portaltela.pt\/s.01k8rhncp4jt1\/2025\/11\/talking-bot-125x125.png","contentUrl":"https:\/\/portaltela.pt\/s.01k8rhncp4jt1\/2025\/11\/talking-bot-125x125.png","caption":"Telinha"},"sameAs":["https:\/\/portaltela.pt\/"],"url":"https:\/\/portaltela.pt\/por\/367410592786\/"}]}},"_links":{"self":[{"href":"https:\/\/portaltela.pt\/api\/wp\/v2\/posts\/457383","targetHints":{"allow":["GET"]}}],"collection":[{"href":"https:\/\/portaltela.pt\/api\/wp\/v2\/posts"}],"about":[{"href":"https:\/\/portaltela.pt\/api\/wp\/v2\/types\/post"}],"author":[{"embeddable":true,"href":"https:\/\/portaltela.pt\/api\/wp\/v2\/users\/2"}],"replies":[{"embeddable":true,"href":"https:\/\/portaltela.pt\/api\/wp\/v2\/comments?post=457383"}],"version-history":[{"count":0,"href":"https:\/\/portaltela.pt\/api\/wp\/v2\/posts\/457383\/revisions"}],"wp:featuredmedia":[{"embeddable":true,"href":"https:\/\/portaltela.pt\/api\/wp\/v2\/media\/457387"}],"wp:attachment":[{"href":"https:\/\/portaltela.pt\/api\/wp\/v2\/media?parent=457383"}],"wp:term":[{"taxonomy":"category","embeddable":true,"href":"https:\/\/portaltela.pt\/api\/wp\/v2\/categories?post=457383"},{"taxonomy":"post_tag","embeddable":true,"href":"https:\/\/portaltela.pt\/api\/wp\/v2\/tags?post=457383"}],"curies":[{"name":"wp","href":"https:\/\/api.w.org\/{rel}","templated":true}]}}