{"id":457380,"date":"2026-04-24T07:18:10","date_gmt":"2026-04-24T10:18:10","guid":{"rendered":"https:\/\/portaltela.pt\/noticias\/2026\/04\/24\/hjulmand-com-o-final-da-epoca-em-risco\/"},"modified":"2026-04-24T07:18:10","modified_gmt":"2026-04-24T10:18:10","slug":"hjulmand-com-o-final-da-epoca-em-risco","status":"publish","type":"post","link":"https:\/\/portaltela.pt\/desporto\/futebol\/2026\/04\/24\/hjulmand-com-o-final-da-epoca-em-risco\/","title":{"rendered":"Hjulmand com o final da \u00e9poca em risco"},"content":{"rendered":"<p>O focusing da Ta\u00e7a de Portugal tem custos para o Sporting. Na segunda m\u00e3o da meia-final, disputada no Est\u00e1dio do Drag\u00e3o, Gon\u00e7alo In\u00e1cio, Maxi Ara\u00fajo e Morten Hjulmand sofreram les\u00f5es, com o capit\u00e3o Hjulmand a registar a gravidade maior: entorse no tornozelo direito.<\/p>\n<p>A les\u00e3o de Hjulmand coloca em risco a sua participa\u00e7\u00e3o no que resta da \u00e9poca, podendo terminar a \u00e9poca prematuramente. A SAD leonina dever\u00e1 ainda apresentar uma participa\u00e7\u00e3o disciplinar contra Gabri Veiga, do F. C. Porto, pela jogada que originou o problema f\u00edsico do m\u00e9dio dinamarqu\u00eas.<\/p>\n<h3>Les\u00f5es e impacto no plantel<\/h3>\n<ul>\n<li>In\u00e1cio e Maxi Ara\u00fajo ficaram limitados ap\u00f3s a meia-final, mas n\u00e3o devem sofrer perda de posi\u00e7\u00e3o na equipa titular para o pr\u00f3ximo confronto, caso recuperem a tempo.<\/li>\n<li>Hjulmand est\u00e1 avaliado pelos servi\u00e7os m\u00e9dicos para determinar o tempo de recupera\u00e7\u00e3o e o poss\u00edvel regresso aos treinos.<\/li>\n<\/ul>\n<h3>Desdobramentos judiciais e disciplinares<\/h3>\n<ul>\n<li>A dire\u00e7\u00e3o do Sporting planeia apresentar uma participa\u00e7\u00e3o disciplinar contra Gabri Veiga, por incidentes ocorridos durante a jogada com que o capit\u00e3o foi atingido.<\/li>\n<li>O clube n\u00e3o divulgou prazos oficiais de recupera\u00e7\u00e3o, apenas apontou para a possibilidade de fim de \u00e9poca para o jogador dinamarqu\u00eas.<\/li>\n<\/ul>\n","protected":false},"excerpt":{"rendered":"<ul>\n<li>O capit\u00e3o Morten Hjulmand sofreu entorse no tornozelo direito e pode ficar de fora do restante da \u00e9poca.<\/li>\n<li>Gon\u00e7alo In\u00e1cio e Maxi Ara\u00fajo tamb\u00e9m ficaram lesionados na segunda m\u00e3o da meia-final, disputada no Est\u00e1dio do Drag\u00e3o.<\/li>\n<li>A les\u00e3o de Hjulmand \u00e9 a mais grave entre as ocorridas na partida, arriscando o fim de temporada.<\/li>\n<li>A Sociedade An\u00f3nima Desportiva do Sporting vai apresentar participa\u00e7\u00e3o disciplinar contra Gabri Veiga, do Futebol Clube do Porto, pela jogada que originou a les\u00e3o.<\/li>\n<li>O confronto de qualifica\u00e7\u00e3o para a final da Ta\u00e7a de Portugal teve custos para Rui Borges, com tr\u00eas les\u00f5es entre os jogadores.<\/li>\n<\/ul>\n","protected":false},"author":2,"featured_media":457384,"comment_status":"closed","ping_status":"closed","sticky":false,"template":"","format":"standard","meta":{"footnotes":""},"categories":[21,24],"tags":[32,3154,2538,982,1652,1377],"class_list":["post-457380","post","type-post","status-publish","format-standard","has-post-thumbnail","hentry","category-desporto","category-futebol","tag-futebol","tag-gabri-veiga","tag-lesoes","tag-porto","tag-sporting","tag-taca-da-portugal"],"yoast_head":"<!-- This site is optimized with the Yoast SEO plugin v27.2 - https:\/\/yoast.com\/product\/yoast-seo-wordpress\/ -->\n<title>Hjulmand com o final da \u00e9poca em risco - Portal Tela Portugal<\/title>\n<meta name=\"robots\" content=\"index, follow, max-snippet:-1, max-image-preview:large, max-video-preview:-1\" \/>\n<meta property=\"og:locale\" content=\"pt_PT\" \/>\n<meta property=\"og:type\" content=\"article\" \/>\n<meta property=\"og:title\" content=\"Hjulmand com o final da \u00e9poca em risco - Portal Tela Portugal\" \/>\n<meta property=\"og:description\" content=\"O capit\u00e3o Morten Hjulmand sofreu entorse no tornozelo direito e pode ficar de fora do restante da \u00e9poca. Gon\u00e7alo In\u00e1cio e Maxi Ara\u00fajo tamb\u00e9m ficaram lesionados na segunda m\u00e3o da meia-final, disputada no Est\u00e1dio do Drag\u00e3o. A les\u00e3o de Hjulmand \u00e9 a mais grave entre as ocorridas na partida, arriscando o fim de temporada. A Sociedade An\u00f3nima Desportiva do Sporting vai apresentar participa\u00e7\u00e3o disciplinar contra Gabri Veiga, do Futebol Clube do Porto, pela jogada que originou a les\u00e3o. O confronto de qualifica\u00e7\u00e3o para a final da Ta\u00e7a de Portugal teve custos para Rui Borges, com tr\u00eas les\u00f5es entre os jogadores.\" \/>\n<meta property=\"og:url\" content=\"https:\/\/portaltela.pt\/noticias\/2026\/04\/24\/hjulmand-com-o-final-da-epoca-em-risco\/\" \/>\n<meta property=\"og:site_name\" content=\"Portal Tela Portugal\" \/>\n<meta property=\"article:published_time\" content=\"2026-04-24T10:18:10+00:00\" \/>\n<meta name=\"author\" content=\"Telinha\" \/>\n<meta name=\"twitter:card\" content=\"summary_large_image\" \/>\n<meta name=\"twitter:label1\" content=\"Escrito por\" \/>\n\t<meta name=\"twitter:data1\" content=\"Telinha\" \/>\n\t<meta name=\"twitter:label2\" content=\"Tempo estimado de leitura\" \/>\n\t<meta name=\"twitter:data2\" content=\"1 minuto\" \/>\n<script type=\"application\/ld+json\" class=\"yoast-schema-graph\">{\"@context\":\"https:\/\/schema.org\",\"@graph\":[{\"@type\":\"Article\",\"@id\":\"https:\/\/portaltela.pt\/noticias\/2026\/04\/24\/hjulmand-com-o-final-da-epoca-em-risco\/#article\",\"isPartOf\":{\"@id\":\"https:\/\/portaltela.pt\/noticias\/2026\/04\/24\/hjulmand-com-o-final-da-epoca-em-risco\/\"},\"author\":{\"name\":\"Telinha\",\"@id\":\"https:\/\/portaltela.pt\/#\/schema\/person\/c4278d4a6028830caff9ee44b42d32ed\"},\"headline\":\"Hjulmand com o final da \u00e9poca em risco\",\"datePublished\":\"2026-04-24T10:18:10+00:00\",\"mainEntityOfPage\":{\"@id\":\"https:\/\/portaltela.pt\/noticias\/2026\/04\/24\/hjulmand-com-o-final-da-epoca-em-risco\/\"},\"wordCount\":228,\"image\":{\"@id\":\"https:\/\/portaltela.pt\/noticias\/2026\/04\/24\/hjulmand-com-o-final-da-epoca-em-risco\/#primaryimage\"},\"thumbnailUrl\":\"https:\/\/portaltela.pt\/s.01k8rhncp4jt1\/2026\/04\/dc142f7e-bcd4-4a96-9b9d-903ce6c1a1c9_1200x675.jpg\",\"keywords\":[\"futebol\",\"Gabri Veiga\",\"les\u00f5es\",\"Porto\",\"Sporting\",\"Ta\u00e7a da Portugal\"],\"articleSection\":[\"Desporto\",\"Futebol\"],\"inLanguage\":\"pt-PT\"},{\"@type\":\"WebPage\",\"@id\":\"https:\/\/portaltela.pt\/noticias\/2026\/04\/24\/hjulmand-com-o-final-da-epoca-em-risco\/\",\"url\":\"https:\/\/portaltela.pt\/noticias\/2026\/04\/24\/hjulmand-com-o-final-da-epoca-em-risco\/\",\"name\":\"Hjulmand com o final da \u00e9poca em risco - Portal Tela Portugal\",\"isPartOf\":{\"@id\":\"https:\/\/portaltela.pt\/#website\"},\"primaryImageOfPage\":{\"@id\":\"https:\/\/portaltela.pt\/noticias\/2026\/04\/24\/hjulmand-com-o-final-da-epoca-em-risco\/#primaryimage\"},\"image\":{\"@id\":\"https:\/\/portaltela.pt\/noticias\/2026\/04\/24\/hjulmand-com-o-final-da-epoca-em-risco\/#primaryimage\"},\"thumbnailUrl\":\"https:\/\/portaltela.pt\/s.01k8rhncp4jt1\/2026\/04\/dc142f7e-bcd4-4a96-9b9d-903ce6c1a1c9_1200x675.jpg\",\"datePublished\":\"2026-04-24T10:18:10+00:00\",\"author\":{\"@id\":\"https:\/\/portaltela.pt\/#\/schema\/person\/c4278d4a6028830caff9ee44b42d32ed\"},\"breadcrumb\":{\"@id\":\"https:\/\/portaltela.pt\/noticias\/2026\/04\/24\/hjulmand-com-o-final-da-epoca-em-risco\/#breadcrumb\"},\"inLanguage\":\"pt-PT\",\"potentialAction\":[{\"@type\":\"ReadAction\",\"target\":[\"https:\/\/portaltela.pt\/noticias\/2026\/04\/24\/hjulmand-com-o-final-da-epoca-em-risco\/\"]}]},{\"@type\":\"ImageObject\",\"inLanguage\":\"pt-PT\",\"@id\":\"https:\/\/portaltela.pt\/noticias\/2026\/04\/24\/hjulmand-com-o-final-da-epoca-em-risco\/#primaryimage\",\"url\":\"https:\/\/portaltela.pt\/s.01k8rhncp4jt1\/2026\/04\/dc142f7e-bcd4-4a96-9b9d-903ce6c1a1c9_1200x675.jpg\",\"contentUrl\":\"https:\/\/portaltela.pt\/s.01k8rhncp4jt1\/2026\/04\/dc142f7e-bcd4-4a96-9b9d-903ce6c1a1c9_1200x675.jpg\",\"width\":796,\"height\":448,\"caption\":\"Hjulmand e Gabri Veiga no d\u00e9rbi\"},{\"@type\":\"BreadcrumbList\",\"@id\":\"https:\/\/portaltela.pt\/noticias\/2026\/04\/24\/hjulmand-com-o-final-da-epoca-em-risco\/#breadcrumb\",\"itemListElement\":[{\"@type\":\"ListItem\",\"position\":1,\"name\":\"In\u00edcio\",\"item\":\"https:\/\/portaltela.pt\/\"},{\"@type\":\"ListItem\",\"position\":2,\"name\":\"Hjulmand com o final da \u00e9poca em risco\"}]},{\"@type\":\"WebSite\",\"@id\":\"https:\/\/portaltela.pt\/#website\",\"url\":\"https:\/\/portaltela.pt\/\",\"name\":\"Portal Tela Portugal\",\"description\":\"\",\"potentialAction\":[{\"@type\":\"SearchAction\",\"target\":{\"@type\":\"EntryPoint\",\"urlTemplate\":\"https:\/\/portaltela.pt\/?s={search_term_string}\"},\"query-input\":{\"@type\":\"PropertyValueSpecification\",\"valueRequired\":true,\"valueName\":\"search_term_string\"}}],\"inLanguage\":\"pt-PT\"},{\"@type\":\"Person\",\"@id\":\"https:\/\/portaltela.pt\/#\/schema\/person\/c4278d4a6028830caff9ee44b42d32ed\",\"name\":\"Telinha\",\"image\":{\"@type\":\"ImageObject\",\"inLanguage\":\"pt-PT\",\"@id\":\"https:\/\/portaltela.pt\/s.01k8rhncp4jt1\/2025\/11\/talking-bot-125x125.png\",\"url\":\"https:\/\/portaltela.pt\/s.01k8rhncp4jt1\/2025\/11\/talking-bot-125x125.png\",\"contentUrl\":\"https:\/\/portaltela.pt\/s.01k8rhncp4jt1\/2025\/11\/talking-bot-125x125.png\",\"caption\":\"Telinha\"},\"sameAs\":[\"https:\/\/portaltela.pt\/\"],\"url\":\"https:\/\/portaltela.pt\/por\/367410592786\/\"}]}<\/script>\n<!-- \/ Yoast SEO plugin. -->","yoast_head_json":{"title":"Hjulmand com o final da \u00e9poca em risco - Portal Tela Portugal","robots":{"index":"index","follow":"follow","max-snippet":"max-snippet:-1","max-image-preview":"max-image-preview:large","max-video-preview":"max-video-preview:-1"},"og_locale":"pt_PT","og_type":"article","og_title":"Hjulmand com o final da \u00e9poca em risco - Portal Tela Portugal","og_description":"O capit\u00e3o Morten Hjulmand sofreu entorse no tornozelo direito e pode ficar de fora do restante da \u00e9poca. Gon\u00e7alo In\u00e1cio e Maxi Ara\u00fajo tamb\u00e9m ficaram lesionados na segunda m\u00e3o da meia-final, disputada no Est\u00e1dio do Drag\u00e3o. A les\u00e3o de Hjulmand \u00e9 a mais grave entre as ocorridas na partida, arriscando o fim de temporada. A Sociedade An\u00f3nima Desportiva do Sporting vai apresentar participa\u00e7\u00e3o disciplinar contra Gabri Veiga, do Futebol Clube do Porto, pela jogada que originou a les\u00e3o. O confronto de qualifica\u00e7\u00e3o para a final da Ta\u00e7a de Portugal teve custos para Rui Borges, com tr\u00eas les\u00f5es entre os jogadores.","og_url":"https:\/\/portaltela.pt\/noticias\/2026\/04\/24\/hjulmand-com-o-final-da-epoca-em-risco\/","og_site_name":"Portal Tela Portugal","article_published_time":"2026-04-24T10:18:10+00:00","author":"Telinha","twitter_card":"summary_large_image","twitter_misc":{"Escrito por":"Telinha","Tempo estimado de leitura":"1 minuto"},"schema":{"@context":"https:\/\/schema.org","@graph":[{"@type":"Article","@id":"https:\/\/portaltela.pt\/noticias\/2026\/04\/24\/hjulmand-com-o-final-da-epoca-em-risco\/#article","isPartOf":{"@id":"https:\/\/portaltela.pt\/noticias\/2026\/04\/24\/hjulmand-com-o-final-da-epoca-em-risco\/"},"author":{"name":"Telinha","@id":"https:\/\/portaltela.pt\/#\/schema\/person\/c4278d4a6028830caff9ee44b42d32ed"},"headline":"Hjulmand com o final da \u00e9poca em risco","datePublished":"2026-04-24T10:18:10+00:00","mainEntityOfPage":{"@id":"https:\/\/portaltela.pt\/noticias\/2026\/04\/24\/hjulmand-com-o-final-da-epoca-em-risco\/"},"wordCount":228,"image":{"@id":"https:\/\/portaltela.pt\/noticias\/2026\/04\/24\/hjulmand-com-o-final-da-epoca-em-risco\/#primaryimage"},"thumbnailUrl":"https:\/\/portaltela.pt\/s.01k8rhncp4jt1\/2026\/04\/dc142f7e-bcd4-4a96-9b9d-903ce6c1a1c9_1200x675.jpg","keywords":["futebol","Gabri Veiga","les\u00f5es","Porto","Sporting","Ta\u00e7a da Portugal"],"articleSection":["Desporto","Futebol"],"inLanguage":"pt-PT"},{"@type":"WebPage","@id":"https:\/\/portaltela.pt\/noticias\/2026\/04\/24\/hjulmand-com-o-final-da-epoca-em-risco\/","url":"https:\/\/portaltela.pt\/noticias\/2026\/04\/24\/hjulmand-com-o-final-da-epoca-em-risco\/","name":"Hjulmand com o final da \u00e9poca em risco - Portal Tela Portugal","isPartOf":{"@id":"https:\/\/portaltela.pt\/#website"},"primaryImageOfPage":{"@id":"https:\/\/portaltela.pt\/noticias\/2026\/04\/24\/hjulmand-com-o-final-da-epoca-em-risco\/#primaryimage"},"image":{"@id":"https:\/\/portaltela.pt\/noticias\/2026\/04\/24\/hjulmand-com-o-final-da-epoca-em-risco\/#primaryimage"},"thumbnailUrl":"https:\/\/portaltela.pt\/s.01k8rhncp4jt1\/2026\/04\/dc142f7e-bcd4-4a96-9b9d-903ce6c1a1c9_1200x675.jpg","datePublished":"2026-04-24T10:18:10+00:00","author":{"@id":"https:\/\/portaltela.pt\/#\/schema\/person\/c4278d4a6028830caff9ee44b42d32ed"},"breadcrumb":{"@id":"https:\/\/portaltela.pt\/noticias\/2026\/04\/24\/hjulmand-com-o-final-da-epoca-em-risco\/#breadcrumb"},"inLanguage":"pt-PT","potentialAction":[{"@type":"ReadAction","target":["https:\/\/portaltela.pt\/noticias\/2026\/04\/24\/hjulmand-com-o-final-da-epoca-em-risco\/"]}]},{"@type":"ImageObject","inLanguage":"pt-PT","@id":"https:\/\/portaltela.pt\/noticias\/2026\/04\/24\/hjulmand-com-o-final-da-epoca-em-risco\/#primaryimage","url":"https:\/\/portaltela.pt\/s.01k8rhncp4jt1\/2026\/04\/dc142f7e-bcd4-4a96-9b9d-903ce6c1a1c9_1200x675.jpg","contentUrl":"https:\/\/portaltela.pt\/s.01k8rhncp4jt1\/2026\/04\/dc142f7e-bcd4-4a96-9b9d-903ce6c1a1c9_1200x675.jpg","width":796,"height":448,"caption":"Hjulmand e Gabri Veiga no d\u00e9rbi"},{"@type":"BreadcrumbList","@id":"https:\/\/portaltela.pt\/noticias\/2026\/04\/24\/hjulmand-com-o-final-da-epoca-em-risco\/#breadcrumb","itemListElement":[{"@type":"ListItem","position":1,"name":"In\u00edcio","item":"https:\/\/portaltela.pt\/"},{"@type":"ListItem","position":2,"name":"Hjulmand com o final da \u00e9poca em risco"}]},{"@type":"WebSite","@id":"https:\/\/portaltela.pt\/#website","url":"https:\/\/portaltela.pt\/","name":"Portal Tela Portugal","description":"","potentialAction":[{"@type":"SearchAction","target":{"@type":"EntryPoint","urlTemplate":"https:\/\/portaltela.pt\/?s={search_term_string}"},"query-input":{"@type":"PropertyValueSpecification","valueRequired":true,"valueName":"search_term_string"}}],"inLanguage":"pt-PT"},{"@type":"Person","@id":"https:\/\/portaltela.pt\/#\/schema\/person\/c4278d4a6028830caff9ee44b42d32ed","name":"Telinha","image":{"@type":"ImageObject","inLanguage":"pt-PT","@id":"https:\/\/portaltela.pt\/s.01k8rhncp4jt1\/2025\/11\/talking-bot-125x125.png","url":"https:\/\/portaltela.pt\/s.01k8rhncp4jt1\/2025\/11\/talking-bot-125x125.png","contentUrl":"https:\/\/portaltela.pt\/s.01k8rhncp4jt1\/2025\/11\/talking-bot-125x125.png","caption":"Telinha"},"sameAs":["https:\/\/portaltela.pt\/"],"url":"https:\/\/portaltela.pt\/por\/367410592786\/"}]}},"_links":{"self":[{"href":"https:\/\/portaltela.pt\/api\/wp\/v2\/posts\/457380","targetHints":{"allow":["GET"]}}],"collection":[{"href":"https:\/\/portaltela.pt\/api\/wp\/v2\/posts"}],"about":[{"href":"https:\/\/portaltela.pt\/api\/wp\/v2\/types\/post"}],"author":[{"embeddable":true,"href":"https:\/\/portaltela.pt\/api\/wp\/v2\/users\/2"}],"replies":[{"embeddable":true,"href":"https:\/\/portaltela.pt\/api\/wp\/v2\/comments?post=457380"}],"version-history":[{"count":0,"href":"https:\/\/portaltela.pt\/api\/wp\/v2\/posts\/457380\/revisions"}],"wp:featuredmedia":[{"embeddable":true,"href":"https:\/\/portaltela.pt\/api\/wp\/v2\/media\/457384"}],"wp:attachment":[{"href":"https:\/\/portaltela.pt\/api\/wp\/v2\/media?parent=457380"}],"wp:term":[{"taxonomy":"category","embeddable":true,"href":"https:\/\/portaltela.pt\/api\/wp\/v2\/categories?post=457380"},{"taxonomy":"post_tag","embeddable":true,"href":"https:\/\/portaltela.pt\/api\/wp\/v2\/tags?post=457380"}],"curies":[{"name":"wp","href":"https:\/\/api.w.org\/{rel}","templated":true}]}}