{"id":457356,"date":"2026-04-24T07:03:07","date_gmt":"2026-04-24T10:03:07","guid":{"rendered":"https:\/\/portaltela.pt\/noticias\/2026\/04\/24\/franca-transfere-dados-de-saude-publica-microsoft-para-operador-de-nuvem-frances\/"},"modified":"2026-04-24T07:03:07","modified_gmt":"2026-04-24T10:03:07","slug":"franca-transfere-dados-de-saude-publica-microsoft-para-operador-de-nuvem-frances","status":"publish","type":"post","link":"https:\/\/portaltela.pt\/tecnologia\/2026\/04\/24\/franca-transfere-dados-de-saude-publica-microsoft-para-operador-de-nuvem-frances\/","title":{"rendered":"Fran\u00e7a transfere dados de sa\u00fade p\u00fablica Microsoft para operador de nuvem franc\u00eas"},"content":{"rendered":"<p>Fran\u00e7a vai transferir a base de dados de sa\u00fade p\u00fablica da Microsoft para um operador cloud nacional. A decis\u00e3o integra um esfor\u00e7o europeu para reduzir a depend\u00eancia de fornecedores norte\u2011americanos em servi\u00e7os de cloud e software. A Scaleway, subsidi\u00e1ria do grupo franc\u00eas Iliad, ficar\u00e1 respons\u00e1vel pelo Health Data Hub nacional, substituindo a Microsoft Azure.<\/p>\n<p>A plataforma re\u00fane informa\u00e7\u00f5es de sa\u00fade de milh\u00f5es de cidad\u00e3os franceses. O objetivo \u00e9 reproduzir o SNDS, gerido pelo seguro social, como recurso digital para investigadores que trabalham com dados em larga escala e a longo prazo. Em 2019, a Microsoft ficou respons\u00e1vel pela infraestrutura de cloud.<\/p>\n<p>Os reguladores franceses deram menos de 2024 para concluir a mudan\u00e7a, depois de a CNIL ter emitido parecer cr\u00edtico sobre privacidade e seguran\u00e7a. Mesmo com dados alojados em Fran\u00e7a, autoridades norte\u2011americanas podem aceder aos dados por viaLei dos EUA, se o fornecedor for dos EUA.<\/p>\n<p>Em fevereiro, o governo anunciou a inten\u00e7\u00e3o de retirar \u00e0 Microsoft o alojamento desta plataforma sens\u00edvel at\u00e9 ao final do ano. Em 2024 foi aprovada uma lei que exige alojamento soberano para dados sens\u00edveis.<\/p>\n<p>A migra\u00e7\u00e3o \u00e9 apresentada como um passo para fortalecer seguran\u00e7a e confian\u00e7a. Hela Ghariani, diretora da Plataforma de Dados de Sa\u00fade, afirma que o movimento acelera o uso dos dados do SNDS e a investiga\u00e7\u00e3o em Fran\u00e7a e na Europa.<\/p>\n<p>O sistema dever\u00e1 armazenar registos cl\u00ednicos de dezenas de milh\u00f5es de cidad\u00e3os e entrar em funcionamento pleno entre o final de 2026 e o in\u00edcio de 2027. O objetivo \u00e9 facilitar a inova\u00e7\u00e3o baseada em dados de sa\u00fade na regi\u00e3o.<\/p>\n<h3>Afastamento de grandes tecnol\u00f3gicas<\/h3>\n<p>Em paralelo, governos europeus avan\u00e7am para reduzir a depend\u00eancia de fornecedores norte\u2011americanos. Regi\u00f5es como Schleswig\u2011Holstein migram para op\u00e7\u00f5es locais, enquanto a Dinamarca adopta ferramentas open source para parte da administra\u00e7\u00e3o p\u00fablica.<\/p>\n<p>A Comiss\u00e3o Europeia impulsiona a mudan\u00e7a com contratos de cloud que privilegiam fornecedores europeus, incluindo Scaleway, OVHcloud, STACKIT e Post Telecom, num contrato de servi\u00e7os de 180 milh\u00f5es de euros.<\/p>\n","protected":false},"excerpt":{"rendered":"<ul>\n<li>Fran\u00e7a vai transferir a plataforma p\u00fablica de dados de sa\u00fade Health Data Hub da cloud da Microsoft para a Scaleway, empresa tecnol\u00f3gica nacional integrada no grupo Iliad.<\/li>\n<li>A mudan\u00e7a faz parte de um esfor\u00e7o europeu para reduzir a depend\u00eancia de fornecedores norte\u2011americanos, mantendo os dados em infraestruturas nacionais.<\/li>\n<li>O SNDS, base de dados que re\u00fane informa\u00e7\u00f5es de sa\u00fade de milh\u00f5es de cidad\u00e3os, ser\u00e1 alojado pela Scaleway para facilitar a pesquisa em larga escala.<\/li>\n<li>A decis\u00e3o surge ap\u00f3s cr\u00edticas da CNIL sobre privacidade e seguran\u00e7a dos dados e receios de acesso por autoridades dos EUA, mesmo quando os dados est\u00e3o em Fran\u00e7a.<\/li>\n<li>O novo sistema dever\u00e1 funcionar plenamente entre o final de 2026 e o in\u00edcio de 2027, j\u00e1 sob a obriga\u00e7\u00e3o de alojamento soberano para dados sens\u00edveis.<\/li>\n<\/ul>\n","protected":false},"author":2,"featured_media":457360,"comment_status":"closed","ping_status":"closed","sticky":false,"template":"","format":"standard","meta":{"footnotes":""},"categories":[6716],"tags":[2086,1856,3562,6641,271,2055],"class_list":["post-457356","post","type-post","status-publish","format-standard","has-post-thumbnail","hentry","category-tecnologia","tag-cloud-soberana","tag-franca","tag-privacidade","tag-protecao-de-dados","tag-saude-publica","tag-uniao-europeia"],"yoast_head":"<!-- This site is optimized with the Yoast SEO plugin v27.2 - https:\/\/yoast.com\/product\/yoast-seo-wordpress\/ -->\n<title>Fran\u00e7a transfere dados de sa\u00fade p\u00fablica Microsoft para operador de nuvem franc\u00eas - Portal Tela Portugal<\/title>\n<meta name=\"robots\" content=\"index, follow, max-snippet:-1, max-image-preview:large, max-video-preview:-1\" \/>\n<meta property=\"og:locale\" content=\"pt_PT\" \/>\n<meta property=\"og:type\" content=\"article\" \/>\n<meta property=\"og:title\" content=\"Fran\u00e7a transfere dados de sa\u00fade p\u00fablica Microsoft para operador de nuvem franc\u00eas - Portal Tela Portugal\" \/>\n<meta property=\"og:description\" content=\"Fran\u00e7a vai transferir a plataforma p\u00fablica de dados de sa\u00fade Health Data Hub da cloud da Microsoft para a Scaleway, empresa tecnol\u00f3gica nacional integrada no grupo Iliad. A mudan\u00e7a faz parte de um esfor\u00e7o europeu para reduzir a depend\u00eancia de fornecedores norte\u2011americanos, mantendo os dados em infraestruturas nacionais. O SNDS, base de dados que re\u00fane informa\u00e7\u00f5es de sa\u00fade de milh\u00f5es de cidad\u00e3os, ser\u00e1 alojado pela Scaleway para facilitar a pesquisa em larga escala. A decis\u00e3o surge ap\u00f3s cr\u00edticas da CNIL sobre privacidade e seguran\u00e7a dos dados e receios de acesso por autoridades dos EUA, mesmo quando os dados est\u00e3o em Fran\u00e7a. O novo sistema dever\u00e1 funcionar plenamente entre o final de 2026 e o in\u00edcio de 2027, j\u00e1 sob a obriga\u00e7\u00e3o de alojamento soberano para dados sens\u00edveis.\" \/>\n<meta property=\"og:url\" content=\"https:\/\/portaltela.pt\/noticias\/2026\/04\/24\/franca-transfere-dados-de-saude-publica-microsoft-para-operador-de-nuvem-frances\/\" \/>\n<meta property=\"og:site_name\" content=\"Portal Tela Portugal\" \/>\n<meta property=\"article:published_time\" content=\"2026-04-24T10:03:07+00:00\" \/>\n<meta name=\"author\" content=\"Telinha\" \/>\n<meta name=\"twitter:card\" content=\"summary_large_image\" \/>\n<meta name=\"twitter:label1\" content=\"Escrito por\" \/>\n\t<meta name=\"twitter:data1\" content=\"Telinha\" \/>\n\t<meta name=\"twitter:label2\" content=\"Tempo estimado de leitura\" \/>\n\t<meta name=\"twitter:data2\" content=\"2 minutos\" \/>\n<script type=\"application\/ld+json\" class=\"yoast-schema-graph\">{\"@context\":\"https:\/\/schema.org\",\"@graph\":[{\"@type\":\"Article\",\"@id\":\"https:\/\/portaltela.pt\/noticias\/2026\/04\/24\/franca-transfere-dados-de-saude-publica-microsoft-para-operador-de-nuvem-frances\/#article\",\"isPartOf\":{\"@id\":\"https:\/\/portaltela.pt\/noticias\/2026\/04\/24\/franca-transfere-dados-de-saude-publica-microsoft-para-operador-de-nuvem-frances\/\"},\"author\":{\"name\":\"Telinha\",\"@id\":\"https:\/\/portaltela.pt\/#\/schema\/person\/c4278d4a6028830caff9ee44b42d32ed\"},\"headline\":\"Fran\u00e7a transfere dados de sa\u00fade p\u00fablica Microsoft para operador de nuvem franc\u00eas\",\"datePublished\":\"2026-04-24T10:03:07+00:00\",\"mainEntityOfPage\":{\"@id\":\"https:\/\/portaltela.pt\/noticias\/2026\/04\/24\/franca-transfere-dados-de-saude-publica-microsoft-para-operador-de-nuvem-frances\/\"},\"wordCount\":382,\"image\":{\"@id\":\"https:\/\/portaltela.pt\/noticias\/2026\/04\/24\/franca-transfere-dados-de-saude-publica-microsoft-para-operador-de-nuvem-frances\/#primaryimage\"},\"thumbnailUrl\":\"https:\/\/portaltela.pt\/s.01k8rhncp4jt1\/2026\/04\/1536x864_cmsv2_674ee7f6-61a8-51f4-b1f5-9f8d77433b01-9734536.jpg\",\"keywords\":[\"cloud soberana\",\"Fran\u00e7a\",\"privacidade\",\"prote\u00e7\u00e3o de dados\",\"sa\u00fade p\u00fablica\",\"Uni\u00e3o Europeia\"],\"articleSection\":[\"Tecnologia\"],\"inLanguage\":\"pt-PT\"},{\"@type\":\"WebPage\",\"@id\":\"https:\/\/portaltela.pt\/noticias\/2026\/04\/24\/franca-transfere-dados-de-saude-publica-microsoft-para-operador-de-nuvem-frances\/\",\"url\":\"https:\/\/portaltela.pt\/noticias\/2026\/04\/24\/franca-transfere-dados-de-saude-publica-microsoft-para-operador-de-nuvem-frances\/\",\"name\":\"Fran\u00e7a transfere dados de sa\u00fade p\u00fablica Microsoft para operador de nuvem franc\u00eas - Portal Tela Portugal\",\"isPartOf\":{\"@id\":\"https:\/\/portaltela.pt\/#website\"},\"primaryImageOfPage\":{\"@id\":\"https:\/\/portaltela.pt\/noticias\/2026\/04\/24\/franca-transfere-dados-de-saude-publica-microsoft-para-operador-de-nuvem-frances\/#primaryimage\"},\"image\":{\"@id\":\"https:\/\/portaltela.pt\/noticias\/2026\/04\/24\/franca-transfere-dados-de-saude-publica-microsoft-para-operador-de-nuvem-frances\/#primaryimage\"},\"thumbnailUrl\":\"https:\/\/portaltela.pt\/s.01k8rhncp4jt1\/2026\/04\/1536x864_cmsv2_674ee7f6-61a8-51f4-b1f5-9f8d77433b01-9734536.jpg\",\"datePublished\":\"2026-04-24T10:03:07+00:00\",\"author\":{\"@id\":\"https:\/\/portaltela.pt\/#\/schema\/person\/c4278d4a6028830caff9ee44b42d32ed\"},\"breadcrumb\":{\"@id\":\"https:\/\/portaltela.pt\/noticias\/2026\/04\/24\/franca-transfere-dados-de-saude-publica-microsoft-para-operador-de-nuvem-frances\/#breadcrumb\"},\"inLanguage\":\"pt-PT\",\"potentialAction\":[{\"@type\":\"ReadAction\",\"target\":[\"https:\/\/portaltela.pt\/noticias\/2026\/04\/24\/franca-transfere-dados-de-saude-publica-microsoft-para-operador-de-nuvem-frances\/\"]}]},{\"@type\":\"ImageObject\",\"inLanguage\":\"pt-PT\",\"@id\":\"https:\/\/portaltela.pt\/noticias\/2026\/04\/24\/franca-transfere-dados-de-saude-publica-microsoft-para-operador-de-nuvem-frances\/#primaryimage\",\"url\":\"https:\/\/portaltela.pt\/s.01k8rhncp4jt1\/2026\/04\/1536x864_cmsv2_674ee7f6-61a8-51f4-b1f5-9f8d77433b01-9734536.jpg\",\"contentUrl\":\"https:\/\/portaltela.pt\/s.01k8rhncp4jt1\/2026\/04\/1536x864_cmsv2_674ee7f6-61a8-51f4-b1f5-9f8d77433b01-9734536.jpg\",\"width\":796,\"height\":448,\"caption\":\"Plataforma francesa de dados de sa\u00fade abandona nuvem da Microsoft e muda para a nacional Scaleway\"},{\"@type\":\"BreadcrumbList\",\"@id\":\"https:\/\/portaltela.pt\/noticias\/2026\/04\/24\/franca-transfere-dados-de-saude-publica-microsoft-para-operador-de-nuvem-frances\/#breadcrumb\",\"itemListElement\":[{\"@type\":\"ListItem\",\"position\":1,\"name\":\"In\u00edcio\",\"item\":\"https:\/\/portaltela.pt\/\"},{\"@type\":\"ListItem\",\"position\":2,\"name\":\"Fran\u00e7a transfere dados de sa\u00fade p\u00fablica Microsoft para operador de nuvem franc\u00eas\"}]},{\"@type\":\"WebSite\",\"@id\":\"https:\/\/portaltela.pt\/#website\",\"url\":\"https:\/\/portaltela.pt\/\",\"name\":\"Portal Tela Portugal\",\"description\":\"\",\"potentialAction\":[{\"@type\":\"SearchAction\",\"target\":{\"@type\":\"EntryPoint\",\"urlTemplate\":\"https:\/\/portaltela.pt\/?s={search_term_string}\"},\"query-input\":{\"@type\":\"PropertyValueSpecification\",\"valueRequired\":true,\"valueName\":\"search_term_string\"}}],\"inLanguage\":\"pt-PT\"},{\"@type\":\"Person\",\"@id\":\"https:\/\/portaltela.pt\/#\/schema\/person\/c4278d4a6028830caff9ee44b42d32ed\",\"name\":\"Telinha\",\"image\":{\"@type\":\"ImageObject\",\"inLanguage\":\"pt-PT\",\"@id\":\"https:\/\/portaltela.pt\/s.01k8rhncp4jt1\/2025\/11\/talking-bot-125x125.png\",\"url\":\"https:\/\/portaltela.pt\/s.01k8rhncp4jt1\/2025\/11\/talking-bot-125x125.png\",\"contentUrl\":\"https:\/\/portaltela.pt\/s.01k8rhncp4jt1\/2025\/11\/talking-bot-125x125.png\",\"caption\":\"Telinha\"},\"sameAs\":[\"https:\/\/portaltela.pt\/\"],\"url\":\"https:\/\/portaltela.pt\/por\/367410592786\/\"}]}<\/script>\n<!-- \/ Yoast SEO plugin. -->","yoast_head_json":{"title":"Fran\u00e7a transfere dados de sa\u00fade p\u00fablica Microsoft para operador de nuvem franc\u00eas - Portal Tela Portugal","robots":{"index":"index","follow":"follow","max-snippet":"max-snippet:-1","max-image-preview":"max-image-preview:large","max-video-preview":"max-video-preview:-1"},"og_locale":"pt_PT","og_type":"article","og_title":"Fran\u00e7a transfere dados de sa\u00fade p\u00fablica Microsoft para operador de nuvem franc\u00eas - Portal Tela Portugal","og_description":"Fran\u00e7a vai transferir a plataforma p\u00fablica de dados de sa\u00fade Health Data Hub da cloud da Microsoft para a Scaleway, empresa tecnol\u00f3gica nacional integrada no grupo Iliad. A mudan\u00e7a faz parte de um esfor\u00e7o europeu para reduzir a depend\u00eancia de fornecedores norte\u2011americanos, mantendo os dados em infraestruturas nacionais. O SNDS, base de dados que re\u00fane informa\u00e7\u00f5es de sa\u00fade de milh\u00f5es de cidad\u00e3os, ser\u00e1 alojado pela Scaleway para facilitar a pesquisa em larga escala. A decis\u00e3o surge ap\u00f3s cr\u00edticas da CNIL sobre privacidade e seguran\u00e7a dos dados e receios de acesso por autoridades dos EUA, mesmo quando os dados est\u00e3o em Fran\u00e7a. O novo sistema dever\u00e1 funcionar plenamente entre o final de 2026 e o in\u00edcio de 2027, j\u00e1 sob a obriga\u00e7\u00e3o de alojamento soberano para dados sens\u00edveis.","og_url":"https:\/\/portaltela.pt\/noticias\/2026\/04\/24\/franca-transfere-dados-de-saude-publica-microsoft-para-operador-de-nuvem-frances\/","og_site_name":"Portal Tela Portugal","article_published_time":"2026-04-24T10:03:07+00:00","author":"Telinha","twitter_card":"summary_large_image","twitter_misc":{"Escrito por":"Telinha","Tempo estimado de leitura":"2 minutos"},"schema":{"@context":"https:\/\/schema.org","@graph":[{"@type":"Article","@id":"https:\/\/portaltela.pt\/noticias\/2026\/04\/24\/franca-transfere-dados-de-saude-publica-microsoft-para-operador-de-nuvem-frances\/#article","isPartOf":{"@id":"https:\/\/portaltela.pt\/noticias\/2026\/04\/24\/franca-transfere-dados-de-saude-publica-microsoft-para-operador-de-nuvem-frances\/"},"author":{"name":"Telinha","@id":"https:\/\/portaltela.pt\/#\/schema\/person\/c4278d4a6028830caff9ee44b42d32ed"},"headline":"Fran\u00e7a transfere dados de sa\u00fade p\u00fablica Microsoft para operador de nuvem franc\u00eas","datePublished":"2026-04-24T10:03:07+00:00","mainEntityOfPage":{"@id":"https:\/\/portaltela.pt\/noticias\/2026\/04\/24\/franca-transfere-dados-de-saude-publica-microsoft-para-operador-de-nuvem-frances\/"},"wordCount":382,"image":{"@id":"https:\/\/portaltela.pt\/noticias\/2026\/04\/24\/franca-transfere-dados-de-saude-publica-microsoft-para-operador-de-nuvem-frances\/#primaryimage"},"thumbnailUrl":"https:\/\/portaltela.pt\/s.01k8rhncp4jt1\/2026\/04\/1536x864_cmsv2_674ee7f6-61a8-51f4-b1f5-9f8d77433b01-9734536.jpg","keywords":["cloud soberana","Fran\u00e7a","privacidade","prote\u00e7\u00e3o de dados","sa\u00fade p\u00fablica","Uni\u00e3o Europeia"],"articleSection":["Tecnologia"],"inLanguage":"pt-PT"},{"@type":"WebPage","@id":"https:\/\/portaltela.pt\/noticias\/2026\/04\/24\/franca-transfere-dados-de-saude-publica-microsoft-para-operador-de-nuvem-frances\/","url":"https:\/\/portaltela.pt\/noticias\/2026\/04\/24\/franca-transfere-dados-de-saude-publica-microsoft-para-operador-de-nuvem-frances\/","name":"Fran\u00e7a transfere dados de sa\u00fade p\u00fablica Microsoft para operador de nuvem franc\u00eas - Portal Tela Portugal","isPartOf":{"@id":"https:\/\/portaltela.pt\/#website"},"primaryImageOfPage":{"@id":"https:\/\/portaltela.pt\/noticias\/2026\/04\/24\/franca-transfere-dados-de-saude-publica-microsoft-para-operador-de-nuvem-frances\/#primaryimage"},"image":{"@id":"https:\/\/portaltela.pt\/noticias\/2026\/04\/24\/franca-transfere-dados-de-saude-publica-microsoft-para-operador-de-nuvem-frances\/#primaryimage"},"thumbnailUrl":"https:\/\/portaltela.pt\/s.01k8rhncp4jt1\/2026\/04\/1536x864_cmsv2_674ee7f6-61a8-51f4-b1f5-9f8d77433b01-9734536.jpg","datePublished":"2026-04-24T10:03:07+00:00","author":{"@id":"https:\/\/portaltela.pt\/#\/schema\/person\/c4278d4a6028830caff9ee44b42d32ed"},"breadcrumb":{"@id":"https:\/\/portaltela.pt\/noticias\/2026\/04\/24\/franca-transfere-dados-de-saude-publica-microsoft-para-operador-de-nuvem-frances\/#breadcrumb"},"inLanguage":"pt-PT","potentialAction":[{"@type":"ReadAction","target":["https:\/\/portaltela.pt\/noticias\/2026\/04\/24\/franca-transfere-dados-de-saude-publica-microsoft-para-operador-de-nuvem-frances\/"]}]},{"@type":"ImageObject","inLanguage":"pt-PT","@id":"https:\/\/portaltela.pt\/noticias\/2026\/04\/24\/franca-transfere-dados-de-saude-publica-microsoft-para-operador-de-nuvem-frances\/#primaryimage","url":"https:\/\/portaltela.pt\/s.01k8rhncp4jt1\/2026\/04\/1536x864_cmsv2_674ee7f6-61a8-51f4-b1f5-9f8d77433b01-9734536.jpg","contentUrl":"https:\/\/portaltela.pt\/s.01k8rhncp4jt1\/2026\/04\/1536x864_cmsv2_674ee7f6-61a8-51f4-b1f5-9f8d77433b01-9734536.jpg","width":796,"height":448,"caption":"Plataforma francesa de dados de sa\u00fade abandona nuvem da Microsoft e muda para a nacional Scaleway"},{"@type":"BreadcrumbList","@id":"https:\/\/portaltela.pt\/noticias\/2026\/04\/24\/franca-transfere-dados-de-saude-publica-microsoft-para-operador-de-nuvem-frances\/#breadcrumb","itemListElement":[{"@type":"ListItem","position":1,"name":"In\u00edcio","item":"https:\/\/portaltela.pt\/"},{"@type":"ListItem","position":2,"name":"Fran\u00e7a transfere dados de sa\u00fade p\u00fablica Microsoft para operador de nuvem franc\u00eas"}]},{"@type":"WebSite","@id":"https:\/\/portaltela.pt\/#website","url":"https:\/\/portaltela.pt\/","name":"Portal Tela Portugal","description":"","potentialAction":[{"@type":"SearchAction","target":{"@type":"EntryPoint","urlTemplate":"https:\/\/portaltela.pt\/?s={search_term_string}"},"query-input":{"@type":"PropertyValueSpecification","valueRequired":true,"valueName":"search_term_string"}}],"inLanguage":"pt-PT"},{"@type":"Person","@id":"https:\/\/portaltela.pt\/#\/schema\/person\/c4278d4a6028830caff9ee44b42d32ed","name":"Telinha","image":{"@type":"ImageObject","inLanguage":"pt-PT","@id":"https:\/\/portaltela.pt\/s.01k8rhncp4jt1\/2025\/11\/talking-bot-125x125.png","url":"https:\/\/portaltela.pt\/s.01k8rhncp4jt1\/2025\/11\/talking-bot-125x125.png","contentUrl":"https:\/\/portaltela.pt\/s.01k8rhncp4jt1\/2025\/11\/talking-bot-125x125.png","caption":"Telinha"},"sameAs":["https:\/\/portaltela.pt\/"],"url":"https:\/\/portaltela.pt\/por\/367410592786\/"}]}},"_links":{"self":[{"href":"https:\/\/portaltela.pt\/api\/wp\/v2\/posts\/457356","targetHints":{"allow":["GET"]}}],"collection":[{"href":"https:\/\/portaltela.pt\/api\/wp\/v2\/posts"}],"about":[{"href":"https:\/\/portaltela.pt\/api\/wp\/v2\/types\/post"}],"author":[{"embeddable":true,"href":"https:\/\/portaltela.pt\/api\/wp\/v2\/users\/2"}],"replies":[{"embeddable":true,"href":"https:\/\/portaltela.pt\/api\/wp\/v2\/comments?post=457356"}],"version-history":[{"count":0,"href":"https:\/\/portaltela.pt\/api\/wp\/v2\/posts\/457356\/revisions"}],"wp:featuredmedia":[{"embeddable":true,"href":"https:\/\/portaltela.pt\/api\/wp\/v2\/media\/457360"}],"wp:attachment":[{"href":"https:\/\/portaltela.pt\/api\/wp\/v2\/media?parent=457356"}],"wp:term":[{"taxonomy":"category","embeddable":true,"href":"https:\/\/portaltela.pt\/api\/wp\/v2\/categories?post=457356"},{"taxonomy":"post_tag","embeddable":true,"href":"https:\/\/portaltela.pt\/api\/wp\/v2\/tags?post=457356"}],"curies":[{"name":"wp","href":"https:\/\/api.w.org\/{rel}","templated":true}]}}