{"id":457338,"date":"2026-04-24T06:47:52","date_gmt":"2026-04-24T09:47:52","guid":{"rendered":"https:\/\/portaltela.pt\/noticias\/2026\/04\/24\/tiago-antunes-diz-ser-vitima-de-cancelamento-e-abdica-da-provedoria-de-justica\/"},"modified":"2026-04-24T06:47:52","modified_gmt":"2026-04-24T09:47:52","slug":"tiago-antunes-diz-ser-vitima-de-cancelamento-e-abdica-da-provedoria-de-justica","status":"publish","type":"post","link":"https:\/\/portaltela.pt\/noticias\/2026\/04\/24\/tiago-antunes-diz-ser-vitima-de-cancelamento-e-abdica-da-provedoria-de-justica\/","title":{"rendered":"Tiago Antunes diz ser v\u00edtima de cancelamento e abdica da Provedoria de Justi\u00e7a"},"content":{"rendered":"<p>O ex-secret\u00e1rio de Estado Tiago Antunes afirmou ter sido alvo de cancelamento ap\u00f3s o Parlamento n\u00e3o aprovar o seu nome para provedor de Justi\u00e7a, mantendo-se fora da corrida. A posi\u00e7\u00e3o de Provedor de Justi\u00e7a permanece vaga.<\/p>\n<p>Em artigo de opini\u00e3o publicado no Expresso, Antunes disse que prefere manter-se afastado da candidatura, desejando que haja profissionais qualificados dispostos a servir a causa p\u00fablica. Afirmou ainda que n\u00e3o conta com apoio para uma nova corrida.<\/p>\n<p>A vota\u00e7\u00e3o ocorreu h\u00e1 cerca de uma semana, com apenas 104 votos favor\u00e1veis entre 230 deputados, aqu\u00e9m dos dois ter\u00e7os necess\u00e1rios. O escrut\u00ednio foi secreto, resultando em 86 votos brancos e 36 nulos.<\/p>\n<p>O candidato foi indicado pelo PS, ap\u00f3s acordo com o PSD. Antunes mencionou que o acordo inicial, h\u00e1 cerca de nove meses, n\u00e3o foi honrado, o que, na pr\u00e1tica, inviabilizou a sua elei\u00e7\u00e3o.<\/p>\n<p>Para o pr\u00f3prio, o que mais o preocupa \u00e9 ter sido alvo de uma campanha baseada em informa\u00e7\u00f5es falsas. O texto n\u00e3o revela quem poder\u00e1 protagonizar uma nova candidatura neste processo.<\/p>\n<p>Antunes regressa \u00e0 universidade, onde pretende continuar a lecionar Direito e a desenvolver a sua carreira acad\u00e9mica, mantendo o compromisso com a sua trajet\u00f3ria profissional e com a fun\u00e7\u00e3o p\u00fablica j\u00e1 exercida.<\/p>\n","protected":false},"excerpt":{"rendered":"<ul>\n<li>Tiago Antunes diz ter sido v\u00edtima de cancelamento e afasta\u2011se da corrida \u00e0 Provedoria de Justi\u00e7a.<\/li>\n<li>A elei\u00e7\u00e3o para provedor de Justi\u00e7a ficou aqu\u00e9m do necess\u00e1rio, com 104 votos a favor num total de 230 deputados; houve 86 votos brancos e 36 nulos.<\/li>\n<li>O pr\u00f3prio candidato afirma que s\u00f3 avan\u00e7aria com um acordo alargado, que existia h\u00e1 cerca de nove meses entre os l\u00edderes do PS e do PSD, mas que n\u00e3o foi honrado.<\/li>\n<li>Alega ter sido alvo de uma campanha vil e de falsas acusa\u00e7\u00f5es durante o processo, destacando o desrespeito de acordos e ataques ao seu bom-nome.<\/li>\n<li>Mant\u00e9m-se na universidade a ensinar Direito e n\u00e3o descarta uma futura candidatura, com o PS em di\u00e1logo para avaliar uma nova possibilidade.<\/li>\n<\/ul>\n","protected":false},"author":2,"featured_media":457348,"comment_status":"closed","ping_status":"closed","sticky":false,"template":"","format":"standard","meta":{"footnotes":""},"categories":[6815,1],"tags":[6576,9313,2832,2144,3695,6126],"class_list":["post-457338","post","type-post","status-publish","format-standard","has-post-thumbnail","hentry","category-justica","category-noticias","tag-cancelamentos","tag-carreira-publica","tag-politica","tag-ps","tag-psd","tag-publico"],"yoast_head":"<!-- This site is optimized with the Yoast SEO plugin v27.2 - https:\/\/yoast.com\/product\/yoast-seo-wordpress\/ -->\n<title>Tiago Antunes diz ser v\u00edtima de cancelamento e abdica da Provedoria de Justi\u00e7a - Portal Tela Portugal<\/title>\n<meta name=\"robots\" content=\"index, follow, max-snippet:-1, max-image-preview:large, max-video-preview:-1\" \/>\n<meta property=\"og:locale\" content=\"pt_PT\" \/>\n<meta property=\"og:type\" content=\"article\" \/>\n<meta property=\"og:title\" content=\"Tiago Antunes diz ser v\u00edtima de cancelamento e abdica da Provedoria de Justi\u00e7a - Portal Tela Portugal\" \/>\n<meta property=\"og:description\" content=\"Tiago Antunes diz ter sido v\u00edtima de cancelamento e afasta\u2011se da corrida \u00e0 Provedoria de Justi\u00e7a. A elei\u00e7\u00e3o para provedor de Justi\u00e7a ficou aqu\u00e9m do necess\u00e1rio, com 104 votos a favor num total de 230 deputados; houve 86 votos brancos e 36 nulos. O pr\u00f3prio candidato afirma que s\u00f3 avan\u00e7aria com um acordo alargado, que existia h\u00e1 cerca de nove meses entre os l\u00edderes do PS e do PSD, mas que n\u00e3o foi honrado. Alega ter sido alvo de uma campanha vil e de falsas acusa\u00e7\u00f5es durante o processo, destacando o desrespeito de acordos e ataques ao seu bom-nome. Mant\u00e9m-se na universidade a ensinar Direito e n\u00e3o descarta uma futura candidatura, com o PS em di\u00e1logo para avaliar uma nova possibilidade.\" \/>\n<meta property=\"og:url\" content=\"https:\/\/portaltela.pt\/noticias\/2026\/04\/24\/tiago-antunes-diz-ser-vitima-de-cancelamento-e-abdica-da-provedoria-de-justica\/\" \/>\n<meta property=\"og:site_name\" content=\"Portal Tela Portugal\" \/>\n<meta property=\"article:published_time\" content=\"2026-04-24T09:47:52+00:00\" \/>\n<meta name=\"author\" content=\"Telinha\" \/>\n<meta name=\"twitter:card\" content=\"summary_large_image\" \/>\n<meta name=\"twitter:label1\" content=\"Escrito por\" \/>\n\t<meta name=\"twitter:data1\" content=\"Telinha\" \/>\n\t<meta name=\"twitter:label2\" content=\"Tempo estimado de leitura\" \/>\n\t<meta name=\"twitter:data2\" content=\"1 minuto\" \/>\n<script type=\"application\/ld+json\" class=\"yoast-schema-graph\">{\"@context\":\"https:\/\/schema.org\",\"@graph\":[{\"@type\":\"Article\",\"@id\":\"https:\/\/portaltela.pt\/noticias\/2026\/04\/24\/tiago-antunes-diz-ser-vitima-de-cancelamento-e-abdica-da-provedoria-de-justica\/#article\",\"isPartOf\":{\"@id\":\"https:\/\/portaltela.pt\/noticias\/2026\/04\/24\/tiago-antunes-diz-ser-vitima-de-cancelamento-e-abdica-da-provedoria-de-justica\/\"},\"author\":{\"name\":\"Telinha\",\"@id\":\"https:\/\/portaltela.pt\/#\/schema\/person\/c4278d4a6028830caff9ee44b42d32ed\"},\"headline\":\"Tiago Antunes diz ser v\u00edtima de cancelamento e abdica da Provedoria de Justi\u00e7a\",\"datePublished\":\"2026-04-24T09:47:52+00:00\",\"mainEntityOfPage\":{\"@id\":\"https:\/\/portaltela.pt\/noticias\/2026\/04\/24\/tiago-antunes-diz-ser-vitima-de-cancelamento-e-abdica-da-provedoria-de-justica\/\"},\"wordCount\":237,\"image\":{\"@id\":\"https:\/\/portaltela.pt\/noticias\/2026\/04\/24\/tiago-antunes-diz-ser-vitima-de-cancelamento-e-abdica-da-provedoria-de-justica\/#primaryimage\"},\"thumbnailUrl\":\"https:\/\/portaltela.pt\/s.01k8rhncp4jt1\/2026\/04\/image-1478.jpg\",\"keywords\":[\"cancelamentos\",\"carreira p\u00fablica\",\"pol\u00edtica\",\"PS\",\"PSD\",\"p\u00fablico\"],\"articleSection\":[\"Justi\u00e7a\",\"Not\u00edcias\"],\"inLanguage\":\"pt-PT\"},{\"@type\":\"WebPage\",\"@id\":\"https:\/\/portaltela.pt\/noticias\/2026\/04\/24\/tiago-antunes-diz-ser-vitima-de-cancelamento-e-abdica-da-provedoria-de-justica\/\",\"url\":\"https:\/\/portaltela.pt\/noticias\/2026\/04\/24\/tiago-antunes-diz-ser-vitima-de-cancelamento-e-abdica-da-provedoria-de-justica\/\",\"name\":\"Tiago Antunes diz ser v\u00edtima de cancelamento e abdica da Provedoria de Justi\u00e7a - Portal Tela Portugal\",\"isPartOf\":{\"@id\":\"https:\/\/portaltela.pt\/#website\"},\"primaryImageOfPage\":{\"@id\":\"https:\/\/portaltela.pt\/noticias\/2026\/04\/24\/tiago-antunes-diz-ser-vitima-de-cancelamento-e-abdica-da-provedoria-de-justica\/#primaryimage\"},\"image\":{\"@id\":\"https:\/\/portaltela.pt\/noticias\/2026\/04\/24\/tiago-antunes-diz-ser-vitima-de-cancelamento-e-abdica-da-provedoria-de-justica\/#primaryimage\"},\"thumbnailUrl\":\"https:\/\/portaltela.pt\/s.01k8rhncp4jt1\/2026\/04\/image-1478.jpg\",\"datePublished\":\"2026-04-24T09:47:52+00:00\",\"author\":{\"@id\":\"https:\/\/portaltela.pt\/#\/schema\/person\/c4278d4a6028830caff9ee44b42d32ed\"},\"breadcrumb\":{\"@id\":\"https:\/\/portaltela.pt\/noticias\/2026\/04\/24\/tiago-antunes-diz-ser-vitima-de-cancelamento-e-abdica-da-provedoria-de-justica\/#breadcrumb\"},\"inLanguage\":\"pt-PT\",\"potentialAction\":[{\"@type\":\"ReadAction\",\"target\":[\"https:\/\/portaltela.pt\/noticias\/2026\/04\/24\/tiago-antunes-diz-ser-vitima-de-cancelamento-e-abdica-da-provedoria-de-justica\/\"]}]},{\"@type\":\"ImageObject\",\"inLanguage\":\"pt-PT\",\"@id\":\"https:\/\/portaltela.pt\/noticias\/2026\/04\/24\/tiago-antunes-diz-ser-vitima-de-cancelamento-e-abdica-da-provedoria-de-justica\/#primaryimage\",\"url\":\"https:\/\/portaltela.pt\/s.01k8rhncp4jt1\/2026\/04\/image-1478.jpg\",\"contentUrl\":\"https:\/\/portaltela.pt\/s.01k8rhncp4jt1\/2026\/04\/image-1478.jpg\",\"width\":796,\"height\":448,\"caption\":\"O antigo secret\u00e1rio de Estado socialista Tiago Antunes\"},{\"@type\":\"BreadcrumbList\",\"@id\":\"https:\/\/portaltela.pt\/noticias\/2026\/04\/24\/tiago-antunes-diz-ser-vitima-de-cancelamento-e-abdica-da-provedoria-de-justica\/#breadcrumb\",\"itemListElement\":[{\"@type\":\"ListItem\",\"position\":1,\"name\":\"In\u00edcio\",\"item\":\"https:\/\/portaltela.pt\/\"},{\"@type\":\"ListItem\",\"position\":2,\"name\":\"Tiago Antunes diz ser v\u00edtima de cancelamento e abdica da Provedoria de Justi\u00e7a\"}]},{\"@type\":\"WebSite\",\"@id\":\"https:\/\/portaltela.pt\/#website\",\"url\":\"https:\/\/portaltela.pt\/\",\"name\":\"Portal Tela Portugal\",\"description\":\"\",\"potentialAction\":[{\"@type\":\"SearchAction\",\"target\":{\"@type\":\"EntryPoint\",\"urlTemplate\":\"https:\/\/portaltela.pt\/?s={search_term_string}\"},\"query-input\":{\"@type\":\"PropertyValueSpecification\",\"valueRequired\":true,\"valueName\":\"search_term_string\"}}],\"inLanguage\":\"pt-PT\"},{\"@type\":\"Person\",\"@id\":\"https:\/\/portaltela.pt\/#\/schema\/person\/c4278d4a6028830caff9ee44b42d32ed\",\"name\":\"Telinha\",\"image\":{\"@type\":\"ImageObject\",\"inLanguage\":\"pt-PT\",\"@id\":\"https:\/\/portaltela.pt\/s.01k8rhncp4jt1\/2025\/11\/talking-bot-125x125.png\",\"url\":\"https:\/\/portaltela.pt\/s.01k8rhncp4jt1\/2025\/11\/talking-bot-125x125.png\",\"contentUrl\":\"https:\/\/portaltela.pt\/s.01k8rhncp4jt1\/2025\/11\/talking-bot-125x125.png\",\"caption\":\"Telinha\"},\"sameAs\":[\"https:\/\/portaltela.pt\/\"],\"url\":\"https:\/\/portaltela.pt\/por\/367410592786\/\"}]}<\/script>\n<!-- \/ Yoast SEO plugin. -->","yoast_head_json":{"title":"Tiago Antunes diz ser v\u00edtima de cancelamento e abdica da Provedoria de Justi\u00e7a - Portal Tela Portugal","robots":{"index":"index","follow":"follow","max-snippet":"max-snippet:-1","max-image-preview":"max-image-preview:large","max-video-preview":"max-video-preview:-1"},"og_locale":"pt_PT","og_type":"article","og_title":"Tiago Antunes diz ser v\u00edtima de cancelamento e abdica da Provedoria de Justi\u00e7a - Portal Tela Portugal","og_description":"Tiago Antunes diz ter sido v\u00edtima de cancelamento e afasta\u2011se da corrida \u00e0 Provedoria de Justi\u00e7a. A elei\u00e7\u00e3o para provedor de Justi\u00e7a ficou aqu\u00e9m do necess\u00e1rio, com 104 votos a favor num total de 230 deputados; houve 86 votos brancos e 36 nulos. O pr\u00f3prio candidato afirma que s\u00f3 avan\u00e7aria com um acordo alargado, que existia h\u00e1 cerca de nove meses entre os l\u00edderes do PS e do PSD, mas que n\u00e3o foi honrado. Alega ter sido alvo de uma campanha vil e de falsas acusa\u00e7\u00f5es durante o processo, destacando o desrespeito de acordos e ataques ao seu bom-nome. Mant\u00e9m-se na universidade a ensinar Direito e n\u00e3o descarta uma futura candidatura, com o PS em di\u00e1logo para avaliar uma nova possibilidade.","og_url":"https:\/\/portaltela.pt\/noticias\/2026\/04\/24\/tiago-antunes-diz-ser-vitima-de-cancelamento-e-abdica-da-provedoria-de-justica\/","og_site_name":"Portal Tela Portugal","article_published_time":"2026-04-24T09:47:52+00:00","author":"Telinha","twitter_card":"summary_large_image","twitter_misc":{"Escrito por":"Telinha","Tempo estimado de leitura":"1 minuto"},"schema":{"@context":"https:\/\/schema.org","@graph":[{"@type":"Article","@id":"https:\/\/portaltela.pt\/noticias\/2026\/04\/24\/tiago-antunes-diz-ser-vitima-de-cancelamento-e-abdica-da-provedoria-de-justica\/#article","isPartOf":{"@id":"https:\/\/portaltela.pt\/noticias\/2026\/04\/24\/tiago-antunes-diz-ser-vitima-de-cancelamento-e-abdica-da-provedoria-de-justica\/"},"author":{"name":"Telinha","@id":"https:\/\/portaltela.pt\/#\/schema\/person\/c4278d4a6028830caff9ee44b42d32ed"},"headline":"Tiago Antunes diz ser v\u00edtima de cancelamento e abdica da Provedoria de Justi\u00e7a","datePublished":"2026-04-24T09:47:52+00:00","mainEntityOfPage":{"@id":"https:\/\/portaltela.pt\/noticias\/2026\/04\/24\/tiago-antunes-diz-ser-vitima-de-cancelamento-e-abdica-da-provedoria-de-justica\/"},"wordCount":237,"image":{"@id":"https:\/\/portaltela.pt\/noticias\/2026\/04\/24\/tiago-antunes-diz-ser-vitima-de-cancelamento-e-abdica-da-provedoria-de-justica\/#primaryimage"},"thumbnailUrl":"https:\/\/portaltela.pt\/s.01k8rhncp4jt1\/2026\/04\/image-1478.jpg","keywords":["cancelamentos","carreira p\u00fablica","pol\u00edtica","PS","PSD","p\u00fablico"],"articleSection":["Justi\u00e7a","Not\u00edcias"],"inLanguage":"pt-PT"},{"@type":"WebPage","@id":"https:\/\/portaltela.pt\/noticias\/2026\/04\/24\/tiago-antunes-diz-ser-vitima-de-cancelamento-e-abdica-da-provedoria-de-justica\/","url":"https:\/\/portaltela.pt\/noticias\/2026\/04\/24\/tiago-antunes-diz-ser-vitima-de-cancelamento-e-abdica-da-provedoria-de-justica\/","name":"Tiago Antunes diz ser v\u00edtima de cancelamento e abdica da Provedoria de Justi\u00e7a - Portal Tela Portugal","isPartOf":{"@id":"https:\/\/portaltela.pt\/#website"},"primaryImageOfPage":{"@id":"https:\/\/portaltela.pt\/noticias\/2026\/04\/24\/tiago-antunes-diz-ser-vitima-de-cancelamento-e-abdica-da-provedoria-de-justica\/#primaryimage"},"image":{"@id":"https:\/\/portaltela.pt\/noticias\/2026\/04\/24\/tiago-antunes-diz-ser-vitima-de-cancelamento-e-abdica-da-provedoria-de-justica\/#primaryimage"},"thumbnailUrl":"https:\/\/portaltela.pt\/s.01k8rhncp4jt1\/2026\/04\/image-1478.jpg","datePublished":"2026-04-24T09:47:52+00:00","author":{"@id":"https:\/\/portaltela.pt\/#\/schema\/person\/c4278d4a6028830caff9ee44b42d32ed"},"breadcrumb":{"@id":"https:\/\/portaltela.pt\/noticias\/2026\/04\/24\/tiago-antunes-diz-ser-vitima-de-cancelamento-e-abdica-da-provedoria-de-justica\/#breadcrumb"},"inLanguage":"pt-PT","potentialAction":[{"@type":"ReadAction","target":["https:\/\/portaltela.pt\/noticias\/2026\/04\/24\/tiago-antunes-diz-ser-vitima-de-cancelamento-e-abdica-da-provedoria-de-justica\/"]}]},{"@type":"ImageObject","inLanguage":"pt-PT","@id":"https:\/\/portaltela.pt\/noticias\/2026\/04\/24\/tiago-antunes-diz-ser-vitima-de-cancelamento-e-abdica-da-provedoria-de-justica\/#primaryimage","url":"https:\/\/portaltela.pt\/s.01k8rhncp4jt1\/2026\/04\/image-1478.jpg","contentUrl":"https:\/\/portaltela.pt\/s.01k8rhncp4jt1\/2026\/04\/image-1478.jpg","width":796,"height":448,"caption":"O antigo secret\u00e1rio de Estado socialista Tiago Antunes"},{"@type":"BreadcrumbList","@id":"https:\/\/portaltela.pt\/noticias\/2026\/04\/24\/tiago-antunes-diz-ser-vitima-de-cancelamento-e-abdica-da-provedoria-de-justica\/#breadcrumb","itemListElement":[{"@type":"ListItem","position":1,"name":"In\u00edcio","item":"https:\/\/portaltela.pt\/"},{"@type":"ListItem","position":2,"name":"Tiago Antunes diz ser v\u00edtima de cancelamento e abdica da Provedoria de Justi\u00e7a"}]},{"@type":"WebSite","@id":"https:\/\/portaltela.pt\/#website","url":"https:\/\/portaltela.pt\/","name":"Portal Tela Portugal","description":"","potentialAction":[{"@type":"SearchAction","target":{"@type":"EntryPoint","urlTemplate":"https:\/\/portaltela.pt\/?s={search_term_string}"},"query-input":{"@type":"PropertyValueSpecification","valueRequired":true,"valueName":"search_term_string"}}],"inLanguage":"pt-PT"},{"@type":"Person","@id":"https:\/\/portaltela.pt\/#\/schema\/person\/c4278d4a6028830caff9ee44b42d32ed","name":"Telinha","image":{"@type":"ImageObject","inLanguage":"pt-PT","@id":"https:\/\/portaltela.pt\/s.01k8rhncp4jt1\/2025\/11\/talking-bot-125x125.png","url":"https:\/\/portaltela.pt\/s.01k8rhncp4jt1\/2025\/11\/talking-bot-125x125.png","contentUrl":"https:\/\/portaltela.pt\/s.01k8rhncp4jt1\/2025\/11\/talking-bot-125x125.png","caption":"Telinha"},"sameAs":["https:\/\/portaltela.pt\/"],"url":"https:\/\/portaltela.pt\/por\/367410592786\/"}]}},"_links":{"self":[{"href":"https:\/\/portaltela.pt\/api\/wp\/v2\/posts\/457338","targetHints":{"allow":["GET"]}}],"collection":[{"href":"https:\/\/portaltela.pt\/api\/wp\/v2\/posts"}],"about":[{"href":"https:\/\/portaltela.pt\/api\/wp\/v2\/types\/post"}],"author":[{"embeddable":true,"href":"https:\/\/portaltela.pt\/api\/wp\/v2\/users\/2"}],"replies":[{"embeddable":true,"href":"https:\/\/portaltela.pt\/api\/wp\/v2\/comments?post=457338"}],"version-history":[{"count":0,"href":"https:\/\/portaltela.pt\/api\/wp\/v2\/posts\/457338\/revisions"}],"wp:featuredmedia":[{"embeddable":true,"href":"https:\/\/portaltela.pt\/api\/wp\/v2\/media\/457348"}],"wp:attachment":[{"href":"https:\/\/portaltela.pt\/api\/wp\/v2\/media?parent=457338"}],"wp:term":[{"taxonomy":"category","embeddable":true,"href":"https:\/\/portaltela.pt\/api\/wp\/v2\/categories?post=457338"},{"taxonomy":"post_tag","embeddable":true,"href":"https:\/\/portaltela.pt\/api\/wp\/v2\/tags?post=457338"}],"curies":[{"name":"wp","href":"https:\/\/api.w.org\/{rel}","templated":true}]}}